{"id":22257,"date":"2026-03-10T09:09:40","date_gmt":"2026-03-10T09:09:40","guid":{"rendered":"https:\/\/aehm.es\/?p=22257"},"modified":"2026-03-10T09:09:40","modified_gmt":"2026-03-10T09:09:40","slug":"la-aehm-abre-la-convocatoria-de-la-vi-edicion-de-los-premios-traveling-for-happiness","status":"publish","type":"post","link":"https:\/\/aehm.es\/en\/la-aehm-abre-la-convocatoria-de-la-vi-edicion-de-los-premios-traveling-for-happiness\/","title":{"rendered":"La AEHM abre la convocatoria de la VI edici\u00f3n de los Premios Traveling for Happiness"},"content":{"rendered":"<p><strong>La Asociaci\u00f3n Empresarial Hotelera de Madrid (AEHM) abre la sexta convocatoria de los Premios Traveling for Happiness, un reconocimiento a la sostenibilidad y la responsabilidad social del sector tur\u00edstico, que distinguir\u00e1 las mejores propuestas en materia de gastronom\u00eda sostenible, impacto social, bienestar responsable, turismo regenerativo, cultura y arte consciente, liderazgo sostenible, descarbonizaci\u00f3n y preservaci\u00f3n de fauna y flora.<\/strong><\/p>\n<p><i><span data-olk-copy-source=\"MessageBody\">Madrid, 10 de marzo de 2026.-\u00a0<\/span><\/i>La Asociaci\u00f3n Empresarial Hotelera de Madrid (AEHM) y Connecting Heads han abierto el plazo de recepci\u00f3n de candidaturas para la VI edici\u00f3n de los Premios Traveling for Happiness, los galardones creados en 2020, que celebran las mejores pr\u00e1cticas en sostenibilidad y responsabilidad social corporativa, dentro del sector tur\u00edstico a nivel internacional. El plazo de participaci\u00f3n se extender\u00e1 hasta el\u00a0<b>viernes 8 de mayo<\/b> y los aspirantes podr\u00e1n presentar su candidatura a trav\u00e9s de la p\u00e1gina web\u00a0www.travelingforhappiness.com<\/p>\n<p>Estos galardones, que cuentan con el\u00a0<b>apoyo de la Comunidad de Madrid y el Ayuntamiento de Madrid<\/b>\u00a0y la colaboraci\u00f3n de Hosteltur, ponen en valor aquellas iniciativas que, desde el \u00e1mbito tur\u00edstico, contribuyen de forma activa a la sostenibilidad, la inclusi\u00f3n social, la responsabilidad empresarial y la mejora del entorno en el que operan. Estas pr\u00e1cticas no solo generan un impacto positivo en los destinos tur\u00edsticos y sus comunidades, sino que tambi\u00e9n refuerzan un turismo equilibrado, consciente y respetuoso, alineado con los Objetivos de Desarrollo Sostenible (ODS) de Naciones Unidas.<\/p>\n<p>En esta edici\u00f3n, los proyectos podr\u00e1n competir en ocho categor\u00edas:\u00a0<b>Gastronom\u00eda sostenible, Bienestar responsable, Turismo regenerativo, Cultura y arte consciente, Liderazgo sostenible, Descarbonizaci\u00f3n, Impacto social y Preservaci\u00f3n de fauna y flora<\/b>. Para concurrir, las entidades deber\u00e1n formalizar su inscripci\u00f3n en la web oficial del certamen y facilitar la informaci\u00f3n requerida en el formulario habilitado, adem\u00e1s de atender a las bases legales disponibles durante la vigencia de la convocatoria.<\/p>\n<p>De acuerdo con el calendario de esta edici\u00f3n, la proclamaci\u00f3n de los ganadores tendr\u00e1 lugar el\u00a0<b>8 de junio<\/b>, mientras que la gala de entrega de premios se celebrar\u00e1 el\u00a0<b>17 de junio\u00a0<\/b>en el\u00a0<b>Hotel Mandarin Oriental Ritz Madrid<\/b>.<\/p>\n<p>Para valorar las propuestas, la organizaci\u00f3n cuenta con un\u00a0<b>jurado<\/b>\u00a0compuesto por profesionales de distintas disciplinas y trayectorias de alcance internacional. En los perfiles de esta edici\u00f3n figuran la jefa de Clima y Energ\u00eda de la Organizaci\u00f3n Meteorol\u00f3gica Mundial,\u00a0<b>Roberta Boscolo<\/b>; el l\u00edder de elBullifoundation,\u00a0<b>Ferran Adri\u00e0<\/b>; el director del Departamento de Miembros Afiliados y Colaboraci\u00f3n P\u00fablico-Privada de ONU Turismo,\u00a0<b>Ion Vilcu<\/b>; el director de Estrategia, Innovaci\u00f3n y Operaciones de Forbes Travel Guide,\u00a0<b>Stuart Greif<\/b>; la subdirectora de Viajes de National Geographic,\u00a0<b>Sandra Mart\u00edn<\/b>; la fundadora y directora ejecutiva de Sustainable Travel &amp; Tourism Africa,\u00a0<b>Judy Kepher-Gona<\/b>; el presidente de HM Hospitales,\u00a0<b>Juan Abarca<\/b>; el director gerente del Museo Nacional Thyssen-Bornemisza,\u00a0<b>Evelio Acevedo<\/b>; y el catedr\u00e1tico de Marketing de la Sostenibilidad de la Universidad de Surrey,\u00a0<b>Xavier Font<\/b>.<\/p>\n<p>La pasada edici\u00f3n confirm\u00f3 el crecimiento del certamen, con un\u00a0<b>28% m\u00e1s de candidaturas recibidas<\/b>\u00a0y\u00a0<b>un 34% m\u00e1s de empresas participantes<\/b>\u00a0respecto a 2024, adem\u00e1s de un importante apoyo institucional.<\/p>\n<p><b>Um\u00e1niko<\/b>\u00a0(Ilunion Hotels);\u00a0<b>Arantza Hotela<\/b>;\u00a0<b>Anaga Biofest<\/b>\u00a0(Ecotouristing Ideas Regenerativas);\u00a0<b>Santa Catalina Classics<\/b>\u00a0(Barcel\u00f3 Hotel Group); la\u00a0<b>reforma sostenible de The Palace, a Luxury Collection Hotel Madrid<\/b>; los proyectos de\u00a0<b>descarbonizaci\u00f3n de Minor Hotels Europe &amp; Americas<\/b>\u00a0(NH Collection Palacio de Aranjuez) y\u00a0<b>Grupo Satre<\/b>\u00a0(Hotel Relais &amp; Ch\u00e2teaux Orfila -proyecto piloto del ITH-); el\u00a0<b>Novotel Madrid Center<\/b>\u00a0(primer hotel Autism Friendly de Madrid) y el\u00a0<b>Programa de Protecci\u00f3n de Tortugas Marinas de la Fundaci\u00f3n Eco\u2011Bahia<\/b>, todos ellos premiados en 2025, son algunos ejemplos de iniciativas que inspiran un turismo responsable.<\/p>\n<p><a href=\"https:\/\/www.travelingforhappiness.com\/premio\/formulario-participacion\"><img fetchpriority=\"high\" decoding=\"async\" class=\"wp-image-22251 size-full aligncenter\" src=\"https:\/\/aehm.es\/wp-content\/uploads\/2026\/03\/TFH-2026.png\" alt=\"\" width=\"345\" height=\"477\" srcset=\"https:\/\/aehm.es\/wp-content\/uploads\/2026\/03\/TFH-2026.png 345w, https:\/\/aehm.es\/wp-content\/uploads\/2026\/03\/TFH-2026-217x300.png 217w\" sizes=\"(max-width: 345px) 100vw, 345px\" \/><\/a><\/p>\n","protected":false},"excerpt":{"rendered":"<p>La Asociaci\u00f3n Empresarial Hotelera de Madrid (AEHM) abre la sexta convocatoria de los Premios Traveling for Happiness, un reconocimiento a la sostenibilidad y la responsabilidad social del sector tur\u00edstico, que distinguir\u00e1 las mejores propuestas en materia de gastronom\u00eda sostenible, impacto social, bienestar responsable, turismo regenerativo, cultura y arte consciente, liderazgo sostenible, descarbonizaci\u00f3n y preservaci\u00f3n de [&hellip;]<\/p>\n","protected":false},"author":20,"featured_media":22259,"comment_status":"open","ping_status":"open","sticky":false,"template":"","format":"standard","meta":{"footnotes":""},"categories":[1],"tags":[],"class_list":["post-22257","post","type-post","status-publish","format-standard","has-post-thumbnail","hentry","category-actualidad-aehm"],"yoast_head":"<!-- This site is optimized with the Yoast SEO plugin v27.4 - https:\/\/yoast.com\/product\/yoast-seo-wordpress\/ -->\n<title>La AEHM abre la convocatoria de la VI edici\u00f3n de los Premios Traveling for Happiness - AEHM<\/title>\n<meta name=\"description\" content=\"La AEHM abre la sexta convocatoria de los Premios Traveling for Happiness, un reconocimiento a la sostenibilidad y la responsabilidad social.\" \/>\n<meta name=\"robots\" content=\"index, follow, max-snippet:-1, max-image-preview:large, max-video-preview:-1\" \/>\n<link rel=\"canonical\" href=\"https:\/\/aehm.es\/la-aehm-abre-la-convocatoria-de-la-vi-edicion-de-los-premios-traveling-for-happiness\/\" \/>\n<meta property=\"og:locale\" content=\"en_US\" \/>\n<meta property=\"og:type\" content=\"article\" \/>\n<meta property=\"og:title\" content=\"La AEHM abre la convocatoria de la VI edici\u00f3n de los Premios Traveling for Happiness\" \/>\n<meta property=\"og:description\" content=\"La AEHM abre la sexta convocatoria de los Premios Traveling for Happiness, un reconocimiento a la sostenibilidad y la responsabilidad social.\" \/>\n<meta property=\"og:url\" content=\"https:\/\/aehm.es\/la-aehm-abre-la-convocatoria-de-la-vi-edicion-de-los-premios-traveling-for-happiness\/\" \/>\n<meta property=\"og:site_name\" content=\"AEHM\" \/>\n<meta property=\"article:publisher\" content=\"https:\/\/www.instagram.com\/hotelesdemadrid\/\" \/>\n<meta property=\"article:published_time\" content=\"2026-03-10T09:09:40+00:00\" \/>\n<meta property=\"og:image\" content=\"https:\/\/aehm.es\/wp-content\/uploads\/2026\/03\/NP_TFH2026_Social.png\" \/>\n\t<meta property=\"og:image:width\" content=\"1600\" \/>\n\t<meta property=\"og:image:height\" content=\"900\" \/>\n\t<meta property=\"og:image:type\" content=\"image\/png\" \/>\n<meta name=\"author\" content=\"Laura Sarria\" \/>\n<meta name=\"twitter:card\" content=\"summary_large_image\" \/>\n<meta name=\"twitter:creator\" content=\"@HotelesAEHM\" \/>\n<meta name=\"twitter:site\" content=\"@HotelesAEHM\" \/>\n<meta name=\"twitter:label1\" content=\"Written by\" \/>\n\t<meta name=\"twitter:data1\" content=\"Laura Sarria\" \/>\n\t<meta name=\"twitter:label2\" content=\"Est. reading time\" \/>\n\t<meta name=\"twitter:data2\" content=\"4 minutes\" \/>\n<script type=\"application\/ld+json\" class=\"yoast-schema-graph\">{\"@context\":\"https:\\\/\\\/schema.org\",\"@graph\":[{\"@type\":\"Article\",\"@id\":\"https:\\\/\\\/aehm.es\\\/la-aehm-abre-la-convocatoria-de-la-vi-edicion-de-los-premios-traveling-for-happiness\\\/#article\",\"isPartOf\":{\"@id\":\"https:\\\/\\\/aehm.es\\\/la-aehm-abre-la-convocatoria-de-la-vi-edicion-de-los-premios-traveling-for-happiness\\\/\"},\"author\":{\"name\":\"Laura Sarria\",\"@id\":\"https:\\\/\\\/aehm.es\\\/#\\\/schema\\\/person\\\/a11ff5e10daf701bc492cd7a4e624215\"},\"headline\":\"La AEHM abre la convocatoria de la VI edici\u00f3n de los Premios Traveling for Happiness\",\"datePublished\":\"2026-03-10T09:09:40+00:00\",\"mainEntityOfPage\":{\"@id\":\"https:\\\/\\\/aehm.es\\\/la-aehm-abre-la-convocatoria-de-la-vi-edicion-de-los-premios-traveling-for-happiness\\\/\"},\"wordCount\":651,\"commentCount\":0,\"publisher\":{\"@id\":\"https:\\\/\\\/aehm.es\\\/#organization\"},\"image\":{\"@id\":\"https:\\\/\\\/aehm.es\\\/la-aehm-abre-la-convocatoria-de-la-vi-edicion-de-los-premios-traveling-for-happiness\\\/#primaryimage\"},\"thumbnailUrl\":\"https:\\\/\\\/aehm.es\\\/wp-content\\\/uploads\\\/2026\\\/03\\\/NP_TFH2026.png\",\"articleSection\":[\"Actualidad AEHM\"],\"inLanguage\":\"en-US\",\"potentialAction\":[{\"@type\":\"CommentAction\",\"name\":\"Comment\",\"target\":[\"https:\\\/\\\/aehm.es\\\/la-aehm-abre-la-convocatoria-de-la-vi-edicion-de-los-premios-traveling-for-happiness\\\/#respond\"]}]},{\"@type\":\"WebPage\",\"@id\":\"https:\\\/\\\/aehm.es\\\/la-aehm-abre-la-convocatoria-de-la-vi-edicion-de-los-premios-traveling-for-happiness\\\/\",\"url\":\"https:\\\/\\\/aehm.es\\\/la-aehm-abre-la-convocatoria-de-la-vi-edicion-de-los-premios-traveling-for-happiness\\\/\",\"name\":\"La AEHM abre la convocatoria de la VI edici\u00f3n de los Premios Traveling for Happiness - AEHM\",\"isPartOf\":{\"@id\":\"https:\\\/\\\/aehm.es\\\/#website\"},\"primaryImageOfPage\":{\"@id\":\"https:\\\/\\\/aehm.es\\\/la-aehm-abre-la-convocatoria-de-la-vi-edicion-de-los-premios-traveling-for-happiness\\\/#primaryimage\"},\"image\":{\"@id\":\"https:\\\/\\\/aehm.es\\\/la-aehm-abre-la-convocatoria-de-la-vi-edicion-de-los-premios-traveling-for-happiness\\\/#primaryimage\"},\"thumbnailUrl\":\"https:\\\/\\\/aehm.es\\\/wp-content\\\/uploads\\\/2026\\\/03\\\/NP_TFH2026.png\",\"datePublished\":\"2026-03-10T09:09:40+00:00\",\"description\":\"La AEHM abre la sexta convocatoria de los Premios Traveling for Happiness, un reconocimiento a la sostenibilidad y la responsabilidad social.\",\"breadcrumb\":{\"@id\":\"https:\\\/\\\/aehm.es\\\/la-aehm-abre-la-convocatoria-de-la-vi-edicion-de-los-premios-traveling-for-happiness\\\/#breadcrumb\"},\"inLanguage\":\"en-US\",\"potentialAction\":[{\"@type\":\"ReadAction\",\"target\":[\"https:\\\/\\\/aehm.es\\\/la-aehm-abre-la-convocatoria-de-la-vi-edicion-de-los-premios-traveling-for-happiness\\\/\"]}]},{\"@type\":\"ImageObject\",\"inLanguage\":\"en-US\",\"@id\":\"https:\\\/\\\/aehm.es\\\/la-aehm-abre-la-convocatoria-de-la-vi-edicion-de-los-premios-traveling-for-happiness\\\/#primaryimage\",\"url\":\"https:\\\/\\\/aehm.es\\\/wp-content\\\/uploads\\\/2026\\\/03\\\/NP_TFH2026.png\",\"contentUrl\":\"https:\\\/\\\/aehm.es\\\/wp-content\\\/uploads\\\/2026\\\/03\\\/NP_TFH2026.png\",\"width\":768,\"height\":550},{\"@type\":\"BreadcrumbList\",\"@id\":\"https:\\\/\\\/aehm.es\\\/la-aehm-abre-la-convocatoria-de-la-vi-edicion-de-los-premios-traveling-for-happiness\\\/#breadcrumb\",\"itemListElement\":[{\"@type\":\"ListItem\",\"position\":1,\"name\":\"Portada\",\"item\":\"https:\\\/\\\/aehm.es\\\/en\\\/\"},{\"@type\":\"ListItem\",\"position\":2,\"name\":\"La AEHM abre la convocatoria de la VI edici\u00f3n de los Premios Traveling for Happiness\"}]},{\"@type\":\"WebSite\",\"@id\":\"https:\\\/\\\/aehm.es\\\/#website\",\"url\":\"https:\\\/\\\/aehm.es\\\/\",\"name\":\"Asociaci\u00f3n Empresarial Hotelera de Madrid\",\"description\":\"La Asociaci\u00f3n Empresarial Hotelera Madrid est\u00e1 formada por m\u00e1s de 300 establecimientos de todas las categor\u00edas y tipolog\u00edas (hoteles, hostales, hostels, apartamentos\u2026) que suman m\u00e1s de 75.000 plazas de alojamiento.\",\"publisher\":{\"@id\":\"https:\\\/\\\/aehm.es\\\/#organization\"},\"alternateName\":\"AEHM\",\"potentialAction\":[{\"@type\":\"SearchAction\",\"target\":{\"@type\":\"EntryPoint\",\"urlTemplate\":\"https:\\\/\\\/aehm.es\\\/?s={search_term_string}\"},\"query-input\":{\"@type\":\"PropertyValueSpecification\",\"valueRequired\":true,\"valueName\":\"search_term_string\"}}],\"inLanguage\":\"en-US\"},{\"@type\":\"Organization\",\"@id\":\"https:\\\/\\\/aehm.es\\\/#organization\",\"name\":\"Asociaci\u00f3n Empresarial Hotelera de Madrid\",\"url\":\"https:\\\/\\\/aehm.es\\\/\",\"logo\":{\"@type\":\"ImageObject\",\"inLanguage\":\"en-US\",\"@id\":\"https:\\\/\\\/aehm.es\\\/#\\\/schema\\\/logo\\\/image\\\/\",\"url\":\"https:\\\/\\\/aehm.es\\\/wp-content\\\/uploads\\\/2021\\\/11\\\/Logo_AEHM_Horiz.png\",\"contentUrl\":\"https:\\\/\\\/aehm.es\\\/wp-content\\\/uploads\\\/2021\\\/11\\\/Logo_AEHM_Horiz.png\",\"width\":600,\"height\":182,\"caption\":\"Asociaci\u00f3n Empresarial Hotelera de Madrid\"},\"image\":{\"@id\":\"https:\\\/\\\/aehm.es\\\/#\\\/schema\\\/logo\\\/image\\\/\"},\"sameAs\":[\"https:\\\/\\\/www.instagram.com\\\/hotelesdemadrid\\\/\",\"https:\\\/\\\/x.com\\\/HotelesAEHM\",\"https:\\\/\\\/www.linkedin.com\\\/company\\\/11166072\\\/\"]},{\"@type\":\"Person\",\"@id\":\"https:\\\/\\\/aehm.es\\\/#\\\/schema\\\/person\\\/a11ff5e10daf701bc492cd7a4e624215\",\"name\":\"Laura Sarria\",\"image\":{\"@type\":\"ImageObject\",\"inLanguage\":\"en-US\",\"@id\":\"https:\\\/\\\/secure.gravatar.com\\\/avatar\\\/4ef4b0f260923823a97f1e823b29d340c5e8606b68a4dc4288a7ccd66262c35b?s=96&d=mm&r=g\",\"url\":\"https:\\\/\\\/secure.gravatar.com\\\/avatar\\\/4ef4b0f260923823a97f1e823b29d340c5e8606b68a4dc4288a7ccd66262c35b?s=96&d=mm&r=g\",\"contentUrl\":\"https:\\\/\\\/secure.gravatar.com\\\/avatar\\\/4ef4b0f260923823a97f1e823b29d340c5e8606b68a4dc4288a7ccd66262c35b?s=96&d=mm&r=g\",\"caption\":\"Laura Sarria\"},\"url\":\"https:\\\/\\\/aehm.es\\\/en\\\/author\\\/laura-sarria\\\/\"}]}<\/script>\n<!-- \/ Yoast SEO plugin. -->","yoast_head_json":{"title":"La AEHM abre la convocatoria de la VI edici\u00f3n de los Premios Traveling for Happiness - AEHM","description":"La AEHM abre la sexta convocatoria de los Premios Traveling for Happiness, un reconocimiento a la sostenibilidad y la responsabilidad social.","robots":{"index":"index","follow":"follow","max-snippet":"max-snippet:-1","max-image-preview":"max-image-preview:large","max-video-preview":"max-video-preview:-1"},"canonical":"https:\/\/aehm.es\/la-aehm-abre-la-convocatoria-de-la-vi-edicion-de-los-premios-traveling-for-happiness\/","og_locale":"en_US","og_type":"article","og_title":"La AEHM abre la convocatoria de la VI edici\u00f3n de los Premios Traveling for Happiness","og_description":"La AEHM abre la sexta convocatoria de los Premios Traveling for Happiness, un reconocimiento a la sostenibilidad y la responsabilidad social.","og_url":"https:\/\/aehm.es\/la-aehm-abre-la-convocatoria-de-la-vi-edicion-de-los-premios-traveling-for-happiness\/","og_site_name":"AEHM","article_publisher":"https:\/\/www.instagram.com\/hotelesdemadrid\/","article_published_time":"2026-03-10T09:09:40+00:00","og_image":[{"width":1600,"height":900,"url":"https:\/\/aehm.es\/wp-content\/uploads\/2026\/03\/NP_TFH2026_Social.png","type":"image\/png"}],"author":"Laura Sarria","twitter_card":"summary_large_image","twitter_creator":"@HotelesAEHM","twitter_site":"@HotelesAEHM","twitter_misc":{"Written by":"Laura Sarria","Est. reading time":"4 minutes"},"schema":{"@context":"https:\/\/schema.org","@graph":[{"@type":"Article","@id":"https:\/\/aehm.es\/la-aehm-abre-la-convocatoria-de-la-vi-edicion-de-los-premios-traveling-for-happiness\/#article","isPartOf":{"@id":"https:\/\/aehm.es\/la-aehm-abre-la-convocatoria-de-la-vi-edicion-de-los-premios-traveling-for-happiness\/"},"author":{"name":"Laura Sarria","@id":"https:\/\/aehm.es\/#\/schema\/person\/a11ff5e10daf701bc492cd7a4e624215"},"headline":"La AEHM abre la convocatoria de la VI edici\u00f3n de los Premios Traveling for Happiness","datePublished":"2026-03-10T09:09:40+00:00","mainEntityOfPage":{"@id":"https:\/\/aehm.es\/la-aehm-abre-la-convocatoria-de-la-vi-edicion-de-los-premios-traveling-for-happiness\/"},"wordCount":651,"commentCount":0,"publisher":{"@id":"https:\/\/aehm.es\/#organization"},"image":{"@id":"https:\/\/aehm.es\/la-aehm-abre-la-convocatoria-de-la-vi-edicion-de-los-premios-traveling-for-happiness\/#primaryimage"},"thumbnailUrl":"https:\/\/aehm.es\/wp-content\/uploads\/2026\/03\/NP_TFH2026.png","articleSection":["Actualidad AEHM"],"inLanguage":"en-US","potentialAction":[{"@type":"CommentAction","name":"Comment","target":["https:\/\/aehm.es\/la-aehm-abre-la-convocatoria-de-la-vi-edicion-de-los-premios-traveling-for-happiness\/#respond"]}]},{"@type":"WebPage","@id":"https:\/\/aehm.es\/la-aehm-abre-la-convocatoria-de-la-vi-edicion-de-los-premios-traveling-for-happiness\/","url":"https:\/\/aehm.es\/la-aehm-abre-la-convocatoria-de-la-vi-edicion-de-los-premios-traveling-for-happiness\/","name":"La AEHM abre la convocatoria de la VI edici\u00f3n de los Premios Traveling for Happiness - AEHM","isPartOf":{"@id":"https:\/\/aehm.es\/#website"},"primaryImageOfPage":{"@id":"https:\/\/aehm.es\/la-aehm-abre-la-convocatoria-de-la-vi-edicion-de-los-premios-traveling-for-happiness\/#primaryimage"},"image":{"@id":"https:\/\/aehm.es\/la-aehm-abre-la-convocatoria-de-la-vi-edicion-de-los-premios-traveling-for-happiness\/#primaryimage"},"thumbnailUrl":"https:\/\/aehm.es\/wp-content\/uploads\/2026\/03\/NP_TFH2026.png","datePublished":"2026-03-10T09:09:40+00:00","description":"La AEHM abre la sexta convocatoria de los Premios Traveling for Happiness, un reconocimiento a la sostenibilidad y la responsabilidad social.","breadcrumb":{"@id":"https:\/\/aehm.es\/la-aehm-abre-la-convocatoria-de-la-vi-edicion-de-los-premios-traveling-for-happiness\/#breadcrumb"},"inLanguage":"en-US","potentialAction":[{"@type":"ReadAction","target":["https:\/\/aehm.es\/la-aehm-abre-la-convocatoria-de-la-vi-edicion-de-los-premios-traveling-for-happiness\/"]}]},{"@type":"ImageObject","inLanguage":"en-US","@id":"https:\/\/aehm.es\/la-aehm-abre-la-convocatoria-de-la-vi-edicion-de-los-premios-traveling-for-happiness\/#primaryimage","url":"https:\/\/aehm.es\/wp-content\/uploads\/2026\/03\/NP_TFH2026.png","contentUrl":"https:\/\/aehm.es\/wp-content\/uploads\/2026\/03\/NP_TFH2026.png","width":768,"height":550},{"@type":"BreadcrumbList","@id":"https:\/\/aehm.es\/la-aehm-abre-la-convocatoria-de-la-vi-edicion-de-los-premios-traveling-for-happiness\/#breadcrumb","itemListElement":[{"@type":"ListItem","position":1,"name":"Portada","item":"https:\/\/aehm.es\/en\/"},{"@type":"ListItem","position":2,"name":"La AEHM abre la convocatoria de la VI edici\u00f3n de los Premios Traveling for Happiness"}]},{"@type":"WebSite","@id":"https:\/\/aehm.es\/#website","url":"https:\/\/aehm.es\/","name":"Asociaci\u00f3n Empresarial Hotelera de Madrid","description":"La Asociaci\u00f3n Empresarial Hotelera Madrid est\u00e1 formada por m\u00e1s de 300 establecimientos de todas las categor\u00edas y tipolog\u00edas (hoteles, hostales, hostels, apartamentos\u2026) que suman m\u00e1s de 75.000 plazas de alojamiento.","publisher":{"@id":"https:\/\/aehm.es\/#organization"},"alternateName":"AEHM","potentialAction":[{"@type":"SearchAction","target":{"@type":"EntryPoint","urlTemplate":"https:\/\/aehm.es\/?s={search_term_string}"},"query-input":{"@type":"PropertyValueSpecification","valueRequired":true,"valueName":"search_term_string"}}],"inLanguage":"en-US"},{"@type":"Organization","@id":"https:\/\/aehm.es\/#organization","name":"Asociaci\u00f3n Empresarial Hotelera de Madrid","url":"https:\/\/aehm.es\/","logo":{"@type":"ImageObject","inLanguage":"en-US","@id":"https:\/\/aehm.es\/#\/schema\/logo\/image\/","url":"https:\/\/aehm.es\/wp-content\/uploads\/2021\/11\/Logo_AEHM_Horiz.png","contentUrl":"https:\/\/aehm.es\/wp-content\/uploads\/2021\/11\/Logo_AEHM_Horiz.png","width":600,"height":182,"caption":"Asociaci\u00f3n Empresarial Hotelera de Madrid"},"image":{"@id":"https:\/\/aehm.es\/#\/schema\/logo\/image\/"},"sameAs":["https:\/\/www.instagram.com\/hotelesdemadrid\/","https:\/\/x.com\/HotelesAEHM","https:\/\/www.linkedin.com\/company\/11166072\/"]},{"@type":"Person","@id":"https:\/\/aehm.es\/#\/schema\/person\/a11ff5e10daf701bc492cd7a4e624215","name":"Laura Sarria","image":{"@type":"ImageObject","inLanguage":"en-US","@id":"https:\/\/secure.gravatar.com\/avatar\/4ef4b0f260923823a97f1e823b29d340c5e8606b68a4dc4288a7ccd66262c35b?s=96&d=mm&r=g","url":"https:\/\/secure.gravatar.com\/avatar\/4ef4b0f260923823a97f1e823b29d340c5e8606b68a4dc4288a7ccd66262c35b?s=96&d=mm&r=g","contentUrl":"https:\/\/secure.gravatar.com\/avatar\/4ef4b0f260923823a97f1e823b29d340c5e8606b68a4dc4288a7ccd66262c35b?s=96&d=mm&r=g","caption":"Laura Sarria"},"url":"https:\/\/aehm.es\/en\/author\/laura-sarria\/"}]}},"_links":{"self":[{"href":"https:\/\/aehm.es\/en\/wp-json\/wp\/v2\/posts\/22257","targetHints":{"allow":["GET"]}}],"collection":[{"href":"https:\/\/aehm.es\/en\/wp-json\/wp\/v2\/posts"}],"about":[{"href":"https:\/\/aehm.es\/en\/wp-json\/wp\/v2\/types\/post"}],"author":[{"embeddable":true,"href":"https:\/\/aehm.es\/en\/wp-json\/wp\/v2\/users\/20"}],"replies":[{"embeddable":true,"href":"https:\/\/aehm.es\/en\/wp-json\/wp\/v2\/comments?post=22257"}],"version-history":[{"count":2,"href":"https:\/\/aehm.es\/en\/wp-json\/wp\/v2\/posts\/22257\/revisions"}],"predecessor-version":[{"id":22263,"href":"https:\/\/aehm.es\/en\/wp-json\/wp\/v2\/posts\/22257\/revisions\/22263"}],"wp:featuredmedia":[{"embeddable":true,"href":"https:\/\/aehm.es\/en\/wp-json\/wp\/v2\/media\/22259"}],"wp:attachment":[{"href":"https:\/\/aehm.es\/en\/wp-json\/wp\/v2\/media?parent=22257"}],"wp:term":[{"taxonomy":"category","embeddable":true,"href":"https:\/\/aehm.es\/en\/wp-json\/wp\/v2\/categories?post=22257"},{"taxonomy":"post_tag","embeddable":true,"href":"https:\/\/aehm.es\/en\/wp-json\/wp\/v2\/tags?post=22257"}],"curies":[{"name":"wp","href":"https:\/\/api.w.org\/{rel}","templated":true}]}}