{"id":22011,"date":"2026-01-21T11:33:52","date_gmt":"2026-01-21T11:33:52","guid":{"rendered":"https:\/\/aehm.es\/?p=22011"},"modified":"2026-01-21T12:54:51","modified_gmt":"2026-01-21T12:54:51","slug":"la-aehm-presenta-en-fitur-un-stand-inspirado-en-el-lujo-silencioso","status":"publish","type":"post","link":"https:\/\/aehm.es\/en\/la-aehm-presenta-en-fitur-un-stand-inspirado-en-el-lujo-silencioso\/","title":{"rendered":"La AEHM presenta en Fitur un stand inspirado en \u201cel lujo silencioso\u201d"},"content":{"rendered":"<p><strong>La Asociaci\u00f3n Empresarial Hotelera de Madrid (AEHM) ha presentado su stand en la 46\u00aa edici\u00f3n de FITUR, un espacio abierto de 300 metros cuadrados que, bajo el lema \u201cEl lujo silencioso\u201d, emula el sal\u00f3n de un hotel cl\u00e1sico y su barra de bar. Inspirado en el lujo discreto, la armon\u00eda con el destino y la autenticidad pretende actuar como \u00e1rea de exhibici\u00f3n en la que reflejar tendencias en interiorismo con las que servir de inspiraci\u00f3n al sector hotelero.<\/strong><\/p>\n<p><i><span data-olk-copy-source=\"MessageBody\">Madrid, 21 de enero de 2026.-\u00a0<\/span><\/i>La\u00a0<b>Asociaci\u00f3n Empresarial Hotelera de Madrid (AEHM)\u00a0<\/b>acude, un a\u00f1o m\u00e1s, a este encuentro, con el objetivo de reforzar su liderazgo en el mercado global de turismo y garantizar la promoci\u00f3n de novedades orientadas a un modelo tur\u00edstico renovado y sostenible. Lo hace con presencia en el stand 10D22, un espacio\u00a0<b>dise\u00f1ado por el estudio Fervor<\/b>\u00a0que adereza el\u00a0<b>estilo contempor\u00e1neo<\/b>\u00a0con pinceladas<i>\u00a0<\/i><b><i>art dec\u00f3<\/i><\/b>\u00a0para convertirse en atemporal.<\/p>\n<p>Alejado de la ostentaci\u00f3n, el espacio re\u00fane un sal\u00f3n y una barra de bar\u00a0en torno a los cuales giran peque\u00f1as mesas destinadas a los encuentros de trabajo y \u00e1reas definidas por sillones. El conjunto se fundamenta en la\u00a0<b>austeridad con estilo<\/b>, la personalizaci\u00f3n y el minimalismo en el servicio, la excelencia y el cuidado del detalle con el objetivo de comprometerse con el destino, respetar su armon\u00eda y preservar la esencia del Madrid m\u00e1s aut\u00e9ntico. Para ello, cada uno de los detalles del stand, desde el mobiliario a la restauraci\u00f3n, se ha seleccionado atendiendo a su alta calidad.<\/p>\n<p>As\u00ed, con el \u00e1nimo de elevar la experiencia del visitante, el equipo de la AEHM lucir\u00e1 una uniformidad compuesta por piezas \u00fanicas, excelencia que tambi\u00e9n se trasladar\u00e1 a los productos gastron\u00f3micos, especialmente de proximidad y temporada, y el servicio de restauraci\u00f3n.<\/p>\n<p>Para el\u00a0<b>presidente de la AEHM, Gabriel Garc\u00eda Alonso<\/b>,\u00a0<i>\u201cla presencia de la AEHM en Fitur se traduce en actualidad, acci\u00f3n de lobby y referencia\u201d.\u00a0<\/i>La\u00a0<b>vicepresidenta ejecutiva, Mar de Miguel<\/b>, por su parte, ha querido destacar esa\u00a0<i>\u201celegancia discreta\u201d<\/i>\u00a0que caracteriza tanto a Madrid como destino como a su hoteler\u00eda, dando sentido al espacio creado para esta edici\u00f3n de FITUR, en la que\u00a0<i>\u201cla atenci\u00f3n al detalle reside no solo en el interiorismo del establecimiento hotelero, sino tambi\u00e9n en el servicio que presta su personal\u201d<\/i>.<\/p>\n<p><b>Decoraci\u00f3n interior y m\u00e1s<\/b><\/p>\n<p>El compromiso por mostrar lo mejor del sector tambi\u00e9n se refleja en la selecci\u00f3n de colaboradores que acompa\u00f1an a la AEHM este a\u00f1o. Para revestir las paredes del stand, la Asociaci\u00f3n ha contado con\u00a0<b>Gancedo<\/b>, un referente en el mundo de la decoraci\u00f3n que, desde hace ochenta a\u00f1os, conecta personas y espacios a trav\u00e9s de sus tapicer\u00edas, papeles pintados y revestimientos originales. Con cada pieza, esta empresa familiar transmite una sensibilidad y meticulosidad \u00fanicas, as\u00ed como una confecci\u00f3n impecable que solo la tradici\u00f3n puede aportar a un producto de alta gama.<\/p>\n<p>Adem\u00e1s, la AEHM ha querido reforzar la dimensi\u00f3n emocional del espacio incorporando elementos florales que subrayan el car\u00e1cter acogedor del dise\u00f1o. En esta edici\u00f3n, cuenta con la colaboraci\u00f3n de\u00a0<b>Mariana\u2019s Flowers<\/b>, firma especializada en montajes y producciones florales cuyo trabajo artesanal destaca por su creatividad y por una sensibilidad est\u00e9tica que combina tradici\u00f3n y contemporaneidad. Sus composiciones, presentes en distintos puntos del stand, contribuyen a transformar el entorno en un escenario equilibrado, evocador y lleno de personalidad, reforzando, as\u00ed, la conexi\u00f3n entre la hospitalidad madrile\u00f1a y el cuidado de los detalles.<\/p>\n<p>En el \u00e1mbito de los productos de acogida, destaca la presencia de\u00a0<b>Groupe GM<\/b>, referente internacional en\u00a0<i>amenities<\/i>\u00a0y soluciones cosm\u00e9ticas para hoteles, cuya apuesta por la sostenibilidad y la innovaci\u00f3n se alinea con las tendencias globales del sector. La combinaci\u00f3n de dise\u00f1o, personalizaci\u00f3n, licenciamiento de marcas, excelencia en el servicio y una oferta de productos responsables permite que el stand represente de forma integral la evoluci\u00f3n de la hoteler\u00eda madrile\u00f1a hacia un modelo m\u00e1s consciente, elegante y orientado a la experiencia.<\/p>\n<p><b>Gastronom\u00eda: proximidad + calidad<\/b><\/p>\n<p>Con el prop\u00f3sito de enriquecer la experiencia gastron\u00f3mica del visitante y reforzar la apuesta por los productos de proximidad y la calidad\u00a0<i>premium<\/i>, la AEHM cuenta con la colaboraci\u00f3n de\u00a0<b>Vitium Pistachios<\/b>, firma espa\u00f1ola especializada en pistachos de alta gama. La compa\u00f1\u00eda ofrece un producto caracterizado por la frescura, el sabor y la autenticidad siempre a punto para acompa\u00f1ar la mejor de las bebidas.<\/p>\n<p>Entre estas,\u00a0<b>Mahou<\/b>, la cerveza madrile\u00f1a por excelencia, que vuelve a sumarse un a\u00f1o m\u00e1s al stand de la AEHM en Fitur para dar cuenta de su variedad de productos como homenaje a la cultura cervecera que viene preservando desde hace 135 a\u00f1os.<\/p>\n<p>Lo hace tambi\u00e9n\u00a0<b>Vermut Zarro<\/b>, madrile\u00f1o, de elaboraci\u00f3n artesana y receta secreta que viene conquistado la hora del aperitivo generaci\u00f3n tras generaci\u00f3n y que promete trasladar el esp\u00edritu de los visitantes hasta el ambiente de las tabernas centenarias de la capital.<\/p>\n<p>El ep\u00edgrafe l\u00edquido se cierra con\u00a0<b>Las moradas de San Mart\u00edn<\/b>, una bodega de la D.O.P. Vinos de Madrid que apuesta por la viticultura ecol\u00f3gica y biodin\u00e1mica y un profundo respeto por el entorno natural. As\u00ed, se decanta por el cultivo de variedades aut\u00f3ctonas como la garnacha tinta y el albillo real para elaborar caldos muy de Madrid y su entorno, repleto de encinas, pinos y arom\u00e1ticas.<\/p>\n<p><b>Lhardy Catering<\/b>\u00a0llega hasta el stand como representante del Madrid m\u00e1s cl\u00e1sico y elegante. Heredero de la famosa casa Lhardy, traspasa el tradicional servicio de\u00a0<i>catering<\/i>\u00a0para erigirse en creador de experiencias gracias al m\u00e1ximo respeto por el producto y las recetas y una puesta en escena al detalle.<\/p>\n<p>Con el fin de ampliar la propuesta gastron\u00f3mica al \u00e1mbito internacional, la Asociaci\u00f3n Empresarial Hotelera de Madrid ha confiado en el\u00a0<i>aperitivo all\u2019italiana<\/i>\u00a0de\u00a0<b>Negrini<\/b>. La marca italiana, garant\u00eda de calidad tradici\u00f3n culinaria, ha seleccionado sus mejores materias primas para preparar un aperitivo con el que descubrir todo el sabor original del Mediterr\u00e1neo.<\/p>\n<p>El cap\u00edtulo gastron\u00f3mico se cierra con el aroma, el sabor y el compromiso con el medio ambiente de\u00a0<b>Caf\u00e9s Baqu\u00e9<\/b>, una firma que, desde sus or\u00edgenes, en un antiguo almac\u00e9n de coloniales a comienzos del siglo pasado, ha evolucionado gracias a una firme apuesta: el caf\u00e9 de calidad y el caf\u00e9 de especialidad. Gracias a este mix, Caf\u00e9s Baqu\u00e9 busca envolver con calidez la estancia de cada hu\u00e9sped.<\/p>\n<p><b>Equipo de lujo<\/b><\/p>\n<p>En esta edici\u00f3n 2026, la AEHM quiere pone en valor el papel del equipo humano como pilar esencial de la excelencia hotelera. As\u00ed, la Asociaci\u00f3n se al\u00eda con\u00a0<b>More Than Uniform<\/b>, firma especializada en prendas de alto dise\u00f1o, calidad y funcionalidad que entiende la moda como una herramienta estrat\u00e9gica dentro del sector tur\u00edstico. Sus uniformes, elaborados de manera \u00fanica y exclusiva, reflejan est\u00e9tica, cuidado y profesionalidad y vestir\u00e1n en esta ocasi\u00f3n al equipo de la AEHM.<\/p>\n<p>Del mismo modo, la AEHM refuerza su apuesta por el talento y la calidad del servicio a trav\u00e9s de su colaboraci\u00f3n con\u00a0<b>Grupo Sherco<\/b>, el \u00fanico grupo espa\u00f1ol especializado en selecci\u00f3n de personal y\u00a0<i>outsourcing\u00a0<\/i>para la hosteler\u00eda y restauraci\u00f3n de lujo. Conscientes de que el personal es el verdadero diferenciador en un establecimiento de alta categor\u00eda, Sherco proporcionar\u00e1 el equipo de servicio del stand, asegurando una atenci\u00f3n impecable y coherente con la filosof\u00eda de elegancia discreta que define la propuesta de la Asociaci\u00f3n.<\/p>\n<p><i>Para esta edici\u00f3n de 2026 de Fitur, la AEHM se ha apoyado en colaboradores de la talla de Gancedo, Mariana\u2019s Flowers y Groupe GM en materia de decoraci\u00f3n; More than uniform y Grupo Sherco en gesti\u00f3n de equipos; Zarro, Vitium Pistachios, Caf\u00e9s Baqu\u00e9, Mahou, Negrini, Las Moradas de San Mart\u00edn y Lhardy Catering en gastronom\u00eda. Adem\u00e1s, ha contado con la participaci\u00f3n de HM Hospitales, Las Rozas Village, Caixabank y American Express.<\/i><\/p>\n<div id='gallery-1' class='gallery galleryid-22011 gallery-columns-2 gallery-size-full'><figure class='gallery-item'>\n\t\t\t<div class='gallery-icon landscape'>\n\t\t\t\t<a href='https:\/\/aehm.es\/wp-content\/uploads\/2026\/01\/AEHMenFitur-scaled.jpeg'><img fetchpriority=\"high\" decoding=\"async\" width=\"2560\" height=\"1920\" src=\"https:\/\/aehm.es\/wp-content\/uploads\/2026\/01\/AEHMenFitur-scaled.jpeg\" class=\"attachment-full size-full\" alt=\"\" srcset=\"https:\/\/aehm.es\/wp-content\/uploads\/2026\/01\/AEHMenFitur-scaled.jpeg 2560w, https:\/\/aehm.es\/wp-content\/uploads\/2026\/01\/AEHMenFitur-300x225.jpeg 300w, https:\/\/aehm.es\/wp-content\/uploads\/2026\/01\/AEHMenFitur-1024x768.jpeg 1024w, https:\/\/aehm.es\/wp-content\/uploads\/2026\/01\/AEHMenFitur-768x576.jpeg 768w, https:\/\/aehm.es\/wp-content\/uploads\/2026\/01\/AEHMenFitur-1536x1152.jpeg 1536w, https:\/\/aehm.es\/wp-content\/uploads\/2026\/01\/AEHMenFitur-2048x1536.jpeg 2048w\" sizes=\"(max-width: 2560px) 100vw, 2560px\" \/><\/a>\n\t\t\t<\/div><\/figure><figure class='gallery-item'>\n\t\t\t<div class='gallery-icon landscape'>\n\t\t\t\t<a href='https:\/\/aehm.es\/wp-content\/uploads\/2026\/01\/AEHMenFitur6-scaled.jpeg'><img decoding=\"async\" width=\"2560\" height=\"1920\" src=\"https:\/\/aehm.es\/wp-content\/uploads\/2026\/01\/AEHMenFitur6-scaled.jpeg\" class=\"attachment-full size-full\" alt=\"\" srcset=\"https:\/\/aehm.es\/wp-content\/uploads\/2026\/01\/AEHMenFitur6-scaled.jpeg 2560w, https:\/\/aehm.es\/wp-content\/uploads\/2026\/01\/AEHMenFitur6-300x225.jpeg 300w, https:\/\/aehm.es\/wp-content\/uploads\/2026\/01\/AEHMenFitur6-1024x768.jpeg 1024w, https:\/\/aehm.es\/wp-content\/uploads\/2026\/01\/AEHMenFitur6-768x576.jpeg 768w, https:\/\/aehm.es\/wp-content\/uploads\/2026\/01\/AEHMenFitur6-1536x1152.jpeg 1536w, https:\/\/aehm.es\/wp-content\/uploads\/2026\/01\/AEHMenFitur6-2048x1536.jpeg 2048w\" sizes=\"(max-width: 2560px) 100vw, 2560px\" \/><\/a>\n\t\t\t<\/div><\/figure><figure class='gallery-item'>\n\t\t\t<div class='gallery-icon landscape'>\n\t\t\t\t<a href='https:\/\/aehm.es\/wp-content\/uploads\/2026\/01\/AEHMenFitur3-scaled.jpeg'><img decoding=\"async\" width=\"2560\" height=\"1920\" src=\"https:\/\/aehm.es\/wp-content\/uploads\/2026\/01\/AEHMenFitur3-scaled.jpeg\" class=\"attachment-full size-full\" alt=\"\" srcset=\"https:\/\/aehm.es\/wp-content\/uploads\/2026\/01\/AEHMenFitur3-scaled.jpeg 2560w, https:\/\/aehm.es\/wp-content\/uploads\/2026\/01\/AEHMenFitur3-300x225.jpeg 300w, https:\/\/aehm.es\/wp-content\/uploads\/2026\/01\/AEHMenFitur3-1024x768.jpeg 1024w, https:\/\/aehm.es\/wp-content\/uploads\/2026\/01\/AEHMenFitur3-768x576.jpeg 768w, https:\/\/aehm.es\/wp-content\/uploads\/2026\/01\/AEHMenFitur3-1536x1152.jpeg 1536w, https:\/\/aehm.es\/wp-content\/uploads\/2026\/01\/AEHMenFitur3-2048x1536.jpeg 2048w\" sizes=\"(max-width: 2560px) 100vw, 2560px\" \/><\/a>\n\t\t\t<\/div><\/figure><figure class='gallery-item'>\n\t\t\t<div class='gallery-icon landscape'>\n\t\t\t\t<a href='https:\/\/aehm.es\/wp-content\/uploads\/2026\/01\/AEHMenFitur9-scaled.jpeg'><img loading=\"lazy\" decoding=\"async\" width=\"2560\" height=\"2076\" src=\"https:\/\/aehm.es\/wp-content\/uploads\/2026\/01\/AEHMenFitur9-scaled.jpeg\" class=\"attachment-full size-full\" alt=\"\" srcset=\"https:\/\/aehm.es\/wp-content\/uploads\/2026\/01\/AEHMenFitur9-scaled.jpeg 2560w, https:\/\/aehm.es\/wp-content\/uploads\/2026\/01\/AEHMenFitur9-300x243.jpeg 300w, https:\/\/aehm.es\/wp-content\/uploads\/2026\/01\/AEHMenFitur9-1024x830.jpeg 1024w, https:\/\/aehm.es\/wp-content\/uploads\/2026\/01\/AEHMenFitur9-768x623.jpeg 768w, https:\/\/aehm.es\/wp-content\/uploads\/2026\/01\/AEHMenFitur9-1536x1245.jpeg 1536w, https:\/\/aehm.es\/wp-content\/uploads\/2026\/01\/AEHMenFitur9-2048x1661.jpeg 2048w\" sizes=\"(max-width: 2560px) 100vw, 2560px\" \/><\/a>\n\t\t\t<\/div><\/figure><figure class='gallery-item'>\n\t\t\t<div class='gallery-icon landscape'>\n\t\t\t\t<a href='https:\/\/aehm.es\/wp-content\/uploads\/2026\/01\/AEHMenFitur8-scaled.jpeg'><img loading=\"lazy\" decoding=\"async\" width=\"2560\" height=\"1920\" src=\"https:\/\/aehm.es\/wp-content\/uploads\/2026\/01\/AEHMenFitur8-scaled.jpeg\" class=\"attachment-full size-full\" alt=\"\" srcset=\"https:\/\/aehm.es\/wp-content\/uploads\/2026\/01\/AEHMenFitur8-scaled.jpeg 2560w, https:\/\/aehm.es\/wp-content\/uploads\/2026\/01\/AEHMenFitur8-300x225.jpeg 300w, https:\/\/aehm.es\/wp-content\/uploads\/2026\/01\/AEHMenFitur8-1024x768.jpeg 1024w, https:\/\/aehm.es\/wp-content\/uploads\/2026\/01\/AEHMenFitur8-768x576.jpeg 768w, https:\/\/aehm.es\/wp-content\/uploads\/2026\/01\/AEHMenFitur8-1536x1152.jpeg 1536w, https:\/\/aehm.es\/wp-content\/uploads\/2026\/01\/AEHMenFitur8-2048x1536.jpeg 2048w\" sizes=\"(max-width: 2560px) 100vw, 2560px\" \/><\/a>\n\t\t\t<\/div><\/figure><figure class='gallery-item'>\n\t\t\t<div class='gallery-icon landscape'>\n\t\t\t\t<a href='https:\/\/aehm.es\/wp-content\/uploads\/2026\/01\/AEHMenFitur7-scaled.jpeg'><img loading=\"lazy\" decoding=\"async\" width=\"2560\" height=\"1920\" src=\"https:\/\/aehm.es\/wp-content\/uploads\/2026\/01\/AEHMenFitur7-scaled.jpeg\" class=\"attachment-full size-full\" alt=\"\" srcset=\"https:\/\/aehm.es\/wp-content\/uploads\/2026\/01\/AEHMenFitur7-scaled.jpeg 2560w, https:\/\/aehm.es\/wp-content\/uploads\/2026\/01\/AEHMenFitur7-300x225.jpeg 300w, https:\/\/aehm.es\/wp-content\/uploads\/2026\/01\/AEHMenFitur7-1024x768.jpeg 1024w, https:\/\/aehm.es\/wp-content\/uploads\/2026\/01\/AEHMenFitur7-768x576.jpeg 768w, https:\/\/aehm.es\/wp-content\/uploads\/2026\/01\/AEHMenFitur7-1536x1152.jpeg 1536w, https:\/\/aehm.es\/wp-content\/uploads\/2026\/01\/AEHMenFitur7-2048x1536.jpeg 2048w\" sizes=\"(max-width: 2560px) 100vw, 2560px\" \/><\/a>\n\t\t\t<\/div><\/figure>\n\t\t<\/div>\n\n","protected":false},"excerpt":{"rendered":"<p>La Asociaci\u00f3n Empresarial Hotelera de Madrid (AEHM) ha presentado su stand en la 46\u00aa edici\u00f3n de FITUR, un espacio abierto de 300 metros cuadrados que, bajo el lema \u201cEl lujo silencioso\u201d, emula el sal\u00f3n de un hotel cl\u00e1sico y su barra de bar. Inspirado en el lujo discreto, la armon\u00eda con el destino y la [&hellip;]<\/p>\n","protected":false},"author":20,"featured_media":22012,"comment_status":"open","ping_status":"open","sticky":false,"template":"","format":"standard","meta":{"footnotes":""},"categories":[1],"tags":[],"class_list":["post-22011","post","type-post","status-publish","format-standard","has-post-thumbnail","hentry","category-actualidad-aehm"],"yoast_head":"<!-- This site is optimized with the Yoast SEO plugin v27.4 - https:\/\/yoast.com\/product\/yoast-seo-wordpress\/ -->\n<title>La AEHM presenta en Fitur un stand inspirado en \u201cel lujo silencioso\u201d - AEHM<\/title>\n<meta name=\"description\" content=\"La AEHM ha presentado su stand en la 46\u00aa edici\u00f3n de FITUR, un espacio abierto de 300 metros cuadrados que, bajo el lema \u201cEl lujo silencioso\u201d.\" \/>\n<meta name=\"robots\" content=\"index, follow, max-snippet:-1, max-image-preview:large, max-video-preview:-1\" \/>\n<link rel=\"canonical\" href=\"https:\/\/aehm.es\/la-aehm-presenta-en-fitur-un-stand-inspirado-en-el-lujo-silencioso\/\" \/>\n<meta property=\"og:locale\" content=\"en_US\" \/>\n<meta property=\"og:type\" content=\"article\" \/>\n<meta property=\"og:title\" content=\"La AEHM presenta en Fitur un stand inspirado en \u201cel lujo silencioso\u201d\" \/>\n<meta property=\"og:description\" content=\"La AEHM ha presentado su stand en la 46\u00aa edici\u00f3n de FITUR, un espacio abierto de 300 metros cuadrados que, bajo el lema \u201cEl lujo silencioso\u201d.\" \/>\n<meta property=\"og:url\" content=\"https:\/\/aehm.es\/la-aehm-presenta-en-fitur-un-stand-inspirado-en-el-lujo-silencioso\/\" \/>\n<meta property=\"og:site_name\" content=\"AEHM\" \/>\n<meta property=\"article:publisher\" content=\"https:\/\/www.instagram.com\/hotelesdemadrid\/\" \/>\n<meta property=\"article:published_time\" content=\"2026-01-21T11:33:52+00:00\" \/>\n<meta property=\"article:modified_time\" content=\"2026-01-21T12:54:51+00:00\" \/>\n<meta property=\"og:image\" content=\"https:\/\/aehm.es\/wp-content\/uploads\/2026\/01\/NP_AEHMenFITUR2026_Social.png\" \/>\n\t<meta property=\"og:image:width\" content=\"1600\" \/>\n\t<meta property=\"og:image:height\" content=\"900\" \/>\n\t<meta property=\"og:image:type\" content=\"image\/png\" \/>\n<meta name=\"author\" content=\"Laura Sarria\" \/>\n<meta name=\"twitter:card\" content=\"summary_large_image\" \/>\n<meta name=\"twitter:creator\" content=\"@HotelesAEHM\" \/>\n<meta name=\"twitter:site\" content=\"@HotelesAEHM\" \/>\n<meta name=\"twitter:label1\" content=\"Written by\" \/>\n\t<meta name=\"twitter:data1\" content=\"Laura Sarria\" \/>\n\t<meta name=\"twitter:label2\" content=\"Est. reading time\" \/>\n\t<meta name=\"twitter:data2\" content=\"7 minutes\" \/>\n<script type=\"application\/ld+json\" class=\"yoast-schema-graph\">{\"@context\":\"https:\\\/\\\/schema.org\",\"@graph\":[{\"@type\":\"Article\",\"@id\":\"https:\\\/\\\/aehm.es\\\/la-aehm-presenta-en-fitur-un-stand-inspirado-en-el-lujo-silencioso\\\/#article\",\"isPartOf\":{\"@id\":\"https:\\\/\\\/aehm.es\\\/la-aehm-presenta-en-fitur-un-stand-inspirado-en-el-lujo-silencioso\\\/\"},\"author\":{\"name\":\"Laura Sarria\",\"@id\":\"https:\\\/\\\/aehm.es\\\/#\\\/schema\\\/person\\\/a11ff5e10daf701bc492cd7a4e624215\"},\"headline\":\"La AEHM presenta en Fitur un stand inspirado en \u201cel lujo silencioso\u201d\",\"datePublished\":\"2026-01-21T11:33:52+00:00\",\"dateModified\":\"2026-01-21T12:54:51+00:00\",\"mainEntityOfPage\":{\"@id\":\"https:\\\/\\\/aehm.es\\\/la-aehm-presenta-en-fitur-un-stand-inspirado-en-el-lujo-silencioso\\\/\"},\"wordCount\":1417,\"commentCount\":0,\"publisher\":{\"@id\":\"https:\\\/\\\/aehm.es\\\/#organization\"},\"image\":{\"@id\":\"https:\\\/\\\/aehm.es\\\/la-aehm-presenta-en-fitur-un-stand-inspirado-en-el-lujo-silencioso\\\/#primaryimage\"},\"thumbnailUrl\":\"https:\\\/\\\/aehm.es\\\/wp-content\\\/uploads\\\/2026\\\/01\\\/NP_AEHMenFITUR2026.png\",\"articleSection\":[\"Actualidad AEHM\"],\"inLanguage\":\"en-US\",\"potentialAction\":[{\"@type\":\"CommentAction\",\"name\":\"Comment\",\"target\":[\"https:\\\/\\\/aehm.es\\\/la-aehm-presenta-en-fitur-un-stand-inspirado-en-el-lujo-silencioso\\\/#respond\"]}]},{\"@type\":\"WebPage\",\"@id\":\"https:\\\/\\\/aehm.es\\\/la-aehm-presenta-en-fitur-un-stand-inspirado-en-el-lujo-silencioso\\\/\",\"url\":\"https:\\\/\\\/aehm.es\\\/la-aehm-presenta-en-fitur-un-stand-inspirado-en-el-lujo-silencioso\\\/\",\"name\":\"La AEHM presenta en Fitur un stand inspirado en \u201cel lujo silencioso\u201d - AEHM\",\"isPartOf\":{\"@id\":\"https:\\\/\\\/aehm.es\\\/#website\"},\"primaryImageOfPage\":{\"@id\":\"https:\\\/\\\/aehm.es\\\/la-aehm-presenta-en-fitur-un-stand-inspirado-en-el-lujo-silencioso\\\/#primaryimage\"},\"image\":{\"@id\":\"https:\\\/\\\/aehm.es\\\/la-aehm-presenta-en-fitur-un-stand-inspirado-en-el-lujo-silencioso\\\/#primaryimage\"},\"thumbnailUrl\":\"https:\\\/\\\/aehm.es\\\/wp-content\\\/uploads\\\/2026\\\/01\\\/NP_AEHMenFITUR2026.png\",\"datePublished\":\"2026-01-21T11:33:52+00:00\",\"dateModified\":\"2026-01-21T12:54:51+00:00\",\"description\":\"La AEHM ha presentado su stand en la 46\u00aa edici\u00f3n de FITUR, un espacio abierto de 300 metros cuadrados que, bajo el lema \u201cEl lujo silencioso\u201d.\",\"breadcrumb\":{\"@id\":\"https:\\\/\\\/aehm.es\\\/la-aehm-presenta-en-fitur-un-stand-inspirado-en-el-lujo-silencioso\\\/#breadcrumb\"},\"inLanguage\":\"en-US\",\"potentialAction\":[{\"@type\":\"ReadAction\",\"target\":[\"https:\\\/\\\/aehm.es\\\/la-aehm-presenta-en-fitur-un-stand-inspirado-en-el-lujo-silencioso\\\/\"]}]},{\"@type\":\"ImageObject\",\"inLanguage\":\"en-US\",\"@id\":\"https:\\\/\\\/aehm.es\\\/la-aehm-presenta-en-fitur-un-stand-inspirado-en-el-lujo-silencioso\\\/#primaryimage\",\"url\":\"https:\\\/\\\/aehm.es\\\/wp-content\\\/uploads\\\/2026\\\/01\\\/NP_AEHMenFITUR2026.png\",\"contentUrl\":\"https:\\\/\\\/aehm.es\\\/wp-content\\\/uploads\\\/2026\\\/01\\\/NP_AEHMenFITUR2026.png\",\"width\":768,\"height\":550},{\"@type\":\"BreadcrumbList\",\"@id\":\"https:\\\/\\\/aehm.es\\\/la-aehm-presenta-en-fitur-un-stand-inspirado-en-el-lujo-silencioso\\\/#breadcrumb\",\"itemListElement\":[{\"@type\":\"ListItem\",\"position\":1,\"name\":\"Portada\",\"item\":\"https:\\\/\\\/aehm.es\\\/en\\\/\"},{\"@type\":\"ListItem\",\"position\":2,\"name\":\"La AEHM presenta en Fitur un stand inspirado en \u201cel lujo silencioso\u201d\"}]},{\"@type\":\"WebSite\",\"@id\":\"https:\\\/\\\/aehm.es\\\/#website\",\"url\":\"https:\\\/\\\/aehm.es\\\/\",\"name\":\"Asociaci\u00f3n Empresarial Hotelera de Madrid\",\"description\":\"La Asociaci\u00f3n Empresarial Hotelera Madrid est\u00e1 formada por m\u00e1s de 300 establecimientos de todas las categor\u00edas y tipolog\u00edas (hoteles, hostales, hostels, apartamentos\u2026) que suman m\u00e1s de 75.000 plazas de alojamiento.\",\"publisher\":{\"@id\":\"https:\\\/\\\/aehm.es\\\/#organization\"},\"alternateName\":\"AEHM\",\"potentialAction\":[{\"@type\":\"SearchAction\",\"target\":{\"@type\":\"EntryPoint\",\"urlTemplate\":\"https:\\\/\\\/aehm.es\\\/?s={search_term_string}\"},\"query-input\":{\"@type\":\"PropertyValueSpecification\",\"valueRequired\":true,\"valueName\":\"search_term_string\"}}],\"inLanguage\":\"en-US\"},{\"@type\":\"Organization\",\"@id\":\"https:\\\/\\\/aehm.es\\\/#organization\",\"name\":\"Asociaci\u00f3n Empresarial Hotelera de Madrid\",\"url\":\"https:\\\/\\\/aehm.es\\\/\",\"logo\":{\"@type\":\"ImageObject\",\"inLanguage\":\"en-US\",\"@id\":\"https:\\\/\\\/aehm.es\\\/#\\\/schema\\\/logo\\\/image\\\/\",\"url\":\"https:\\\/\\\/aehm.es\\\/wp-content\\\/uploads\\\/2021\\\/11\\\/Logo_AEHM_Horiz.png\",\"contentUrl\":\"https:\\\/\\\/aehm.es\\\/wp-content\\\/uploads\\\/2021\\\/11\\\/Logo_AEHM_Horiz.png\",\"width\":600,\"height\":182,\"caption\":\"Asociaci\u00f3n Empresarial Hotelera de Madrid\"},\"image\":{\"@id\":\"https:\\\/\\\/aehm.es\\\/#\\\/schema\\\/logo\\\/image\\\/\"},\"sameAs\":[\"https:\\\/\\\/www.instagram.com\\\/hotelesdemadrid\\\/\",\"https:\\\/\\\/x.com\\\/HotelesAEHM\",\"https:\\\/\\\/www.linkedin.com\\\/company\\\/11166072\\\/\"]},{\"@type\":\"Person\",\"@id\":\"https:\\\/\\\/aehm.es\\\/#\\\/schema\\\/person\\\/a11ff5e10daf701bc492cd7a4e624215\",\"name\":\"Laura Sarria\",\"image\":{\"@type\":\"ImageObject\",\"inLanguage\":\"en-US\",\"@id\":\"https:\\\/\\\/secure.gravatar.com\\\/avatar\\\/4ef4b0f260923823a97f1e823b29d340c5e8606b68a4dc4288a7ccd66262c35b?s=96&d=mm&r=g\",\"url\":\"https:\\\/\\\/secure.gravatar.com\\\/avatar\\\/4ef4b0f260923823a97f1e823b29d340c5e8606b68a4dc4288a7ccd66262c35b?s=96&d=mm&r=g\",\"contentUrl\":\"https:\\\/\\\/secure.gravatar.com\\\/avatar\\\/4ef4b0f260923823a97f1e823b29d340c5e8606b68a4dc4288a7ccd66262c35b?s=96&d=mm&r=g\",\"caption\":\"Laura Sarria\"},\"url\":\"https:\\\/\\\/aehm.es\\\/en\\\/author\\\/laura-sarria\\\/\"}]}<\/script>\n<!-- \/ Yoast SEO plugin. -->","yoast_head_json":{"title":"La AEHM presenta en Fitur un stand inspirado en \u201cel lujo silencioso\u201d - AEHM","description":"La AEHM ha presentado su stand en la 46\u00aa edici\u00f3n de FITUR, un espacio abierto de 300 metros cuadrados que, bajo el lema \u201cEl lujo silencioso\u201d.","robots":{"index":"index","follow":"follow","max-snippet":"max-snippet:-1","max-image-preview":"max-image-preview:large","max-video-preview":"max-video-preview:-1"},"canonical":"https:\/\/aehm.es\/la-aehm-presenta-en-fitur-un-stand-inspirado-en-el-lujo-silencioso\/","og_locale":"en_US","og_type":"article","og_title":"La AEHM presenta en Fitur un stand inspirado en \u201cel lujo silencioso\u201d","og_description":"La AEHM ha presentado su stand en la 46\u00aa edici\u00f3n de FITUR, un espacio abierto de 300 metros cuadrados que, bajo el lema \u201cEl lujo silencioso\u201d.","og_url":"https:\/\/aehm.es\/la-aehm-presenta-en-fitur-un-stand-inspirado-en-el-lujo-silencioso\/","og_site_name":"AEHM","article_publisher":"https:\/\/www.instagram.com\/hotelesdemadrid\/","article_published_time":"2026-01-21T11:33:52+00:00","article_modified_time":"2026-01-21T12:54:51+00:00","og_image":[{"width":1600,"height":900,"url":"https:\/\/aehm.es\/wp-content\/uploads\/2026\/01\/NP_AEHMenFITUR2026_Social.png","type":"image\/png"}],"author":"Laura Sarria","twitter_card":"summary_large_image","twitter_creator":"@HotelesAEHM","twitter_site":"@HotelesAEHM","twitter_misc":{"Written by":"Laura Sarria","Est. reading time":"7 minutes"},"schema":{"@context":"https:\/\/schema.org","@graph":[{"@type":"Article","@id":"https:\/\/aehm.es\/la-aehm-presenta-en-fitur-un-stand-inspirado-en-el-lujo-silencioso\/#article","isPartOf":{"@id":"https:\/\/aehm.es\/la-aehm-presenta-en-fitur-un-stand-inspirado-en-el-lujo-silencioso\/"},"author":{"name":"Laura Sarria","@id":"https:\/\/aehm.es\/#\/schema\/person\/a11ff5e10daf701bc492cd7a4e624215"},"headline":"La AEHM presenta en Fitur un stand inspirado en \u201cel lujo silencioso\u201d","datePublished":"2026-01-21T11:33:52+00:00","dateModified":"2026-01-21T12:54:51+00:00","mainEntityOfPage":{"@id":"https:\/\/aehm.es\/la-aehm-presenta-en-fitur-un-stand-inspirado-en-el-lujo-silencioso\/"},"wordCount":1417,"commentCount":0,"publisher":{"@id":"https:\/\/aehm.es\/#organization"},"image":{"@id":"https:\/\/aehm.es\/la-aehm-presenta-en-fitur-un-stand-inspirado-en-el-lujo-silencioso\/#primaryimage"},"thumbnailUrl":"https:\/\/aehm.es\/wp-content\/uploads\/2026\/01\/NP_AEHMenFITUR2026.png","articleSection":["Actualidad AEHM"],"inLanguage":"en-US","potentialAction":[{"@type":"CommentAction","name":"Comment","target":["https:\/\/aehm.es\/la-aehm-presenta-en-fitur-un-stand-inspirado-en-el-lujo-silencioso\/#respond"]}]},{"@type":"WebPage","@id":"https:\/\/aehm.es\/la-aehm-presenta-en-fitur-un-stand-inspirado-en-el-lujo-silencioso\/","url":"https:\/\/aehm.es\/la-aehm-presenta-en-fitur-un-stand-inspirado-en-el-lujo-silencioso\/","name":"La AEHM presenta en Fitur un stand inspirado en \u201cel lujo silencioso\u201d - AEHM","isPartOf":{"@id":"https:\/\/aehm.es\/#website"},"primaryImageOfPage":{"@id":"https:\/\/aehm.es\/la-aehm-presenta-en-fitur-un-stand-inspirado-en-el-lujo-silencioso\/#primaryimage"},"image":{"@id":"https:\/\/aehm.es\/la-aehm-presenta-en-fitur-un-stand-inspirado-en-el-lujo-silencioso\/#primaryimage"},"thumbnailUrl":"https:\/\/aehm.es\/wp-content\/uploads\/2026\/01\/NP_AEHMenFITUR2026.png","datePublished":"2026-01-21T11:33:52+00:00","dateModified":"2026-01-21T12:54:51+00:00","description":"La AEHM ha presentado su stand en la 46\u00aa edici\u00f3n de FITUR, un espacio abierto de 300 metros cuadrados que, bajo el lema \u201cEl lujo silencioso\u201d.","breadcrumb":{"@id":"https:\/\/aehm.es\/la-aehm-presenta-en-fitur-un-stand-inspirado-en-el-lujo-silencioso\/#breadcrumb"},"inLanguage":"en-US","potentialAction":[{"@type":"ReadAction","target":["https:\/\/aehm.es\/la-aehm-presenta-en-fitur-un-stand-inspirado-en-el-lujo-silencioso\/"]}]},{"@type":"ImageObject","inLanguage":"en-US","@id":"https:\/\/aehm.es\/la-aehm-presenta-en-fitur-un-stand-inspirado-en-el-lujo-silencioso\/#primaryimage","url":"https:\/\/aehm.es\/wp-content\/uploads\/2026\/01\/NP_AEHMenFITUR2026.png","contentUrl":"https:\/\/aehm.es\/wp-content\/uploads\/2026\/01\/NP_AEHMenFITUR2026.png","width":768,"height":550},{"@type":"BreadcrumbList","@id":"https:\/\/aehm.es\/la-aehm-presenta-en-fitur-un-stand-inspirado-en-el-lujo-silencioso\/#breadcrumb","itemListElement":[{"@type":"ListItem","position":1,"name":"Portada","item":"https:\/\/aehm.es\/en\/"},{"@type":"ListItem","position":2,"name":"La AEHM presenta en Fitur un stand inspirado en \u201cel lujo silencioso\u201d"}]},{"@type":"WebSite","@id":"https:\/\/aehm.es\/#website","url":"https:\/\/aehm.es\/","name":"Asociaci\u00f3n Empresarial Hotelera de Madrid","description":"La Asociaci\u00f3n Empresarial Hotelera Madrid est\u00e1 formada por m\u00e1s de 300 establecimientos de todas las categor\u00edas y tipolog\u00edas (hoteles, hostales, hostels, apartamentos\u2026) que suman m\u00e1s de 75.000 plazas de alojamiento.","publisher":{"@id":"https:\/\/aehm.es\/#organization"},"alternateName":"AEHM","potentialAction":[{"@type":"SearchAction","target":{"@type":"EntryPoint","urlTemplate":"https:\/\/aehm.es\/?s={search_term_string}"},"query-input":{"@type":"PropertyValueSpecification","valueRequired":true,"valueName":"search_term_string"}}],"inLanguage":"en-US"},{"@type":"Organization","@id":"https:\/\/aehm.es\/#organization","name":"Asociaci\u00f3n Empresarial Hotelera de Madrid","url":"https:\/\/aehm.es\/","logo":{"@type":"ImageObject","inLanguage":"en-US","@id":"https:\/\/aehm.es\/#\/schema\/logo\/image\/","url":"https:\/\/aehm.es\/wp-content\/uploads\/2021\/11\/Logo_AEHM_Horiz.png","contentUrl":"https:\/\/aehm.es\/wp-content\/uploads\/2021\/11\/Logo_AEHM_Horiz.png","width":600,"height":182,"caption":"Asociaci\u00f3n Empresarial Hotelera de Madrid"},"image":{"@id":"https:\/\/aehm.es\/#\/schema\/logo\/image\/"},"sameAs":["https:\/\/www.instagram.com\/hotelesdemadrid\/","https:\/\/x.com\/HotelesAEHM","https:\/\/www.linkedin.com\/company\/11166072\/"]},{"@type":"Person","@id":"https:\/\/aehm.es\/#\/schema\/person\/a11ff5e10daf701bc492cd7a4e624215","name":"Laura Sarria","image":{"@type":"ImageObject","inLanguage":"en-US","@id":"https:\/\/secure.gravatar.com\/avatar\/4ef4b0f260923823a97f1e823b29d340c5e8606b68a4dc4288a7ccd66262c35b?s=96&d=mm&r=g","url":"https:\/\/secure.gravatar.com\/avatar\/4ef4b0f260923823a97f1e823b29d340c5e8606b68a4dc4288a7ccd66262c35b?s=96&d=mm&r=g","contentUrl":"https:\/\/secure.gravatar.com\/avatar\/4ef4b0f260923823a97f1e823b29d340c5e8606b68a4dc4288a7ccd66262c35b?s=96&d=mm&r=g","caption":"Laura Sarria"},"url":"https:\/\/aehm.es\/en\/author\/laura-sarria\/"}]}},"_links":{"self":[{"href":"https:\/\/aehm.es\/en\/wp-json\/wp\/v2\/posts\/22011","targetHints":{"allow":["GET"]}}],"collection":[{"href":"https:\/\/aehm.es\/en\/wp-json\/wp\/v2\/posts"}],"about":[{"href":"https:\/\/aehm.es\/en\/wp-json\/wp\/v2\/types\/post"}],"author":[{"embeddable":true,"href":"https:\/\/aehm.es\/en\/wp-json\/wp\/v2\/users\/20"}],"replies":[{"embeddable":true,"href":"https:\/\/aehm.es\/en\/wp-json\/wp\/v2\/comments?post=22011"}],"version-history":[{"count":3,"href":"https:\/\/aehm.es\/en\/wp-json\/wp\/v2\/posts\/22011\/revisions"}],"predecessor-version":[{"id":22032,"href":"https:\/\/aehm.es\/en\/wp-json\/wp\/v2\/posts\/22011\/revisions\/22032"}],"wp:featuredmedia":[{"embeddable":true,"href":"https:\/\/aehm.es\/en\/wp-json\/wp\/v2\/media\/22012"}],"wp:attachment":[{"href":"https:\/\/aehm.es\/en\/wp-json\/wp\/v2\/media?parent=22011"}],"wp:term":[{"taxonomy":"category","embeddable":true,"href":"https:\/\/aehm.es\/en\/wp-json\/wp\/v2\/categories?post=22011"},{"taxonomy":"post_tag","embeddable":true,"href":"https:\/\/aehm.es\/en\/wp-json\/wp\/v2\/tags?post=22011"}],"curies":[{"name":"wp","href":"https:\/\/api.w.org\/{rel}","templated":true}]}}