{"id":21821,"date":"2026-01-09T10:46:10","date_gmt":"2026-01-09T10:46:10","guid":{"rendered":"https:\/\/aehm.es\/?p=21821"},"modified":"2026-01-09T10:46:10","modified_gmt":"2026-01-09T10:46:10","slug":"la-ocupacion-hotelera-de-madrid-durante-la-navidad-supera-el-71","status":"publish","type":"post","link":"https:\/\/aehm.es\/en\/la-ocupacion-hotelera-de-madrid-durante-la-navidad-supera-el-71\/","title":{"rendered":"La ocupaci\u00f3n hotelera de Madrid durante la Navidad supera el 71%"},"content":{"rendered":"<p><b><span data-olk-copy-source=\"MessageBody\">Seg\u00fan datos de la encuesta de la Asociaci\u00f3n Empresarial Hotelera de Madrid (AEHM), la regi\u00f3n ha registrado una ocupaci\u00f3n media del 71,33% entre el 19 de diciembre y el 6 de enero, superando en m\u00e1s de dos puntos las previsiones iniciales y situ\u00e1ndose a menos de un punto (0,67) por debajo del balance del a\u00f1o anterior.<\/span><\/b><\/p>\n<p><i>Madrid, 9 de enero de 2026.-\u00a0<\/i>La Asociaci\u00f3n Empresarial Hotelera de Madrid (AEHM) presenta el balance definitivo de ocupaci\u00f3n hotelera durante el periodo navide\u00f1o 2025-2026, que ha superado las expectativas iniciales en m\u00e1s de dos puntos. La\u00a0<b>ocupaci\u00f3n media<\/b>\u00a0de los establecimientos asociados alcanz\u00f3 el\u00a0<b>71%,<\/b>\u00a0frente a la previsi\u00f3n del 69%, confirmando la fortaleza del sector tur\u00edstico madrile\u00f1o en estas fechas.<\/p>\n<p>Los\u00a0<b>d\u00edas de mayor demanda<\/b>\u00a0fueron los s\u00e1bados: el 27 de diciembre (86%), el 3 de enero (83%) y el 20 de diciembre (81%). En cuanto a las reservas de \u00faltima hora, destacaron, especialmente, los d\u00edas 2 y 3 de enero, fechas en que la demanda se situ\u00f3, de nuevo, por encima del 80%, un porcentaje muy superior a lo previsto.<\/p>\n<p>Con relaci\u00f3n al origen de los visitantes, el\u00a0<b>48% fueron nacionales y el 52% internacionales<\/b>. Estos \u00faltimos proced\u00edan, mayoritariamente, de\u00a0<b>Estados Unidos, Italia, Francia, Reino Unido y Brasil<\/b>, por este orden, seguidos de M\u00e9xico y China.<\/p>\n<p>La combinaci\u00f3n de ocio, celebraciones propias de la Navidad y viajes de negocios contribuy\u00f3 a mantener una alta ocupaci\u00f3n en la capital. En este sentido, se ha manifestado la\u00a0<b>vicepresidenta ejecutiva de la AEHM, Mar de Miguel<\/b>:<i> \u201cHasta hace pocos a\u00f1os, Madrid era un referente para los turistas nacionales, pero la capital se ha consolidado, adem\u00e1s, como un destino navide\u00f1o internacional, de forma que hoy ya son mayor\u00eda quienes vienen de fuera de Espa\u00f1a, atra\u00eddos por nuestra oferta cultural, gastron\u00f3mica y la experiencia \u00fanica que supone vivir la Navidad en Madrid\u201d. &#8220;Iniciativas como nuestro Ilumina Madrid y la programaci\u00f3n de los distintos ayuntamientos, que han transformado la regi\u00f3n en un espect\u00e1culo de luz y color, han resultado claves para reforzar nuestra imagen como destino navide\u00f1o. Este tipo de proyectos no solo dinamizan la actividad tur\u00edstica, sino que contribuyen a posicionar la capital en el mapa internacional como una ciudad m\u00e1gica en estas fechas\u201d.<\/i><\/p>\n","protected":false},"excerpt":{"rendered":"<p>Seg\u00fan datos de la encuesta de la Asociaci\u00f3n Empresarial Hotelera de Madrid (AEHM), la regi\u00f3n ha registrado una ocupaci\u00f3n media del 71,33% entre el 19 de diciembre y el 6 de enero, superando en m\u00e1s de dos puntos las previsiones iniciales y situ\u00e1ndose a menos de un punto (0,67) por debajo del balance del a\u00f1o [&hellip;]<\/p>\n","protected":false},"author":20,"featured_media":21822,"comment_status":"open","ping_status":"open","sticky":false,"template":"","format":"standard","meta":{"footnotes":""},"categories":[1],"tags":[],"class_list":["post-21821","post","type-post","status-publish","format-standard","has-post-thumbnail","hentry","category-actualidad-aehm"],"yoast_head":"<!-- This site is optimized with the Yoast SEO plugin v27.5 - https:\/\/yoast.com\/product\/yoast-seo-wordpress\/ -->\n<title>La ocupaci\u00f3n hotelera de Madrid durante la Navidad supera el 71% - AEHM<\/title>\n<meta name=\"description\" content=\"Seg\u00fan datos de la encuesta de la AEHM, la regi\u00f3n ha registrado una ocupaci\u00f3n media del 71,33% entre el 19 de diciembre y el 6 de enero.\" \/>\n<meta name=\"robots\" content=\"index, follow, max-snippet:-1, max-image-preview:large, max-video-preview:-1\" \/>\n<link rel=\"canonical\" href=\"https:\/\/aehm.es\/la-ocupacion-hotelera-de-madrid-durante-la-navidad-supera-el-71\/\" \/>\n<meta property=\"og:locale\" content=\"en_US\" \/>\n<meta property=\"og:type\" content=\"article\" \/>\n<meta property=\"og:title\" content=\"La ocupaci\u00f3n hotelera de Madrid durante la Navidad supera el 71%\" \/>\n<meta property=\"og:description\" content=\"Seg\u00fan datos de la encuesta de la AEHM, la regi\u00f3n ha registrado una ocupaci\u00f3n media del 71,33% entre el 19 de diciembre y el 6 de enero.\" \/>\n<meta property=\"og:url\" content=\"https:\/\/aehm.es\/la-ocupacion-hotelera-de-madrid-durante-la-navidad-supera-el-71\/\" \/>\n<meta property=\"og:site_name\" content=\"AEHM\" \/>\n<meta property=\"article:publisher\" content=\"https:\/\/www.instagram.com\/hotelesdemadrid\/\" \/>\n<meta property=\"article:published_time\" content=\"2026-01-09T10:46:10+00:00\" \/>\n<meta property=\"og:image\" content=\"https:\/\/aehm.es\/wp-content\/uploads\/2026\/01\/NP_OcupacionHoteleraNavidad_Social.png\" \/>\n\t<meta property=\"og:image:width\" content=\"1600\" \/>\n\t<meta property=\"og:image:height\" content=\"900\" \/>\n\t<meta property=\"og:image:type\" content=\"image\/png\" \/>\n<meta name=\"author\" content=\"Laura Sarria\" \/>\n<meta name=\"twitter:card\" content=\"summary_large_image\" \/>\n<meta name=\"twitter:creator\" content=\"@HotelesAEHM\" \/>\n<meta name=\"twitter:site\" content=\"@HotelesAEHM\" \/>\n<meta name=\"twitter:label1\" content=\"Written by\" \/>\n\t<meta name=\"twitter:data1\" content=\"Laura Sarria\" \/>\n\t<meta name=\"twitter:label2\" content=\"Est. reading time\" \/>\n\t<meta name=\"twitter:data2\" content=\"2 minutes\" \/>\n<script type=\"application\/ld+json\" class=\"yoast-schema-graph\">{\"@context\":\"https:\\\/\\\/schema.org\",\"@graph\":[{\"@type\":\"Article\",\"@id\":\"https:\\\/\\\/aehm.es\\\/la-ocupacion-hotelera-de-madrid-durante-la-navidad-supera-el-71\\\/#article\",\"isPartOf\":{\"@id\":\"https:\\\/\\\/aehm.es\\\/la-ocupacion-hotelera-de-madrid-durante-la-navidad-supera-el-71\\\/\"},\"author\":{\"name\":\"Laura Sarria\",\"@id\":\"https:\\\/\\\/aehm.es\\\/#\\\/schema\\\/person\\\/a11ff5e10daf701bc492cd7a4e624215\"},\"headline\":\"La ocupaci\u00f3n hotelera de Madrid durante la Navidad supera el 71%\",\"datePublished\":\"2026-01-09T10:46:10+00:00\",\"mainEntityOfPage\":{\"@id\":\"https:\\\/\\\/aehm.es\\\/la-ocupacion-hotelera-de-madrid-durante-la-navidad-supera-el-71\\\/\"},\"wordCount\":397,\"commentCount\":0,\"publisher\":{\"@id\":\"https:\\\/\\\/aehm.es\\\/#organization\"},\"image\":{\"@id\":\"https:\\\/\\\/aehm.es\\\/la-ocupacion-hotelera-de-madrid-durante-la-navidad-supera-el-71\\\/#primaryimage\"},\"thumbnailUrl\":\"https:\\\/\\\/aehm.es\\\/wp-content\\\/uploads\\\/2026\\\/01\\\/NP_OcupacionHoteleraNavidad.png\",\"articleSection\":[\"Actualidad AEHM\"],\"inLanguage\":\"en-US\",\"potentialAction\":[{\"@type\":\"CommentAction\",\"name\":\"Comment\",\"target\":[\"https:\\\/\\\/aehm.es\\\/la-ocupacion-hotelera-de-madrid-durante-la-navidad-supera-el-71\\\/#respond\"]}]},{\"@type\":\"WebPage\",\"@id\":\"https:\\\/\\\/aehm.es\\\/la-ocupacion-hotelera-de-madrid-durante-la-navidad-supera-el-71\\\/\",\"url\":\"https:\\\/\\\/aehm.es\\\/la-ocupacion-hotelera-de-madrid-durante-la-navidad-supera-el-71\\\/\",\"name\":\"La ocupaci\u00f3n hotelera de Madrid durante la Navidad supera el 71% - AEHM\",\"isPartOf\":{\"@id\":\"https:\\\/\\\/aehm.es\\\/#website\"},\"primaryImageOfPage\":{\"@id\":\"https:\\\/\\\/aehm.es\\\/la-ocupacion-hotelera-de-madrid-durante-la-navidad-supera-el-71\\\/#primaryimage\"},\"image\":{\"@id\":\"https:\\\/\\\/aehm.es\\\/la-ocupacion-hotelera-de-madrid-durante-la-navidad-supera-el-71\\\/#primaryimage\"},\"thumbnailUrl\":\"https:\\\/\\\/aehm.es\\\/wp-content\\\/uploads\\\/2026\\\/01\\\/NP_OcupacionHoteleraNavidad.png\",\"datePublished\":\"2026-01-09T10:46:10+00:00\",\"description\":\"Seg\u00fan datos de la encuesta de la AEHM, la regi\u00f3n ha registrado una ocupaci\u00f3n media del 71,33% entre el 19 de diciembre y el 6 de enero.\",\"breadcrumb\":{\"@id\":\"https:\\\/\\\/aehm.es\\\/la-ocupacion-hotelera-de-madrid-durante-la-navidad-supera-el-71\\\/#breadcrumb\"},\"inLanguage\":\"en-US\",\"potentialAction\":[{\"@type\":\"ReadAction\",\"target\":[\"https:\\\/\\\/aehm.es\\\/la-ocupacion-hotelera-de-madrid-durante-la-navidad-supera-el-71\\\/\"]}]},{\"@type\":\"ImageObject\",\"inLanguage\":\"en-US\",\"@id\":\"https:\\\/\\\/aehm.es\\\/la-ocupacion-hotelera-de-madrid-durante-la-navidad-supera-el-71\\\/#primaryimage\",\"url\":\"https:\\\/\\\/aehm.es\\\/wp-content\\\/uploads\\\/2026\\\/01\\\/NP_OcupacionHoteleraNavidad.png\",\"contentUrl\":\"https:\\\/\\\/aehm.es\\\/wp-content\\\/uploads\\\/2026\\\/01\\\/NP_OcupacionHoteleraNavidad.png\",\"width\":768,\"height\":550},{\"@type\":\"BreadcrumbList\",\"@id\":\"https:\\\/\\\/aehm.es\\\/la-ocupacion-hotelera-de-madrid-durante-la-navidad-supera-el-71\\\/#breadcrumb\",\"itemListElement\":[{\"@type\":\"ListItem\",\"position\":1,\"name\":\"Portada\",\"item\":\"https:\\\/\\\/aehm.es\\\/en\\\/\"},{\"@type\":\"ListItem\",\"position\":2,\"name\":\"La ocupaci\u00f3n hotelera de Madrid durante la Navidad supera el 71%\"}]},{\"@type\":\"WebSite\",\"@id\":\"https:\\\/\\\/aehm.es\\\/#website\",\"url\":\"https:\\\/\\\/aehm.es\\\/\",\"name\":\"Asociaci\u00f3n Empresarial Hotelera de Madrid\",\"description\":\"La Asociaci\u00f3n Empresarial Hotelera Madrid est\u00e1 formada por m\u00e1s de 300 establecimientos de todas las categor\u00edas y tipolog\u00edas (hoteles, hostales, hostels, apartamentos\u2026) que suman m\u00e1s de 75.000 plazas de alojamiento.\",\"publisher\":{\"@id\":\"https:\\\/\\\/aehm.es\\\/#organization\"},\"alternateName\":\"AEHM\",\"potentialAction\":[{\"@type\":\"SearchAction\",\"target\":{\"@type\":\"EntryPoint\",\"urlTemplate\":\"https:\\\/\\\/aehm.es\\\/?s={search_term_string}\"},\"query-input\":{\"@type\":\"PropertyValueSpecification\",\"valueRequired\":true,\"valueName\":\"search_term_string\"}}],\"inLanguage\":\"en-US\"},{\"@type\":\"Organization\",\"@id\":\"https:\\\/\\\/aehm.es\\\/#organization\",\"name\":\"Asociaci\u00f3n Empresarial Hotelera de Madrid\",\"url\":\"https:\\\/\\\/aehm.es\\\/\",\"logo\":{\"@type\":\"ImageObject\",\"inLanguage\":\"en-US\",\"@id\":\"https:\\\/\\\/aehm.es\\\/#\\\/schema\\\/logo\\\/image\\\/\",\"url\":\"https:\\\/\\\/aehm.es\\\/wp-content\\\/uploads\\\/2021\\\/11\\\/Logo_AEHM_Horiz.png\",\"contentUrl\":\"https:\\\/\\\/aehm.es\\\/wp-content\\\/uploads\\\/2021\\\/11\\\/Logo_AEHM_Horiz.png\",\"width\":600,\"height\":182,\"caption\":\"Asociaci\u00f3n Empresarial Hotelera de Madrid\"},\"image\":{\"@id\":\"https:\\\/\\\/aehm.es\\\/#\\\/schema\\\/logo\\\/image\\\/\"},\"sameAs\":[\"https:\\\/\\\/www.instagram.com\\\/hotelesdemadrid\\\/\",\"https:\\\/\\\/x.com\\\/HotelesAEHM\",\"https:\\\/\\\/www.linkedin.com\\\/company\\\/11166072\\\/\"]},{\"@type\":\"Person\",\"@id\":\"https:\\\/\\\/aehm.es\\\/#\\\/schema\\\/person\\\/a11ff5e10daf701bc492cd7a4e624215\",\"name\":\"Laura Sarria\",\"image\":{\"@type\":\"ImageObject\",\"inLanguage\":\"en-US\",\"@id\":\"https:\\\/\\\/secure.gravatar.com\\\/avatar\\\/4ef4b0f260923823a97f1e823b29d340c5e8606b68a4dc4288a7ccd66262c35b?s=96&d=mm&r=g\",\"url\":\"https:\\\/\\\/secure.gravatar.com\\\/avatar\\\/4ef4b0f260923823a97f1e823b29d340c5e8606b68a4dc4288a7ccd66262c35b?s=96&d=mm&r=g\",\"contentUrl\":\"https:\\\/\\\/secure.gravatar.com\\\/avatar\\\/4ef4b0f260923823a97f1e823b29d340c5e8606b68a4dc4288a7ccd66262c35b?s=96&d=mm&r=g\",\"caption\":\"Laura Sarria\"},\"url\":\"https:\\\/\\\/aehm.es\\\/en\\\/author\\\/laura-sarria\\\/\"}]}<\/script>\n<!-- \/ Yoast SEO plugin. -->","yoast_head_json":{"title":"La ocupaci\u00f3n hotelera de Madrid durante la Navidad supera el 71% - AEHM","description":"Seg\u00fan datos de la encuesta de la AEHM, la regi\u00f3n ha registrado una ocupaci\u00f3n media del 71,33% entre el 19 de diciembre y el 6 de enero.","robots":{"index":"index","follow":"follow","max-snippet":"max-snippet:-1","max-image-preview":"max-image-preview:large","max-video-preview":"max-video-preview:-1"},"canonical":"https:\/\/aehm.es\/la-ocupacion-hotelera-de-madrid-durante-la-navidad-supera-el-71\/","og_locale":"en_US","og_type":"article","og_title":"La ocupaci\u00f3n hotelera de Madrid durante la Navidad supera el 71%","og_description":"Seg\u00fan datos de la encuesta de la AEHM, la regi\u00f3n ha registrado una ocupaci\u00f3n media del 71,33% entre el 19 de diciembre y el 6 de enero.","og_url":"https:\/\/aehm.es\/la-ocupacion-hotelera-de-madrid-durante-la-navidad-supera-el-71\/","og_site_name":"AEHM","article_publisher":"https:\/\/www.instagram.com\/hotelesdemadrid\/","article_published_time":"2026-01-09T10:46:10+00:00","og_image":[{"width":1600,"height":900,"url":"https:\/\/aehm.es\/wp-content\/uploads\/2026\/01\/NP_OcupacionHoteleraNavidad_Social.png","type":"image\/png"}],"author":"Laura Sarria","twitter_card":"summary_large_image","twitter_creator":"@HotelesAEHM","twitter_site":"@HotelesAEHM","twitter_misc":{"Written by":"Laura Sarria","Est. reading time":"2 minutes"},"schema":{"@context":"https:\/\/schema.org","@graph":[{"@type":"Article","@id":"https:\/\/aehm.es\/la-ocupacion-hotelera-de-madrid-durante-la-navidad-supera-el-71\/#article","isPartOf":{"@id":"https:\/\/aehm.es\/la-ocupacion-hotelera-de-madrid-durante-la-navidad-supera-el-71\/"},"author":{"name":"Laura Sarria","@id":"https:\/\/aehm.es\/#\/schema\/person\/a11ff5e10daf701bc492cd7a4e624215"},"headline":"La ocupaci\u00f3n hotelera de Madrid durante la Navidad supera el 71%","datePublished":"2026-01-09T10:46:10+00:00","mainEntityOfPage":{"@id":"https:\/\/aehm.es\/la-ocupacion-hotelera-de-madrid-durante-la-navidad-supera-el-71\/"},"wordCount":397,"commentCount":0,"publisher":{"@id":"https:\/\/aehm.es\/#organization"},"image":{"@id":"https:\/\/aehm.es\/la-ocupacion-hotelera-de-madrid-durante-la-navidad-supera-el-71\/#primaryimage"},"thumbnailUrl":"https:\/\/aehm.es\/wp-content\/uploads\/2026\/01\/NP_OcupacionHoteleraNavidad.png","articleSection":["Actualidad AEHM"],"inLanguage":"en-US","potentialAction":[{"@type":"CommentAction","name":"Comment","target":["https:\/\/aehm.es\/la-ocupacion-hotelera-de-madrid-durante-la-navidad-supera-el-71\/#respond"]}]},{"@type":"WebPage","@id":"https:\/\/aehm.es\/la-ocupacion-hotelera-de-madrid-durante-la-navidad-supera-el-71\/","url":"https:\/\/aehm.es\/la-ocupacion-hotelera-de-madrid-durante-la-navidad-supera-el-71\/","name":"La ocupaci\u00f3n hotelera de Madrid durante la Navidad supera el 71% - AEHM","isPartOf":{"@id":"https:\/\/aehm.es\/#website"},"primaryImageOfPage":{"@id":"https:\/\/aehm.es\/la-ocupacion-hotelera-de-madrid-durante-la-navidad-supera-el-71\/#primaryimage"},"image":{"@id":"https:\/\/aehm.es\/la-ocupacion-hotelera-de-madrid-durante-la-navidad-supera-el-71\/#primaryimage"},"thumbnailUrl":"https:\/\/aehm.es\/wp-content\/uploads\/2026\/01\/NP_OcupacionHoteleraNavidad.png","datePublished":"2026-01-09T10:46:10+00:00","description":"Seg\u00fan datos de la encuesta de la AEHM, la regi\u00f3n ha registrado una ocupaci\u00f3n media del 71,33% entre el 19 de diciembre y el 6 de enero.","breadcrumb":{"@id":"https:\/\/aehm.es\/la-ocupacion-hotelera-de-madrid-durante-la-navidad-supera-el-71\/#breadcrumb"},"inLanguage":"en-US","potentialAction":[{"@type":"ReadAction","target":["https:\/\/aehm.es\/la-ocupacion-hotelera-de-madrid-durante-la-navidad-supera-el-71\/"]}]},{"@type":"ImageObject","inLanguage":"en-US","@id":"https:\/\/aehm.es\/la-ocupacion-hotelera-de-madrid-durante-la-navidad-supera-el-71\/#primaryimage","url":"https:\/\/aehm.es\/wp-content\/uploads\/2026\/01\/NP_OcupacionHoteleraNavidad.png","contentUrl":"https:\/\/aehm.es\/wp-content\/uploads\/2026\/01\/NP_OcupacionHoteleraNavidad.png","width":768,"height":550},{"@type":"BreadcrumbList","@id":"https:\/\/aehm.es\/la-ocupacion-hotelera-de-madrid-durante-la-navidad-supera-el-71\/#breadcrumb","itemListElement":[{"@type":"ListItem","position":1,"name":"Portada","item":"https:\/\/aehm.es\/en\/"},{"@type":"ListItem","position":2,"name":"La ocupaci\u00f3n hotelera de Madrid durante la Navidad supera el 71%"}]},{"@type":"WebSite","@id":"https:\/\/aehm.es\/#website","url":"https:\/\/aehm.es\/","name":"Asociaci\u00f3n Empresarial Hotelera de Madrid","description":"La Asociaci\u00f3n Empresarial Hotelera Madrid est\u00e1 formada por m\u00e1s de 300 establecimientos de todas las categor\u00edas y tipolog\u00edas (hoteles, hostales, hostels, apartamentos\u2026) que suman m\u00e1s de 75.000 plazas de alojamiento.","publisher":{"@id":"https:\/\/aehm.es\/#organization"},"alternateName":"AEHM","potentialAction":[{"@type":"SearchAction","target":{"@type":"EntryPoint","urlTemplate":"https:\/\/aehm.es\/?s={search_term_string}"},"query-input":{"@type":"PropertyValueSpecification","valueRequired":true,"valueName":"search_term_string"}}],"inLanguage":"en-US"},{"@type":"Organization","@id":"https:\/\/aehm.es\/#organization","name":"Asociaci\u00f3n Empresarial Hotelera de Madrid","url":"https:\/\/aehm.es\/","logo":{"@type":"ImageObject","inLanguage":"en-US","@id":"https:\/\/aehm.es\/#\/schema\/logo\/image\/","url":"https:\/\/aehm.es\/wp-content\/uploads\/2021\/11\/Logo_AEHM_Horiz.png","contentUrl":"https:\/\/aehm.es\/wp-content\/uploads\/2021\/11\/Logo_AEHM_Horiz.png","width":600,"height":182,"caption":"Asociaci\u00f3n Empresarial Hotelera de Madrid"},"image":{"@id":"https:\/\/aehm.es\/#\/schema\/logo\/image\/"},"sameAs":["https:\/\/www.instagram.com\/hotelesdemadrid\/","https:\/\/x.com\/HotelesAEHM","https:\/\/www.linkedin.com\/company\/11166072\/"]},{"@type":"Person","@id":"https:\/\/aehm.es\/#\/schema\/person\/a11ff5e10daf701bc492cd7a4e624215","name":"Laura Sarria","image":{"@type":"ImageObject","inLanguage":"en-US","@id":"https:\/\/secure.gravatar.com\/avatar\/4ef4b0f260923823a97f1e823b29d340c5e8606b68a4dc4288a7ccd66262c35b?s=96&d=mm&r=g","url":"https:\/\/secure.gravatar.com\/avatar\/4ef4b0f260923823a97f1e823b29d340c5e8606b68a4dc4288a7ccd66262c35b?s=96&d=mm&r=g","contentUrl":"https:\/\/secure.gravatar.com\/avatar\/4ef4b0f260923823a97f1e823b29d340c5e8606b68a4dc4288a7ccd66262c35b?s=96&d=mm&r=g","caption":"Laura Sarria"},"url":"https:\/\/aehm.es\/en\/author\/laura-sarria\/"}]}},"_links":{"self":[{"href":"https:\/\/aehm.es\/en\/wp-json\/wp\/v2\/posts\/21821","targetHints":{"allow":["GET"]}}],"collection":[{"href":"https:\/\/aehm.es\/en\/wp-json\/wp\/v2\/posts"}],"about":[{"href":"https:\/\/aehm.es\/en\/wp-json\/wp\/v2\/types\/post"}],"author":[{"embeddable":true,"href":"https:\/\/aehm.es\/en\/wp-json\/wp\/v2\/users\/20"}],"replies":[{"embeddable":true,"href":"https:\/\/aehm.es\/en\/wp-json\/wp\/v2\/comments?post=21821"}],"version-history":[{"count":1,"href":"https:\/\/aehm.es\/en\/wp-json\/wp\/v2\/posts\/21821\/revisions"}],"predecessor-version":[{"id":21826,"href":"https:\/\/aehm.es\/en\/wp-json\/wp\/v2\/posts\/21821\/revisions\/21826"}],"wp:featuredmedia":[{"embeddable":true,"href":"https:\/\/aehm.es\/en\/wp-json\/wp\/v2\/media\/21822"}],"wp:attachment":[{"href":"https:\/\/aehm.es\/en\/wp-json\/wp\/v2\/media?parent=21821"}],"wp:term":[{"taxonomy":"category","embeddable":true,"href":"https:\/\/aehm.es\/en\/wp-json\/wp\/v2\/categories?post=21821"},{"taxonomy":"post_tag","embeddable":true,"href":"https:\/\/aehm.es\/en\/wp-json\/wp\/v2\/tags?post=21821"}],"curies":[{"name":"wp","href":"https:\/\/api.w.org\/{rel}","templated":true}]}}