{"id":21680,"date":"2025-12-16T14:34:04","date_gmt":"2025-12-16T14:34:04","guid":{"rendered":"https:\/\/aehm.es\/?p=21680"},"modified":"2025-12-16T14:42:06","modified_gmt":"2025-12-16T14:42:06","slug":"mar-de-miguel-y-almudena-maillo-visitan-la-decoracion-navidena-de-los-hoteles-de-la-capital","status":"publish","type":"post","link":"https:\/\/aehm.es\/en\/mar-de-miguel-y-almudena-maillo-visitan-la-decoracion-navidena-de-los-hoteles-de-la-capital\/","title":{"rendered":"Mar de Miguel y Almudena Ma\u00edllo visitan la decoraci\u00f3n navide\u00f1a de los hoteles de la capital"},"content":{"rendered":"<p>La vicepresidenta ejecutiva de la Asociaci\u00f3n Empresarial Hotelera de Madrid (AEHM), Mar de Miguel, y la concejal delegada de Turismo del Ayuntamiento de Madrid, Almudena Ma\u00edllo, han visitado esta ma\u00f1ana varios hoteles de la capital para conocer, de primera mano, las actividades de los establecimientos vinculadas a la Navidad, dentro de la campa\u00f1a \u201cIlumina Madrid\u201d de la AEHM.<\/p>\n<p><em>Madrid, 16 de diciembre de 2025.<\/em>&#8211; Esta visita se enmarca dentro de \u201cIlumina Madrid\u201d, la iniciativa impulsada por la AEHM, que ya alcanza su segunda edici\u00f3n y que propone disfrutar, hasta el 6 de enero, de la iluminaci\u00f3n, la decoraci\u00f3n, la m\u00fasica, la gastronom\u00eda y las actividades t\u00edpicamente navide\u00f1as en m\u00e1s de cuarenta establecimientos hoteleros de la regi\u00f3n. El objetivo es que los madrile\u00f1os se recreen con las actividades, los ambientes y la hospitalidad de los hoteles, en total m\u00e1s de cien planes, as\u00ed como fortalecer la regi\u00f3n como destino tur\u00edstico navide\u00f1o de referencia.<\/p>\n<p>La semana pasada, el viceconsejero de Cultura, Turismo y Deporte de la Comunidad de Madrid, Luis Mart\u00edn Izquierdo, mostr\u00f3 el apoyo institucional a la iniciativa realizando un paseo similar junto a Mar de Miguel, que continuar\u00e1 con este recorrido en los pr\u00f3ximos d\u00edas.<\/p>\n<p><img fetchpriority=\"high\" decoding=\"async\" class=\"alignnone wp-image-21692\" src=\"https:\/\/aehm.es\/wp-content\/uploads\/2025\/12\/NdP-300x169.png\" alt=\"\" width=\"728\" height=\"410\" srcset=\"https:\/\/aehm.es\/wp-content\/uploads\/2025\/12\/NdP-300x169.png 300w, https:\/\/aehm.es\/wp-content\/uploads\/2025\/12\/NdP-1024x576.png 1024w, https:\/\/aehm.es\/wp-content\/uploads\/2025\/12\/NdP-768x432.png 768w, https:\/\/aehm.es\/wp-content\/uploads\/2025\/12\/NdP-1536x864.png 1536w, https:\/\/aehm.es\/wp-content\/uploads\/2025\/12\/NdP.png 1600w\" sizes=\"(max-width: 728px) 100vw, 728px\" \/><\/p>\n<p>&#x1f4f8; Pie de foto: la vicepresidenta ejecutiva de AEHM, Mar de Miguel, y el viceconsejero de Cultura, Turismo y Deporte de la Comunidad de Madrid, Luis Mart\u00edn Izquierdo, y a la inversa.<\/p>\n<p><span data-olk-copy-source=\"MessageBody\">M\u00e1s informaci\u00f3n en \u201c<\/span><a title=\"https:\/\/heyzine.com\/flip-book\/10162d1b8e.html\" href=\"https:\/\/heyzine.com\/flip-book\/10162d1b8e.html\" data-auth=\"NotApplicable\" data-linkindex=\"1\">Ilumina Madrid 2025-2026<\/a>\u201c<\/p>\n","protected":false},"excerpt":{"rendered":"<p>La vicepresidenta ejecutiva de la Asociaci\u00f3n Empresarial Hotelera de Madrid (AEHM), Mar de Miguel, y la concejal delegada de Turismo del Ayuntamiento de Madrid, Almudena Ma\u00edllo, han visitado esta ma\u00f1ana varios hoteles de la capital para conocer, de primera mano, las actividades de los establecimientos vinculadas a la Navidad, dentro de la campa\u00f1a \u201cIlumina Madrid\u201d [&hellip;]<\/p>\n","protected":false},"author":20,"featured_media":21681,"comment_status":"open","ping_status":"open","sticky":false,"template":"","format":"standard","meta":{"footnotes":""},"categories":[1],"tags":[],"class_list":["post-21680","post","type-post","status-publish","format-standard","has-post-thumbnail","hentry","category-actualidad-aehm"],"yoast_head":"<!-- This site is optimized with the Yoast SEO plugin v27.5 - https:\/\/yoast.com\/product\/yoast-seo-wordpress\/ -->\n<title>Mar de Miguel y Almudena Ma\u00edllo visitan la decoraci\u00f3n navide\u00f1a de los hoteles de la capital - AEHM<\/title>\n<meta name=\"robots\" content=\"index, follow, max-snippet:-1, max-image-preview:large, max-video-preview:-1\" \/>\n<link rel=\"canonical\" href=\"https:\/\/aehm.es\/mar-de-miguel-y-almudena-maillo-visitan-la-decoracion-navidena-de-los-hoteles-de-la-capital\/\" \/>\n<meta property=\"og:locale\" content=\"en_US\" \/>\n<meta property=\"og:type\" content=\"article\" \/>\n<meta property=\"og:title\" content=\"Mar de Miguel y Almudena Ma\u00edllo visitan la decoraci\u00f3n navide\u00f1a de los hoteles de la capital - AEHM\" \/>\n<meta property=\"og:description\" content=\"La vicepresidenta ejecutiva de la Asociaci\u00f3n Empresarial Hotelera de Madrid (AEHM), Mar de Miguel, y la concejal delegada de Turismo del Ayuntamiento de Madrid, Almudena Ma\u00edllo, han visitado esta ma\u00f1ana varios hoteles de la capital para conocer, de primera mano, las actividades de los establecimientos vinculadas a la Navidad, dentro de la campa\u00f1a \u201cIlumina Madrid\u201d [&hellip;]\" \/>\n<meta property=\"og:url\" content=\"https:\/\/aehm.es\/mar-de-miguel-y-almudena-maillo-visitan-la-decoracion-navidena-de-los-hoteles-de-la-capital\/\" \/>\n<meta property=\"og:site_name\" content=\"AEHM\" \/>\n<meta property=\"article:publisher\" content=\"https:\/\/www.instagram.com\/hotelesdemadrid\/\" \/>\n<meta property=\"article:published_time\" content=\"2025-12-16T14:34:04+00:00\" \/>\n<meta property=\"article:modified_time\" content=\"2025-12-16T14:42:06+00:00\" \/>\n<meta property=\"og:image\" content=\"https:\/\/aehm.es\/wp-content\/uploads\/2025\/12\/Fotonoticia_IluminaMadrid.png\" \/>\n\t<meta property=\"og:image:width\" content=\"768\" \/>\n\t<meta property=\"og:image:height\" content=\"550\" \/>\n\t<meta property=\"og:image:type\" content=\"image\/png\" \/>\n<meta name=\"author\" content=\"Laura Sarria\" \/>\n<meta name=\"twitter:card\" content=\"summary_large_image\" \/>\n<meta name=\"twitter:creator\" content=\"@HotelesAEHM\" \/>\n<meta name=\"twitter:site\" content=\"@HotelesAEHM\" \/>\n<meta name=\"twitter:label1\" content=\"Written by\" \/>\n\t<meta name=\"twitter:data1\" content=\"Laura Sarria\" \/>\n\t<meta name=\"twitter:label2\" content=\"Est. reading time\" \/>\n\t<meta name=\"twitter:data2\" content=\"2 minutes\" \/>\n<script type=\"application\/ld+json\" class=\"yoast-schema-graph\">{\"@context\":\"https:\\\/\\\/schema.org\",\"@graph\":[{\"@type\":\"Article\",\"@id\":\"https:\\\/\\\/aehm.es\\\/mar-de-miguel-y-almudena-maillo-visitan-la-decoracion-navidena-de-los-hoteles-de-la-capital\\\/#article\",\"isPartOf\":{\"@id\":\"https:\\\/\\\/aehm.es\\\/mar-de-miguel-y-almudena-maillo-visitan-la-decoracion-navidena-de-los-hoteles-de-la-capital\\\/\"},\"author\":{\"name\":\"Laura Sarria\",\"@id\":\"https:\\\/\\\/aehm.es\\\/#\\\/schema\\\/person\\\/a11ff5e10daf701bc492cd7a4e624215\"},\"headline\":\"Mar de Miguel y Almudena Ma\u00edllo visitan la decoraci\u00f3n navide\u00f1a de los hoteles de la capital\",\"datePublished\":\"2025-12-16T14:34:04+00:00\",\"dateModified\":\"2025-12-16T14:42:06+00:00\",\"mainEntityOfPage\":{\"@id\":\"https:\\\/\\\/aehm.es\\\/mar-de-miguel-y-almudena-maillo-visitan-la-decoracion-navidena-de-los-hoteles-de-la-capital\\\/\"},\"wordCount\":276,\"commentCount\":0,\"publisher\":{\"@id\":\"https:\\\/\\\/aehm.es\\\/#organization\"},\"image\":{\"@id\":\"https:\\\/\\\/aehm.es\\\/mar-de-miguel-y-almudena-maillo-visitan-la-decoracion-navidena-de-los-hoteles-de-la-capital\\\/#primaryimage\"},\"thumbnailUrl\":\"https:\\\/\\\/aehm.es\\\/wp-content\\\/uploads\\\/2025\\\/12\\\/Fotonoticia_IluminaMadrid.png\",\"articleSection\":[\"Actualidad AEHM\"],\"inLanguage\":\"en-US\",\"potentialAction\":[{\"@type\":\"CommentAction\",\"name\":\"Comment\",\"target\":[\"https:\\\/\\\/aehm.es\\\/mar-de-miguel-y-almudena-maillo-visitan-la-decoracion-navidena-de-los-hoteles-de-la-capital\\\/#respond\"]}]},{\"@type\":\"WebPage\",\"@id\":\"https:\\\/\\\/aehm.es\\\/mar-de-miguel-y-almudena-maillo-visitan-la-decoracion-navidena-de-los-hoteles-de-la-capital\\\/\",\"url\":\"https:\\\/\\\/aehm.es\\\/mar-de-miguel-y-almudena-maillo-visitan-la-decoracion-navidena-de-los-hoteles-de-la-capital\\\/\",\"name\":\"Mar de Miguel y Almudena Ma\u00edllo visitan la decoraci\u00f3n navide\u00f1a de los hoteles de la capital - AEHM\",\"isPartOf\":{\"@id\":\"https:\\\/\\\/aehm.es\\\/#website\"},\"primaryImageOfPage\":{\"@id\":\"https:\\\/\\\/aehm.es\\\/mar-de-miguel-y-almudena-maillo-visitan-la-decoracion-navidena-de-los-hoteles-de-la-capital\\\/#primaryimage\"},\"image\":{\"@id\":\"https:\\\/\\\/aehm.es\\\/mar-de-miguel-y-almudena-maillo-visitan-la-decoracion-navidena-de-los-hoteles-de-la-capital\\\/#primaryimage\"},\"thumbnailUrl\":\"https:\\\/\\\/aehm.es\\\/wp-content\\\/uploads\\\/2025\\\/12\\\/Fotonoticia_IluminaMadrid.png\",\"datePublished\":\"2025-12-16T14:34:04+00:00\",\"dateModified\":\"2025-12-16T14:42:06+00:00\",\"breadcrumb\":{\"@id\":\"https:\\\/\\\/aehm.es\\\/mar-de-miguel-y-almudena-maillo-visitan-la-decoracion-navidena-de-los-hoteles-de-la-capital\\\/#breadcrumb\"},\"inLanguage\":\"en-US\",\"potentialAction\":[{\"@type\":\"ReadAction\",\"target\":[\"https:\\\/\\\/aehm.es\\\/mar-de-miguel-y-almudena-maillo-visitan-la-decoracion-navidena-de-los-hoteles-de-la-capital\\\/\"]}]},{\"@type\":\"ImageObject\",\"inLanguage\":\"en-US\",\"@id\":\"https:\\\/\\\/aehm.es\\\/mar-de-miguel-y-almudena-maillo-visitan-la-decoracion-navidena-de-los-hoteles-de-la-capital\\\/#primaryimage\",\"url\":\"https:\\\/\\\/aehm.es\\\/wp-content\\\/uploads\\\/2025\\\/12\\\/Fotonoticia_IluminaMadrid.png\",\"contentUrl\":\"https:\\\/\\\/aehm.es\\\/wp-content\\\/uploads\\\/2025\\\/12\\\/Fotonoticia_IluminaMadrid.png\",\"width\":768,\"height\":550},{\"@type\":\"BreadcrumbList\",\"@id\":\"https:\\\/\\\/aehm.es\\\/mar-de-miguel-y-almudena-maillo-visitan-la-decoracion-navidena-de-los-hoteles-de-la-capital\\\/#breadcrumb\",\"itemListElement\":[{\"@type\":\"ListItem\",\"position\":1,\"name\":\"Portada\",\"item\":\"https:\\\/\\\/aehm.es\\\/en\\\/\"},{\"@type\":\"ListItem\",\"position\":2,\"name\":\"Mar de Miguel y Almudena Ma\u00edllo visitan la decoraci\u00f3n navide\u00f1a de los hoteles de la capital\"}]},{\"@type\":\"WebSite\",\"@id\":\"https:\\\/\\\/aehm.es\\\/#website\",\"url\":\"https:\\\/\\\/aehm.es\\\/\",\"name\":\"Asociaci\u00f3n Empresarial Hotelera de Madrid\",\"description\":\"La Asociaci\u00f3n Empresarial Hotelera Madrid est\u00e1 formada por m\u00e1s de 300 establecimientos de todas las categor\u00edas y tipolog\u00edas (hoteles, hostales, hostels, apartamentos\u2026) que suman m\u00e1s de 75.000 plazas de alojamiento.\",\"publisher\":{\"@id\":\"https:\\\/\\\/aehm.es\\\/#organization\"},\"alternateName\":\"AEHM\",\"potentialAction\":[{\"@type\":\"SearchAction\",\"target\":{\"@type\":\"EntryPoint\",\"urlTemplate\":\"https:\\\/\\\/aehm.es\\\/?s={search_term_string}\"},\"query-input\":{\"@type\":\"PropertyValueSpecification\",\"valueRequired\":true,\"valueName\":\"search_term_string\"}}],\"inLanguage\":\"en-US\"},{\"@type\":\"Organization\",\"@id\":\"https:\\\/\\\/aehm.es\\\/#organization\",\"name\":\"Asociaci\u00f3n Empresarial Hotelera de Madrid\",\"url\":\"https:\\\/\\\/aehm.es\\\/\",\"logo\":{\"@type\":\"ImageObject\",\"inLanguage\":\"en-US\",\"@id\":\"https:\\\/\\\/aehm.es\\\/#\\\/schema\\\/logo\\\/image\\\/\",\"url\":\"https:\\\/\\\/aehm.es\\\/wp-content\\\/uploads\\\/2021\\\/11\\\/Logo_AEHM_Horiz.png\",\"contentUrl\":\"https:\\\/\\\/aehm.es\\\/wp-content\\\/uploads\\\/2021\\\/11\\\/Logo_AEHM_Horiz.png\",\"width\":600,\"height\":182,\"caption\":\"Asociaci\u00f3n Empresarial Hotelera de Madrid\"},\"image\":{\"@id\":\"https:\\\/\\\/aehm.es\\\/#\\\/schema\\\/logo\\\/image\\\/\"},\"sameAs\":[\"https:\\\/\\\/www.instagram.com\\\/hotelesdemadrid\\\/\",\"https:\\\/\\\/x.com\\\/HotelesAEHM\",\"https:\\\/\\\/www.linkedin.com\\\/company\\\/11166072\\\/\"]},{\"@type\":\"Person\",\"@id\":\"https:\\\/\\\/aehm.es\\\/#\\\/schema\\\/person\\\/a11ff5e10daf701bc492cd7a4e624215\",\"name\":\"Laura Sarria\",\"image\":{\"@type\":\"ImageObject\",\"inLanguage\":\"en-US\",\"@id\":\"https:\\\/\\\/secure.gravatar.com\\\/avatar\\\/4ef4b0f260923823a97f1e823b29d340c5e8606b68a4dc4288a7ccd66262c35b?s=96&d=mm&r=g\",\"url\":\"https:\\\/\\\/secure.gravatar.com\\\/avatar\\\/4ef4b0f260923823a97f1e823b29d340c5e8606b68a4dc4288a7ccd66262c35b?s=96&d=mm&r=g\",\"contentUrl\":\"https:\\\/\\\/secure.gravatar.com\\\/avatar\\\/4ef4b0f260923823a97f1e823b29d340c5e8606b68a4dc4288a7ccd66262c35b?s=96&d=mm&r=g\",\"caption\":\"Laura Sarria\"},\"url\":\"https:\\\/\\\/aehm.es\\\/en\\\/author\\\/laura-sarria\\\/\"}]}<\/script>\n<!-- \/ Yoast SEO plugin. -->","yoast_head_json":{"title":"Mar de Miguel y Almudena Ma\u00edllo visitan la decoraci\u00f3n navide\u00f1a de los hoteles de la capital - AEHM","robots":{"index":"index","follow":"follow","max-snippet":"max-snippet:-1","max-image-preview":"max-image-preview:large","max-video-preview":"max-video-preview:-1"},"canonical":"https:\/\/aehm.es\/mar-de-miguel-y-almudena-maillo-visitan-la-decoracion-navidena-de-los-hoteles-de-la-capital\/","og_locale":"en_US","og_type":"article","og_title":"Mar de Miguel y Almudena Ma\u00edllo visitan la decoraci\u00f3n navide\u00f1a de los hoteles de la capital - AEHM","og_description":"La vicepresidenta ejecutiva de la Asociaci\u00f3n Empresarial Hotelera de Madrid (AEHM), Mar de Miguel, y la concejal delegada de Turismo del Ayuntamiento de Madrid, Almudena Ma\u00edllo, han visitado esta ma\u00f1ana varios hoteles de la capital para conocer, de primera mano, las actividades de los establecimientos vinculadas a la Navidad, dentro de la campa\u00f1a \u201cIlumina Madrid\u201d [&hellip;]","og_url":"https:\/\/aehm.es\/mar-de-miguel-y-almudena-maillo-visitan-la-decoracion-navidena-de-los-hoteles-de-la-capital\/","og_site_name":"AEHM","article_publisher":"https:\/\/www.instagram.com\/hotelesdemadrid\/","article_published_time":"2025-12-16T14:34:04+00:00","article_modified_time":"2025-12-16T14:42:06+00:00","og_image":[{"width":768,"height":550,"url":"https:\/\/aehm.es\/wp-content\/uploads\/2025\/12\/Fotonoticia_IluminaMadrid.png","type":"image\/png"}],"author":"Laura Sarria","twitter_card":"summary_large_image","twitter_creator":"@HotelesAEHM","twitter_site":"@HotelesAEHM","twitter_misc":{"Written by":"Laura Sarria","Est. reading time":"2 minutes"},"schema":{"@context":"https:\/\/schema.org","@graph":[{"@type":"Article","@id":"https:\/\/aehm.es\/mar-de-miguel-y-almudena-maillo-visitan-la-decoracion-navidena-de-los-hoteles-de-la-capital\/#article","isPartOf":{"@id":"https:\/\/aehm.es\/mar-de-miguel-y-almudena-maillo-visitan-la-decoracion-navidena-de-los-hoteles-de-la-capital\/"},"author":{"name":"Laura Sarria","@id":"https:\/\/aehm.es\/#\/schema\/person\/a11ff5e10daf701bc492cd7a4e624215"},"headline":"Mar de Miguel y Almudena Ma\u00edllo visitan la decoraci\u00f3n navide\u00f1a de los hoteles de la capital","datePublished":"2025-12-16T14:34:04+00:00","dateModified":"2025-12-16T14:42:06+00:00","mainEntityOfPage":{"@id":"https:\/\/aehm.es\/mar-de-miguel-y-almudena-maillo-visitan-la-decoracion-navidena-de-los-hoteles-de-la-capital\/"},"wordCount":276,"commentCount":0,"publisher":{"@id":"https:\/\/aehm.es\/#organization"},"image":{"@id":"https:\/\/aehm.es\/mar-de-miguel-y-almudena-maillo-visitan-la-decoracion-navidena-de-los-hoteles-de-la-capital\/#primaryimage"},"thumbnailUrl":"https:\/\/aehm.es\/wp-content\/uploads\/2025\/12\/Fotonoticia_IluminaMadrid.png","articleSection":["Actualidad AEHM"],"inLanguage":"en-US","potentialAction":[{"@type":"CommentAction","name":"Comment","target":["https:\/\/aehm.es\/mar-de-miguel-y-almudena-maillo-visitan-la-decoracion-navidena-de-los-hoteles-de-la-capital\/#respond"]}]},{"@type":"WebPage","@id":"https:\/\/aehm.es\/mar-de-miguel-y-almudena-maillo-visitan-la-decoracion-navidena-de-los-hoteles-de-la-capital\/","url":"https:\/\/aehm.es\/mar-de-miguel-y-almudena-maillo-visitan-la-decoracion-navidena-de-los-hoteles-de-la-capital\/","name":"Mar de Miguel y Almudena Ma\u00edllo visitan la decoraci\u00f3n navide\u00f1a de los hoteles de la capital - AEHM","isPartOf":{"@id":"https:\/\/aehm.es\/#website"},"primaryImageOfPage":{"@id":"https:\/\/aehm.es\/mar-de-miguel-y-almudena-maillo-visitan-la-decoracion-navidena-de-los-hoteles-de-la-capital\/#primaryimage"},"image":{"@id":"https:\/\/aehm.es\/mar-de-miguel-y-almudena-maillo-visitan-la-decoracion-navidena-de-los-hoteles-de-la-capital\/#primaryimage"},"thumbnailUrl":"https:\/\/aehm.es\/wp-content\/uploads\/2025\/12\/Fotonoticia_IluminaMadrid.png","datePublished":"2025-12-16T14:34:04+00:00","dateModified":"2025-12-16T14:42:06+00:00","breadcrumb":{"@id":"https:\/\/aehm.es\/mar-de-miguel-y-almudena-maillo-visitan-la-decoracion-navidena-de-los-hoteles-de-la-capital\/#breadcrumb"},"inLanguage":"en-US","potentialAction":[{"@type":"ReadAction","target":["https:\/\/aehm.es\/mar-de-miguel-y-almudena-maillo-visitan-la-decoracion-navidena-de-los-hoteles-de-la-capital\/"]}]},{"@type":"ImageObject","inLanguage":"en-US","@id":"https:\/\/aehm.es\/mar-de-miguel-y-almudena-maillo-visitan-la-decoracion-navidena-de-los-hoteles-de-la-capital\/#primaryimage","url":"https:\/\/aehm.es\/wp-content\/uploads\/2025\/12\/Fotonoticia_IluminaMadrid.png","contentUrl":"https:\/\/aehm.es\/wp-content\/uploads\/2025\/12\/Fotonoticia_IluminaMadrid.png","width":768,"height":550},{"@type":"BreadcrumbList","@id":"https:\/\/aehm.es\/mar-de-miguel-y-almudena-maillo-visitan-la-decoracion-navidena-de-los-hoteles-de-la-capital\/#breadcrumb","itemListElement":[{"@type":"ListItem","position":1,"name":"Portada","item":"https:\/\/aehm.es\/en\/"},{"@type":"ListItem","position":2,"name":"Mar de Miguel y Almudena Ma\u00edllo visitan la decoraci\u00f3n navide\u00f1a de los hoteles de la capital"}]},{"@type":"WebSite","@id":"https:\/\/aehm.es\/#website","url":"https:\/\/aehm.es\/","name":"Asociaci\u00f3n Empresarial Hotelera de Madrid","description":"La Asociaci\u00f3n Empresarial Hotelera Madrid est\u00e1 formada por m\u00e1s de 300 establecimientos de todas las categor\u00edas y tipolog\u00edas (hoteles, hostales, hostels, apartamentos\u2026) que suman m\u00e1s de 75.000 plazas de alojamiento.","publisher":{"@id":"https:\/\/aehm.es\/#organization"},"alternateName":"AEHM","potentialAction":[{"@type":"SearchAction","target":{"@type":"EntryPoint","urlTemplate":"https:\/\/aehm.es\/?s={search_term_string}"},"query-input":{"@type":"PropertyValueSpecification","valueRequired":true,"valueName":"search_term_string"}}],"inLanguage":"en-US"},{"@type":"Organization","@id":"https:\/\/aehm.es\/#organization","name":"Asociaci\u00f3n Empresarial Hotelera de Madrid","url":"https:\/\/aehm.es\/","logo":{"@type":"ImageObject","inLanguage":"en-US","@id":"https:\/\/aehm.es\/#\/schema\/logo\/image\/","url":"https:\/\/aehm.es\/wp-content\/uploads\/2021\/11\/Logo_AEHM_Horiz.png","contentUrl":"https:\/\/aehm.es\/wp-content\/uploads\/2021\/11\/Logo_AEHM_Horiz.png","width":600,"height":182,"caption":"Asociaci\u00f3n Empresarial Hotelera de Madrid"},"image":{"@id":"https:\/\/aehm.es\/#\/schema\/logo\/image\/"},"sameAs":["https:\/\/www.instagram.com\/hotelesdemadrid\/","https:\/\/x.com\/HotelesAEHM","https:\/\/www.linkedin.com\/company\/11166072\/"]},{"@type":"Person","@id":"https:\/\/aehm.es\/#\/schema\/person\/a11ff5e10daf701bc492cd7a4e624215","name":"Laura Sarria","image":{"@type":"ImageObject","inLanguage":"en-US","@id":"https:\/\/secure.gravatar.com\/avatar\/4ef4b0f260923823a97f1e823b29d340c5e8606b68a4dc4288a7ccd66262c35b?s=96&d=mm&r=g","url":"https:\/\/secure.gravatar.com\/avatar\/4ef4b0f260923823a97f1e823b29d340c5e8606b68a4dc4288a7ccd66262c35b?s=96&d=mm&r=g","contentUrl":"https:\/\/secure.gravatar.com\/avatar\/4ef4b0f260923823a97f1e823b29d340c5e8606b68a4dc4288a7ccd66262c35b?s=96&d=mm&r=g","caption":"Laura Sarria"},"url":"https:\/\/aehm.es\/en\/author\/laura-sarria\/"}]}},"_links":{"self":[{"href":"https:\/\/aehm.es\/en\/wp-json\/wp\/v2\/posts\/21680","targetHints":{"allow":["GET"]}}],"collection":[{"href":"https:\/\/aehm.es\/en\/wp-json\/wp\/v2\/posts"}],"about":[{"href":"https:\/\/aehm.es\/en\/wp-json\/wp\/v2\/types\/post"}],"author":[{"embeddable":true,"href":"https:\/\/aehm.es\/en\/wp-json\/wp\/v2\/users\/20"}],"replies":[{"embeddable":true,"href":"https:\/\/aehm.es\/en\/wp-json\/wp\/v2\/comments?post=21680"}],"version-history":[{"count":8,"href":"https:\/\/aehm.es\/en\/wp-json\/wp\/v2\/posts\/21680\/revisions"}],"predecessor-version":[{"id":21696,"href":"https:\/\/aehm.es\/en\/wp-json\/wp\/v2\/posts\/21680\/revisions\/21696"}],"wp:featuredmedia":[{"embeddable":true,"href":"https:\/\/aehm.es\/en\/wp-json\/wp\/v2\/media\/21681"}],"wp:attachment":[{"href":"https:\/\/aehm.es\/en\/wp-json\/wp\/v2\/media?parent=21680"}],"wp:term":[{"taxonomy":"category","embeddable":true,"href":"https:\/\/aehm.es\/en\/wp-json\/wp\/v2\/categories?post=21680"},{"taxonomy":"post_tag","embeddable":true,"href":"https:\/\/aehm.es\/en\/wp-json\/wp\/v2\/tags?post=21680"}],"curies":[{"name":"wp","href":"https:\/\/api.w.org\/{rel}","templated":true}]}}