{"id":21678,"date":"2025-12-05T13:11:21","date_gmt":"2025-12-05T13:11:21","guid":{"rendered":"https:\/\/aehm.es\/?p=21678"},"modified":"2025-12-17T09:55:05","modified_gmt":"2025-12-17T09:55:05","slug":"la-aehm-ratifica-el-preacuerdo-del-convenio-colectivo-de-hospedaje-de-la-comunidad-de-madrid","status":"publish","type":"post","link":"https:\/\/aehm.es\/en\/la-aehm-ratifica-el-preacuerdo-del-convenio-colectivo-de-hospedaje-de-la-comunidad-de-madrid\/","title":{"rendered":"La AEHM ratifica el preacuerdo del Convenio Colectivo de Hospedaje de la Comunidad de Madrid"},"content":{"rendered":"<p><b><span data-olk-copy-source=\"MessageBody\">La Asociaci\u00f3n Empresarial Hotelera de Madrid (AEHM) ha ratificado este viernes en Asamblea Extraordinaria el preacuerdo del Convenio Colectivo de Hospedaje de la Comunidad de Madrid, alcanzado junto a las centrales sindicales CCOO y UGT. Este acuerdo supone un hito para el sector, ya que aporta estabilidad y seguridad tanto a empresas como a trabajadores en un contexto de evoluci\u00f3n positiva y retos normativos.<\/span><\/b><\/p>\n<p><i>Madrid, 5 de diciembre de 2025.-\u00a0<\/i>La AEHM ha sometido a aprobaci\u00f3n el Convenio Colectivo de Hospedaje de la Comunidad de Madrid en la Asamblea General Extraordinaria que ha tenido lugar esta ma\u00f1ana en el Hotel Meli\u00e1 Castilla.<\/p>\n<p>Tras un a\u00f1o de negociaciones, el preacuerdo supone una respuesta a las necesidades del sector y garantiza un marco normativo equilibrado y adaptado a la realidad sectorial actual.<\/p>\n<p>El preacuerdo recoge los siguientes aspectos clave:<\/p>\n<ul type=\"disc\">\n<li><b>Vigencia del convenio:<\/b>\u00a0el acuerdo tendr\u00e1 una duraci\u00f3n de cuatro a\u00f1os, abarcando el periodo 2025\u20132028, lo que garantiza estabilidad y previsibilidad para empresas y trabajadores del sector.<\/li>\n<li><b>Permisos y conciliaci\u00f3n:<\/b> se modifica el art\u00edculo 19 del convenio para adaptarse a los cambios legislativos en materia de permisos. Se reconoce el derecho a 8 horas anuales retribuidas para acudir a consultas m\u00e9dicas de especialistas, siempre que el trabajador comunique la cita en un plazo m\u00e1ximo de 48 horas desde el conocimiento de la misma y aporte la justificaci\u00f3n correspondiente.<\/li>\n<li><b>Incremento salarial:<\/b>\n<ul type=\"circle\">\n<li>Para 2025 se establece una subida del 4% sobre las tablas salariales de 2024.<\/li>\n<li>En 2026 y 2027 el incremento ser\u00e1 del 3% anual sobre las tablas del a\u00f1o anterior.<\/li>\n<li>En 2028 la subida ser\u00e1 del 4% sobre las tablas de 2027.<\/li>\n<li>Adem\u00e1s, para los a\u00f1os 2026, 2027 y 2028 se incorpora una cl\u00e1usula de garant\u00eda salarial vinculada al IPC, con un tope m\u00e1ximo del 0,25% anual.<\/li>\n<\/ul>\n<\/li>\n<li><b>Complemento por incapacidad temporal:<\/b>\u00a0se modifica el art\u00edculo 34 del convenio, limitando el complemento por incapacidad temporal a un m\u00e1ximo de 18 meses o hasta la extinci\u00f3n del contrato laboral, en l\u00ednea con la jurisprudencia del Tribunal Supremo.<\/li>\n<li><b>Protocolos y derechos laborales:<\/b>\n<ul type=\"circle\">\n<li>Se regula el protocolo LGTBI, reforzando el compromiso del sector con la igualdad y la diversidad.<\/li>\n<li>Se establece un protocolo de desconexi\u00f3n digital, garantizando el derecho de los trabajadores a la desconexi\u00f3n fuera del horario laboral.<\/li>\n<\/ul>\n<\/li>\n<li><b>Plan de pensiones sectorial:<\/b>\u00a0se crea una Comisi\u00f3n Negociadora para valorar y estudiar la implantaci\u00f3n de un plan de pensiones sectorial con el objetivo de mejorar la protecci\u00f3n social de los empleados del sector.<\/li>\n<li><b>Externalizaci\u00f3n de servicios:<\/b>\u00a0se mantiene la posibilidad de externalizar servicios, preservando la libertad de contrataci\u00f3n empresarial.<\/li>\n<li><b>Mantenimiento del texto actual:<\/b>\u00a0el resto del articulado del convenio se mantiene sin cambios, salvo las modificaciones expresamente recogidas en el preacuerdo.<\/li>\n<\/ul>\n<p>Tras la ratificaci\u00f3n por parte de la AEHM, el acuerdo habr\u00e1 de ser igualmente validado por las secciones sindicales de CC.OO. y UGT, as\u00ed como por la autoridad laboral de la Comunidad de Madrid. Una vez publicado en el Bolet\u00edn Oficial de la Comunidad de Madrid (BOCAM), el convenio entrar\u00e1 en vigor, consolidando un marco normativo estable y adaptado a las necesidades actuales del sector.<\/p>\n<p><i>\u201cCon este acuerdo, la\u00a0<\/i><i>Asociaci\u00f3n Empresarial Hotelera de Madrid<b>\u00a0<\/b>reafirma su compromiso con la estabilidad y la calidad del empleo, impulsando la competitividad y el liderazgo del sector hotelero madrile\u00f1o. Este paso no solo fortalece las relaciones laborales, sino que tambi\u00e9n contribuye a generar confianza en un contexto de crecimiento sostenido y retos regulatorios, posicionando a Madrid como referente en la gesti\u00f3n responsable y en la promoci\u00f3n de entornos laborales sostenibles\u201d,<\/i>\u00a0ha sostenido el presidente de la AEHM, Gabriel Garc\u00eda Alonso.<b><\/b><\/p>\n","protected":false},"excerpt":{"rendered":"<p>La Asociaci\u00f3n Empresarial Hotelera de Madrid (AEHM) ha ratificado este viernes en Asamblea Extraordinaria el preacuerdo del Convenio Colectivo de Hospedaje de la Comunidad de Madrid, alcanzado junto a las centrales sindicales CCOO y UGT. Este acuerdo supone un hito para el sector, ya que aporta estabilidad y seguridad tanto a empresas como a trabajadores [&hellip;]<\/p>\n","protected":false},"author":20,"featured_media":21015,"comment_status":"open","ping_status":"open","sticky":false,"template":"","format":"standard","meta":{"footnotes":""},"categories":[1],"tags":[],"class_list":["post-21678","post","type-post","status-publish","format-standard","has-post-thumbnail","hentry","category-actualidad-aehm"],"yoast_head":"<!-- This site is optimized with the Yoast SEO plugin v27.5 - https:\/\/yoast.com\/product\/yoast-seo-wordpress\/ -->\n<title>La AEHM ratifica el preacuerdo del Convenio Colectivo de Hospedaje de la Comunidad de Madrid - AEHM<\/title>\n<meta name=\"description\" content=\"La AEHM ha ratificado en Asamblea Extraordinaria el preacuerdo del Convenio Colectivo de Hospedaje de la Comunidad de Madrid.\" \/>\n<meta name=\"robots\" content=\"index, follow, max-snippet:-1, max-image-preview:large, max-video-preview:-1\" \/>\n<link rel=\"canonical\" href=\"https:\/\/aehm.es\/la-aehm-ratifica-el-preacuerdo-del-convenio-colectivo-de-hospedaje-de-la-comunidad-de-madrid\/\" \/>\n<meta property=\"og:locale\" content=\"en_US\" \/>\n<meta property=\"og:type\" content=\"article\" \/>\n<meta property=\"og:title\" content=\"La AEHM ratifica el preacuerdo del Convenio Colectivo de Hospedaje de la Comunidad de Madrid\" \/>\n<meta property=\"og:description\" content=\"Este acuerdo supone un hito para el sector, ya que aporta estabilidad y seguridad tanto a empresas como a trabajadores en un contexto de evoluci\u00f3n positiva y retos normativos.\" \/>\n<meta property=\"og:url\" content=\"https:\/\/aehm.es\/la-aehm-ratifica-el-preacuerdo-del-convenio-colectivo-de-hospedaje-de-la-comunidad-de-madrid\/\" \/>\n<meta property=\"og:site_name\" content=\"AEHM\" \/>\n<meta property=\"article:publisher\" content=\"https:\/\/www.instagram.com\/hotelesdemadrid\/\" \/>\n<meta property=\"article:published_time\" content=\"2025-12-05T13:11:21+00:00\" \/>\n<meta property=\"article:modified_time\" content=\"2025-12-17T09:55:05+00:00\" \/>\n<meta property=\"og:image\" content=\"https:\/\/aehm.es\/wp-content\/uploads\/2025\/08\/Logo-AEHM-comunidados-2024-768x450-1.jpg\" \/>\n\t<meta property=\"og:image:width\" content=\"768\" \/>\n\t<meta property=\"og:image:height\" content=\"450\" \/>\n\t<meta property=\"og:image:type\" content=\"image\/jpeg\" \/>\n<meta name=\"author\" content=\"Laura Sarria\" \/>\n<meta name=\"twitter:card\" content=\"summary_large_image\" \/>\n<meta name=\"twitter:creator\" content=\"@HotelesAEHM\" \/>\n<meta name=\"twitter:site\" content=\"@HotelesAEHM\" \/>\n<meta name=\"twitter:label1\" content=\"Written by\" \/>\n\t<meta name=\"twitter:data1\" content=\"Laura Sarria\" \/>\n\t<meta name=\"twitter:label2\" content=\"Est. reading time\" \/>\n\t<meta name=\"twitter:data2\" content=\"3 minutes\" \/>\n<script type=\"application\/ld+json\" class=\"yoast-schema-graph\">{\"@context\":\"https:\\\/\\\/schema.org\",\"@graph\":[{\"@type\":\"Article\",\"@id\":\"https:\\\/\\\/aehm.es\\\/la-aehm-ratifica-el-preacuerdo-del-convenio-colectivo-de-hospedaje-de-la-comunidad-de-madrid\\\/#article\",\"isPartOf\":{\"@id\":\"https:\\\/\\\/aehm.es\\\/la-aehm-ratifica-el-preacuerdo-del-convenio-colectivo-de-hospedaje-de-la-comunidad-de-madrid\\\/\"},\"author\":{\"name\":\"Laura Sarria\",\"@id\":\"https:\\\/\\\/aehm.es\\\/#\\\/schema\\\/person\\\/a11ff5e10daf701bc492cd7a4e624215\"},\"headline\":\"La AEHM ratifica el preacuerdo del Convenio Colectivo de Hospedaje de la Comunidad de Madrid\",\"datePublished\":\"2025-12-05T13:11:21+00:00\",\"dateModified\":\"2025-12-17T09:55:05+00:00\",\"mainEntityOfPage\":{\"@id\":\"https:\\\/\\\/aehm.es\\\/la-aehm-ratifica-el-preacuerdo-del-convenio-colectivo-de-hospedaje-de-la-comunidad-de-madrid\\\/\"},\"wordCount\":623,\"commentCount\":0,\"publisher\":{\"@id\":\"https:\\\/\\\/aehm.es\\\/#organization\"},\"image\":{\"@id\":\"https:\\\/\\\/aehm.es\\\/la-aehm-ratifica-el-preacuerdo-del-convenio-colectivo-de-hospedaje-de-la-comunidad-de-madrid\\\/#primaryimage\"},\"thumbnailUrl\":\"https:\\\/\\\/aehm.es\\\/wp-content\\\/uploads\\\/2025\\\/08\\\/Logo-AEHM-comunidados-2024-768x450-1.jpg\",\"articleSection\":[\"Actualidad AEHM\"],\"inLanguage\":\"en-US\",\"potentialAction\":[{\"@type\":\"CommentAction\",\"name\":\"Comment\",\"target\":[\"https:\\\/\\\/aehm.es\\\/la-aehm-ratifica-el-preacuerdo-del-convenio-colectivo-de-hospedaje-de-la-comunidad-de-madrid\\\/#respond\"]}]},{\"@type\":\"WebPage\",\"@id\":\"https:\\\/\\\/aehm.es\\\/la-aehm-ratifica-el-preacuerdo-del-convenio-colectivo-de-hospedaje-de-la-comunidad-de-madrid\\\/\",\"url\":\"https:\\\/\\\/aehm.es\\\/la-aehm-ratifica-el-preacuerdo-del-convenio-colectivo-de-hospedaje-de-la-comunidad-de-madrid\\\/\",\"name\":\"La AEHM ratifica el preacuerdo del Convenio Colectivo de Hospedaje de la Comunidad de Madrid - AEHM\",\"isPartOf\":{\"@id\":\"https:\\\/\\\/aehm.es\\\/#website\"},\"primaryImageOfPage\":{\"@id\":\"https:\\\/\\\/aehm.es\\\/la-aehm-ratifica-el-preacuerdo-del-convenio-colectivo-de-hospedaje-de-la-comunidad-de-madrid\\\/#primaryimage\"},\"image\":{\"@id\":\"https:\\\/\\\/aehm.es\\\/la-aehm-ratifica-el-preacuerdo-del-convenio-colectivo-de-hospedaje-de-la-comunidad-de-madrid\\\/#primaryimage\"},\"thumbnailUrl\":\"https:\\\/\\\/aehm.es\\\/wp-content\\\/uploads\\\/2025\\\/08\\\/Logo-AEHM-comunidados-2024-768x450-1.jpg\",\"datePublished\":\"2025-12-05T13:11:21+00:00\",\"dateModified\":\"2025-12-17T09:55:05+00:00\",\"description\":\"La AEHM ha ratificado en Asamblea Extraordinaria el preacuerdo del Convenio Colectivo de Hospedaje de la Comunidad de Madrid.\",\"breadcrumb\":{\"@id\":\"https:\\\/\\\/aehm.es\\\/la-aehm-ratifica-el-preacuerdo-del-convenio-colectivo-de-hospedaje-de-la-comunidad-de-madrid\\\/#breadcrumb\"},\"inLanguage\":\"en-US\",\"potentialAction\":[{\"@type\":\"ReadAction\",\"target\":[\"https:\\\/\\\/aehm.es\\\/la-aehm-ratifica-el-preacuerdo-del-convenio-colectivo-de-hospedaje-de-la-comunidad-de-madrid\\\/\"]}]},{\"@type\":\"ImageObject\",\"inLanguage\":\"en-US\",\"@id\":\"https:\\\/\\\/aehm.es\\\/la-aehm-ratifica-el-preacuerdo-del-convenio-colectivo-de-hospedaje-de-la-comunidad-de-madrid\\\/#primaryimage\",\"url\":\"https:\\\/\\\/aehm.es\\\/wp-content\\\/uploads\\\/2025\\\/08\\\/Logo-AEHM-comunidados-2024-768x450-1.jpg\",\"contentUrl\":\"https:\\\/\\\/aehm.es\\\/wp-content\\\/uploads\\\/2025\\\/08\\\/Logo-AEHM-comunidados-2024-768x450-1.jpg\",\"width\":768,\"height\":450},{\"@type\":\"BreadcrumbList\",\"@id\":\"https:\\\/\\\/aehm.es\\\/la-aehm-ratifica-el-preacuerdo-del-convenio-colectivo-de-hospedaje-de-la-comunidad-de-madrid\\\/#breadcrumb\",\"itemListElement\":[{\"@type\":\"ListItem\",\"position\":1,\"name\":\"Portada\",\"item\":\"https:\\\/\\\/aehm.es\\\/en\\\/\"},{\"@type\":\"ListItem\",\"position\":2,\"name\":\"La AEHM ratifica el preacuerdo del Convenio Colectivo de Hospedaje de la Comunidad de Madrid\"}]},{\"@type\":\"WebSite\",\"@id\":\"https:\\\/\\\/aehm.es\\\/#website\",\"url\":\"https:\\\/\\\/aehm.es\\\/\",\"name\":\"Asociaci\u00f3n Empresarial Hotelera de Madrid\",\"description\":\"La Asociaci\u00f3n Empresarial Hotelera Madrid est\u00e1 formada por m\u00e1s de 300 establecimientos de todas las categor\u00edas y tipolog\u00edas (hoteles, hostales, hostels, apartamentos\u2026) que suman m\u00e1s de 75.000 plazas de alojamiento.\",\"publisher\":{\"@id\":\"https:\\\/\\\/aehm.es\\\/#organization\"},\"alternateName\":\"AEHM\",\"potentialAction\":[{\"@type\":\"SearchAction\",\"target\":{\"@type\":\"EntryPoint\",\"urlTemplate\":\"https:\\\/\\\/aehm.es\\\/?s={search_term_string}\"},\"query-input\":{\"@type\":\"PropertyValueSpecification\",\"valueRequired\":true,\"valueName\":\"search_term_string\"}}],\"inLanguage\":\"en-US\"},{\"@type\":\"Organization\",\"@id\":\"https:\\\/\\\/aehm.es\\\/#organization\",\"name\":\"Asociaci\u00f3n Empresarial Hotelera de Madrid\",\"url\":\"https:\\\/\\\/aehm.es\\\/\",\"logo\":{\"@type\":\"ImageObject\",\"inLanguage\":\"en-US\",\"@id\":\"https:\\\/\\\/aehm.es\\\/#\\\/schema\\\/logo\\\/image\\\/\",\"url\":\"https:\\\/\\\/aehm.es\\\/wp-content\\\/uploads\\\/2021\\\/11\\\/Logo_AEHM_Horiz.png\",\"contentUrl\":\"https:\\\/\\\/aehm.es\\\/wp-content\\\/uploads\\\/2021\\\/11\\\/Logo_AEHM_Horiz.png\",\"width\":600,\"height\":182,\"caption\":\"Asociaci\u00f3n Empresarial Hotelera de Madrid\"},\"image\":{\"@id\":\"https:\\\/\\\/aehm.es\\\/#\\\/schema\\\/logo\\\/image\\\/\"},\"sameAs\":[\"https:\\\/\\\/www.instagram.com\\\/hotelesdemadrid\\\/\",\"https:\\\/\\\/x.com\\\/HotelesAEHM\",\"https:\\\/\\\/www.linkedin.com\\\/company\\\/11166072\\\/\"]},{\"@type\":\"Person\",\"@id\":\"https:\\\/\\\/aehm.es\\\/#\\\/schema\\\/person\\\/a11ff5e10daf701bc492cd7a4e624215\",\"name\":\"Laura Sarria\",\"image\":{\"@type\":\"ImageObject\",\"inLanguage\":\"en-US\",\"@id\":\"https:\\\/\\\/secure.gravatar.com\\\/avatar\\\/4ef4b0f260923823a97f1e823b29d340c5e8606b68a4dc4288a7ccd66262c35b?s=96&d=mm&r=g\",\"url\":\"https:\\\/\\\/secure.gravatar.com\\\/avatar\\\/4ef4b0f260923823a97f1e823b29d340c5e8606b68a4dc4288a7ccd66262c35b?s=96&d=mm&r=g\",\"contentUrl\":\"https:\\\/\\\/secure.gravatar.com\\\/avatar\\\/4ef4b0f260923823a97f1e823b29d340c5e8606b68a4dc4288a7ccd66262c35b?s=96&d=mm&r=g\",\"caption\":\"Laura Sarria\"},\"url\":\"https:\\\/\\\/aehm.es\\\/en\\\/author\\\/laura-sarria\\\/\"}]}<\/script>\n<!-- \/ Yoast SEO plugin. -->","yoast_head_json":{"title":"La AEHM ratifica el preacuerdo del Convenio Colectivo de Hospedaje de la Comunidad de Madrid - AEHM","description":"La AEHM ha ratificado en Asamblea Extraordinaria el preacuerdo del Convenio Colectivo de Hospedaje de la Comunidad de Madrid.","robots":{"index":"index","follow":"follow","max-snippet":"max-snippet:-1","max-image-preview":"max-image-preview:large","max-video-preview":"max-video-preview:-1"},"canonical":"https:\/\/aehm.es\/la-aehm-ratifica-el-preacuerdo-del-convenio-colectivo-de-hospedaje-de-la-comunidad-de-madrid\/","og_locale":"en_US","og_type":"article","og_title":"La AEHM ratifica el preacuerdo del Convenio Colectivo de Hospedaje de la Comunidad de Madrid","og_description":"Este acuerdo supone un hito para el sector, ya que aporta estabilidad y seguridad tanto a empresas como a trabajadores en un contexto de evoluci\u00f3n positiva y retos normativos.","og_url":"https:\/\/aehm.es\/la-aehm-ratifica-el-preacuerdo-del-convenio-colectivo-de-hospedaje-de-la-comunidad-de-madrid\/","og_site_name":"AEHM","article_publisher":"https:\/\/www.instagram.com\/hotelesdemadrid\/","article_published_time":"2025-12-05T13:11:21+00:00","article_modified_time":"2025-12-17T09:55:05+00:00","og_image":[{"width":768,"height":450,"url":"https:\/\/aehm.es\/wp-content\/uploads\/2025\/08\/Logo-AEHM-comunidados-2024-768x450-1.jpg","type":"image\/jpeg"}],"author":"Laura Sarria","twitter_card":"summary_large_image","twitter_creator":"@HotelesAEHM","twitter_site":"@HotelesAEHM","twitter_misc":{"Written by":"Laura Sarria","Est. reading time":"3 minutes"},"schema":{"@context":"https:\/\/schema.org","@graph":[{"@type":"Article","@id":"https:\/\/aehm.es\/la-aehm-ratifica-el-preacuerdo-del-convenio-colectivo-de-hospedaje-de-la-comunidad-de-madrid\/#article","isPartOf":{"@id":"https:\/\/aehm.es\/la-aehm-ratifica-el-preacuerdo-del-convenio-colectivo-de-hospedaje-de-la-comunidad-de-madrid\/"},"author":{"name":"Laura Sarria","@id":"https:\/\/aehm.es\/#\/schema\/person\/a11ff5e10daf701bc492cd7a4e624215"},"headline":"La AEHM ratifica el preacuerdo del Convenio Colectivo de Hospedaje de la Comunidad de Madrid","datePublished":"2025-12-05T13:11:21+00:00","dateModified":"2025-12-17T09:55:05+00:00","mainEntityOfPage":{"@id":"https:\/\/aehm.es\/la-aehm-ratifica-el-preacuerdo-del-convenio-colectivo-de-hospedaje-de-la-comunidad-de-madrid\/"},"wordCount":623,"commentCount":0,"publisher":{"@id":"https:\/\/aehm.es\/#organization"},"image":{"@id":"https:\/\/aehm.es\/la-aehm-ratifica-el-preacuerdo-del-convenio-colectivo-de-hospedaje-de-la-comunidad-de-madrid\/#primaryimage"},"thumbnailUrl":"https:\/\/aehm.es\/wp-content\/uploads\/2025\/08\/Logo-AEHM-comunidados-2024-768x450-1.jpg","articleSection":["Actualidad AEHM"],"inLanguage":"en-US","potentialAction":[{"@type":"CommentAction","name":"Comment","target":["https:\/\/aehm.es\/la-aehm-ratifica-el-preacuerdo-del-convenio-colectivo-de-hospedaje-de-la-comunidad-de-madrid\/#respond"]}]},{"@type":"WebPage","@id":"https:\/\/aehm.es\/la-aehm-ratifica-el-preacuerdo-del-convenio-colectivo-de-hospedaje-de-la-comunidad-de-madrid\/","url":"https:\/\/aehm.es\/la-aehm-ratifica-el-preacuerdo-del-convenio-colectivo-de-hospedaje-de-la-comunidad-de-madrid\/","name":"La AEHM ratifica el preacuerdo del Convenio Colectivo de Hospedaje de la Comunidad de Madrid - AEHM","isPartOf":{"@id":"https:\/\/aehm.es\/#website"},"primaryImageOfPage":{"@id":"https:\/\/aehm.es\/la-aehm-ratifica-el-preacuerdo-del-convenio-colectivo-de-hospedaje-de-la-comunidad-de-madrid\/#primaryimage"},"image":{"@id":"https:\/\/aehm.es\/la-aehm-ratifica-el-preacuerdo-del-convenio-colectivo-de-hospedaje-de-la-comunidad-de-madrid\/#primaryimage"},"thumbnailUrl":"https:\/\/aehm.es\/wp-content\/uploads\/2025\/08\/Logo-AEHM-comunidados-2024-768x450-1.jpg","datePublished":"2025-12-05T13:11:21+00:00","dateModified":"2025-12-17T09:55:05+00:00","description":"La AEHM ha ratificado en Asamblea Extraordinaria el preacuerdo del Convenio Colectivo de Hospedaje de la Comunidad de Madrid.","breadcrumb":{"@id":"https:\/\/aehm.es\/la-aehm-ratifica-el-preacuerdo-del-convenio-colectivo-de-hospedaje-de-la-comunidad-de-madrid\/#breadcrumb"},"inLanguage":"en-US","potentialAction":[{"@type":"ReadAction","target":["https:\/\/aehm.es\/la-aehm-ratifica-el-preacuerdo-del-convenio-colectivo-de-hospedaje-de-la-comunidad-de-madrid\/"]}]},{"@type":"ImageObject","inLanguage":"en-US","@id":"https:\/\/aehm.es\/la-aehm-ratifica-el-preacuerdo-del-convenio-colectivo-de-hospedaje-de-la-comunidad-de-madrid\/#primaryimage","url":"https:\/\/aehm.es\/wp-content\/uploads\/2025\/08\/Logo-AEHM-comunidados-2024-768x450-1.jpg","contentUrl":"https:\/\/aehm.es\/wp-content\/uploads\/2025\/08\/Logo-AEHM-comunidados-2024-768x450-1.jpg","width":768,"height":450},{"@type":"BreadcrumbList","@id":"https:\/\/aehm.es\/la-aehm-ratifica-el-preacuerdo-del-convenio-colectivo-de-hospedaje-de-la-comunidad-de-madrid\/#breadcrumb","itemListElement":[{"@type":"ListItem","position":1,"name":"Portada","item":"https:\/\/aehm.es\/en\/"},{"@type":"ListItem","position":2,"name":"La AEHM ratifica el preacuerdo del Convenio Colectivo de Hospedaje de la Comunidad de Madrid"}]},{"@type":"WebSite","@id":"https:\/\/aehm.es\/#website","url":"https:\/\/aehm.es\/","name":"Asociaci\u00f3n Empresarial Hotelera de Madrid","description":"La Asociaci\u00f3n Empresarial Hotelera Madrid est\u00e1 formada por m\u00e1s de 300 establecimientos de todas las categor\u00edas y tipolog\u00edas (hoteles, hostales, hostels, apartamentos\u2026) que suman m\u00e1s de 75.000 plazas de alojamiento.","publisher":{"@id":"https:\/\/aehm.es\/#organization"},"alternateName":"AEHM","potentialAction":[{"@type":"SearchAction","target":{"@type":"EntryPoint","urlTemplate":"https:\/\/aehm.es\/?s={search_term_string}"},"query-input":{"@type":"PropertyValueSpecification","valueRequired":true,"valueName":"search_term_string"}}],"inLanguage":"en-US"},{"@type":"Organization","@id":"https:\/\/aehm.es\/#organization","name":"Asociaci\u00f3n Empresarial Hotelera de Madrid","url":"https:\/\/aehm.es\/","logo":{"@type":"ImageObject","inLanguage":"en-US","@id":"https:\/\/aehm.es\/#\/schema\/logo\/image\/","url":"https:\/\/aehm.es\/wp-content\/uploads\/2021\/11\/Logo_AEHM_Horiz.png","contentUrl":"https:\/\/aehm.es\/wp-content\/uploads\/2021\/11\/Logo_AEHM_Horiz.png","width":600,"height":182,"caption":"Asociaci\u00f3n Empresarial Hotelera de Madrid"},"image":{"@id":"https:\/\/aehm.es\/#\/schema\/logo\/image\/"},"sameAs":["https:\/\/www.instagram.com\/hotelesdemadrid\/","https:\/\/x.com\/HotelesAEHM","https:\/\/www.linkedin.com\/company\/11166072\/"]},{"@type":"Person","@id":"https:\/\/aehm.es\/#\/schema\/person\/a11ff5e10daf701bc492cd7a4e624215","name":"Laura Sarria","image":{"@type":"ImageObject","inLanguage":"en-US","@id":"https:\/\/secure.gravatar.com\/avatar\/4ef4b0f260923823a97f1e823b29d340c5e8606b68a4dc4288a7ccd66262c35b?s=96&d=mm&r=g","url":"https:\/\/secure.gravatar.com\/avatar\/4ef4b0f260923823a97f1e823b29d340c5e8606b68a4dc4288a7ccd66262c35b?s=96&d=mm&r=g","contentUrl":"https:\/\/secure.gravatar.com\/avatar\/4ef4b0f260923823a97f1e823b29d340c5e8606b68a4dc4288a7ccd66262c35b?s=96&d=mm&r=g","caption":"Laura Sarria"},"url":"https:\/\/aehm.es\/en\/author\/laura-sarria\/"}]}},"_links":{"self":[{"href":"https:\/\/aehm.es\/en\/wp-json\/wp\/v2\/posts\/21678","targetHints":{"allow":["GET"]}}],"collection":[{"href":"https:\/\/aehm.es\/en\/wp-json\/wp\/v2\/posts"}],"about":[{"href":"https:\/\/aehm.es\/en\/wp-json\/wp\/v2\/types\/post"}],"author":[{"embeddable":true,"href":"https:\/\/aehm.es\/en\/wp-json\/wp\/v2\/users\/20"}],"replies":[{"embeddable":true,"href":"https:\/\/aehm.es\/en\/wp-json\/wp\/v2\/comments?post=21678"}],"version-history":[{"count":2,"href":"https:\/\/aehm.es\/en\/wp-json\/wp\/v2\/posts\/21678\/revisions"}],"predecessor-version":[{"id":21697,"href":"https:\/\/aehm.es\/en\/wp-json\/wp\/v2\/posts\/21678\/revisions\/21697"}],"wp:featuredmedia":[{"embeddable":true,"href":"https:\/\/aehm.es\/en\/wp-json\/wp\/v2\/media\/21015"}],"wp:attachment":[{"href":"https:\/\/aehm.es\/en\/wp-json\/wp\/v2\/media?parent=21678"}],"wp:term":[{"taxonomy":"category","embeddable":true,"href":"https:\/\/aehm.es\/en\/wp-json\/wp\/v2\/categories?post=21678"},{"taxonomy":"post_tag","embeddable":true,"href":"https:\/\/aehm.es\/en\/wp-json\/wp\/v2\/tags?post=21678"}],"curies":[{"name":"wp","href":"https:\/\/api.w.org\/{rel}","templated":true}]}}