{"id":2155,"date":"2017-07-03T11:27:40","date_gmt":"2017-07-03T11:27:40","guid":{"rendered":"https:\/\/aehm.es\/?p=2155"},"modified":"2017-07-03T11:27:40","modified_gmt":"2017-07-03T11:27:40","slug":"los-hoteleros-madrilenos-preven-alcanzar-una-ocupacion-del-60-en-verano","status":"publish","type":"post","link":"https:\/\/aehm.es\/en\/los-hoteleros-madrilenos-preven-alcanzar-una-ocupacion-del-60-en-verano\/","title":{"rendered":"Los hoteleros madrile\u00f1os prev\u00e9n alcanzar una ocupaci\u00f3n del 60% en verano"},"content":{"rendered":"<p>La\u00a0<strong>ocupaci\u00f3n en los hoteles<\/strong>\u00a0de la Comunidad de Madrid durante los meses de\u00a0<strong>verano podr\u00eda alcanzar un 60% de media<\/strong>, seg\u00fan la Asociaci\u00f3n Empresarial Hotelera de Madrid (AEHM).<\/p>\n<p>De este modo, las\u00a0<strong>reservas para el mes de julio se encuentran por encima de las registradas por el sector en agosto<\/strong>, con un 68% frente a un 55% respectivamente; unas cifras que van en la l\u00ednea de las alcanzadas en verano de 2016 cuando la ocupaci\u00f3n se situ\u00f3 en el 67,9% y el 57,6%.<\/p>\n<p>La secretaria general de la AEHM, Mar de Miguel ha indicado que Madrid es un destino en temporada media-alta durante diez meses del a\u00f1o, pero que registra los\u00a0<strong>porcentajes m\u00e1s bajos<\/strong>\u00a0de ocupaci\u00f3n en\u00a0<strong>julio y agosto<\/strong>. \u201cLos turistas, sobre todo los nacionales, siguen eligiendo destinos de sol y playa para pasar el verano, aunque estamos siendo testigos de un cambio de tendencia en el caso de los viajeros internacionales\u201d.<\/p>\n<p>Los viajeros procedentes de otros pa\u00edses que visitan Madrid lo hacen motivados por la amplia oferta cultural y de ocio que encuentran en la capital y siguen decant\u00e1ndose por alojarse, sobre todo, en establecimientos hoteleros motivados por su buena relaci\u00f3n calidad\/precio, as\u00ed como por la garant\u00eda y la seguridad que ofrecen a sus clientes.<\/p>\n<p>\u201cLos hoteles de la Comunidad de Madrid hemos realizado fuertes inversiones de cara a ofrecer un servicio de calidad y adaptado a las nuevas necesidades de los turistas. Esta apuesta por la excelencia est\u00e1 teniendo resultados muy positivos, ya que cada vez son m\u00e1s los visitantes internacionales que llegan a la regi\u00f3n\u201d, ha a\u00f1adido la secretaria general de la AEHM.<\/p>\n<p>Respecto a la procedencia, la mayor\u00eda de estos turistas viajan desde Estados Unidos y otros pa\u00edses europeos, entre los que destacan Reino Unido, Italia, Francia o Alemania. \u201c<strong>El mercado estadounidense o el brit\u00e1nico es estrat\u00e9gico para el sector tur\u00edstico en general y para el hotelero en particular. Adem\u00e1s, son turistas de calidad, que realmente contribuyen al crecimiento econ\u00f3mico de la Comunidad de Madrid, y es al que debemos tender<\/strong>\u201d, ha concluido Mar de Miguel.<\/p>\n","protected":false},"excerpt":{"rendered":"<p>La\u00a0ocupaci\u00f3n en los hoteles\u00a0de la Comunidad de Madrid durante los meses de\u00a0verano podr\u00eda alcanzar un 60% de media, seg\u00fan la Asociaci\u00f3n Empresarial Hotelera de Madrid (AEHM). De este modo, las\u00a0reservas para el mes de julio se encuentran por encima de las registradas por el sector en agosto, con un 68% frente a un 55% respectivamente; [&hellip;]<\/p>\n","protected":false},"author":1,"featured_media":2156,"comment_status":"open","ping_status":"open","sticky":false,"template":"","format":"standard","meta":{"footnotes":""},"categories":[1],"tags":[],"class_list":["post-2155","post","type-post","status-publish","format-standard","has-post-thumbnail","hentry","category-actualidad-aehm"],"yoast_head":"<!-- This site is optimized with the Yoast SEO plugin v27.5 - https:\/\/yoast.com\/product\/yoast-seo-wordpress\/ -->\n<title>Los hoteleros madrile\u00f1os prev\u00e9n alcanzar una ocupaci\u00f3n del 60% en verano - AEHM<\/title>\n<meta name=\"robots\" content=\"index, follow, max-snippet:-1, max-image-preview:large, max-video-preview:-1\" \/>\n<link rel=\"canonical\" href=\"https:\/\/aehm.es\/los-hoteleros-madrilenos-preven-alcanzar-una-ocupacion-del-60-en-verano\/\" \/>\n<meta property=\"og:locale\" content=\"en_US\" \/>\n<meta property=\"og:type\" content=\"article\" \/>\n<meta property=\"og:title\" content=\"Los hoteleros madrile\u00f1os prev\u00e9n alcanzar una ocupaci\u00f3n del 60% en verano - AEHM\" \/>\n<meta property=\"og:description\" content=\"La\u00a0ocupaci\u00f3n en los hoteles\u00a0de la Comunidad de Madrid durante los meses de\u00a0verano podr\u00eda alcanzar un 60% de media, seg\u00fan la Asociaci\u00f3n Empresarial Hotelera de Madrid (AEHM). De este modo, las\u00a0reservas para el mes de julio se encuentran por encima de las registradas por el sector en agosto, con un 68% frente a un 55% respectivamente; [&hellip;]\" \/>\n<meta property=\"og:url\" content=\"https:\/\/aehm.es\/los-hoteleros-madrilenos-preven-alcanzar-una-ocupacion-del-60-en-verano\/\" \/>\n<meta property=\"og:site_name\" content=\"AEHM\" \/>\n<meta property=\"article:publisher\" content=\"https:\/\/www.instagram.com\/hotelesdemadrid\/\" \/>\n<meta property=\"article:published_time\" content=\"2017-07-03T11:27:40+00:00\" \/>\n<meta property=\"og:image\" content=\"https:\/\/aehm.es\/wp-content\/uploads\/2017\/07\/Los-hoteleros-madrilenos-preven-alcanzar-una-ocupacion-del-60-en-verano.jpg\" \/>\n\t<meta property=\"og:image:width\" content=\"960\" \/>\n\t<meta property=\"og:image:height\" content=\"640\" \/>\n\t<meta property=\"og:image:type\" content=\"image\/jpeg\" \/>\n<meta name=\"author\" content=\"richard\" \/>\n<meta name=\"twitter:card\" content=\"summary_large_image\" \/>\n<meta name=\"twitter:creator\" content=\"@HotelesAEHM\" \/>\n<meta name=\"twitter:site\" content=\"@HotelesAEHM\" \/>\n<meta name=\"twitter:label1\" content=\"Written by\" \/>\n\t<meta name=\"twitter:data1\" content=\"richard\" \/>\n\t<meta name=\"twitter:label2\" content=\"Est. reading time\" \/>\n\t<meta name=\"twitter:data2\" content=\"2 minutes\" \/>\n<script type=\"application\/ld+json\" class=\"yoast-schema-graph\">{\"@context\":\"https:\\\/\\\/schema.org\",\"@graph\":[{\"@type\":\"Article\",\"@id\":\"https:\\\/\\\/aehm.es\\\/los-hoteleros-madrilenos-preven-alcanzar-una-ocupacion-del-60-en-verano\\\/#article\",\"isPartOf\":{\"@id\":\"https:\\\/\\\/aehm.es\\\/los-hoteleros-madrilenos-preven-alcanzar-una-ocupacion-del-60-en-verano\\\/\"},\"author\":{\"name\":\"richard\",\"@id\":\"https:\\\/\\\/aehm.es\\\/#\\\/schema\\\/person\\\/ca1397f4b0bcee246b58a0278b67a95f\"},\"headline\":\"Los hoteleros madrile\u00f1os prev\u00e9n alcanzar una ocupaci\u00f3n del 60% en verano\",\"datePublished\":\"2017-07-03T11:27:40+00:00\",\"mainEntityOfPage\":{\"@id\":\"https:\\\/\\\/aehm.es\\\/los-hoteleros-madrilenos-preven-alcanzar-una-ocupacion-del-60-en-verano\\\/\"},\"wordCount\":373,\"commentCount\":0,\"publisher\":{\"@id\":\"https:\\\/\\\/aehm.es\\\/#organization\"},\"image\":{\"@id\":\"https:\\\/\\\/aehm.es\\\/los-hoteleros-madrilenos-preven-alcanzar-una-ocupacion-del-60-en-verano\\\/#primaryimage\"},\"thumbnailUrl\":\"https:\\\/\\\/aehm.es\\\/wp-content\\\/uploads\\\/2017\\\/07\\\/Los-hoteleros-madrilenos-preven-alcanzar-una-ocupacion-del-60-en-verano.jpg\",\"articleSection\":[\"Actualidad AEHM\"],\"inLanguage\":\"en-US\",\"potentialAction\":[{\"@type\":\"CommentAction\",\"name\":\"Comment\",\"target\":[\"https:\\\/\\\/aehm.es\\\/los-hoteleros-madrilenos-preven-alcanzar-una-ocupacion-del-60-en-verano\\\/#respond\"]}]},{\"@type\":\"WebPage\",\"@id\":\"https:\\\/\\\/aehm.es\\\/los-hoteleros-madrilenos-preven-alcanzar-una-ocupacion-del-60-en-verano\\\/\",\"url\":\"https:\\\/\\\/aehm.es\\\/los-hoteleros-madrilenos-preven-alcanzar-una-ocupacion-del-60-en-verano\\\/\",\"name\":\"Los hoteleros madrile\u00f1os prev\u00e9n alcanzar una ocupaci\u00f3n del 60% en verano - AEHM\",\"isPartOf\":{\"@id\":\"https:\\\/\\\/aehm.es\\\/#website\"},\"primaryImageOfPage\":{\"@id\":\"https:\\\/\\\/aehm.es\\\/los-hoteleros-madrilenos-preven-alcanzar-una-ocupacion-del-60-en-verano\\\/#primaryimage\"},\"image\":{\"@id\":\"https:\\\/\\\/aehm.es\\\/los-hoteleros-madrilenos-preven-alcanzar-una-ocupacion-del-60-en-verano\\\/#primaryimage\"},\"thumbnailUrl\":\"https:\\\/\\\/aehm.es\\\/wp-content\\\/uploads\\\/2017\\\/07\\\/Los-hoteleros-madrilenos-preven-alcanzar-una-ocupacion-del-60-en-verano.jpg\",\"datePublished\":\"2017-07-03T11:27:40+00:00\",\"breadcrumb\":{\"@id\":\"https:\\\/\\\/aehm.es\\\/los-hoteleros-madrilenos-preven-alcanzar-una-ocupacion-del-60-en-verano\\\/#breadcrumb\"},\"inLanguage\":\"en-US\",\"potentialAction\":[{\"@type\":\"ReadAction\",\"target\":[\"https:\\\/\\\/aehm.es\\\/los-hoteleros-madrilenos-preven-alcanzar-una-ocupacion-del-60-en-verano\\\/\"]}]},{\"@type\":\"ImageObject\",\"inLanguage\":\"en-US\",\"@id\":\"https:\\\/\\\/aehm.es\\\/los-hoteleros-madrilenos-preven-alcanzar-una-ocupacion-del-60-en-verano\\\/#primaryimage\",\"url\":\"https:\\\/\\\/aehm.es\\\/wp-content\\\/uploads\\\/2017\\\/07\\\/Los-hoteleros-madrilenos-preven-alcanzar-una-ocupacion-del-60-en-verano.jpg\",\"contentUrl\":\"https:\\\/\\\/aehm.es\\\/wp-content\\\/uploads\\\/2017\\\/07\\\/Los-hoteleros-madrilenos-preven-alcanzar-una-ocupacion-del-60-en-verano.jpg\",\"width\":960,\"height\":640,\"caption\":\"La Gran V\u00eda en el centro de Madrid, uno de los lugares m\u00e1s tur\u00edsticos de la capital\"},{\"@type\":\"BreadcrumbList\",\"@id\":\"https:\\\/\\\/aehm.es\\\/los-hoteleros-madrilenos-preven-alcanzar-una-ocupacion-del-60-en-verano\\\/#breadcrumb\",\"itemListElement\":[{\"@type\":\"ListItem\",\"position\":1,\"name\":\"Portada\",\"item\":\"https:\\\/\\\/aehm.es\\\/en\\\/\"},{\"@type\":\"ListItem\",\"position\":2,\"name\":\"Los hoteleros madrile\u00f1os prev\u00e9n alcanzar una ocupaci\u00f3n del 60% en verano\"}]},{\"@type\":\"WebSite\",\"@id\":\"https:\\\/\\\/aehm.es\\\/#website\",\"url\":\"https:\\\/\\\/aehm.es\\\/\",\"name\":\"Asociaci\u00f3n Empresarial Hotelera de Madrid\",\"description\":\"La Asociaci\u00f3n Empresarial Hotelera Madrid est\u00e1 formada por m\u00e1s de 300 establecimientos de todas las categor\u00edas y tipolog\u00edas (hoteles, hostales, hostels, apartamentos\u2026) que suman m\u00e1s de 75.000 plazas de alojamiento.\",\"publisher\":{\"@id\":\"https:\\\/\\\/aehm.es\\\/#organization\"},\"alternateName\":\"AEHM\",\"potentialAction\":[{\"@type\":\"SearchAction\",\"target\":{\"@type\":\"EntryPoint\",\"urlTemplate\":\"https:\\\/\\\/aehm.es\\\/?s={search_term_string}\"},\"query-input\":{\"@type\":\"PropertyValueSpecification\",\"valueRequired\":true,\"valueName\":\"search_term_string\"}}],\"inLanguage\":\"en-US\"},{\"@type\":\"Organization\",\"@id\":\"https:\\\/\\\/aehm.es\\\/#organization\",\"name\":\"Asociaci\u00f3n Empresarial Hotelera de Madrid\",\"url\":\"https:\\\/\\\/aehm.es\\\/\",\"logo\":{\"@type\":\"ImageObject\",\"inLanguage\":\"en-US\",\"@id\":\"https:\\\/\\\/aehm.es\\\/#\\\/schema\\\/logo\\\/image\\\/\",\"url\":\"https:\\\/\\\/aehm.es\\\/wp-content\\\/uploads\\\/2021\\\/11\\\/Logo_AEHM_Horiz.png\",\"contentUrl\":\"https:\\\/\\\/aehm.es\\\/wp-content\\\/uploads\\\/2021\\\/11\\\/Logo_AEHM_Horiz.png\",\"width\":600,\"height\":182,\"caption\":\"Asociaci\u00f3n Empresarial Hotelera de Madrid\"},\"image\":{\"@id\":\"https:\\\/\\\/aehm.es\\\/#\\\/schema\\\/logo\\\/image\\\/\"},\"sameAs\":[\"https:\\\/\\\/www.instagram.com\\\/hotelesdemadrid\\\/\",\"https:\\\/\\\/x.com\\\/HotelesAEHM\",\"https:\\\/\\\/www.linkedin.com\\\/company\\\/11166072\\\/\"]},{\"@type\":\"Person\",\"@id\":\"https:\\\/\\\/aehm.es\\\/#\\\/schema\\\/person\\\/ca1397f4b0bcee246b58a0278b67a95f\",\"name\":\"richard\",\"image\":{\"@type\":\"ImageObject\",\"inLanguage\":\"en-US\",\"@id\":\"https:\\\/\\\/secure.gravatar.com\\\/avatar\\\/dd2486a811ecc34bf766b7d8b17d0ea76674186c415867af39660e429e20e1a0?s=96&d=mm&r=g\",\"url\":\"https:\\\/\\\/secure.gravatar.com\\\/avatar\\\/dd2486a811ecc34bf766b7d8b17d0ea76674186c415867af39660e429e20e1a0?s=96&d=mm&r=g\",\"contentUrl\":\"https:\\\/\\\/secure.gravatar.com\\\/avatar\\\/dd2486a811ecc34bf766b7d8b17d0ea76674186c415867af39660e429e20e1a0?s=96&d=mm&r=g\",\"caption\":\"richard\"},\"url\":\"https:\\\/\\\/aehm.es\\\/en\\\/author\\\/richard\\\/\"}]}<\/script>\n<!-- \/ Yoast SEO plugin. -->","yoast_head_json":{"title":"Los hoteleros madrile\u00f1os prev\u00e9n alcanzar una ocupaci\u00f3n del 60% en verano - AEHM","robots":{"index":"index","follow":"follow","max-snippet":"max-snippet:-1","max-image-preview":"max-image-preview:large","max-video-preview":"max-video-preview:-1"},"canonical":"https:\/\/aehm.es\/los-hoteleros-madrilenos-preven-alcanzar-una-ocupacion-del-60-en-verano\/","og_locale":"en_US","og_type":"article","og_title":"Los hoteleros madrile\u00f1os prev\u00e9n alcanzar una ocupaci\u00f3n del 60% en verano - AEHM","og_description":"La\u00a0ocupaci\u00f3n en los hoteles\u00a0de la Comunidad de Madrid durante los meses de\u00a0verano podr\u00eda alcanzar un 60% de media, seg\u00fan la Asociaci\u00f3n Empresarial Hotelera de Madrid (AEHM). De este modo, las\u00a0reservas para el mes de julio se encuentran por encima de las registradas por el sector en agosto, con un 68% frente a un 55% respectivamente; [&hellip;]","og_url":"https:\/\/aehm.es\/los-hoteleros-madrilenos-preven-alcanzar-una-ocupacion-del-60-en-verano\/","og_site_name":"AEHM","article_publisher":"https:\/\/www.instagram.com\/hotelesdemadrid\/","article_published_time":"2017-07-03T11:27:40+00:00","og_image":[{"width":960,"height":640,"url":"https:\/\/aehm.es\/wp-content\/uploads\/2017\/07\/Los-hoteleros-madrilenos-preven-alcanzar-una-ocupacion-del-60-en-verano.jpg","type":"image\/jpeg"}],"author":"richard","twitter_card":"summary_large_image","twitter_creator":"@HotelesAEHM","twitter_site":"@HotelesAEHM","twitter_misc":{"Written by":"richard","Est. reading time":"2 minutes"},"schema":{"@context":"https:\/\/schema.org","@graph":[{"@type":"Article","@id":"https:\/\/aehm.es\/los-hoteleros-madrilenos-preven-alcanzar-una-ocupacion-del-60-en-verano\/#article","isPartOf":{"@id":"https:\/\/aehm.es\/los-hoteleros-madrilenos-preven-alcanzar-una-ocupacion-del-60-en-verano\/"},"author":{"name":"richard","@id":"https:\/\/aehm.es\/#\/schema\/person\/ca1397f4b0bcee246b58a0278b67a95f"},"headline":"Los hoteleros madrile\u00f1os prev\u00e9n alcanzar una ocupaci\u00f3n del 60% en verano","datePublished":"2017-07-03T11:27:40+00:00","mainEntityOfPage":{"@id":"https:\/\/aehm.es\/los-hoteleros-madrilenos-preven-alcanzar-una-ocupacion-del-60-en-verano\/"},"wordCount":373,"commentCount":0,"publisher":{"@id":"https:\/\/aehm.es\/#organization"},"image":{"@id":"https:\/\/aehm.es\/los-hoteleros-madrilenos-preven-alcanzar-una-ocupacion-del-60-en-verano\/#primaryimage"},"thumbnailUrl":"https:\/\/aehm.es\/wp-content\/uploads\/2017\/07\/Los-hoteleros-madrilenos-preven-alcanzar-una-ocupacion-del-60-en-verano.jpg","articleSection":["Actualidad AEHM"],"inLanguage":"en-US","potentialAction":[{"@type":"CommentAction","name":"Comment","target":["https:\/\/aehm.es\/los-hoteleros-madrilenos-preven-alcanzar-una-ocupacion-del-60-en-verano\/#respond"]}]},{"@type":"WebPage","@id":"https:\/\/aehm.es\/los-hoteleros-madrilenos-preven-alcanzar-una-ocupacion-del-60-en-verano\/","url":"https:\/\/aehm.es\/los-hoteleros-madrilenos-preven-alcanzar-una-ocupacion-del-60-en-verano\/","name":"Los hoteleros madrile\u00f1os prev\u00e9n alcanzar una ocupaci\u00f3n del 60% en verano - AEHM","isPartOf":{"@id":"https:\/\/aehm.es\/#website"},"primaryImageOfPage":{"@id":"https:\/\/aehm.es\/los-hoteleros-madrilenos-preven-alcanzar-una-ocupacion-del-60-en-verano\/#primaryimage"},"image":{"@id":"https:\/\/aehm.es\/los-hoteleros-madrilenos-preven-alcanzar-una-ocupacion-del-60-en-verano\/#primaryimage"},"thumbnailUrl":"https:\/\/aehm.es\/wp-content\/uploads\/2017\/07\/Los-hoteleros-madrilenos-preven-alcanzar-una-ocupacion-del-60-en-verano.jpg","datePublished":"2017-07-03T11:27:40+00:00","breadcrumb":{"@id":"https:\/\/aehm.es\/los-hoteleros-madrilenos-preven-alcanzar-una-ocupacion-del-60-en-verano\/#breadcrumb"},"inLanguage":"en-US","potentialAction":[{"@type":"ReadAction","target":["https:\/\/aehm.es\/los-hoteleros-madrilenos-preven-alcanzar-una-ocupacion-del-60-en-verano\/"]}]},{"@type":"ImageObject","inLanguage":"en-US","@id":"https:\/\/aehm.es\/los-hoteleros-madrilenos-preven-alcanzar-una-ocupacion-del-60-en-verano\/#primaryimage","url":"https:\/\/aehm.es\/wp-content\/uploads\/2017\/07\/Los-hoteleros-madrilenos-preven-alcanzar-una-ocupacion-del-60-en-verano.jpg","contentUrl":"https:\/\/aehm.es\/wp-content\/uploads\/2017\/07\/Los-hoteleros-madrilenos-preven-alcanzar-una-ocupacion-del-60-en-verano.jpg","width":960,"height":640,"caption":"La Gran V\u00eda en el centro de Madrid, uno de los lugares m\u00e1s tur\u00edsticos de la capital"},{"@type":"BreadcrumbList","@id":"https:\/\/aehm.es\/los-hoteleros-madrilenos-preven-alcanzar-una-ocupacion-del-60-en-verano\/#breadcrumb","itemListElement":[{"@type":"ListItem","position":1,"name":"Portada","item":"https:\/\/aehm.es\/en\/"},{"@type":"ListItem","position":2,"name":"Los hoteleros madrile\u00f1os prev\u00e9n alcanzar una ocupaci\u00f3n del 60% en verano"}]},{"@type":"WebSite","@id":"https:\/\/aehm.es\/#website","url":"https:\/\/aehm.es\/","name":"Asociaci\u00f3n Empresarial Hotelera de Madrid","description":"La Asociaci\u00f3n Empresarial Hotelera Madrid est\u00e1 formada por m\u00e1s de 300 establecimientos de todas las categor\u00edas y tipolog\u00edas (hoteles, hostales, hostels, apartamentos\u2026) que suman m\u00e1s de 75.000 plazas de alojamiento.","publisher":{"@id":"https:\/\/aehm.es\/#organization"},"alternateName":"AEHM","potentialAction":[{"@type":"SearchAction","target":{"@type":"EntryPoint","urlTemplate":"https:\/\/aehm.es\/?s={search_term_string}"},"query-input":{"@type":"PropertyValueSpecification","valueRequired":true,"valueName":"search_term_string"}}],"inLanguage":"en-US"},{"@type":"Organization","@id":"https:\/\/aehm.es\/#organization","name":"Asociaci\u00f3n Empresarial Hotelera de Madrid","url":"https:\/\/aehm.es\/","logo":{"@type":"ImageObject","inLanguage":"en-US","@id":"https:\/\/aehm.es\/#\/schema\/logo\/image\/","url":"https:\/\/aehm.es\/wp-content\/uploads\/2021\/11\/Logo_AEHM_Horiz.png","contentUrl":"https:\/\/aehm.es\/wp-content\/uploads\/2021\/11\/Logo_AEHM_Horiz.png","width":600,"height":182,"caption":"Asociaci\u00f3n Empresarial Hotelera de Madrid"},"image":{"@id":"https:\/\/aehm.es\/#\/schema\/logo\/image\/"},"sameAs":["https:\/\/www.instagram.com\/hotelesdemadrid\/","https:\/\/x.com\/HotelesAEHM","https:\/\/www.linkedin.com\/company\/11166072\/"]},{"@type":"Person","@id":"https:\/\/aehm.es\/#\/schema\/person\/ca1397f4b0bcee246b58a0278b67a95f","name":"richard","image":{"@type":"ImageObject","inLanguage":"en-US","@id":"https:\/\/secure.gravatar.com\/avatar\/dd2486a811ecc34bf766b7d8b17d0ea76674186c415867af39660e429e20e1a0?s=96&d=mm&r=g","url":"https:\/\/secure.gravatar.com\/avatar\/dd2486a811ecc34bf766b7d8b17d0ea76674186c415867af39660e429e20e1a0?s=96&d=mm&r=g","contentUrl":"https:\/\/secure.gravatar.com\/avatar\/dd2486a811ecc34bf766b7d8b17d0ea76674186c415867af39660e429e20e1a0?s=96&d=mm&r=g","caption":"richard"},"url":"https:\/\/aehm.es\/en\/author\/richard\/"}]}},"_links":{"self":[{"href":"https:\/\/aehm.es\/en\/wp-json\/wp\/v2\/posts\/2155","targetHints":{"allow":["GET"]}}],"collection":[{"href":"https:\/\/aehm.es\/en\/wp-json\/wp\/v2\/posts"}],"about":[{"href":"https:\/\/aehm.es\/en\/wp-json\/wp\/v2\/types\/post"}],"author":[{"embeddable":true,"href":"https:\/\/aehm.es\/en\/wp-json\/wp\/v2\/users\/1"}],"replies":[{"embeddable":true,"href":"https:\/\/aehm.es\/en\/wp-json\/wp\/v2\/comments?post=2155"}],"version-history":[{"count":0,"href":"https:\/\/aehm.es\/en\/wp-json\/wp\/v2\/posts\/2155\/revisions"}],"wp:featuredmedia":[{"embeddable":true,"href":"https:\/\/aehm.es\/en\/wp-json\/wp\/v2\/media\/2156"}],"wp:attachment":[{"href":"https:\/\/aehm.es\/en\/wp-json\/wp\/v2\/media?parent=2155"}],"wp:term":[{"taxonomy":"category","embeddable":true,"href":"https:\/\/aehm.es\/en\/wp-json\/wp\/v2\/categories?post=2155"},{"taxonomy":"post_tag","embeddable":true,"href":"https:\/\/aehm.es\/en\/wp-json\/wp\/v2\/tags?post=2155"}],"curies":[{"name":"wp","href":"https:\/\/api.w.org\/{rel}","templated":true}]}}