{"id":21270,"date":"2025-09-26T08:26:42","date_gmt":"2025-09-26T08:26:42","guid":{"rendered":"https:\/\/aehm.es\/?p=21270"},"modified":"2025-09-26T09:02:18","modified_gmt":"2025-09-26T09:02:18","slug":"el-ayuntamiento-reconoce-a-gabriel-garcia-alonso-presidente-de-aehm-por-su-trayectoria-profesional","status":"publish","type":"post","link":"https:\/\/aehm.es\/en\/el-ayuntamiento-reconoce-a-gabriel-garcia-alonso-presidente-de-aehm-por-su-trayectoria-profesional\/","title":{"rendered":"El Ayuntamiento de Madrid reconoce a Gabriel Garc\u00eda Alonso, presidente de AEHM, por su trayectoria profesional"},"content":{"rendered":"<p><i><span style=\"font-weight: 400;\">Madrid, 26 de septiembre de 2025.- <\/span><\/i><b>Gabriel Garc\u00eda Alonso, presidente de la Asociaci\u00f3n Empresarial Hotelera de Madrid (AEHM), ha sido distinguido por el Ayuntamiento de Madrid con el \u201cReconocimiento a la trayectoria\u201d en el marco de la VI edici\u00f3n de los Reconocimientos de la ciudad al turismo de Madrid, coincidiendo con la celebraci\u00f3n del D\u00eda Mundial del Turismo.<\/b><\/p>\n<p><span style=\"font-weight: 400;\">El galard\u00f3n, entregado ayer por el alcalde de la capital, Jos\u00e9 Luis Mart\u00ednez-Almeida, durante una ceremonia celebrada en el Espacio Cultural Serrer\u00eda Belga, pone en valor m\u00e1s de cinco d\u00e9cadas de dedicaci\u00f3n a la actividad empresarial y el liderazgo asociativo en el sector del transporte y el turismo. El consistorio destac\u00f3, especialmente, su <\/span><b>contribuci\u00f3n al impulso del empleo, la excelencia y la reputaci\u00f3n tur\u00edstica de Madrid, as\u00ed como su papel fundamental en la proyecci\u00f3n nacional e internacional del destino<\/b><span style=\"font-weight: 400;\">.<\/span><\/p>\n<p><span style=\"font-weight: 400;\">Durante su intervenci\u00f3n, Garc\u00eda Alonso agradeci\u00f3 el reconocimiento, que consider\u00f3 <\/span><i><span style=\"font-weight: 400;\">\u201cun honor\u201d<\/span><\/i><span style=\"font-weight: 400;\">, y lo hizo extensivo a los equipos humanos de la Asociaci\u00f3n Empresarial Hotelera de Madrid, el Heritage Madrid Hotel, el Relais &amp; Ch\u00e2teaux Orfila y el Hotel Pr\u00edncipe P\u00edo, a los que sigue vinculado. Adem\u00e1s, atribuy\u00f3 el galard\u00f3n <\/span><b><i>\u201cal esfuerzo colectivo de un sector que ha hecho de Madrid un destino cada vez m\u00e1s competitivo, innovador y acogedor\u201d<\/i><\/b><span style=\"font-weight: 400;\"> y reafirm\u00f3 su compromiso de seguir contribuyendo a la construcci\u00f3n del turismo con prop\u00f3sito del que Madrid es el mejor ejemplo.<\/span><\/p>\n<p><span style=\"font-weight: 400;\">Presidente de la AEHM desde 2016, Gabriel Garc\u00eda Alonso es empresario hotelero y propietario de tres establecimientos en la capital. Ha ostentado numerosos cargos en el \u00e1mbito asociativo, como presidente de la Federaci\u00f3n Nacional Empresarial de Transporte en Autob\u00fas y de Relais &amp; Ch\u00e2teaux Espa\u00f1a y vicepresidente de ADEFAM. Asimismo, ha sido consejero del Comit\u00e9 Econ\u00f3mico y Social de la Uni\u00f3n Europea y consejero de Loewe. \u00a0 \u00a0 \u00a0 \u00a0 \u00a0 \u00a0 \u00a0 \u00a0 \u00a0 \u00a0 \u00a0 \u00a0 \u00a0 \u00a0 \u00a0 \u00a0 \u00a0 \u00a0 \u00a0 \u00a0 \u00a0 \u00a0 \u00a0 \u00a0 <\/span><span style=\"font-weight: 400;\">\u00a0.\u00a0 <\/span><span style=\"font-weight: 400;\">\u00a0\u00a0\u00a0\u00a0\u00a0\u00a0\u00a0\u00a0\u00a0\u00a0\u00a0\u00a0\u00a0\u00a0\u00a0\u00a0\u00a0\u00a0<\/span><span style=\"font-weight: 400;\"><br \/>\n<\/span><\/p>\n<p><span style=\"font-weight: 400;\">En la actualidad, es vicepresidente de CEIM y CEHAT, forma parte de la junta Rectora de IFEMA y es vocal de la Junta Directiva de Ibermutuamur, adem\u00e1s de miembro titular del Pleno de la C\u00e1mara de Comercio y vocal de la Junta Directiva del Instituto Tecnol\u00f3gico Hotelero (ITH).<\/span><\/p>\n<p><span style=\"font-weight: 400;\">Para la AEHM, la dedicaci\u00f3n, el compromiso y la visi\u00f3n de Gabriel Garc\u00eda Alonso suponen un ejemplo para las nuevas generaciones de profesionales del sector. La asociaci\u00f3n se congratula por este galard\u00f3n, que reconoce una trayectoria marcada por la excelencia y el impulso constante de la hoteler\u00eda madrile\u00f1a.<\/span><\/p>\n<figure id=\"attachment_21271\" aria-describedby=\"caption-attachment-21271\" style=\"width: 701px\" class=\"wp-caption alignnone\"><img fetchpriority=\"high\" decoding=\"async\" class=\" wp-image-21271\" src=\"https:\/\/aehm.es\/wp-content\/uploads\/2025\/09\/20250925MJB-ayi_0013-300x200.jpg\" alt=\"\" width=\"701\" height=\"467\" srcset=\"https:\/\/aehm.es\/wp-content\/uploads\/2025\/09\/20250925MJB-ayi_0013-300x200.jpg 300w, https:\/\/aehm.es\/wp-content\/uploads\/2025\/09\/20250925MJB-ayi_0013-1024x683.jpg 1024w, https:\/\/aehm.es\/wp-content\/uploads\/2025\/09\/20250925MJB-ayi_0013-768x512.jpg 768w, https:\/\/aehm.es\/wp-content\/uploads\/2025\/09\/20250925MJB-ayi_0013-1536x1024.jpg 1536w, https:\/\/aehm.es\/wp-content\/uploads\/2025\/09\/20250925MJB-ayi_0013-2048x1366.jpg 2048w\" sizes=\"(max-width: 701px) 100vw, 701px\" \/><figcaption id=\"caption-attachment-21271\" class=\"wp-caption-text\">\u00a9MIGUEL BERROCAL<\/figcaption><\/figure>\n","protected":false},"excerpt":{"rendered":"<p>Madrid, 26 de septiembre de 2025.- Gabriel Garc\u00eda Alonso, presidente de la Asociaci\u00f3n Empresarial Hotelera de Madrid (AEHM), ha sido distinguido por el Ayuntamiento de Madrid con el \u201cReconocimiento a la trayectoria\u201d en el marco de la VI edici\u00f3n de los Reconocimientos de la ciudad al turismo de Madrid, coincidiendo con la celebraci\u00f3n del D\u00eda [&hellip;]<\/p>\n","protected":false},"author":20,"featured_media":21274,"comment_status":"open","ping_status":"open","sticky":false,"template":"","format":"standard","meta":{"footnotes":""},"categories":[1],"tags":[],"class_list":["post-21270","post","type-post","status-publish","format-standard","has-post-thumbnail","hentry","category-actualidad-aehm"],"yoast_head":"<!-- This site is optimized with the Yoast SEO plugin v27.5 - https:\/\/yoast.com\/product\/yoast-seo-wordpress\/ -->\n<title>El Ayuntamiento de Madrid reconoce a Gabriel Garc\u00eda Alonso, presidente de AEHM, por su trayectoria profesional - AEHM<\/title>\n<meta name=\"description\" content=\"Gabriel Garc\u00eda Alonso, presidente de la AEHM, ha sido distinguido por el Ayuntamiento de Madrid con el \u201cReconocimiento a la trayectoria\u201d.\" \/>\n<meta name=\"robots\" content=\"index, follow, max-snippet:-1, max-image-preview:large, max-video-preview:-1\" \/>\n<link rel=\"canonical\" href=\"https:\/\/aehm.es\/el-ayuntamiento-reconoce-a-gabriel-garcia-alonso-presidente-de-aehm-por-su-trayectoria-profesional\/\" \/>\n<meta property=\"og:locale\" content=\"en_US\" \/>\n<meta property=\"og:type\" content=\"article\" \/>\n<meta property=\"og:title\" content=\"El Ayuntamiento reconoce a Gabriel Garc\u00eda Alonso, presidente de AEHM, por su trayectoria profesional\" \/>\n<meta property=\"og:description\" content=\"Gabriel Garc\u00eda Alonso, presidente de la Asociaci\u00f3n Empresarial Hotelera de Madrid (AEHM), ha sido distinguido por el Ayuntamiento de Madrid con el \u201cReconocimiento a la trayectoria\u201d en el marco de la VI edici\u00f3n de los Reconocimientos de la ciudad al turismo de Madrid, coincidiendo con la celebraci\u00f3n del D\u00eda Mundial del Turismo.\" \/>\n<meta property=\"og:url\" content=\"https:\/\/aehm.es\/el-ayuntamiento-reconoce-a-gabriel-garcia-alonso-presidente-de-aehm-por-su-trayectoria-profesional\/\" \/>\n<meta property=\"og:site_name\" content=\"AEHM\" \/>\n<meta property=\"article:publisher\" content=\"https:\/\/www.instagram.com\/hotelesdemadrid\/\" \/>\n<meta property=\"article:published_time\" content=\"2025-09-26T08:26:42+00:00\" \/>\n<meta property=\"article:modified_time\" content=\"2025-09-26T09:02:18+00:00\" \/>\n<meta property=\"og:image\" content=\"https:\/\/aehm.es\/wp-content\/uploads\/2025\/09\/NP_ReconocimientoTrayectoriaGabriel.png\" \/>\n\t<meta property=\"og:image:width\" content=\"1600\" \/>\n\t<meta property=\"og:image:height\" content=\"900\" \/>\n\t<meta property=\"og:image:type\" content=\"image\/png\" \/>\n<meta name=\"author\" content=\"Laura Sarria\" \/>\n<meta name=\"twitter:card\" content=\"summary_large_image\" \/>\n<meta name=\"twitter:creator\" content=\"@HotelesAEHM\" \/>\n<meta name=\"twitter:site\" content=\"@HotelesAEHM\" \/>\n<meta name=\"twitter:label1\" content=\"Written by\" \/>\n\t<meta name=\"twitter:data1\" content=\"Laura Sarria\" \/>\n\t<meta name=\"twitter:label2\" content=\"Est. reading time\" \/>\n\t<meta name=\"twitter:data2\" content=\"3 minutes\" \/>\n<script type=\"application\/ld+json\" class=\"yoast-schema-graph\">{\"@context\":\"https:\\\/\\\/schema.org\",\"@graph\":[{\"@type\":\"Article\",\"@id\":\"https:\\\/\\\/aehm.es\\\/el-ayuntamiento-reconoce-a-gabriel-garcia-alonso-presidente-de-aehm-por-su-trayectoria-profesional\\\/#article\",\"isPartOf\":{\"@id\":\"https:\\\/\\\/aehm.es\\\/el-ayuntamiento-reconoce-a-gabriel-garcia-alonso-presidente-de-aehm-por-su-trayectoria-profesional\\\/\"},\"author\":{\"name\":\"Laura Sarria\",\"@id\":\"https:\\\/\\\/aehm.es\\\/#\\\/schema\\\/person\\\/a11ff5e10daf701bc492cd7a4e624215\"},\"headline\":\"El Ayuntamiento de Madrid reconoce a Gabriel Garc\u00eda Alonso, presidente de AEHM, por su trayectoria profesional\",\"datePublished\":\"2025-09-26T08:26:42+00:00\",\"dateModified\":\"2025-09-26T09:02:18+00:00\",\"mainEntityOfPage\":{\"@id\":\"https:\\\/\\\/aehm.es\\\/el-ayuntamiento-reconoce-a-gabriel-garcia-alonso-presidente-de-aehm-por-su-trayectoria-profesional\\\/\"},\"wordCount\":457,\"commentCount\":0,\"publisher\":{\"@id\":\"https:\\\/\\\/aehm.es\\\/#organization\"},\"image\":{\"@id\":\"https:\\\/\\\/aehm.es\\\/el-ayuntamiento-reconoce-a-gabriel-garcia-alonso-presidente-de-aehm-por-su-trayectoria-profesional\\\/#primaryimage\"},\"thumbnailUrl\":\"https:\\\/\\\/aehm.es\\\/wp-content\\\/uploads\\\/2025\\\/09\\\/NP_Dest_ReconocimientoTrayectoriaGabriel.png\",\"articleSection\":[\"Actualidad AEHM\"],\"inLanguage\":\"en-US\",\"potentialAction\":[{\"@type\":\"CommentAction\",\"name\":\"Comment\",\"target\":[\"https:\\\/\\\/aehm.es\\\/el-ayuntamiento-reconoce-a-gabriel-garcia-alonso-presidente-de-aehm-por-su-trayectoria-profesional\\\/#respond\"]}]},{\"@type\":\"WebPage\",\"@id\":\"https:\\\/\\\/aehm.es\\\/el-ayuntamiento-reconoce-a-gabriel-garcia-alonso-presidente-de-aehm-por-su-trayectoria-profesional\\\/\",\"url\":\"https:\\\/\\\/aehm.es\\\/el-ayuntamiento-reconoce-a-gabriel-garcia-alonso-presidente-de-aehm-por-su-trayectoria-profesional\\\/\",\"name\":\"El Ayuntamiento de Madrid reconoce a Gabriel Garc\u00eda Alonso, presidente de AEHM, por su trayectoria profesional - AEHM\",\"isPartOf\":{\"@id\":\"https:\\\/\\\/aehm.es\\\/#website\"},\"primaryImageOfPage\":{\"@id\":\"https:\\\/\\\/aehm.es\\\/el-ayuntamiento-reconoce-a-gabriel-garcia-alonso-presidente-de-aehm-por-su-trayectoria-profesional\\\/#primaryimage\"},\"image\":{\"@id\":\"https:\\\/\\\/aehm.es\\\/el-ayuntamiento-reconoce-a-gabriel-garcia-alonso-presidente-de-aehm-por-su-trayectoria-profesional\\\/#primaryimage\"},\"thumbnailUrl\":\"https:\\\/\\\/aehm.es\\\/wp-content\\\/uploads\\\/2025\\\/09\\\/NP_Dest_ReconocimientoTrayectoriaGabriel.png\",\"datePublished\":\"2025-09-26T08:26:42+00:00\",\"dateModified\":\"2025-09-26T09:02:18+00:00\",\"description\":\"Gabriel Garc\u00eda Alonso, presidente de la AEHM, ha sido distinguido por el Ayuntamiento de Madrid con el \u201cReconocimiento a la trayectoria\u201d.\",\"breadcrumb\":{\"@id\":\"https:\\\/\\\/aehm.es\\\/el-ayuntamiento-reconoce-a-gabriel-garcia-alonso-presidente-de-aehm-por-su-trayectoria-profesional\\\/#breadcrumb\"},\"inLanguage\":\"en-US\",\"potentialAction\":[{\"@type\":\"ReadAction\",\"target\":[\"https:\\\/\\\/aehm.es\\\/el-ayuntamiento-reconoce-a-gabriel-garcia-alonso-presidente-de-aehm-por-su-trayectoria-profesional\\\/\"]}]},{\"@type\":\"ImageObject\",\"inLanguage\":\"en-US\",\"@id\":\"https:\\\/\\\/aehm.es\\\/el-ayuntamiento-reconoce-a-gabriel-garcia-alonso-presidente-de-aehm-por-su-trayectoria-profesional\\\/#primaryimage\",\"url\":\"https:\\\/\\\/aehm.es\\\/wp-content\\\/uploads\\\/2025\\\/09\\\/NP_Dest_ReconocimientoTrayectoriaGabriel.png\",\"contentUrl\":\"https:\\\/\\\/aehm.es\\\/wp-content\\\/uploads\\\/2025\\\/09\\\/NP_Dest_ReconocimientoTrayectoriaGabriel.png\",\"width\":768,\"height\":550},{\"@type\":\"BreadcrumbList\",\"@id\":\"https:\\\/\\\/aehm.es\\\/el-ayuntamiento-reconoce-a-gabriel-garcia-alonso-presidente-de-aehm-por-su-trayectoria-profesional\\\/#breadcrumb\",\"itemListElement\":[{\"@type\":\"ListItem\",\"position\":1,\"name\":\"Portada\",\"item\":\"https:\\\/\\\/aehm.es\\\/en\\\/\"},{\"@type\":\"ListItem\",\"position\":2,\"name\":\"El Ayuntamiento de Madrid reconoce a Gabriel Garc\u00eda Alonso, presidente de AEHM, por su trayectoria profesional\"}]},{\"@type\":\"WebSite\",\"@id\":\"https:\\\/\\\/aehm.es\\\/#website\",\"url\":\"https:\\\/\\\/aehm.es\\\/\",\"name\":\"Asociaci\u00f3n Empresarial Hotelera de Madrid\",\"description\":\"La Asociaci\u00f3n Empresarial Hotelera Madrid est\u00e1 formada por m\u00e1s de 300 establecimientos de todas las categor\u00edas y tipolog\u00edas (hoteles, hostales, hostels, apartamentos\u2026) que suman m\u00e1s de 75.000 plazas de alojamiento.\",\"publisher\":{\"@id\":\"https:\\\/\\\/aehm.es\\\/#organization\"},\"alternateName\":\"AEHM\",\"potentialAction\":[{\"@type\":\"SearchAction\",\"target\":{\"@type\":\"EntryPoint\",\"urlTemplate\":\"https:\\\/\\\/aehm.es\\\/?s={search_term_string}\"},\"query-input\":{\"@type\":\"PropertyValueSpecification\",\"valueRequired\":true,\"valueName\":\"search_term_string\"}}],\"inLanguage\":\"en-US\"},{\"@type\":\"Organization\",\"@id\":\"https:\\\/\\\/aehm.es\\\/#organization\",\"name\":\"Asociaci\u00f3n Empresarial Hotelera de Madrid\",\"url\":\"https:\\\/\\\/aehm.es\\\/\",\"logo\":{\"@type\":\"ImageObject\",\"inLanguage\":\"en-US\",\"@id\":\"https:\\\/\\\/aehm.es\\\/#\\\/schema\\\/logo\\\/image\\\/\",\"url\":\"https:\\\/\\\/aehm.es\\\/wp-content\\\/uploads\\\/2021\\\/11\\\/Logo_AEHM_Horiz.png\",\"contentUrl\":\"https:\\\/\\\/aehm.es\\\/wp-content\\\/uploads\\\/2021\\\/11\\\/Logo_AEHM_Horiz.png\",\"width\":600,\"height\":182,\"caption\":\"Asociaci\u00f3n Empresarial Hotelera de Madrid\"},\"image\":{\"@id\":\"https:\\\/\\\/aehm.es\\\/#\\\/schema\\\/logo\\\/image\\\/\"},\"sameAs\":[\"https:\\\/\\\/www.instagram.com\\\/hotelesdemadrid\\\/\",\"https:\\\/\\\/x.com\\\/HotelesAEHM\",\"https:\\\/\\\/www.linkedin.com\\\/company\\\/11166072\\\/\"]},{\"@type\":\"Person\",\"@id\":\"https:\\\/\\\/aehm.es\\\/#\\\/schema\\\/person\\\/a11ff5e10daf701bc492cd7a4e624215\",\"name\":\"Laura Sarria\",\"image\":{\"@type\":\"ImageObject\",\"inLanguage\":\"en-US\",\"@id\":\"https:\\\/\\\/secure.gravatar.com\\\/avatar\\\/4ef4b0f260923823a97f1e823b29d340c5e8606b68a4dc4288a7ccd66262c35b?s=96&d=mm&r=g\",\"url\":\"https:\\\/\\\/secure.gravatar.com\\\/avatar\\\/4ef4b0f260923823a97f1e823b29d340c5e8606b68a4dc4288a7ccd66262c35b?s=96&d=mm&r=g\",\"contentUrl\":\"https:\\\/\\\/secure.gravatar.com\\\/avatar\\\/4ef4b0f260923823a97f1e823b29d340c5e8606b68a4dc4288a7ccd66262c35b?s=96&d=mm&r=g\",\"caption\":\"Laura Sarria\"},\"url\":\"https:\\\/\\\/aehm.es\\\/en\\\/author\\\/laura-sarria\\\/\"}]}<\/script>\n<!-- \/ Yoast SEO plugin. -->","yoast_head_json":{"title":"El Ayuntamiento de Madrid reconoce a Gabriel Garc\u00eda Alonso, presidente de AEHM, por su trayectoria profesional - AEHM","description":"Gabriel Garc\u00eda Alonso, presidente de la AEHM, ha sido distinguido por el Ayuntamiento de Madrid con el \u201cReconocimiento a la trayectoria\u201d.","robots":{"index":"index","follow":"follow","max-snippet":"max-snippet:-1","max-image-preview":"max-image-preview:large","max-video-preview":"max-video-preview:-1"},"canonical":"https:\/\/aehm.es\/el-ayuntamiento-reconoce-a-gabriel-garcia-alonso-presidente-de-aehm-por-su-trayectoria-profesional\/","og_locale":"en_US","og_type":"article","og_title":"El Ayuntamiento reconoce a Gabriel Garc\u00eda Alonso, presidente de AEHM, por su trayectoria profesional","og_description":"Gabriel Garc\u00eda Alonso, presidente de la Asociaci\u00f3n Empresarial Hotelera de Madrid (AEHM), ha sido distinguido por el Ayuntamiento de Madrid con el \u201cReconocimiento a la trayectoria\u201d en el marco de la VI edici\u00f3n de los Reconocimientos de la ciudad al turismo de Madrid, coincidiendo con la celebraci\u00f3n del D\u00eda Mundial del Turismo.","og_url":"https:\/\/aehm.es\/el-ayuntamiento-reconoce-a-gabriel-garcia-alonso-presidente-de-aehm-por-su-trayectoria-profesional\/","og_site_name":"AEHM","article_publisher":"https:\/\/www.instagram.com\/hotelesdemadrid\/","article_published_time":"2025-09-26T08:26:42+00:00","article_modified_time":"2025-09-26T09:02:18+00:00","og_image":[{"width":1600,"height":900,"url":"https:\/\/aehm.es\/wp-content\/uploads\/2025\/09\/NP_ReconocimientoTrayectoriaGabriel.png","type":"image\/png"}],"author":"Laura Sarria","twitter_card":"summary_large_image","twitter_creator":"@HotelesAEHM","twitter_site":"@HotelesAEHM","twitter_misc":{"Written by":"Laura Sarria","Est. reading time":"3 minutes"},"schema":{"@context":"https:\/\/schema.org","@graph":[{"@type":"Article","@id":"https:\/\/aehm.es\/el-ayuntamiento-reconoce-a-gabriel-garcia-alonso-presidente-de-aehm-por-su-trayectoria-profesional\/#article","isPartOf":{"@id":"https:\/\/aehm.es\/el-ayuntamiento-reconoce-a-gabriel-garcia-alonso-presidente-de-aehm-por-su-trayectoria-profesional\/"},"author":{"name":"Laura Sarria","@id":"https:\/\/aehm.es\/#\/schema\/person\/a11ff5e10daf701bc492cd7a4e624215"},"headline":"El Ayuntamiento de Madrid reconoce a Gabriel Garc\u00eda Alonso, presidente de AEHM, por su trayectoria profesional","datePublished":"2025-09-26T08:26:42+00:00","dateModified":"2025-09-26T09:02:18+00:00","mainEntityOfPage":{"@id":"https:\/\/aehm.es\/el-ayuntamiento-reconoce-a-gabriel-garcia-alonso-presidente-de-aehm-por-su-trayectoria-profesional\/"},"wordCount":457,"commentCount":0,"publisher":{"@id":"https:\/\/aehm.es\/#organization"},"image":{"@id":"https:\/\/aehm.es\/el-ayuntamiento-reconoce-a-gabriel-garcia-alonso-presidente-de-aehm-por-su-trayectoria-profesional\/#primaryimage"},"thumbnailUrl":"https:\/\/aehm.es\/wp-content\/uploads\/2025\/09\/NP_Dest_ReconocimientoTrayectoriaGabriel.png","articleSection":["Actualidad AEHM"],"inLanguage":"en-US","potentialAction":[{"@type":"CommentAction","name":"Comment","target":["https:\/\/aehm.es\/el-ayuntamiento-reconoce-a-gabriel-garcia-alonso-presidente-de-aehm-por-su-trayectoria-profesional\/#respond"]}]},{"@type":"WebPage","@id":"https:\/\/aehm.es\/el-ayuntamiento-reconoce-a-gabriel-garcia-alonso-presidente-de-aehm-por-su-trayectoria-profesional\/","url":"https:\/\/aehm.es\/el-ayuntamiento-reconoce-a-gabriel-garcia-alonso-presidente-de-aehm-por-su-trayectoria-profesional\/","name":"El Ayuntamiento de Madrid reconoce a Gabriel Garc\u00eda Alonso, presidente de AEHM, por su trayectoria profesional - AEHM","isPartOf":{"@id":"https:\/\/aehm.es\/#website"},"primaryImageOfPage":{"@id":"https:\/\/aehm.es\/el-ayuntamiento-reconoce-a-gabriel-garcia-alonso-presidente-de-aehm-por-su-trayectoria-profesional\/#primaryimage"},"image":{"@id":"https:\/\/aehm.es\/el-ayuntamiento-reconoce-a-gabriel-garcia-alonso-presidente-de-aehm-por-su-trayectoria-profesional\/#primaryimage"},"thumbnailUrl":"https:\/\/aehm.es\/wp-content\/uploads\/2025\/09\/NP_Dest_ReconocimientoTrayectoriaGabriel.png","datePublished":"2025-09-26T08:26:42+00:00","dateModified":"2025-09-26T09:02:18+00:00","description":"Gabriel Garc\u00eda Alonso, presidente de la AEHM, ha sido distinguido por el Ayuntamiento de Madrid con el \u201cReconocimiento a la trayectoria\u201d.","breadcrumb":{"@id":"https:\/\/aehm.es\/el-ayuntamiento-reconoce-a-gabriel-garcia-alonso-presidente-de-aehm-por-su-trayectoria-profesional\/#breadcrumb"},"inLanguage":"en-US","potentialAction":[{"@type":"ReadAction","target":["https:\/\/aehm.es\/el-ayuntamiento-reconoce-a-gabriel-garcia-alonso-presidente-de-aehm-por-su-trayectoria-profesional\/"]}]},{"@type":"ImageObject","inLanguage":"en-US","@id":"https:\/\/aehm.es\/el-ayuntamiento-reconoce-a-gabriel-garcia-alonso-presidente-de-aehm-por-su-trayectoria-profesional\/#primaryimage","url":"https:\/\/aehm.es\/wp-content\/uploads\/2025\/09\/NP_Dest_ReconocimientoTrayectoriaGabriel.png","contentUrl":"https:\/\/aehm.es\/wp-content\/uploads\/2025\/09\/NP_Dest_ReconocimientoTrayectoriaGabriel.png","width":768,"height":550},{"@type":"BreadcrumbList","@id":"https:\/\/aehm.es\/el-ayuntamiento-reconoce-a-gabriel-garcia-alonso-presidente-de-aehm-por-su-trayectoria-profesional\/#breadcrumb","itemListElement":[{"@type":"ListItem","position":1,"name":"Portada","item":"https:\/\/aehm.es\/en\/"},{"@type":"ListItem","position":2,"name":"El Ayuntamiento de Madrid reconoce a Gabriel Garc\u00eda Alonso, presidente de AEHM, por su trayectoria profesional"}]},{"@type":"WebSite","@id":"https:\/\/aehm.es\/#website","url":"https:\/\/aehm.es\/","name":"Asociaci\u00f3n Empresarial Hotelera de Madrid","description":"La Asociaci\u00f3n Empresarial Hotelera Madrid est\u00e1 formada por m\u00e1s de 300 establecimientos de todas las categor\u00edas y tipolog\u00edas (hoteles, hostales, hostels, apartamentos\u2026) que suman m\u00e1s de 75.000 plazas de alojamiento.","publisher":{"@id":"https:\/\/aehm.es\/#organization"},"alternateName":"AEHM","potentialAction":[{"@type":"SearchAction","target":{"@type":"EntryPoint","urlTemplate":"https:\/\/aehm.es\/?s={search_term_string}"},"query-input":{"@type":"PropertyValueSpecification","valueRequired":true,"valueName":"search_term_string"}}],"inLanguage":"en-US"},{"@type":"Organization","@id":"https:\/\/aehm.es\/#organization","name":"Asociaci\u00f3n Empresarial Hotelera de Madrid","url":"https:\/\/aehm.es\/","logo":{"@type":"ImageObject","inLanguage":"en-US","@id":"https:\/\/aehm.es\/#\/schema\/logo\/image\/","url":"https:\/\/aehm.es\/wp-content\/uploads\/2021\/11\/Logo_AEHM_Horiz.png","contentUrl":"https:\/\/aehm.es\/wp-content\/uploads\/2021\/11\/Logo_AEHM_Horiz.png","width":600,"height":182,"caption":"Asociaci\u00f3n Empresarial Hotelera de Madrid"},"image":{"@id":"https:\/\/aehm.es\/#\/schema\/logo\/image\/"},"sameAs":["https:\/\/www.instagram.com\/hotelesdemadrid\/","https:\/\/x.com\/HotelesAEHM","https:\/\/www.linkedin.com\/company\/11166072\/"]},{"@type":"Person","@id":"https:\/\/aehm.es\/#\/schema\/person\/a11ff5e10daf701bc492cd7a4e624215","name":"Laura Sarria","image":{"@type":"ImageObject","inLanguage":"en-US","@id":"https:\/\/secure.gravatar.com\/avatar\/4ef4b0f260923823a97f1e823b29d340c5e8606b68a4dc4288a7ccd66262c35b?s=96&d=mm&r=g","url":"https:\/\/secure.gravatar.com\/avatar\/4ef4b0f260923823a97f1e823b29d340c5e8606b68a4dc4288a7ccd66262c35b?s=96&d=mm&r=g","contentUrl":"https:\/\/secure.gravatar.com\/avatar\/4ef4b0f260923823a97f1e823b29d340c5e8606b68a4dc4288a7ccd66262c35b?s=96&d=mm&r=g","caption":"Laura Sarria"},"url":"https:\/\/aehm.es\/en\/author\/laura-sarria\/"}]}},"_links":{"self":[{"href":"https:\/\/aehm.es\/en\/wp-json\/wp\/v2\/posts\/21270","targetHints":{"allow":["GET"]}}],"collection":[{"href":"https:\/\/aehm.es\/en\/wp-json\/wp\/v2\/posts"}],"about":[{"href":"https:\/\/aehm.es\/en\/wp-json\/wp\/v2\/types\/post"}],"author":[{"embeddable":true,"href":"https:\/\/aehm.es\/en\/wp-json\/wp\/v2\/users\/20"}],"replies":[{"embeddable":true,"href":"https:\/\/aehm.es\/en\/wp-json\/wp\/v2\/comments?post=21270"}],"version-history":[{"count":3,"href":"https:\/\/aehm.es\/en\/wp-json\/wp\/v2\/posts\/21270\/revisions"}],"predecessor-version":[{"id":21279,"href":"https:\/\/aehm.es\/en\/wp-json\/wp\/v2\/posts\/21270\/revisions\/21279"}],"wp:featuredmedia":[{"embeddable":true,"href":"https:\/\/aehm.es\/en\/wp-json\/wp\/v2\/media\/21274"}],"wp:attachment":[{"href":"https:\/\/aehm.es\/en\/wp-json\/wp\/v2\/media?parent=21270"}],"wp:term":[{"taxonomy":"category","embeddable":true,"href":"https:\/\/aehm.es\/en\/wp-json\/wp\/v2\/categories?post=21270"},{"taxonomy":"post_tag","embeddable":true,"href":"https:\/\/aehm.es\/en\/wp-json\/wp\/v2\/tags?post=21270"}],"curies":[{"name":"wp","href":"https:\/\/api.w.org\/{rel}","templated":true}]}}