{"id":20649,"date":"2025-05-09T10:32:56","date_gmt":"2025-05-09T10:32:56","guid":{"rendered":"https:\/\/aehm.es\/?p=20649"},"modified":"2025-05-09T10:32:56","modified_gmt":"2025-05-09T10:32:56","slug":"la-aehm-manifiesta-su-rechazo-al-proyecto-de-ley-sobre-la-reduccion-de-la-jornada-laboral","status":"publish","type":"post","link":"https:\/\/aehm.es\/en\/la-aehm-manifiesta-su-rechazo-al-proyecto-de-ley-sobre-la-reduccion-de-la-jornada-laboral\/","title":{"rendered":"La AEHM manifiesta su rechazo al proyecto de Ley sobre la reducci\u00f3n de la jornada laboral"},"content":{"rendered":"<ul>\n<li><b><span data-olk-copy-source=\"MessageBody\">La Asociaci\u00f3n Empresarial Hotelera de Madrid (AEHM) quiere expresar su rechazo al proyecto de Ley sobre la reducci\u00f3n de la jornada laboral que el Consejo de ministros aprob\u00f3 el pasado martes y que pr\u00f3ximamente habr\u00e1 de ser refrendado por el Congreso.<\/span><\/b><\/li>\n<\/ul>\n<p>&nbsp;<\/p>\n<p><i>Madrid, 9 de mayo de 2025.-\u00a0<\/i>La\u00a0<a title=\"https:\/\/aehm.es\/\" href=\"https:\/\/aehm.es\/\" data-auth=\"NotApplicable\" data-linkindex=\"2\"><b>Asociaci\u00f3n Empresarial Hotelera de Madrid (AEHM)<\/b><\/a>, en consonancia con la Confederaci\u00f3n Espa\u00f1ola de Hoteles y Alojamientos Tur\u00edsticos (CEHAT), de la cual es miembro, expresa su desacuerdo con el proyecto de Ley sobre la reducci\u00f3n de la jornada ordinaria de trabajo y la garant\u00eda del registro de jornada y el derecho a la desconexi\u00f3n y que pretende alterar la duraci\u00f3n m\u00e1xima de la jornada ordinaria de trabajo efectivo de promedio en c\u00f3mputo anual de 40 a 37,5 horas.<\/p>\n<p>Resulta obligado advertir sobre el grave impacto que la aprobaci\u00f3n de esta norma tendr\u00eda sobre la actividad econ\u00f3mica y, en especial, sobre el empleo, con\u00a0<b>especial incidencia en las peque\u00f1as y medianas empresas del sector hotelero.<\/b><\/p>\n<p>En 2024 el turismo gener\u00f3 un\u00a0<b>impacto de 25.052 millones de euros<\/b>\u00a0en la Comunidad de Madrid, un\u00a0<b>8,6% del total del PIB regional<\/b>, y un a\u00f1o antes ya generaba 286837 puestos de trabajo, un 7,6% del total del empleo de la Comunidad, seg\u00fan datos del Estudio del impacto econ\u00f3mico del turismo sobre la econom\u00eda y el empleo de la Comunidad de Madrid publicado por Exceltur.<\/p>\n<p>Seg\u00fan el\u00a0<b>An\u00e1lisis del impacto de la propuesta de reducci\u00f3n jornada laboral m\u00e1xima legal en las empresas de actividades econ\u00f3micas relacionadas con el turismo<\/b>\u00a0publicado por\u00a0<b>Exceltur\u00a0<\/b>en mayo de 2024, la implementaci\u00f3n de la jornada laboral implicar\u00eda una reducci\u00f3n de\u00a0<b>5,7 millones de horas semanales<\/b>\u00a0de trabajadores asalariados, de las que un 75,4% no son compensables con un uso eficiente del tiempo.<\/p>\n<p>As\u00ed, la reducci\u00f3n de la jornada tendr\u00eda un coste anual de\u00a0<b>2.348 millones de euros<\/b>\u00a0derivados de la necesidad de suplir las horas reducidas no compensables siempre que se dispusiera de trabajadores con la formaci\u00f3n necesaria. Este coste supondr\u00eda un\u00a0<b>incremento medio del 4,9% de los costes laborales totales<\/b>\u00a0de las empresas tur\u00edsticas y una\u00a0<b>reducci\u00f3n media del 8,1 de los excedentes brutos de explotaci\u00f3n<\/b>. En el caso del sector hotelero, supondr\u00eda un impacto de\u00a0<b>403 millones de euros<\/b>.<\/p>\n<p>La imposici\u00f3n de la reducci\u00f3n de la jornada laboral para dar cumplimiento a un acuerdo pol\u00edtico y situar la jornada m\u00e1xima legal por debajo de la jornada promedio ya pactada en los convenios representa adem\u00e1s un obst\u00e1culo para la negociaci\u00f3n colectiva, pilar de la estabilidad econ\u00f3mica y la paz social, y pone en riesgo las propias negociaciones.<\/p>\n<p>Por todas las razones expuestas, la AEHM apela a la responsabilidad de los parlamentarios para que tengan en cuenta la dimensi\u00f3n econ\u00f3mica de la normativa, con el objetivo de que no prospere.<\/p>\n","protected":false},"excerpt":{"rendered":"<p>La Asociaci\u00f3n Empresarial Hotelera de Madrid (AEHM) quiere expresar su rechazo al proyecto de Ley sobre la reducci\u00f3n de la jornada laboral que el Consejo de ministros aprob\u00f3 el pasado martes y que pr\u00f3ximamente habr\u00e1 de ser refrendado por el Congreso. &nbsp; Madrid, 9 de mayo de 2025.-\u00a0La\u00a0Asociaci\u00f3n Empresarial Hotelera de Madrid (AEHM), en consonancia [&hellip;]<\/p>\n","protected":false},"author":20,"featured_media":19489,"comment_status":"open","ping_status":"open","sticky":false,"template":"","format":"standard","meta":{"footnotes":""},"categories":[1],"tags":[],"class_list":["post-20649","post","type-post","status-publish","format-standard","has-post-thumbnail","hentry","category-actualidad-aehm"],"yoast_head":"<!-- This site is optimized with the Yoast SEO plugin v27.5 - https:\/\/yoast.com\/product\/yoast-seo-wordpress\/ -->\n<title>La AEHM manifiesta su rechazo al proyecto de Ley sobre la reducci\u00f3n de la jornada laboral - AEHM<\/title>\n<meta name=\"description\" content=\"La AEHM quiere expresar su rechazo al proyecto de Ley sobre la reducci\u00f3n de la jornada laboral a 37,5 horas.\" \/>\n<meta name=\"robots\" content=\"index, follow, max-snippet:-1, max-image-preview:large, max-video-preview:-1\" \/>\n<link rel=\"canonical\" href=\"https:\/\/aehm.es\/la-aehm-manifiesta-su-rechazo-al-proyecto-de-ley-sobre-la-reduccion-de-la-jornada-laboral\/\" \/>\n<meta property=\"og:locale\" content=\"en_US\" \/>\n<meta property=\"og:type\" content=\"article\" \/>\n<meta property=\"og:title\" content=\"La AEHM manifiesta su rechazo al proyecto de Ley sobre la reducci\u00f3n de la jornada laboral\" \/>\n<meta property=\"og:description\" content=\"La AEHM quiere expresar su rechazo al proyecto de Ley sobre la reducci\u00f3n de la jornada laboral a 37,5 horas.\" \/>\n<meta property=\"og:url\" content=\"https:\/\/aehm.es\/la-aehm-manifiesta-su-rechazo-al-proyecto-de-ley-sobre-la-reduccion-de-la-jornada-laboral\/\" \/>\n<meta property=\"og:site_name\" content=\"AEHM\" \/>\n<meta property=\"article:publisher\" content=\"https:\/\/www.instagram.com\/hotelesdemadrid\/\" \/>\n<meta property=\"article:published_time\" content=\"2025-05-09T10:32:56+00:00\" \/>\n<meta property=\"og:image\" content=\"https:\/\/aehm.es\/wp-content\/uploads\/2024\/11\/Logo-AEHM-comunidados-2024.jpg\" \/>\n\t<meta property=\"og:image:width\" content=\"810\" \/>\n\t<meta property=\"og:image:height\" content=\"450\" \/>\n\t<meta property=\"og:image:type\" content=\"image\/jpeg\" \/>\n<meta name=\"author\" content=\"Laura Sarria\" \/>\n<meta name=\"twitter:card\" content=\"summary_large_image\" \/>\n<meta name=\"twitter:creator\" content=\"@HotelesAEHM\" \/>\n<meta name=\"twitter:site\" content=\"@HotelesAEHM\" \/>\n<meta name=\"twitter:label1\" content=\"Written by\" \/>\n\t<meta name=\"twitter:data1\" content=\"Laura Sarria\" \/>\n\t<meta name=\"twitter:label2\" content=\"Est. reading time\" \/>\n\t<meta name=\"twitter:data2\" content=\"3 minutes\" \/>\n<script type=\"application\/ld+json\" class=\"yoast-schema-graph\">{\"@context\":\"https:\\\/\\\/schema.org\",\"@graph\":[{\"@type\":\"Article\",\"@id\":\"https:\\\/\\\/aehm.es\\\/la-aehm-manifiesta-su-rechazo-al-proyecto-de-ley-sobre-la-reduccion-de-la-jornada-laboral\\\/#article\",\"isPartOf\":{\"@id\":\"https:\\\/\\\/aehm.es\\\/la-aehm-manifiesta-su-rechazo-al-proyecto-de-ley-sobre-la-reduccion-de-la-jornada-laboral\\\/\"},\"author\":{\"name\":\"Laura Sarria\",\"@id\":\"https:\\\/\\\/aehm.es\\\/#\\\/schema\\\/person\\\/a11ff5e10daf701bc492cd7a4e624215\"},\"headline\":\"La AEHM manifiesta su rechazo al proyecto de Ley sobre la reducci\u00f3n de la jornada laboral\",\"datePublished\":\"2025-05-09T10:32:56+00:00\",\"mainEntityOfPage\":{\"@id\":\"https:\\\/\\\/aehm.es\\\/la-aehm-manifiesta-su-rechazo-al-proyecto-de-ley-sobre-la-reduccion-de-la-jornada-laboral\\\/\"},\"wordCount\":508,\"commentCount\":0,\"publisher\":{\"@id\":\"https:\\\/\\\/aehm.es\\\/#organization\"},\"image\":{\"@id\":\"https:\\\/\\\/aehm.es\\\/la-aehm-manifiesta-su-rechazo-al-proyecto-de-ley-sobre-la-reduccion-de-la-jornada-laboral\\\/#primaryimage\"},\"thumbnailUrl\":\"https:\\\/\\\/aehm.es\\\/wp-content\\\/uploads\\\/2024\\\/11\\\/Logo-AEHM-comunidados-2024.jpg\",\"articleSection\":[\"Actualidad AEHM\"],\"inLanguage\":\"en-US\",\"potentialAction\":[{\"@type\":\"CommentAction\",\"name\":\"Comment\",\"target\":[\"https:\\\/\\\/aehm.es\\\/la-aehm-manifiesta-su-rechazo-al-proyecto-de-ley-sobre-la-reduccion-de-la-jornada-laboral\\\/#respond\"]}]},{\"@type\":\"WebPage\",\"@id\":\"https:\\\/\\\/aehm.es\\\/la-aehm-manifiesta-su-rechazo-al-proyecto-de-ley-sobre-la-reduccion-de-la-jornada-laboral\\\/\",\"url\":\"https:\\\/\\\/aehm.es\\\/la-aehm-manifiesta-su-rechazo-al-proyecto-de-ley-sobre-la-reduccion-de-la-jornada-laboral\\\/\",\"name\":\"La AEHM manifiesta su rechazo al proyecto de Ley sobre la reducci\u00f3n de la jornada laboral - AEHM\",\"isPartOf\":{\"@id\":\"https:\\\/\\\/aehm.es\\\/#website\"},\"primaryImageOfPage\":{\"@id\":\"https:\\\/\\\/aehm.es\\\/la-aehm-manifiesta-su-rechazo-al-proyecto-de-ley-sobre-la-reduccion-de-la-jornada-laboral\\\/#primaryimage\"},\"image\":{\"@id\":\"https:\\\/\\\/aehm.es\\\/la-aehm-manifiesta-su-rechazo-al-proyecto-de-ley-sobre-la-reduccion-de-la-jornada-laboral\\\/#primaryimage\"},\"thumbnailUrl\":\"https:\\\/\\\/aehm.es\\\/wp-content\\\/uploads\\\/2024\\\/11\\\/Logo-AEHM-comunidados-2024.jpg\",\"datePublished\":\"2025-05-09T10:32:56+00:00\",\"description\":\"La AEHM quiere expresar su rechazo al proyecto de Ley sobre la reducci\u00f3n de la jornada laboral a 37,5 horas.\",\"breadcrumb\":{\"@id\":\"https:\\\/\\\/aehm.es\\\/la-aehm-manifiesta-su-rechazo-al-proyecto-de-ley-sobre-la-reduccion-de-la-jornada-laboral\\\/#breadcrumb\"},\"inLanguage\":\"en-US\",\"potentialAction\":[{\"@type\":\"ReadAction\",\"target\":[\"https:\\\/\\\/aehm.es\\\/la-aehm-manifiesta-su-rechazo-al-proyecto-de-ley-sobre-la-reduccion-de-la-jornada-laboral\\\/\"]}]},{\"@type\":\"ImageObject\",\"inLanguage\":\"en-US\",\"@id\":\"https:\\\/\\\/aehm.es\\\/la-aehm-manifiesta-su-rechazo-al-proyecto-de-ley-sobre-la-reduccion-de-la-jornada-laboral\\\/#primaryimage\",\"url\":\"https:\\\/\\\/aehm.es\\\/wp-content\\\/uploads\\\/2024\\\/11\\\/Logo-AEHM-comunidados-2024.jpg\",\"contentUrl\":\"https:\\\/\\\/aehm.es\\\/wp-content\\\/uploads\\\/2024\\\/11\\\/Logo-AEHM-comunidados-2024.jpg\",\"width\":810,\"height\":450},{\"@type\":\"BreadcrumbList\",\"@id\":\"https:\\\/\\\/aehm.es\\\/la-aehm-manifiesta-su-rechazo-al-proyecto-de-ley-sobre-la-reduccion-de-la-jornada-laboral\\\/#breadcrumb\",\"itemListElement\":[{\"@type\":\"ListItem\",\"position\":1,\"name\":\"Portada\",\"item\":\"https:\\\/\\\/aehm.es\\\/en\\\/\"},{\"@type\":\"ListItem\",\"position\":2,\"name\":\"La AEHM manifiesta su rechazo al proyecto de Ley sobre la reducci\u00f3n de la jornada laboral\"}]},{\"@type\":\"WebSite\",\"@id\":\"https:\\\/\\\/aehm.es\\\/#website\",\"url\":\"https:\\\/\\\/aehm.es\\\/\",\"name\":\"Asociaci\u00f3n Empresarial Hotelera de Madrid\",\"description\":\"La Asociaci\u00f3n Empresarial Hotelera Madrid est\u00e1 formada por m\u00e1s de 300 establecimientos de todas las categor\u00edas y tipolog\u00edas (hoteles, hostales, hostels, apartamentos\u2026) que suman m\u00e1s de 75.000 plazas de alojamiento.\",\"publisher\":{\"@id\":\"https:\\\/\\\/aehm.es\\\/#organization\"},\"alternateName\":\"AEHM\",\"potentialAction\":[{\"@type\":\"SearchAction\",\"target\":{\"@type\":\"EntryPoint\",\"urlTemplate\":\"https:\\\/\\\/aehm.es\\\/?s={search_term_string}\"},\"query-input\":{\"@type\":\"PropertyValueSpecification\",\"valueRequired\":true,\"valueName\":\"search_term_string\"}}],\"inLanguage\":\"en-US\"},{\"@type\":\"Organization\",\"@id\":\"https:\\\/\\\/aehm.es\\\/#organization\",\"name\":\"Asociaci\u00f3n Empresarial Hotelera de Madrid\",\"url\":\"https:\\\/\\\/aehm.es\\\/\",\"logo\":{\"@type\":\"ImageObject\",\"inLanguage\":\"en-US\",\"@id\":\"https:\\\/\\\/aehm.es\\\/#\\\/schema\\\/logo\\\/image\\\/\",\"url\":\"https:\\\/\\\/aehm.es\\\/wp-content\\\/uploads\\\/2021\\\/11\\\/Logo_AEHM_Horiz.png\",\"contentUrl\":\"https:\\\/\\\/aehm.es\\\/wp-content\\\/uploads\\\/2021\\\/11\\\/Logo_AEHM_Horiz.png\",\"width\":600,\"height\":182,\"caption\":\"Asociaci\u00f3n Empresarial Hotelera de Madrid\"},\"image\":{\"@id\":\"https:\\\/\\\/aehm.es\\\/#\\\/schema\\\/logo\\\/image\\\/\"},\"sameAs\":[\"https:\\\/\\\/www.instagram.com\\\/hotelesdemadrid\\\/\",\"https:\\\/\\\/x.com\\\/HotelesAEHM\",\"https:\\\/\\\/www.linkedin.com\\\/company\\\/11166072\\\/\"]},{\"@type\":\"Person\",\"@id\":\"https:\\\/\\\/aehm.es\\\/#\\\/schema\\\/person\\\/a11ff5e10daf701bc492cd7a4e624215\",\"name\":\"Laura Sarria\",\"image\":{\"@type\":\"ImageObject\",\"inLanguage\":\"en-US\",\"@id\":\"https:\\\/\\\/secure.gravatar.com\\\/avatar\\\/4ef4b0f260923823a97f1e823b29d340c5e8606b68a4dc4288a7ccd66262c35b?s=96&d=mm&r=g\",\"url\":\"https:\\\/\\\/secure.gravatar.com\\\/avatar\\\/4ef4b0f260923823a97f1e823b29d340c5e8606b68a4dc4288a7ccd66262c35b?s=96&d=mm&r=g\",\"contentUrl\":\"https:\\\/\\\/secure.gravatar.com\\\/avatar\\\/4ef4b0f260923823a97f1e823b29d340c5e8606b68a4dc4288a7ccd66262c35b?s=96&d=mm&r=g\",\"caption\":\"Laura Sarria\"},\"url\":\"https:\\\/\\\/aehm.es\\\/en\\\/author\\\/laura-sarria\\\/\"}]}<\/script>\n<!-- \/ Yoast SEO plugin. -->","yoast_head_json":{"title":"La AEHM manifiesta su rechazo al proyecto de Ley sobre la reducci\u00f3n de la jornada laboral - AEHM","description":"La AEHM quiere expresar su rechazo al proyecto de Ley sobre la reducci\u00f3n de la jornada laboral a 37,5 horas.","robots":{"index":"index","follow":"follow","max-snippet":"max-snippet:-1","max-image-preview":"max-image-preview:large","max-video-preview":"max-video-preview:-1"},"canonical":"https:\/\/aehm.es\/la-aehm-manifiesta-su-rechazo-al-proyecto-de-ley-sobre-la-reduccion-de-la-jornada-laboral\/","og_locale":"en_US","og_type":"article","og_title":"La AEHM manifiesta su rechazo al proyecto de Ley sobre la reducci\u00f3n de la jornada laboral","og_description":"La AEHM quiere expresar su rechazo al proyecto de Ley sobre la reducci\u00f3n de la jornada laboral a 37,5 horas.","og_url":"https:\/\/aehm.es\/la-aehm-manifiesta-su-rechazo-al-proyecto-de-ley-sobre-la-reduccion-de-la-jornada-laboral\/","og_site_name":"AEHM","article_publisher":"https:\/\/www.instagram.com\/hotelesdemadrid\/","article_published_time":"2025-05-09T10:32:56+00:00","og_image":[{"width":810,"height":450,"url":"https:\/\/aehm.es\/wp-content\/uploads\/2024\/11\/Logo-AEHM-comunidados-2024.jpg","type":"image\/jpeg"}],"author":"Laura Sarria","twitter_card":"summary_large_image","twitter_creator":"@HotelesAEHM","twitter_site":"@HotelesAEHM","twitter_misc":{"Written by":"Laura Sarria","Est. reading time":"3 minutes"},"schema":{"@context":"https:\/\/schema.org","@graph":[{"@type":"Article","@id":"https:\/\/aehm.es\/la-aehm-manifiesta-su-rechazo-al-proyecto-de-ley-sobre-la-reduccion-de-la-jornada-laboral\/#article","isPartOf":{"@id":"https:\/\/aehm.es\/la-aehm-manifiesta-su-rechazo-al-proyecto-de-ley-sobre-la-reduccion-de-la-jornada-laboral\/"},"author":{"name":"Laura Sarria","@id":"https:\/\/aehm.es\/#\/schema\/person\/a11ff5e10daf701bc492cd7a4e624215"},"headline":"La AEHM manifiesta su rechazo al proyecto de Ley sobre la reducci\u00f3n de la jornada laboral","datePublished":"2025-05-09T10:32:56+00:00","mainEntityOfPage":{"@id":"https:\/\/aehm.es\/la-aehm-manifiesta-su-rechazo-al-proyecto-de-ley-sobre-la-reduccion-de-la-jornada-laboral\/"},"wordCount":508,"commentCount":0,"publisher":{"@id":"https:\/\/aehm.es\/#organization"},"image":{"@id":"https:\/\/aehm.es\/la-aehm-manifiesta-su-rechazo-al-proyecto-de-ley-sobre-la-reduccion-de-la-jornada-laboral\/#primaryimage"},"thumbnailUrl":"https:\/\/aehm.es\/wp-content\/uploads\/2024\/11\/Logo-AEHM-comunidados-2024.jpg","articleSection":["Actualidad AEHM"],"inLanguage":"en-US","potentialAction":[{"@type":"CommentAction","name":"Comment","target":["https:\/\/aehm.es\/la-aehm-manifiesta-su-rechazo-al-proyecto-de-ley-sobre-la-reduccion-de-la-jornada-laboral\/#respond"]}]},{"@type":"WebPage","@id":"https:\/\/aehm.es\/la-aehm-manifiesta-su-rechazo-al-proyecto-de-ley-sobre-la-reduccion-de-la-jornada-laboral\/","url":"https:\/\/aehm.es\/la-aehm-manifiesta-su-rechazo-al-proyecto-de-ley-sobre-la-reduccion-de-la-jornada-laboral\/","name":"La AEHM manifiesta su rechazo al proyecto de Ley sobre la reducci\u00f3n de la jornada laboral - AEHM","isPartOf":{"@id":"https:\/\/aehm.es\/#website"},"primaryImageOfPage":{"@id":"https:\/\/aehm.es\/la-aehm-manifiesta-su-rechazo-al-proyecto-de-ley-sobre-la-reduccion-de-la-jornada-laboral\/#primaryimage"},"image":{"@id":"https:\/\/aehm.es\/la-aehm-manifiesta-su-rechazo-al-proyecto-de-ley-sobre-la-reduccion-de-la-jornada-laboral\/#primaryimage"},"thumbnailUrl":"https:\/\/aehm.es\/wp-content\/uploads\/2024\/11\/Logo-AEHM-comunidados-2024.jpg","datePublished":"2025-05-09T10:32:56+00:00","description":"La AEHM quiere expresar su rechazo al proyecto de Ley sobre la reducci\u00f3n de la jornada laboral a 37,5 horas.","breadcrumb":{"@id":"https:\/\/aehm.es\/la-aehm-manifiesta-su-rechazo-al-proyecto-de-ley-sobre-la-reduccion-de-la-jornada-laboral\/#breadcrumb"},"inLanguage":"en-US","potentialAction":[{"@type":"ReadAction","target":["https:\/\/aehm.es\/la-aehm-manifiesta-su-rechazo-al-proyecto-de-ley-sobre-la-reduccion-de-la-jornada-laboral\/"]}]},{"@type":"ImageObject","inLanguage":"en-US","@id":"https:\/\/aehm.es\/la-aehm-manifiesta-su-rechazo-al-proyecto-de-ley-sobre-la-reduccion-de-la-jornada-laboral\/#primaryimage","url":"https:\/\/aehm.es\/wp-content\/uploads\/2024\/11\/Logo-AEHM-comunidados-2024.jpg","contentUrl":"https:\/\/aehm.es\/wp-content\/uploads\/2024\/11\/Logo-AEHM-comunidados-2024.jpg","width":810,"height":450},{"@type":"BreadcrumbList","@id":"https:\/\/aehm.es\/la-aehm-manifiesta-su-rechazo-al-proyecto-de-ley-sobre-la-reduccion-de-la-jornada-laboral\/#breadcrumb","itemListElement":[{"@type":"ListItem","position":1,"name":"Portada","item":"https:\/\/aehm.es\/en\/"},{"@type":"ListItem","position":2,"name":"La AEHM manifiesta su rechazo al proyecto de Ley sobre la reducci\u00f3n de la jornada laboral"}]},{"@type":"WebSite","@id":"https:\/\/aehm.es\/#website","url":"https:\/\/aehm.es\/","name":"Asociaci\u00f3n Empresarial Hotelera de Madrid","description":"La Asociaci\u00f3n Empresarial Hotelera Madrid est\u00e1 formada por m\u00e1s de 300 establecimientos de todas las categor\u00edas y tipolog\u00edas (hoteles, hostales, hostels, apartamentos\u2026) que suman m\u00e1s de 75.000 plazas de alojamiento.","publisher":{"@id":"https:\/\/aehm.es\/#organization"},"alternateName":"AEHM","potentialAction":[{"@type":"SearchAction","target":{"@type":"EntryPoint","urlTemplate":"https:\/\/aehm.es\/?s={search_term_string}"},"query-input":{"@type":"PropertyValueSpecification","valueRequired":true,"valueName":"search_term_string"}}],"inLanguage":"en-US"},{"@type":"Organization","@id":"https:\/\/aehm.es\/#organization","name":"Asociaci\u00f3n Empresarial Hotelera de Madrid","url":"https:\/\/aehm.es\/","logo":{"@type":"ImageObject","inLanguage":"en-US","@id":"https:\/\/aehm.es\/#\/schema\/logo\/image\/","url":"https:\/\/aehm.es\/wp-content\/uploads\/2021\/11\/Logo_AEHM_Horiz.png","contentUrl":"https:\/\/aehm.es\/wp-content\/uploads\/2021\/11\/Logo_AEHM_Horiz.png","width":600,"height":182,"caption":"Asociaci\u00f3n Empresarial Hotelera de Madrid"},"image":{"@id":"https:\/\/aehm.es\/#\/schema\/logo\/image\/"},"sameAs":["https:\/\/www.instagram.com\/hotelesdemadrid\/","https:\/\/x.com\/HotelesAEHM","https:\/\/www.linkedin.com\/company\/11166072\/"]},{"@type":"Person","@id":"https:\/\/aehm.es\/#\/schema\/person\/a11ff5e10daf701bc492cd7a4e624215","name":"Laura Sarria","image":{"@type":"ImageObject","inLanguage":"en-US","@id":"https:\/\/secure.gravatar.com\/avatar\/4ef4b0f260923823a97f1e823b29d340c5e8606b68a4dc4288a7ccd66262c35b?s=96&d=mm&r=g","url":"https:\/\/secure.gravatar.com\/avatar\/4ef4b0f260923823a97f1e823b29d340c5e8606b68a4dc4288a7ccd66262c35b?s=96&d=mm&r=g","contentUrl":"https:\/\/secure.gravatar.com\/avatar\/4ef4b0f260923823a97f1e823b29d340c5e8606b68a4dc4288a7ccd66262c35b?s=96&d=mm&r=g","caption":"Laura Sarria"},"url":"https:\/\/aehm.es\/en\/author\/laura-sarria\/"}]}},"_links":{"self":[{"href":"https:\/\/aehm.es\/en\/wp-json\/wp\/v2\/posts\/20649","targetHints":{"allow":["GET"]}}],"collection":[{"href":"https:\/\/aehm.es\/en\/wp-json\/wp\/v2\/posts"}],"about":[{"href":"https:\/\/aehm.es\/en\/wp-json\/wp\/v2\/types\/post"}],"author":[{"embeddable":true,"href":"https:\/\/aehm.es\/en\/wp-json\/wp\/v2\/users\/20"}],"replies":[{"embeddable":true,"href":"https:\/\/aehm.es\/en\/wp-json\/wp\/v2\/comments?post=20649"}],"version-history":[{"count":1,"href":"https:\/\/aehm.es\/en\/wp-json\/wp\/v2\/posts\/20649\/revisions"}],"predecessor-version":[{"id":20650,"href":"https:\/\/aehm.es\/en\/wp-json\/wp\/v2\/posts\/20649\/revisions\/20650"}],"wp:featuredmedia":[{"embeddable":true,"href":"https:\/\/aehm.es\/en\/wp-json\/wp\/v2\/media\/19489"}],"wp:attachment":[{"href":"https:\/\/aehm.es\/en\/wp-json\/wp\/v2\/media?parent=20649"}],"wp:term":[{"taxonomy":"category","embeddable":true,"href":"https:\/\/aehm.es\/en\/wp-json\/wp\/v2\/categories?post=20649"},{"taxonomy":"post_tag","embeddable":true,"href":"https:\/\/aehm.es\/en\/wp-json\/wp\/v2\/tags?post=20649"}],"curies":[{"name":"wp","href":"https:\/\/api.w.org\/{rel}","templated":true}]}}