{"id":20626,"date":"2025-05-08T15:35:52","date_gmt":"2025-05-08T15:35:52","guid":{"rendered":"https:\/\/aehm.es\/?p=20626"},"modified":"2025-05-08T16:29:20","modified_gmt":"2025-05-08T16:29:20","slug":"los-hoteles-de-la-capital-invitan-a-vivir-madrid-por-todo-lo-alto","status":"publish","type":"post","link":"https:\/\/aehm.es\/en\/los-hoteles-de-la-capital-invitan-a-vivir-madrid-por-todo-lo-alto\/","title":{"rendered":"Los hoteles de la capital invitan a vivir  \u2018Madrid por todo lo alto\u2019 y al aire libre"},"content":{"rendered":"<p><b>Un total de setenta propuestas gastron\u00f3micas, de bienestar, para disfrutar de un d\u00eda de piscina o vivir el jaleo madrile\u00f1o a la hora del <\/b><b><i>brunch<\/i><\/b><b> o el <\/b><b><i>afterwork<\/i><\/b><b> se re\u00fanen del 16 al 25 de mayo bajo el ep\u00edgrafe \u2018Madrid A Cielo Abierto 2025\u2019,<\/b><b> una iniciativa de la Asociaci\u00f3n Empresarial Hotelera de Madrid (AEHM) que cada primavera invita a aprovechar el buen tiempo en los espacios al aire libre de los hoteles madrile\u00f1os<\/b><b>.<\/b><\/p>\n<p><i><span style=\"font-weight: 400;\">Madrid, 8 de mayo de 2025<\/span><\/i><span style=\"font-weight: 400;\">\u00a0&#8211; La <\/span><a href=\"https:\/\/aehm.es\/\"><b>Asociaci\u00f3n Empresarial Hotelera de Madrid (AEHM)<\/b><\/a><span style=\"font-weight: 400;\"> ha presentado, con el apoyo del \u00c1rea de Econom\u00eda, Innovaci\u00f3n y Hacienda del Ayuntamiento de Madrid, <\/span><span style=\"font-weight: 400;\">la s\u00e9ptima edici\u00f3n de <\/span><b>\u2018Madrid A Cielo Abierto 2025\u2019<\/b><span style=\"font-weight: 400;\">, una celebraci\u00f3n de la mejor de las estaciones de Madrid, de la diversidad de experiencias al aire libre que ofrecen sus hoteles y del estilo de vida de la capital bajo el lema <\/span><b>\u2018Madrid por todo lo alto\u2019<\/b><span style=\"font-weight: 400;\">.<\/span><\/p>\n<p><iframe title=\"YouTube video player\" src=\"https:\/\/www.youtube.com\/embed\/EERPhFJXmFE?si=PDw7eU6vXZscUpjy\" width=\"560\" height=\"315\" frameborder=\"0\" allowfullscreen=\"allowfullscreen\" data-mce-fragment=\"1\"><\/iframe><\/p>\n<p><span style=\"font-weight: 400;\">\u2018Madrid A Cielo Abierto\u2019 regresa este a\u00f1o con <\/span><b>r\u00e9cord de propuestas<\/b><span style=\"font-weight: 400;\">, una renovada identidad visual que conmemora el color de los atardeceres madrile\u00f1os y diez d\u00edas de repletos de planes de <\/span><b>gastronom\u00eda, jaleo, <\/b><b><i>brunches<\/i><\/b><b>, salud, piscinas y m\u00e1s<\/b><span style=\"font-weight: 400;\"> en<\/span><b> jardines, terrazas y azoteas<\/b><span style=\"font-weight: 400;\"> en m\u00e1s de cuarenta hoteles asociados a la AEHM, con el cielo de Madrid como tel\u00f3n de fondo.<\/span><\/p>\n<p><span style=\"font-weight: 400;\">Entre las <\/span><b>sugerencias gastron\u00f3micas<\/b><span style=\"font-weight: 400;\"> que los establecimientos han dise\u00f1ado para esta edici\u00f3n, encontramos una combinaci\u00f3n de c\u00f3cteles y bocados en el <\/span><b>UMusic Hotel Madrid<\/b><span style=\"font-weight: 400;\">, una invitaci\u00f3n a \u201cvermutear\u201d en el cielo y practicar el tardeo con ostras maridadas con Smoky Mary en el <\/span><b>H10 Puerta de Alcal\u00e1<\/b><span style=\"font-weight: 400;\"> y una cena castiza en el Casa de Comidas by Rafa Zafra del <\/span><b>NH Collection Madrid Eurobuilding<\/b><span style=\"font-weight: 400;\">. Pero tambi\u00e9n se podr\u00e1 experimentar El jard\u00edn de las delicias en el que se convertir\u00e1 el <\/span><b>Hotel Intercontinental<\/b><span style=\"font-weight: 400;\"> o vivir un tapeo flamenco al estilo <\/span><b>Pestana Plaza Mayor Madrid<\/b><span style=\"font-weight: 400;\">.<\/span><\/p>\n<p><span style=\"font-weight: 400;\">El <\/span><i><span style=\"font-weight: 400;\">brunch<\/span><\/i><span style=\"font-weight: 400;\">, con el que Madrid mantiene una relaci\u00f3n especial, protagoniza cerca de una decena de propuestas bajo el firmamento como la del <\/span><b>Four Seasons<\/b><span style=\"font-weight: 400;\"> y el <\/span><b>Only You Hotel Atocha<\/b><span style=\"font-weight: 400;\"> e incluso con m\u00fasica en vivo en el <\/span><b>Generator Madrid Hostel<\/b><span style=\"font-weight: 400;\">. Si la apuesta es un <\/span><i><span style=\"font-weight: 400;\">brunch<\/span><\/i><span style=\"font-weight: 400;\"> saludable aderezado con yoga o con un chapuz\u00f3n, el <\/span><b>Cool Rooms Atocha<\/b><span style=\"font-weight: 400;\"> lo tiene.<\/span><\/p>\n<p><span style=\"font-weight: 400;\">La Welcome Summer Party del <\/span><b>Barcel\u00f3 Imagine<\/b><span style=\"font-weight: 400;\">, la cocteler\u00eda con tapas del <\/span><b>Radisson Blu<\/b><span style=\"font-weight: 400;\"> y los Sabores que tocan el cielo del <\/span><b>Novotel Madrid Center<\/b><span style=\"font-weight: 400;\"> se engloban en ese<\/span><b> Jaleo<\/b><span style=\"font-weight: 400;\"> que caracteriza Madrid y al que tambi\u00e9n se suman el tardeo del <\/span><b>Smartrental Collection Gran V\u00eda Capital<\/b><span style=\"font-weight: 400;\">, el Negroni de <\/span><b>The Principal Madrid<\/b><span style=\"font-weight: 400;\"> y Handshake, que volar\u00e1 hasta el Rosewood Villa Magna con un men\u00fa ef\u00edmero de c\u00f3cteles.<\/span><\/p>\n<p><span style=\"font-weight: 400;\">Pero los hoteles de \u2018Madrid A Cielo Abierto\u2019 tambi\u00e9n han pensado en quienes disfrutan cuidando de su <\/span><b>salud<\/b><span style=\"font-weight: 400;\">. Actividades enfocadas en el bienestar, como la que combina el yoga con un desayuno <\/span><i><span style=\"font-weight: 400;\">healthy<\/span><\/i><span style=\"font-weight: 400;\"> del <\/span><b>Attica 21 Las Rozas,<\/b><span style=\"font-weight: 400;\"> esperan a vecinos y visitantes. Y, para los que no puedan esperar para sumergirse en la <\/span><b>piscina<\/b><span style=\"font-weight: 400;\">, <\/span><i><span style=\"font-weight: 400;\">day passes<\/span><\/i><span style=\"font-weight: 400;\"> con <\/span><i><span style=\"font-weight: 400;\">brunch<\/span><\/i><span style=\"font-weight: 400;\"> en el <\/span><b>Akeah Gran V\u00eda<\/b><span style=\"font-weight: 400;\"> y chapuzones con cama balinesa incluida en el Picos Pardos Sky Lounge del <\/span><b>Bless Hotel Madrid <\/b><span style=\"font-weight: 400;\">y el Mirador de los Duques del <\/span><b>Hotel F\u00e9nix Gran Meli\u00e1<\/b><span style=\"font-weight: 400;\">.<\/span><\/p>\n<p><span style=\"font-weight: 400;\">Por si las propuestas fueran pocas, \u2018Madrid A Cielo Abierto\u2019 incluye Atardeceres de pel\u00edcula en el <\/span><b>Hard Rock Hotel Madrid<\/b><span style=\"font-weight: 400;\">, clases de cocteler\u00eda en el <\/span><b>Hotel VP Plaza Espa\u00f1a Design<\/b><span style=\"font-weight: 400;\"> y hasta una visita al jard\u00edn colgante del <\/span><b>Inhala Hotel Garden<\/b><span style=\"font-weight: 400;\">, donde deleitarse con sus \u2018Vistas y vibraciones\u2019, entre otras experiencias.<\/span><\/p>\n<p><span style=\"font-weight: 400;\">Para la <\/span><b>vicepresidenta ejecutiva de AEHM, Mar de Miguel<\/b><span style=\"font-weight: 400;\">, <\/span><i><span style=\"font-weight: 400;\">\u201clos hoteles de Madrid guardan patios, jardines y rooftops de verdadero ensue\u00f1o y no hay mejor \u00e9poca para disfrutarlos que la primavera. Pero no solo los visitantes est\u00e1n invitados a descubrirlos, \u2018Madrid A Cielo Abierto\u2019 supone una oportunidad \u00fanica para que los madrile\u00f1os conozcan y disfruten estas maravillas al aire libre de decenas de maneras distintas\u201d.<\/span><\/i><\/p>\n<p><img fetchpriority=\"high\" decoding=\"async\" class=\"alignnone wp-image-20639 size-large\" src=\"https:\/\/aehm.es\/wp-content\/uploads\/2025\/05\/foto_mar_1-1024x768.jpeg\" alt=\"\" width=\"800\" height=\"600\" srcset=\"https:\/\/aehm.es\/wp-content\/uploads\/2025\/05\/foto_mar_1-1024x768.jpeg 1024w, https:\/\/aehm.es\/wp-content\/uploads\/2025\/05\/foto_mar_1-300x225.jpeg 300w, https:\/\/aehm.es\/wp-content\/uploads\/2025\/05\/foto_mar_1-768x576.jpeg 768w, https:\/\/aehm.es\/wp-content\/uploads\/2025\/05\/foto_mar_1-1536x1152.jpeg 1536w, https:\/\/aehm.es\/wp-content\/uploads\/2025\/05\/foto_mar_1-2048x1536.jpeg 2048w\" sizes=\"(max-width: 800px) 100vw, 800px\" \/><\/p>\n<p><span style=\"font-weight: 400;\">La <\/span><b>concejal delegada de Turismo del Ayuntamiento de Madrid, Almudena Ma\u00edllo<\/b><span style=\"font-weight: 400;\">, se sumaba a esa invitaci\u00f3n y apuntaba: <\/span><i><span style=\"font-weight: 400;\">\u201cSi algo nos hace \u00fanicos es que lo que pasa en Madrid, no pasa en ning\u00fan otro lugar. Resulta imprescindible que no perdamos la identidad y nuestras costumbres y tradiciones. Es un orgullo saber que ese turista que viene a disfrutar de un Madrid mucho m\u00e1s amplio, que busca experiencias, encuentra una ciudad que responde a sus expectativas\u201d.<\/span><\/i><\/p>\n<p><img decoding=\"async\" class=\"alignnone wp-image-20642 size-large\" src=\"https:\/\/aehm.es\/wp-content\/uploads\/2025\/05\/foto_maillo_1-1024x768.jpeg\" alt=\"\" width=\"800\" height=\"600\" srcset=\"https:\/\/aehm.es\/wp-content\/uploads\/2025\/05\/foto_maillo_1-1024x768.jpeg 1024w, https:\/\/aehm.es\/wp-content\/uploads\/2025\/05\/foto_maillo_1-300x225.jpeg 300w, https:\/\/aehm.es\/wp-content\/uploads\/2025\/05\/foto_maillo_1-768x576.jpeg 768w, https:\/\/aehm.es\/wp-content\/uploads\/2025\/05\/foto_maillo_1-1536x1152.jpeg 1536w, https:\/\/aehm.es\/wp-content\/uploads\/2025\/05\/foto_maillo_1-2048x1536.jpeg 2048w\" sizes=\"(max-width: 800px) 100vw, 800px\" \/><\/p>\n<p><span style=\"font-weight: 400;\">Durante la presentaci\u00f3n de \u2018Madrid A Cielo Abierto\u2019, celebrada en el Relais &amp; Ch\u00e2teaux Orfila, adem\u00e1s se ha rendido <\/span><b>reconocimiento <\/b><span style=\"font-weight: 400;\">a quien hasta hace tan solo unos meses fue directora general de Comercio, Hosteler\u00eda y Consumo del Ayuntamiento de Madrid, <\/span><b>Concha D\u00edaz de Villegas<\/b><span style=\"font-weight: 400;\">, por su compromiso, contribuci\u00f3n al desarrollo hotelero de la ciudad y, seg\u00fan palabras del presidente de la AEHM, Gabriel Garc\u00eda Alonso, por impulsar <\/span><i><span style=\"font-weight: 400;\">\u201cproyectos que han dejado huella en Madrid\u201d.<\/span><\/i><\/p>\n<p><span style=\"font-weight: 400;\">\u2018Madrid A Cielo Abierto 2025\u2019 cuenta con la colaboraci\u00f3n de Mahou San Miguel, Nespresso Professional y Las Rozas Village.<\/span><\/p>\n<p><span style=\"font-weight: 400;\">M\u00e1s informaci\u00f3n en <\/span><span style=\"text-decoration: underline;\"><a href=\"https:\/\/madridacieloabierto.com\/\" target=\"_blank\" rel=\"noopener\"><span style=\"font-weight: 400;\">Madrid A Cielo Abierto<\/span><\/a><span style=\"font-weight: 400;\">.<\/span><\/span><\/p>\n","protected":false},"excerpt":{"rendered":"<p>Un total de setenta propuestas gastron\u00f3micas, de bienestar, para disfrutar de un d\u00eda de piscina o vivir el jaleo madrile\u00f1o a la hora del brunch o el afterwork se re\u00fanen del 16 al 25 de mayo bajo el ep\u00edgrafe \u2018Madrid A Cielo Abierto 2025\u2019, una iniciativa de la Asociaci\u00f3n Empresarial Hotelera de Madrid (AEHM) que [&hellip;]<\/p>\n","protected":false},"author":17,"featured_media":20636,"comment_status":"open","ping_status":"open","sticky":false,"template":"","format":"standard","meta":{"footnotes":""},"categories":[1],"tags":[],"class_list":["post-20626","post","type-post","status-publish","format-standard","has-post-thumbnail","hentry","category-actualidad-aehm"],"yoast_head":"<!-- This site is optimized with the Yoast SEO plugin v27.5 - https:\/\/yoast.com\/product\/yoast-seo-wordpress\/ -->\n<title>Los hoteles de la capital invitan a vivir \u2018Madrid por todo lo alto\u2019 y al aire libre - AEHM<\/title>\n<meta name=\"description\" content=\"Un total de setenta propuestas gastron\u00f3micas, de bienestar, para disfrutar de un d\u00eda de piscina o vivir el jaleo madrile\u00f1o a la hora del brunch o el afterwork\" \/>\n<meta name=\"robots\" content=\"index, follow, max-snippet:-1, max-image-preview:large, max-video-preview:-1\" \/>\n<link rel=\"canonical\" href=\"https:\/\/aehm.es\/los-hoteles-de-la-capital-invitan-a-vivir-madrid-por-todo-lo-alto\/\" \/>\n<meta property=\"og:locale\" content=\"en_US\" \/>\n<meta property=\"og:type\" content=\"article\" \/>\n<meta property=\"og:title\" content=\"Los hoteles de la capital invitan a vivir \u2018Madrid por todo lo alto\u2019 y al aire libre\" \/>\n<meta property=\"og:description\" content=\"Un total de setenta propuestas gastron\u00f3micas, de bienestar, para disfrutar de un d\u00eda de piscina o vivir el jaleo madrile\u00f1o a la hora del brunch o el afterwork\" \/>\n<meta property=\"og:url\" content=\"https:\/\/aehm.es\/los-hoteles-de-la-capital-invitan-a-vivir-madrid-por-todo-lo-alto\/\" \/>\n<meta property=\"og:site_name\" content=\"AEHM\" \/>\n<meta property=\"article:publisher\" content=\"https:\/\/www.instagram.com\/hotelesdemadrid\/\" \/>\n<meta property=\"article:published_time\" content=\"2025-05-08T15:35:52+00:00\" \/>\n<meta property=\"article:modified_time\" content=\"2025-05-08T16:29:20+00:00\" \/>\n<meta property=\"og:image\" content=\"https:\/\/aehm.es\/wp-content\/uploads\/2025\/05\/NdP_MACA2025.jpg\" \/>\n\t<meta property=\"og:image:width\" content=\"1600\" \/>\n\t<meta property=\"og:image:height\" content=\"900\" \/>\n\t<meta property=\"og:image:type\" content=\"image\/jpeg\" \/>\n<meta name=\"author\" content=\"Ana\" \/>\n<meta name=\"twitter:card\" content=\"summary_large_image\" \/>\n<meta name=\"twitter:creator\" content=\"@HotelesAEHM\" \/>\n<meta name=\"twitter:site\" content=\"@HotelesAEHM\" \/>\n<meta name=\"twitter:label1\" content=\"Written by\" \/>\n\t<meta name=\"twitter:data1\" content=\"Ana\" \/>\n\t<meta name=\"twitter:label2\" content=\"Est. reading time\" \/>\n\t<meta name=\"twitter:data2\" content=\"5 minutes\" \/>\n<script type=\"application\/ld+json\" class=\"yoast-schema-graph\">{\"@context\":\"https:\\\/\\\/schema.org\",\"@graph\":[{\"@type\":\"Article\",\"@id\":\"https:\\\/\\\/aehm.es\\\/los-hoteles-de-la-capital-invitan-a-vivir-madrid-por-todo-lo-alto\\\/#article\",\"isPartOf\":{\"@id\":\"https:\\\/\\\/aehm.es\\\/los-hoteles-de-la-capital-invitan-a-vivir-madrid-por-todo-lo-alto\\\/\"},\"author\":{\"name\":\"Ana\",\"@id\":\"https:\\\/\\\/aehm.es\\\/#\\\/schema\\\/person\\\/b655ef2171d2fe8c8c3f29920ae6431b\"},\"headline\":\"Los hoteles de la capital invitan a vivir \u2018Madrid por todo lo alto\u2019 y al aire libre\",\"datePublished\":\"2025-05-08T15:35:52+00:00\",\"dateModified\":\"2025-05-08T16:29:20+00:00\",\"mainEntityOfPage\":{\"@id\":\"https:\\\/\\\/aehm.es\\\/los-hoteles-de-la-capital-invitan-a-vivir-madrid-por-todo-lo-alto\\\/\"},\"wordCount\":888,\"commentCount\":0,\"publisher\":{\"@id\":\"https:\\\/\\\/aehm.es\\\/#organization\"},\"image\":{\"@id\":\"https:\\\/\\\/aehm.es\\\/los-hoteles-de-la-capital-invitan-a-vivir-madrid-por-todo-lo-alto\\\/#primaryimage\"},\"thumbnailUrl\":\"https:\\\/\\\/aehm.es\\\/wp-content\\\/uploads\\\/2025\\\/05\\\/Madrid-a-Cielo-Abierto-2025-1.jpg\",\"articleSection\":[\"Actualidad AEHM\"],\"inLanguage\":\"en-US\",\"potentialAction\":[{\"@type\":\"CommentAction\",\"name\":\"Comment\",\"target\":[\"https:\\\/\\\/aehm.es\\\/los-hoteles-de-la-capital-invitan-a-vivir-madrid-por-todo-lo-alto\\\/#respond\"]}]},{\"@type\":\"WebPage\",\"@id\":\"https:\\\/\\\/aehm.es\\\/los-hoteles-de-la-capital-invitan-a-vivir-madrid-por-todo-lo-alto\\\/\",\"url\":\"https:\\\/\\\/aehm.es\\\/los-hoteles-de-la-capital-invitan-a-vivir-madrid-por-todo-lo-alto\\\/\",\"name\":\"Los hoteles de la capital invitan a vivir \u2018Madrid por todo lo alto\u2019 y al aire libre - AEHM\",\"isPartOf\":{\"@id\":\"https:\\\/\\\/aehm.es\\\/#website\"},\"primaryImageOfPage\":{\"@id\":\"https:\\\/\\\/aehm.es\\\/los-hoteles-de-la-capital-invitan-a-vivir-madrid-por-todo-lo-alto\\\/#primaryimage\"},\"image\":{\"@id\":\"https:\\\/\\\/aehm.es\\\/los-hoteles-de-la-capital-invitan-a-vivir-madrid-por-todo-lo-alto\\\/#primaryimage\"},\"thumbnailUrl\":\"https:\\\/\\\/aehm.es\\\/wp-content\\\/uploads\\\/2025\\\/05\\\/Madrid-a-Cielo-Abierto-2025-1.jpg\",\"datePublished\":\"2025-05-08T15:35:52+00:00\",\"dateModified\":\"2025-05-08T16:29:20+00:00\",\"description\":\"Un total de setenta propuestas gastron\u00f3micas, de bienestar, para disfrutar de un d\u00eda de piscina o vivir el jaleo madrile\u00f1o a la hora del brunch o el afterwork\",\"breadcrumb\":{\"@id\":\"https:\\\/\\\/aehm.es\\\/los-hoteles-de-la-capital-invitan-a-vivir-madrid-por-todo-lo-alto\\\/#breadcrumb\"},\"inLanguage\":\"en-US\",\"potentialAction\":[{\"@type\":\"ReadAction\",\"target\":[\"https:\\\/\\\/aehm.es\\\/los-hoteles-de-la-capital-invitan-a-vivir-madrid-por-todo-lo-alto\\\/\"]}]},{\"@type\":\"ImageObject\",\"inLanguage\":\"en-US\",\"@id\":\"https:\\\/\\\/aehm.es\\\/los-hoteles-de-la-capital-invitan-a-vivir-madrid-por-todo-lo-alto\\\/#primaryimage\",\"url\":\"https:\\\/\\\/aehm.es\\\/wp-content\\\/uploads\\\/2025\\\/05\\\/Madrid-a-Cielo-Abierto-2025-1.jpg\",\"contentUrl\":\"https:\\\/\\\/aehm.es\\\/wp-content\\\/uploads\\\/2025\\\/05\\\/Madrid-a-Cielo-Abierto-2025-1.jpg\",\"width\":1200,\"height\":600},{\"@type\":\"BreadcrumbList\",\"@id\":\"https:\\\/\\\/aehm.es\\\/los-hoteles-de-la-capital-invitan-a-vivir-madrid-por-todo-lo-alto\\\/#breadcrumb\",\"itemListElement\":[{\"@type\":\"ListItem\",\"position\":1,\"name\":\"Portada\",\"item\":\"https:\\\/\\\/aehm.es\\\/en\\\/\"},{\"@type\":\"ListItem\",\"position\":2,\"name\":\"Los hoteles de la capital invitan a vivir \u2018Madrid por todo lo alto\u2019 y al aire libre\"}]},{\"@type\":\"WebSite\",\"@id\":\"https:\\\/\\\/aehm.es\\\/#website\",\"url\":\"https:\\\/\\\/aehm.es\\\/\",\"name\":\"Asociaci\u00f3n Empresarial Hotelera de Madrid\",\"description\":\"La Asociaci\u00f3n Empresarial Hotelera Madrid est\u00e1 formada por m\u00e1s de 300 establecimientos de todas las categor\u00edas y tipolog\u00edas (hoteles, hostales, hostels, apartamentos\u2026) que suman m\u00e1s de 75.000 plazas de alojamiento.\",\"publisher\":{\"@id\":\"https:\\\/\\\/aehm.es\\\/#organization\"},\"alternateName\":\"AEHM\",\"potentialAction\":[{\"@type\":\"SearchAction\",\"target\":{\"@type\":\"EntryPoint\",\"urlTemplate\":\"https:\\\/\\\/aehm.es\\\/?s={search_term_string}\"},\"query-input\":{\"@type\":\"PropertyValueSpecification\",\"valueRequired\":true,\"valueName\":\"search_term_string\"}}],\"inLanguage\":\"en-US\"},{\"@type\":\"Organization\",\"@id\":\"https:\\\/\\\/aehm.es\\\/#organization\",\"name\":\"Asociaci\u00f3n Empresarial Hotelera de Madrid\",\"url\":\"https:\\\/\\\/aehm.es\\\/\",\"logo\":{\"@type\":\"ImageObject\",\"inLanguage\":\"en-US\",\"@id\":\"https:\\\/\\\/aehm.es\\\/#\\\/schema\\\/logo\\\/image\\\/\",\"url\":\"https:\\\/\\\/aehm.es\\\/wp-content\\\/uploads\\\/2021\\\/11\\\/Logo_AEHM_Horiz.png\",\"contentUrl\":\"https:\\\/\\\/aehm.es\\\/wp-content\\\/uploads\\\/2021\\\/11\\\/Logo_AEHM_Horiz.png\",\"width\":600,\"height\":182,\"caption\":\"Asociaci\u00f3n Empresarial Hotelera de Madrid\"},\"image\":{\"@id\":\"https:\\\/\\\/aehm.es\\\/#\\\/schema\\\/logo\\\/image\\\/\"},\"sameAs\":[\"https:\\\/\\\/www.instagram.com\\\/hotelesdemadrid\\\/\",\"https:\\\/\\\/x.com\\\/HotelesAEHM\",\"https:\\\/\\\/www.linkedin.com\\\/company\\\/11166072\\\/\"]},{\"@type\":\"Person\",\"@id\":\"https:\\\/\\\/aehm.es\\\/#\\\/schema\\\/person\\\/b655ef2171d2fe8c8c3f29920ae6431b\",\"name\":\"Ana\",\"image\":{\"@type\":\"ImageObject\",\"inLanguage\":\"en-US\",\"@id\":\"https:\\\/\\\/secure.gravatar.com\\\/avatar\\\/bb0eb950a76e2f6c0ac163ca0871058014a4639f429cd779c2dbede25673061b?s=96&d=mm&r=g\",\"url\":\"https:\\\/\\\/secure.gravatar.com\\\/avatar\\\/bb0eb950a76e2f6c0ac163ca0871058014a4639f429cd779c2dbede25673061b?s=96&d=mm&r=g\",\"contentUrl\":\"https:\\\/\\\/secure.gravatar.com\\\/avatar\\\/bb0eb950a76e2f6c0ac163ca0871058014a4639f429cd779c2dbede25673061b?s=96&d=mm&r=g\",\"caption\":\"Ana\"},\"url\":\"https:\\\/\\\/aehm.es\\\/en\\\/author\\\/ana\\\/\"}]}<\/script>\n<!-- \/ Yoast SEO plugin. -->","yoast_head_json":{"title":"Los hoteles de la capital invitan a vivir \u2018Madrid por todo lo alto\u2019 y al aire libre - AEHM","description":"Un total de setenta propuestas gastron\u00f3micas, de bienestar, para disfrutar de un d\u00eda de piscina o vivir el jaleo madrile\u00f1o a la hora del brunch o el afterwork","robots":{"index":"index","follow":"follow","max-snippet":"max-snippet:-1","max-image-preview":"max-image-preview:large","max-video-preview":"max-video-preview:-1"},"canonical":"https:\/\/aehm.es\/los-hoteles-de-la-capital-invitan-a-vivir-madrid-por-todo-lo-alto\/","og_locale":"en_US","og_type":"article","og_title":"Los hoteles de la capital invitan a vivir \u2018Madrid por todo lo alto\u2019 y al aire libre","og_description":"Un total de setenta propuestas gastron\u00f3micas, de bienestar, para disfrutar de un d\u00eda de piscina o vivir el jaleo madrile\u00f1o a la hora del brunch o el afterwork","og_url":"https:\/\/aehm.es\/los-hoteles-de-la-capital-invitan-a-vivir-madrid-por-todo-lo-alto\/","og_site_name":"AEHM","article_publisher":"https:\/\/www.instagram.com\/hotelesdemadrid\/","article_published_time":"2025-05-08T15:35:52+00:00","article_modified_time":"2025-05-08T16:29:20+00:00","og_image":[{"width":1600,"height":900,"url":"https:\/\/aehm.es\/wp-content\/uploads\/2025\/05\/NdP_MACA2025.jpg","type":"image\/jpeg"}],"author":"Ana","twitter_card":"summary_large_image","twitter_creator":"@HotelesAEHM","twitter_site":"@HotelesAEHM","twitter_misc":{"Written by":"Ana","Est. reading time":"5 minutes"},"schema":{"@context":"https:\/\/schema.org","@graph":[{"@type":"Article","@id":"https:\/\/aehm.es\/los-hoteles-de-la-capital-invitan-a-vivir-madrid-por-todo-lo-alto\/#article","isPartOf":{"@id":"https:\/\/aehm.es\/los-hoteles-de-la-capital-invitan-a-vivir-madrid-por-todo-lo-alto\/"},"author":{"name":"Ana","@id":"https:\/\/aehm.es\/#\/schema\/person\/b655ef2171d2fe8c8c3f29920ae6431b"},"headline":"Los hoteles de la capital invitan a vivir \u2018Madrid por todo lo alto\u2019 y al aire libre","datePublished":"2025-05-08T15:35:52+00:00","dateModified":"2025-05-08T16:29:20+00:00","mainEntityOfPage":{"@id":"https:\/\/aehm.es\/los-hoteles-de-la-capital-invitan-a-vivir-madrid-por-todo-lo-alto\/"},"wordCount":888,"commentCount":0,"publisher":{"@id":"https:\/\/aehm.es\/#organization"},"image":{"@id":"https:\/\/aehm.es\/los-hoteles-de-la-capital-invitan-a-vivir-madrid-por-todo-lo-alto\/#primaryimage"},"thumbnailUrl":"https:\/\/aehm.es\/wp-content\/uploads\/2025\/05\/Madrid-a-Cielo-Abierto-2025-1.jpg","articleSection":["Actualidad AEHM"],"inLanguage":"en-US","potentialAction":[{"@type":"CommentAction","name":"Comment","target":["https:\/\/aehm.es\/los-hoteles-de-la-capital-invitan-a-vivir-madrid-por-todo-lo-alto\/#respond"]}]},{"@type":"WebPage","@id":"https:\/\/aehm.es\/los-hoteles-de-la-capital-invitan-a-vivir-madrid-por-todo-lo-alto\/","url":"https:\/\/aehm.es\/los-hoteles-de-la-capital-invitan-a-vivir-madrid-por-todo-lo-alto\/","name":"Los hoteles de la capital invitan a vivir \u2018Madrid por todo lo alto\u2019 y al aire libre - AEHM","isPartOf":{"@id":"https:\/\/aehm.es\/#website"},"primaryImageOfPage":{"@id":"https:\/\/aehm.es\/los-hoteles-de-la-capital-invitan-a-vivir-madrid-por-todo-lo-alto\/#primaryimage"},"image":{"@id":"https:\/\/aehm.es\/los-hoteles-de-la-capital-invitan-a-vivir-madrid-por-todo-lo-alto\/#primaryimage"},"thumbnailUrl":"https:\/\/aehm.es\/wp-content\/uploads\/2025\/05\/Madrid-a-Cielo-Abierto-2025-1.jpg","datePublished":"2025-05-08T15:35:52+00:00","dateModified":"2025-05-08T16:29:20+00:00","description":"Un total de setenta propuestas gastron\u00f3micas, de bienestar, para disfrutar de un d\u00eda de piscina o vivir el jaleo madrile\u00f1o a la hora del brunch o el afterwork","breadcrumb":{"@id":"https:\/\/aehm.es\/los-hoteles-de-la-capital-invitan-a-vivir-madrid-por-todo-lo-alto\/#breadcrumb"},"inLanguage":"en-US","potentialAction":[{"@type":"ReadAction","target":["https:\/\/aehm.es\/los-hoteles-de-la-capital-invitan-a-vivir-madrid-por-todo-lo-alto\/"]}]},{"@type":"ImageObject","inLanguage":"en-US","@id":"https:\/\/aehm.es\/los-hoteles-de-la-capital-invitan-a-vivir-madrid-por-todo-lo-alto\/#primaryimage","url":"https:\/\/aehm.es\/wp-content\/uploads\/2025\/05\/Madrid-a-Cielo-Abierto-2025-1.jpg","contentUrl":"https:\/\/aehm.es\/wp-content\/uploads\/2025\/05\/Madrid-a-Cielo-Abierto-2025-1.jpg","width":1200,"height":600},{"@type":"BreadcrumbList","@id":"https:\/\/aehm.es\/los-hoteles-de-la-capital-invitan-a-vivir-madrid-por-todo-lo-alto\/#breadcrumb","itemListElement":[{"@type":"ListItem","position":1,"name":"Portada","item":"https:\/\/aehm.es\/en\/"},{"@type":"ListItem","position":2,"name":"Los hoteles de la capital invitan a vivir \u2018Madrid por todo lo alto\u2019 y al aire libre"}]},{"@type":"WebSite","@id":"https:\/\/aehm.es\/#website","url":"https:\/\/aehm.es\/","name":"Asociaci\u00f3n Empresarial Hotelera de Madrid","description":"La Asociaci\u00f3n Empresarial Hotelera Madrid est\u00e1 formada por m\u00e1s de 300 establecimientos de todas las categor\u00edas y tipolog\u00edas (hoteles, hostales, hostels, apartamentos\u2026) que suman m\u00e1s de 75.000 plazas de alojamiento.","publisher":{"@id":"https:\/\/aehm.es\/#organization"},"alternateName":"AEHM","potentialAction":[{"@type":"SearchAction","target":{"@type":"EntryPoint","urlTemplate":"https:\/\/aehm.es\/?s={search_term_string}"},"query-input":{"@type":"PropertyValueSpecification","valueRequired":true,"valueName":"search_term_string"}}],"inLanguage":"en-US"},{"@type":"Organization","@id":"https:\/\/aehm.es\/#organization","name":"Asociaci\u00f3n Empresarial Hotelera de Madrid","url":"https:\/\/aehm.es\/","logo":{"@type":"ImageObject","inLanguage":"en-US","@id":"https:\/\/aehm.es\/#\/schema\/logo\/image\/","url":"https:\/\/aehm.es\/wp-content\/uploads\/2021\/11\/Logo_AEHM_Horiz.png","contentUrl":"https:\/\/aehm.es\/wp-content\/uploads\/2021\/11\/Logo_AEHM_Horiz.png","width":600,"height":182,"caption":"Asociaci\u00f3n Empresarial Hotelera de Madrid"},"image":{"@id":"https:\/\/aehm.es\/#\/schema\/logo\/image\/"},"sameAs":["https:\/\/www.instagram.com\/hotelesdemadrid\/","https:\/\/x.com\/HotelesAEHM","https:\/\/www.linkedin.com\/company\/11166072\/"]},{"@type":"Person","@id":"https:\/\/aehm.es\/#\/schema\/person\/b655ef2171d2fe8c8c3f29920ae6431b","name":"Ana","image":{"@type":"ImageObject","inLanguage":"en-US","@id":"https:\/\/secure.gravatar.com\/avatar\/bb0eb950a76e2f6c0ac163ca0871058014a4639f429cd779c2dbede25673061b?s=96&d=mm&r=g","url":"https:\/\/secure.gravatar.com\/avatar\/bb0eb950a76e2f6c0ac163ca0871058014a4639f429cd779c2dbede25673061b?s=96&d=mm&r=g","contentUrl":"https:\/\/secure.gravatar.com\/avatar\/bb0eb950a76e2f6c0ac163ca0871058014a4639f429cd779c2dbede25673061b?s=96&d=mm&r=g","caption":"Ana"},"url":"https:\/\/aehm.es\/en\/author\/ana\/"}]}},"_links":{"self":[{"href":"https:\/\/aehm.es\/en\/wp-json\/wp\/v2\/posts\/20626","targetHints":{"allow":["GET"]}}],"collection":[{"href":"https:\/\/aehm.es\/en\/wp-json\/wp\/v2\/posts"}],"about":[{"href":"https:\/\/aehm.es\/en\/wp-json\/wp\/v2\/types\/post"}],"author":[{"embeddable":true,"href":"https:\/\/aehm.es\/en\/wp-json\/wp\/v2\/users\/17"}],"replies":[{"embeddable":true,"href":"https:\/\/aehm.es\/en\/wp-json\/wp\/v2\/comments?post=20626"}],"version-history":[{"count":10,"href":"https:\/\/aehm.es\/en\/wp-json\/wp\/v2\/posts\/20626\/revisions"}],"predecessor-version":[{"id":20648,"href":"https:\/\/aehm.es\/en\/wp-json\/wp\/v2\/posts\/20626\/revisions\/20648"}],"wp:featuredmedia":[{"embeddable":true,"href":"https:\/\/aehm.es\/en\/wp-json\/wp\/v2\/media\/20636"}],"wp:attachment":[{"href":"https:\/\/aehm.es\/en\/wp-json\/wp\/v2\/media?parent=20626"}],"wp:term":[{"taxonomy":"category","embeddable":true,"href":"https:\/\/aehm.es\/en\/wp-json\/wp\/v2\/categories?post=20626"},{"taxonomy":"post_tag","embeddable":true,"href":"https:\/\/aehm.es\/en\/wp-json\/wp\/v2\/tags?post=20626"}],"curies":[{"name":"wp","href":"https:\/\/api.w.org\/{rel}","templated":true}]}}