{"id":20618,"date":"2025-05-05T09:02:30","date_gmt":"2025-05-05T09:02:30","guid":{"rendered":"https:\/\/aehm.es\/?p=20618"},"modified":"2025-05-05T09:02:30","modified_gmt":"2025-05-05T09:02:30","slug":"san-isidro-en-los-hoteles-de-madrid-una-fiesta-de-sabor-y-cultura-castizos","status":"publish","type":"post","link":"https:\/\/aehm.es\/en\/san-isidro-en-los-hoteles-de-madrid-una-fiesta-de-sabor-y-cultura-castizos\/","title":{"rendered":"San Isidro en los hoteles de Madrid: una fiesta de sabor y cultura castizos"},"content":{"rendered":"<ul>\n<li>Cerca de una veintena de alojamientos asociados a la AEHM celebran hasta el 15 de junio la \u201cFeria de San Isidro en los hoteles de Madrid\u201d. Coincidiendo con la festividad del patr\u00f3n de la capital y la feria taurina que m\u00e1s aficionados atrae en el mundo, los establecimientos hoteleros ofrecen a vecinos y visitantes una treintena de experiencias inspiradas en las tradiciones culinarias y culturales de tan castizas fechas<\/li>\n<\/ul>\n<p>&nbsp;<\/p>\n<p class=\"x_MsoNormal\"><i data-olk-copy-source=\"MessageBody\">Madrid, 5 de mayo de 2025<\/i>\u00a0&#8211; La\u00a0<a title=\"https:\/\/aehm.es\/\" href=\"https:\/\/aehm.es\/\" data-auth=\"NotApplicable\" data-linkindex=\"1\"><b>Asociaci\u00f3n Empresarial Hotelera de Madrid (AEHM)<\/b><\/a>\u00a0organiza la primera edici\u00f3n de la \u201cFeria de San Isidro en los hoteles de Madrid\u201d, un evento que re\u00fane cerca de treinta propuestas gastron\u00f3micas, musicales, pl\u00e1sticas y recreativas de la mano de casi una veintena de hoteles de la Comunidad de Madrid. Los establecimientos han actualizado las tradiciones m\u00e1s arraigadas de la regi\u00f3n para ejercer de\u00a0<b>anfitriones ante locales y visitantes<\/b>\u00a0y ofrecer una propuesta repleta de gui\u00f1os al costumbrismo madrile\u00f1o.<\/p>\n<p class=\"x_MsoNormal\">El tipismo del arom\u00e1tico verm\u00fa, las siempre bienvenidas tapas, la melosidad del rabo de toro, la dulzura de las rosquillas de San Isidro y el contrapunto de la limonada\u2026 son algunos de los imprescindibles en las barras y mesas madrile\u00f1as en estas fechas y que sirven de inspiraci\u00f3n para la veintena de\u00a0<b>propuestas gastron\u00f3micas<\/b>\u00a0que incluye la Feria.<\/p>\n<p class=\"x_MsoNormal\">Para la ocasi\u00f3n el Hotel Urban GL incorpora a su desayuno las rosquillas de San Isidro y el\u00a0<b>Rooftop El cielo de Alcal\u00e1<\/b>\u00a0sugiere \u201cvermutear\u201d al aire libre. El\u00a0<b>NH Madrid Ventas<\/b>\u00a0ha preparado el Men\u00fa La Monumental; el\u00a0<b>JW Marriott Madrid<\/b>, De Feria a mesa: el esp\u00edritu de San Isidro; el\u00a0<b>NH Collection Abascal<\/b>, el\u00a0<b>Urso Hotel &amp;Spa<\/b>, el\u00a0<b>Hotel Riu Plaza Espa\u00f1a<\/b>, el restaurante\u00a0<b>La Catorce<\/b>\u00a0y\u00a0<b>Tilda Neotaberna Castiza\u00a0<\/b>ofrecer\u00e1n un Men\u00fa Especial San Isidro y el\u00a0<b>Ella Sky Bar<\/b>, un Men\u00fa Degustaci\u00f3n.<\/p>\n<p class=\"x_MsoNormal\">Por su parte, el\u00a0<b>Wellington Hotel &amp; Spa Madrid<\/b>\u00a0ha dise\u00f1ado una tapa Feria de San Isidro e incluso un\u00a0<i>brunch<\/i>, iniciativa tambi\u00e9n adoptada por el\u00a0<b>Hotel Attica21 Las Rozas<\/b>\u00a0y el Rooftop El cielo de Alcal\u00e1. El\u00a0<b>Four Seasons<\/b>\u00a0propone paladear San Isidro en El Patio y el chef madrile\u00f1o Mario Sandoval sugiere degustar rabo de toro en el\u00a0<b>Relais &amp; Ch\u00e2teaux Heritage<\/b>. Las iniciativas culinarias se cierran con el\u00a0<b>Inhala Terraza Garden<\/b>, que celebra Feria de San Isidro con mesa y mantel y el Sabor a San Isidro del\u00a0<b>Novotel Madrid Center<\/b>.<\/p>\n<p class=\"x_MsoNormal\">La verbena y sus elegantes chotis, los coloristas claveles y hasta la chuler\u00eda que se atribuye a los madrile\u00f1os son el germen de sugerencias como la tarde de piano y limonada del Urso Hotel &amp; Spa, la tarde de domingo con DJ y los chotis al atardecer del\u00a0<b>Rooftop El cielo de Alcal\u00e1<\/b>.<b>\u00a0<\/b>Una verbena castiza, talleres de chotis y la exposici\u00f3n de pintura contempor\u00e1nea castiza de Mar\u00eda Burgaz son los planes que propone el\u00a0<b>Hotel Avani Alonso Mart\u00ednez<\/b>. La cena \u00a1Sabor, m\u00fasica y diversi\u00f3n! con el ritmo de \u00c1lvaro Traverso a d\u00fao en caj\u00f3n y los retratos en vivo del Rooftop El cielo de Alcal\u00e1 completan una programaci\u00f3n de aire chulapo.<\/p>\n<p class=\"x_MsoNormal\">Para la\u00a0<b>vicepresidenta ejecutiva de AEHM, Mar de Miguel<\/b>, esta primera edici\u00f3n de la \u201cFeria de San Isidro en los hoteles de Madrid\u201d<i>\u00a0<\/i>es una prueba clara de que\u00a0<i>\u201cMadrid tiene una cultura y una identidad \u00fanicas en el mundo y debemos ponerlas en valor.\u00a0<\/i>Y ha a\u00f1adido:\u00a0<i>\u201cTenemos la suerte de que los visitantes que recibimos aprecian la singularidad de Madrid, nuestro entorno y nuestra cultura, por lo que compartir su singularidad con ellos es un placer\u201d.<\/i><\/p>\n<p class=\"x_MsoNormal\">M\u00e1s informaci\u00f3n en\u00a0<a title=\"https:\/\/muchomasquehoteles.com\/\" href=\"https:\/\/muchomasquehoteles.com\/\" data-auth=\"NotApplicable\" data-linkindex=\"2\">Mucho+QueHoteles<\/a>, la web de los mejores planes en los establecimientos de la AEHM.<\/p>\n","protected":false},"excerpt":{"rendered":"<p>Cerca de una veintena de alojamientos asociados a la AEHM celebran hasta el 15 de junio la \u201cFeria de San Isidro en los hoteles de Madrid\u201d. Coincidiendo con la festividad del patr\u00f3n de la capital y la feria taurina que m\u00e1s aficionados atrae en el mundo, los establecimientos hoteleros ofrecen a vecinos y visitantes una [&hellip;]<\/p>\n","protected":false},"author":20,"featured_media":20619,"comment_status":"open","ping_status":"open","sticky":false,"template":"","format":"standard","meta":{"footnotes":""},"categories":[1],"tags":[],"class_list":["post-20618","post","type-post","status-publish","format-standard","has-post-thumbnail","hentry","category-actualidad-aehm"],"yoast_head":"<!-- This site is optimized with the Yoast SEO plugin v27.5 - https:\/\/yoast.com\/product\/yoast-seo-wordpress\/ -->\n<title>San Isidro en los hoteles de Madrid: una fiesta de sabor y cultura castizos - AEHM<\/title>\n<meta name=\"description\" content=\"Cerca de una veintena de alojamientos asociados a la AEHM celebran hasta el 15 de junio la \u201cFeria de San Isidro en los hoteles de Madrid\u201d.\" \/>\n<meta name=\"robots\" content=\"index, follow, max-snippet:-1, max-image-preview:large, max-video-preview:-1\" \/>\n<link rel=\"canonical\" href=\"https:\/\/aehm.es\/san-isidro-en-los-hoteles-de-madrid-una-fiesta-de-sabor-y-cultura-castizos\/\" \/>\n<meta property=\"og:locale\" content=\"en_US\" \/>\n<meta property=\"og:type\" content=\"article\" \/>\n<meta property=\"og:title\" content=\"San Isidro en los hoteles de Madrid: una fiesta de sabor y cultura castizos\" \/>\n<meta property=\"og:description\" content=\"Cerca de una veintena de alojamientos asociados a la AEHM celebran hasta el 15 de junio la \u201cFeria de San Isidro en los hoteles de Madrid\u201d.\" \/>\n<meta property=\"og:url\" content=\"https:\/\/aehm.es\/san-isidro-en-los-hoteles-de-madrid-una-fiesta-de-sabor-y-cultura-castizos\/\" \/>\n<meta property=\"og:site_name\" content=\"AEHM\" \/>\n<meta property=\"article:publisher\" content=\"https:\/\/www.instagram.com\/hotelesdemadrid\/\" \/>\n<meta property=\"article:published_time\" content=\"2025-05-05T09:02:30+00:00\" \/>\n<meta property=\"og:image\" content=\"https:\/\/aehm.es\/wp-content\/uploads\/2025\/05\/NdP_SanIsidro-1024x576.png\" \/>\n\t<meta property=\"og:image:width\" content=\"1024\" \/>\n\t<meta property=\"og:image:height\" content=\"576\" \/>\n\t<meta property=\"og:image:type\" content=\"image\/png\" \/>\n<meta name=\"author\" content=\"Laura Sarria\" \/>\n<meta name=\"twitter:card\" content=\"summary_large_image\" \/>\n<meta name=\"twitter:creator\" content=\"@HotelesAEHM\" \/>\n<meta name=\"twitter:site\" content=\"@HotelesAEHM\" \/>\n<meta name=\"twitter:label1\" content=\"Written by\" \/>\n\t<meta name=\"twitter:data1\" content=\"Laura Sarria\" \/>\n\t<meta name=\"twitter:label2\" content=\"Est. reading time\" \/>\n\t<meta name=\"twitter:data2\" content=\"3 minutes\" \/>\n<script type=\"application\/ld+json\" class=\"yoast-schema-graph\">{\"@context\":\"https:\\\/\\\/schema.org\",\"@graph\":[{\"@type\":\"Article\",\"@id\":\"https:\\\/\\\/aehm.es\\\/san-isidro-en-los-hoteles-de-madrid-una-fiesta-de-sabor-y-cultura-castizos\\\/#article\",\"isPartOf\":{\"@id\":\"https:\\\/\\\/aehm.es\\\/san-isidro-en-los-hoteles-de-madrid-una-fiesta-de-sabor-y-cultura-castizos\\\/\"},\"author\":{\"name\":\"Laura Sarria\",\"@id\":\"https:\\\/\\\/aehm.es\\\/#\\\/schema\\\/person\\\/a11ff5e10daf701bc492cd7a4e624215\"},\"headline\":\"San Isidro en los hoteles de Madrid: una fiesta de sabor y cultura castizos\",\"datePublished\":\"2025-05-05T09:02:30+00:00\",\"mainEntityOfPage\":{\"@id\":\"https:\\\/\\\/aehm.es\\\/san-isidro-en-los-hoteles-de-madrid-una-fiesta-de-sabor-y-cultura-castizos\\\/\"},\"wordCount\":651,\"commentCount\":0,\"publisher\":{\"@id\":\"https:\\\/\\\/aehm.es\\\/#organization\"},\"image\":{\"@id\":\"https:\\\/\\\/aehm.es\\\/san-isidro-en-los-hoteles-de-madrid-una-fiesta-de-sabor-y-cultura-castizos\\\/#primaryimage\"},\"thumbnailUrl\":\"https:\\\/\\\/aehm.es\\\/wp-content\\\/uploads\\\/2025\\\/05\\\/Destacada-NP-AEHM-1.png\",\"articleSection\":[\"Actualidad AEHM\"],\"inLanguage\":\"en-US\",\"potentialAction\":[{\"@type\":\"CommentAction\",\"name\":\"Comment\",\"target\":[\"https:\\\/\\\/aehm.es\\\/san-isidro-en-los-hoteles-de-madrid-una-fiesta-de-sabor-y-cultura-castizos\\\/#respond\"]}]},{\"@type\":\"WebPage\",\"@id\":\"https:\\\/\\\/aehm.es\\\/san-isidro-en-los-hoteles-de-madrid-una-fiesta-de-sabor-y-cultura-castizos\\\/\",\"url\":\"https:\\\/\\\/aehm.es\\\/san-isidro-en-los-hoteles-de-madrid-una-fiesta-de-sabor-y-cultura-castizos\\\/\",\"name\":\"San Isidro en los hoteles de Madrid: una fiesta de sabor y cultura castizos - AEHM\",\"isPartOf\":{\"@id\":\"https:\\\/\\\/aehm.es\\\/#website\"},\"primaryImageOfPage\":{\"@id\":\"https:\\\/\\\/aehm.es\\\/san-isidro-en-los-hoteles-de-madrid-una-fiesta-de-sabor-y-cultura-castizos\\\/#primaryimage\"},\"image\":{\"@id\":\"https:\\\/\\\/aehm.es\\\/san-isidro-en-los-hoteles-de-madrid-una-fiesta-de-sabor-y-cultura-castizos\\\/#primaryimage\"},\"thumbnailUrl\":\"https:\\\/\\\/aehm.es\\\/wp-content\\\/uploads\\\/2025\\\/05\\\/Destacada-NP-AEHM-1.png\",\"datePublished\":\"2025-05-05T09:02:30+00:00\",\"description\":\"Cerca de una veintena de alojamientos asociados a la AEHM celebran hasta el 15 de junio la \u201cFeria de San Isidro en los hoteles de Madrid\u201d.\",\"breadcrumb\":{\"@id\":\"https:\\\/\\\/aehm.es\\\/san-isidro-en-los-hoteles-de-madrid-una-fiesta-de-sabor-y-cultura-castizos\\\/#breadcrumb\"},\"inLanguage\":\"en-US\",\"potentialAction\":[{\"@type\":\"ReadAction\",\"target\":[\"https:\\\/\\\/aehm.es\\\/san-isidro-en-los-hoteles-de-madrid-una-fiesta-de-sabor-y-cultura-castizos\\\/\"]}]},{\"@type\":\"ImageObject\",\"inLanguage\":\"en-US\",\"@id\":\"https:\\\/\\\/aehm.es\\\/san-isidro-en-los-hoteles-de-madrid-una-fiesta-de-sabor-y-cultura-castizos\\\/#primaryimage\",\"url\":\"https:\\\/\\\/aehm.es\\\/wp-content\\\/uploads\\\/2025\\\/05\\\/Destacada-NP-AEHM-1.png\",\"contentUrl\":\"https:\\\/\\\/aehm.es\\\/wp-content\\\/uploads\\\/2025\\\/05\\\/Destacada-NP-AEHM-1.png\",\"width\":724,\"height\":503},{\"@type\":\"BreadcrumbList\",\"@id\":\"https:\\\/\\\/aehm.es\\\/san-isidro-en-los-hoteles-de-madrid-una-fiesta-de-sabor-y-cultura-castizos\\\/#breadcrumb\",\"itemListElement\":[{\"@type\":\"ListItem\",\"position\":1,\"name\":\"Portada\",\"item\":\"https:\\\/\\\/aehm.es\\\/en\\\/\"},{\"@type\":\"ListItem\",\"position\":2,\"name\":\"San Isidro en los hoteles de Madrid: una fiesta de sabor y cultura castizos\"}]},{\"@type\":\"WebSite\",\"@id\":\"https:\\\/\\\/aehm.es\\\/#website\",\"url\":\"https:\\\/\\\/aehm.es\\\/\",\"name\":\"Asociaci\u00f3n Empresarial Hotelera de Madrid\",\"description\":\"La Asociaci\u00f3n Empresarial Hotelera Madrid est\u00e1 formada por m\u00e1s de 300 establecimientos de todas las categor\u00edas y tipolog\u00edas (hoteles, hostales, hostels, apartamentos\u2026) que suman m\u00e1s de 75.000 plazas de alojamiento.\",\"publisher\":{\"@id\":\"https:\\\/\\\/aehm.es\\\/#organization\"},\"alternateName\":\"AEHM\",\"potentialAction\":[{\"@type\":\"SearchAction\",\"target\":{\"@type\":\"EntryPoint\",\"urlTemplate\":\"https:\\\/\\\/aehm.es\\\/?s={search_term_string}\"},\"query-input\":{\"@type\":\"PropertyValueSpecification\",\"valueRequired\":true,\"valueName\":\"search_term_string\"}}],\"inLanguage\":\"en-US\"},{\"@type\":\"Organization\",\"@id\":\"https:\\\/\\\/aehm.es\\\/#organization\",\"name\":\"Asociaci\u00f3n Empresarial Hotelera de Madrid\",\"url\":\"https:\\\/\\\/aehm.es\\\/\",\"logo\":{\"@type\":\"ImageObject\",\"inLanguage\":\"en-US\",\"@id\":\"https:\\\/\\\/aehm.es\\\/#\\\/schema\\\/logo\\\/image\\\/\",\"url\":\"https:\\\/\\\/aehm.es\\\/wp-content\\\/uploads\\\/2021\\\/11\\\/Logo_AEHM_Horiz.png\",\"contentUrl\":\"https:\\\/\\\/aehm.es\\\/wp-content\\\/uploads\\\/2021\\\/11\\\/Logo_AEHM_Horiz.png\",\"width\":600,\"height\":182,\"caption\":\"Asociaci\u00f3n Empresarial Hotelera de Madrid\"},\"image\":{\"@id\":\"https:\\\/\\\/aehm.es\\\/#\\\/schema\\\/logo\\\/image\\\/\"},\"sameAs\":[\"https:\\\/\\\/www.instagram.com\\\/hotelesdemadrid\\\/\",\"https:\\\/\\\/x.com\\\/HotelesAEHM\",\"https:\\\/\\\/www.linkedin.com\\\/company\\\/11166072\\\/\"]},{\"@type\":\"Person\",\"@id\":\"https:\\\/\\\/aehm.es\\\/#\\\/schema\\\/person\\\/a11ff5e10daf701bc492cd7a4e624215\",\"name\":\"Laura Sarria\",\"image\":{\"@type\":\"ImageObject\",\"inLanguage\":\"en-US\",\"@id\":\"https:\\\/\\\/secure.gravatar.com\\\/avatar\\\/4ef4b0f260923823a97f1e823b29d340c5e8606b68a4dc4288a7ccd66262c35b?s=96&d=mm&r=g\",\"url\":\"https:\\\/\\\/secure.gravatar.com\\\/avatar\\\/4ef4b0f260923823a97f1e823b29d340c5e8606b68a4dc4288a7ccd66262c35b?s=96&d=mm&r=g\",\"contentUrl\":\"https:\\\/\\\/secure.gravatar.com\\\/avatar\\\/4ef4b0f260923823a97f1e823b29d340c5e8606b68a4dc4288a7ccd66262c35b?s=96&d=mm&r=g\",\"caption\":\"Laura Sarria\"},\"url\":\"https:\\\/\\\/aehm.es\\\/en\\\/author\\\/laura-sarria\\\/\"}]}<\/script>\n<!-- \/ Yoast SEO plugin. -->","yoast_head_json":{"title":"San Isidro en los hoteles de Madrid: una fiesta de sabor y cultura castizos - AEHM","description":"Cerca de una veintena de alojamientos asociados a la AEHM celebran hasta el 15 de junio la \u201cFeria de San Isidro en los hoteles de Madrid\u201d.","robots":{"index":"index","follow":"follow","max-snippet":"max-snippet:-1","max-image-preview":"max-image-preview:large","max-video-preview":"max-video-preview:-1"},"canonical":"https:\/\/aehm.es\/san-isidro-en-los-hoteles-de-madrid-una-fiesta-de-sabor-y-cultura-castizos\/","og_locale":"en_US","og_type":"article","og_title":"San Isidro en los hoteles de Madrid: una fiesta de sabor y cultura castizos","og_description":"Cerca de una veintena de alojamientos asociados a la AEHM celebran hasta el 15 de junio la \u201cFeria de San Isidro en los hoteles de Madrid\u201d.","og_url":"https:\/\/aehm.es\/san-isidro-en-los-hoteles-de-madrid-una-fiesta-de-sabor-y-cultura-castizos\/","og_site_name":"AEHM","article_publisher":"https:\/\/www.instagram.com\/hotelesdemadrid\/","article_published_time":"2025-05-05T09:02:30+00:00","og_image":[{"width":1024,"height":576,"url":"https:\/\/aehm.es\/wp-content\/uploads\/2025\/05\/NdP_SanIsidro-1024x576.png","type":"image\/png"}],"author":"Laura Sarria","twitter_card":"summary_large_image","twitter_creator":"@HotelesAEHM","twitter_site":"@HotelesAEHM","twitter_misc":{"Written by":"Laura Sarria","Est. reading time":"3 minutes"},"schema":{"@context":"https:\/\/schema.org","@graph":[{"@type":"Article","@id":"https:\/\/aehm.es\/san-isidro-en-los-hoteles-de-madrid-una-fiesta-de-sabor-y-cultura-castizos\/#article","isPartOf":{"@id":"https:\/\/aehm.es\/san-isidro-en-los-hoteles-de-madrid-una-fiesta-de-sabor-y-cultura-castizos\/"},"author":{"name":"Laura Sarria","@id":"https:\/\/aehm.es\/#\/schema\/person\/a11ff5e10daf701bc492cd7a4e624215"},"headline":"San Isidro en los hoteles de Madrid: una fiesta de sabor y cultura castizos","datePublished":"2025-05-05T09:02:30+00:00","mainEntityOfPage":{"@id":"https:\/\/aehm.es\/san-isidro-en-los-hoteles-de-madrid-una-fiesta-de-sabor-y-cultura-castizos\/"},"wordCount":651,"commentCount":0,"publisher":{"@id":"https:\/\/aehm.es\/#organization"},"image":{"@id":"https:\/\/aehm.es\/san-isidro-en-los-hoteles-de-madrid-una-fiesta-de-sabor-y-cultura-castizos\/#primaryimage"},"thumbnailUrl":"https:\/\/aehm.es\/wp-content\/uploads\/2025\/05\/Destacada-NP-AEHM-1.png","articleSection":["Actualidad AEHM"],"inLanguage":"en-US","potentialAction":[{"@type":"CommentAction","name":"Comment","target":["https:\/\/aehm.es\/san-isidro-en-los-hoteles-de-madrid-una-fiesta-de-sabor-y-cultura-castizos\/#respond"]}]},{"@type":"WebPage","@id":"https:\/\/aehm.es\/san-isidro-en-los-hoteles-de-madrid-una-fiesta-de-sabor-y-cultura-castizos\/","url":"https:\/\/aehm.es\/san-isidro-en-los-hoteles-de-madrid-una-fiesta-de-sabor-y-cultura-castizos\/","name":"San Isidro en los hoteles de Madrid: una fiesta de sabor y cultura castizos - AEHM","isPartOf":{"@id":"https:\/\/aehm.es\/#website"},"primaryImageOfPage":{"@id":"https:\/\/aehm.es\/san-isidro-en-los-hoteles-de-madrid-una-fiesta-de-sabor-y-cultura-castizos\/#primaryimage"},"image":{"@id":"https:\/\/aehm.es\/san-isidro-en-los-hoteles-de-madrid-una-fiesta-de-sabor-y-cultura-castizos\/#primaryimage"},"thumbnailUrl":"https:\/\/aehm.es\/wp-content\/uploads\/2025\/05\/Destacada-NP-AEHM-1.png","datePublished":"2025-05-05T09:02:30+00:00","description":"Cerca de una veintena de alojamientos asociados a la AEHM celebran hasta el 15 de junio la \u201cFeria de San Isidro en los hoteles de Madrid\u201d.","breadcrumb":{"@id":"https:\/\/aehm.es\/san-isidro-en-los-hoteles-de-madrid-una-fiesta-de-sabor-y-cultura-castizos\/#breadcrumb"},"inLanguage":"en-US","potentialAction":[{"@type":"ReadAction","target":["https:\/\/aehm.es\/san-isidro-en-los-hoteles-de-madrid-una-fiesta-de-sabor-y-cultura-castizos\/"]}]},{"@type":"ImageObject","inLanguage":"en-US","@id":"https:\/\/aehm.es\/san-isidro-en-los-hoteles-de-madrid-una-fiesta-de-sabor-y-cultura-castizos\/#primaryimage","url":"https:\/\/aehm.es\/wp-content\/uploads\/2025\/05\/Destacada-NP-AEHM-1.png","contentUrl":"https:\/\/aehm.es\/wp-content\/uploads\/2025\/05\/Destacada-NP-AEHM-1.png","width":724,"height":503},{"@type":"BreadcrumbList","@id":"https:\/\/aehm.es\/san-isidro-en-los-hoteles-de-madrid-una-fiesta-de-sabor-y-cultura-castizos\/#breadcrumb","itemListElement":[{"@type":"ListItem","position":1,"name":"Portada","item":"https:\/\/aehm.es\/en\/"},{"@type":"ListItem","position":2,"name":"San Isidro en los hoteles de Madrid: una fiesta de sabor y cultura castizos"}]},{"@type":"WebSite","@id":"https:\/\/aehm.es\/#website","url":"https:\/\/aehm.es\/","name":"Asociaci\u00f3n Empresarial Hotelera de Madrid","description":"La Asociaci\u00f3n Empresarial Hotelera Madrid est\u00e1 formada por m\u00e1s de 300 establecimientos de todas las categor\u00edas y tipolog\u00edas (hoteles, hostales, hostels, apartamentos\u2026) que suman m\u00e1s de 75.000 plazas de alojamiento.","publisher":{"@id":"https:\/\/aehm.es\/#organization"},"alternateName":"AEHM","potentialAction":[{"@type":"SearchAction","target":{"@type":"EntryPoint","urlTemplate":"https:\/\/aehm.es\/?s={search_term_string}"},"query-input":{"@type":"PropertyValueSpecification","valueRequired":true,"valueName":"search_term_string"}}],"inLanguage":"en-US"},{"@type":"Organization","@id":"https:\/\/aehm.es\/#organization","name":"Asociaci\u00f3n Empresarial Hotelera de Madrid","url":"https:\/\/aehm.es\/","logo":{"@type":"ImageObject","inLanguage":"en-US","@id":"https:\/\/aehm.es\/#\/schema\/logo\/image\/","url":"https:\/\/aehm.es\/wp-content\/uploads\/2021\/11\/Logo_AEHM_Horiz.png","contentUrl":"https:\/\/aehm.es\/wp-content\/uploads\/2021\/11\/Logo_AEHM_Horiz.png","width":600,"height":182,"caption":"Asociaci\u00f3n Empresarial Hotelera de Madrid"},"image":{"@id":"https:\/\/aehm.es\/#\/schema\/logo\/image\/"},"sameAs":["https:\/\/www.instagram.com\/hotelesdemadrid\/","https:\/\/x.com\/HotelesAEHM","https:\/\/www.linkedin.com\/company\/11166072\/"]},{"@type":"Person","@id":"https:\/\/aehm.es\/#\/schema\/person\/a11ff5e10daf701bc492cd7a4e624215","name":"Laura Sarria","image":{"@type":"ImageObject","inLanguage":"en-US","@id":"https:\/\/secure.gravatar.com\/avatar\/4ef4b0f260923823a97f1e823b29d340c5e8606b68a4dc4288a7ccd66262c35b?s=96&d=mm&r=g","url":"https:\/\/secure.gravatar.com\/avatar\/4ef4b0f260923823a97f1e823b29d340c5e8606b68a4dc4288a7ccd66262c35b?s=96&d=mm&r=g","contentUrl":"https:\/\/secure.gravatar.com\/avatar\/4ef4b0f260923823a97f1e823b29d340c5e8606b68a4dc4288a7ccd66262c35b?s=96&d=mm&r=g","caption":"Laura Sarria"},"url":"https:\/\/aehm.es\/en\/author\/laura-sarria\/"}]}},"_links":{"self":[{"href":"https:\/\/aehm.es\/en\/wp-json\/wp\/v2\/posts\/20618","targetHints":{"allow":["GET"]}}],"collection":[{"href":"https:\/\/aehm.es\/en\/wp-json\/wp\/v2\/posts"}],"about":[{"href":"https:\/\/aehm.es\/en\/wp-json\/wp\/v2\/types\/post"}],"author":[{"embeddable":true,"href":"https:\/\/aehm.es\/en\/wp-json\/wp\/v2\/users\/20"}],"replies":[{"embeddable":true,"href":"https:\/\/aehm.es\/en\/wp-json\/wp\/v2\/comments?post=20618"}],"version-history":[{"count":1,"href":"https:\/\/aehm.es\/en\/wp-json\/wp\/v2\/posts\/20618\/revisions"}],"predecessor-version":[{"id":20623,"href":"https:\/\/aehm.es\/en\/wp-json\/wp\/v2\/posts\/20618\/revisions\/20623"}],"wp:featuredmedia":[{"embeddable":true,"href":"https:\/\/aehm.es\/en\/wp-json\/wp\/v2\/media\/20619"}],"wp:attachment":[{"href":"https:\/\/aehm.es\/en\/wp-json\/wp\/v2\/media?parent=20618"}],"wp:term":[{"taxonomy":"category","embeddable":true,"href":"https:\/\/aehm.es\/en\/wp-json\/wp\/v2\/categories?post=20618"},{"taxonomy":"post_tag","embeddable":true,"href":"https:\/\/aehm.es\/en\/wp-json\/wp\/v2\/tags?post=20618"}],"curies":[{"name":"wp","href":"https:\/\/api.w.org\/{rel}","templated":true}]}}