{"id":20045,"date":"2025-01-23T09:38:29","date_gmt":"2025-01-23T09:38:29","guid":{"rendered":"https:\/\/aehm.es\/?p=20045"},"modified":"2025-01-27T18:05:49","modified_gmt":"2025-01-27T18:05:49","slug":"la-red-de-hoteles-creativos-impulsa-la-colaboracion-en-el-sector-hotelero","status":"publish","type":"post","link":"https:\/\/aehm.es\/en\/la-red-de-hoteles-creativos-impulsa-la-colaboracion-en-el-sector-hotelero\/","title":{"rendered":"La Red de Hoteles Creativos impulsa la colaboraci\u00f3n  en el sector hotelero espa\u00f1ol para fortalecer la  identidad de cada territorio"},"content":{"rendered":"<ul>\n<li><b>La iniciativa integrada por Ashotel, el Gremi d\u2019Hotels de Barcelona y la Asociaci\u00f3n Empresarial <\/b><b><\/b><b>Hotelera de Madrid (AEHM) promueve experiencias \u00fanicas que destacan la cultura y el talento local <\/b><b><\/b><b>a trav\u00e9s de la creatividad y el trabajo en red.\u00a0<\/b><\/li>\n<\/ul>\n<p>&nbsp;<\/p>\n<ul>\n<li><span style=\"font-weight: 400;\">\u00a0<\/span><b>La Asociaci\u00f3n Empresarial Hotelera de Madrid presenta \u2018Suite 657\u2019, su innovadora propuesta piloto <\/b><b>\u00a0<\/b><b>para descubrir la ciudad a trav\u00e9s de experiencias gastron\u00f3micas, culturales y de restauraci\u00f3n. Este <\/b><b>\u00a0<\/b><b>ciclo de siete eventos, que se celebrar\u00e1n en hoteles \u00fanicos de Madrid, rinde homenaje a la rica cultura <\/b><b>\u00a0<\/b><b>y gastronom\u00eda de la ciudad.<\/b><\/li>\n<\/ul>\n<p>&nbsp;<\/p>\n<p><i><span style=\"font-weight: 400;\">Madrid, 23 de enero de 2025.- <\/span><\/i><span style=\"font-weight: 400;\">En el marco de Fitur 2025, la Asociaci\u00f3n Empresarial Hotelera de Madrid\u00a0 <\/span><span style=\"font-weight: 400;\">(AEHM) ha participado en una mesa redonda titulada <\/span><b>\u2018Red de Hoteles Creativos: conectando talento local <\/b><b>\u00a0<\/b><b>y generaci\u00f3n de experiencias\u2019<\/b><span style=\"font-weight: 400;\">, organizada en el stand del Instituto Tecnol\u00f3gico Hotelero (ITH), dentro de <\/span><span style=\"font-weight: 400;\">\u00a0Fiturtechy.\u00a0<\/span><\/p>\n<p><b>Este espacio de di\u00e1logo ha contado con la intervenci\u00f3n de Manuel Baena, director de Comunicaci\u00f3n y <\/b><b>\u00a0<\/b><b>Marketing del Gremi d\u2019Hotels de Barcelona; Enrique Padr\u00f3n, director de Innovaci\u00f3n y Sostenibilidad de <\/b><b>\u00a0<\/b><b>Ashotel; Cristina S\u00e1nchez, directora de Comunicaci\u00f3n y Marketing de AEHM, y la moderadora Sheila <\/b><b>\u00a0S\u00e1nchez, principal consultant de FI Group.\u00a0<\/b><\/p>\n<p><span style=\"font-weight: 400;\">La <\/span><b>Red Espa\u00f1ola de Hoteles Creativos<\/b><span style=\"font-weight: 400;\">, formada por estas tres entidades, trabaja para innovar en el sector <\/span><span style=\"font-weight: 400;\">\u00a0<\/span><span style=\"font-weight: 400;\">hotelero a trav\u00e9s de la creatividad. Su misi\u00f3n es ofrecer experiencias \u00fanicas que destaquen la cultura y los <\/span><span style=\"font-weight: 400;\">\u00a0talentos locales, con un enfoque especial en los productos de proximidad y kil\u00f3metro 0.\u00a0<\/span><\/p>\n<p><b>El proyecto, adem\u00e1s, fomenta la cooperaci\u00f3n entre los sectores clave como la cultura, la gastronom\u00eda, el <\/b><b>\u00a0<\/b><b>turismo y la vitivinicultura, promoviendo est\u00e1ndares comunes que valorizan la identidad de cada <\/b><b>\u00a0<\/b><b>territorio<\/b><span style=\"font-weight: 400;\">. Como parte del mismo, la Red organiza actividades formativas dirigidas a los profesionales del <\/span><span style=\"font-weight: 400;\">\u00a0<\/span><span style=\"font-weight: 400;\">turismo para fortalecer la capacidad de innovaci\u00f3n.<\/span><span style=\"font-weight: 400;\">\u00a0<\/span><\/p>\n<p><span style=\"font-weight: 400;\">La iniciativa, respaldada financieramente por <\/span><b>la Uni\u00f3n Europea, a trav\u00e9s de los fondos Next Generation\u00a0 EU, en el marco del Plan de Recuperaci\u00f3n, Transformaci\u00f3n y Resiliencia del Ministerio de Industria y\u00a0 Turismo, y, espec\u00edficamente, en el programa \u2018Experiencias Turismo Espa\u00f1a\u2019, contempla el desarrollo de tres iniciativas piloto <\/b><span style=\"font-weight: 400;\">en hoteles de Tenerife, Barcelona y Madrid y la creaci\u00f3n de un cat\u00e1logo de buenas\u00a0 pr\u00e1cticas para los miembros de la red.\u00a0<\/span><\/p>\n<h2><b>La propuesta piloto de AEHM: \u2018Suite 657\u2019<\/b><\/h2>\n<p><b>Durante la mesa redonda, AEHM present\u00f3 \u2018Suite 657\u2019, una innovadora iniciativa para descubrir Madrid a <\/b><b>\u00a0<\/b><b>trav\u00e9s de experiencias gastron\u00f3micas, culturales y de restauraci\u00f3n en sus hoteles. <\/b><span style=\"font-weight: 400;\">Se trata de un ciclo de <\/span><span style=\"font-weight: 400;\">\u00a0<\/span><span style=\"font-weight: 400;\">siete acciones o eventos en establecimientos hoteleros \u00fanicos de la capital que rinden homenaje a la cultura <\/span><span style=\"font-weight: 400;\">\u00a0y la gastronom\u00eda local.\u00a0<\/span><\/p>\n<p><span style=\"font-weight: 400;\">El nombre e identidad visual de \u2018Suite 657\u2019 reflejan la altitud de Madrid, situada a 657 metros sobre el nivel <\/span><span style=\"font-weight: 400;\">\u00a0del mar, y se inspiran en los caracter\u00edsticos azulejos de la ciudad.\u00a0\u00a0<\/span><\/p>\n<h2><b>Madrid: destino experiencial y epicentro de la innovaci\u00f3n en el sector hotelero\u00a0<\/b><\/h2>\n<p><span style=\"font-weight: 400;\">La <\/span><b>Asociaci\u00f3n Empresarial Hotelera de Madrid (AEHM) <\/b><span style=\"font-weight: 400;\">destac\u00f3 c\u00f3mo los hoteles madrile\u00f1os han <\/span><span style=\"font-weight: 400;\">\u00a0<\/span><span style=\"font-weight: 400;\">evolucionado para convertirse en destinos en s\u00ed mismos. M\u00e1s all\u00e1 del alojamiento, ofrecen propuestas <\/span><span style=\"font-weight: 400;\">\u00a0<\/span><span style=\"font-weight: 400;\">integrales que combinan dise\u00f1o, moda, bienestar, gastronom\u00eda y experiencias inmersivas. Esta estrategia <\/span><span style=\"font-weight: 400;\">\u00a0transforma el hospedaje en una parte esencial del viaje, permitiendo al visitante sumergirse en la ciudad.\u00a0<\/span><\/p>\n<p><span style=\"font-weight: 400;\">En especial, se resalt\u00f3 el <\/span><b>auge de la oferta gastron\u00f3mica, con propuestas cuidadosamente dise\u00f1adas para <\/b><b>\u00a0atraer tanto a turistas como a residentes.\u00a0<\/b><\/p>\n<p><span style=\"font-weight: 400;\">Durante la mesa redonda, tambi\u00e9n se habl\u00f3 del <\/span><b>auge gastron\u00f3mico local<\/b><span style=\"font-weight: 400;\">, reflejado en las propuestas <\/span><span style=\"font-weight: 400;\">\u00a0<\/span><span style=\"font-weight: 400;\">culinarias de los hoteles, que han adaptado su oferta para enriquecer la experiencia del turista y atraer al <\/span><span style=\"font-weight: 400;\">\u00a0<\/span><span style=\"font-weight: 400;\">p\u00fablico local. <\/span><b>Madrid se posiciona como un referente en hospitalidad, <\/b><span style=\"font-weight: 400;\">sus hoteles son espacios donde se <\/span><span style=\"font-weight: 400;\">\u00a0vive verdaderamente la ciudad.\u00a0<\/span><\/p>\n<p><span style=\"font-weight: 400;\">El <\/span><b>modelo de turismo experiencial es clave para el desarrollo de la Comunidad de Madrid. Desde la AEHM, <\/b><b>\u00a0<\/b><b>se subray\u00f3 que los hoteles est\u00e1n liderando la creaci\u00f3n de vivencias que van m\u00e1s all\u00e1 del alojamiento. <\/b><span style=\"font-weight: 400;\">Este <\/span><span style=\"font-weight: 400;\">\u00a0<\/span><span style=\"font-weight: 400;\">enfoque permite generar conexiones emocionales m\u00e1s profundas con el destino, convirtiendo cada <\/span><span style=\"font-weight: 400;\">\u00a0<\/span><span style=\"font-weight: 400;\">estancia en un recuerdo memorable.<\/span><span style=\"font-weight: 400;\">\u00a0<\/span><\/p>\n<p><span style=\"font-weight: 400;\">P\u00e1gina web: <a href=\"https:\/\/hotelescreativos.es\/\" target=\"_blank\" rel=\"noopener\">https:\/\/hotelescreativos.es\/<\/a><\/span><\/p>\n","protected":false},"excerpt":{"rendered":"<p>La iniciativa integrada por Ashotel, el Gremi d\u2019Hotels de Barcelona y la Asociaci\u00f3n Empresarial Hotelera de Madrid (AEHM) promueve experiencias \u00fanicas que destacan la cultura y el talento local a trav\u00e9s de la creatividad y el trabajo en red.\u00a0 &nbsp; \u00a0La Asociaci\u00f3n Empresarial Hotelera de Madrid presenta \u2018Suite 657\u2019, su innovadora propuesta piloto \u00a0para descubrir [&hellip;]<\/p>\n","protected":false},"author":17,"featured_media":20052,"comment_status":"open","ping_status":"open","sticky":false,"template":"","format":"standard","meta":{"footnotes":""},"categories":[1],"tags":[],"class_list":["post-20045","post","type-post","status-publish","format-standard","has-post-thumbnail","hentry","category-actualidad-aehm"],"yoast_head":"<!-- This site is optimized with the Yoast SEO plugin v27.5 - https:\/\/yoast.com\/product\/yoast-seo-wordpress\/ -->\n<title>La Red de Hoteles Creativos impulsa la colaboraci\u00f3n en el sector hotelero espa\u00f1ol para fortalecer la identidad de cada territorio - AEHM<\/title>\n<meta name=\"description\" content=\"La iniciativa integrada por Ashotel, el Gremi d\u2019Hotels de Barcelona y la Asociaci\u00f3n Empresarial Hotelera de Madrid (AEHM) promueve experiencias \u00fanicas que destacan la cultura y el talento local\" \/>\n<meta name=\"robots\" content=\"index, follow, max-snippet:-1, max-image-preview:large, max-video-preview:-1\" \/>\n<link rel=\"canonical\" href=\"https:\/\/aehm.es\/la-red-de-hoteles-creativos-impulsa-la-colaboracion-en-el-sector-hotelero\/\" \/>\n<meta property=\"og:locale\" content=\"en_US\" \/>\n<meta property=\"og:type\" content=\"article\" \/>\n<meta property=\"og:title\" content=\"La Red de Hoteles Creativos impulsa la colaboraci\u00f3n en el sector hotelero espa\u00f1ol para fortalecer la identidad de cada territorio\" \/>\n<meta property=\"og:description\" content=\"La iniciativa integrada por Ashotel, el Gremi d\u2019Hotels de Barcelona y la Asociaci\u00f3n Empresarial Hotelera de Madrid (AEHM) promueve experiencias \u00fanicas que destacan la cultura y el talento local\" \/>\n<meta property=\"og:url\" content=\"https:\/\/aehm.es\/la-red-de-hoteles-creativos-impulsa-la-colaboracion-en-el-sector-hotelero\/\" \/>\n<meta property=\"og:site_name\" content=\"AEHM\" \/>\n<meta property=\"article:publisher\" content=\"https:\/\/www.instagram.com\/hotelesdemadrid\/\" \/>\n<meta property=\"article:published_time\" content=\"2025-01-23T09:38:29+00:00\" \/>\n<meta property=\"article:modified_time\" content=\"2025-01-27T18:05:49+00:00\" \/>\n<meta property=\"og:image\" content=\"https:\/\/aehm.es\/wp-content\/uploads\/2025\/01\/La-Red-de-Hoteles-Creativos-impulsa-la-colaboracion-en-el-sector-hotelero-espanol-para-fortalecer-la-identidad-de-cada-territorio-.jpg\" \/>\n\t<meta property=\"og:image:width\" content=\"1600\" \/>\n\t<meta property=\"og:image:height\" content=\"900\" \/>\n\t<meta property=\"og:image:type\" content=\"image\/jpeg\" \/>\n<meta name=\"author\" content=\"Ana\" \/>\n<meta name=\"twitter:card\" content=\"summary_large_image\" \/>\n<meta name=\"twitter:creator\" content=\"@HotelesAEHM\" \/>\n<meta name=\"twitter:site\" content=\"@HotelesAEHM\" \/>\n<meta name=\"twitter:label1\" content=\"Written by\" \/>\n\t<meta name=\"twitter:data1\" content=\"Ana\" \/>\n\t<meta name=\"twitter:label2\" content=\"Est. reading time\" \/>\n\t<meta name=\"twitter:data2\" content=\"4 minutes\" \/>\n<script type=\"application\/ld+json\" class=\"yoast-schema-graph\">{\"@context\":\"https:\\\/\\\/schema.org\",\"@graph\":[{\"@type\":\"Article\",\"@id\":\"https:\\\/\\\/aehm.es\\\/la-red-de-hoteles-creativos-impulsa-la-colaboracion-en-el-sector-hotelero\\\/#article\",\"isPartOf\":{\"@id\":\"https:\\\/\\\/aehm.es\\\/la-red-de-hoteles-creativos-impulsa-la-colaboracion-en-el-sector-hotelero\\\/\"},\"author\":{\"name\":\"Ana\",\"@id\":\"https:\\\/\\\/aehm.es\\\/#\\\/schema\\\/person\\\/b655ef2171d2fe8c8c3f29920ae6431b\"},\"headline\":\"La Red de Hoteles Creativos impulsa la colaboraci\u00f3n en el sector hotelero espa\u00f1ol para fortalecer la identidad de cada territorio\",\"datePublished\":\"2025-01-23T09:38:29+00:00\",\"dateModified\":\"2025-01-27T18:05:49+00:00\",\"mainEntityOfPage\":{\"@id\":\"https:\\\/\\\/aehm.es\\\/la-red-de-hoteles-creativos-impulsa-la-colaboracion-en-el-sector-hotelero\\\/\"},\"wordCount\":726,\"commentCount\":0,\"publisher\":{\"@id\":\"https:\\\/\\\/aehm.es\\\/#organization\"},\"image\":{\"@id\":\"https:\\\/\\\/aehm.es\\\/la-red-de-hoteles-creativos-impulsa-la-colaboracion-en-el-sector-hotelero\\\/#primaryimage\"},\"thumbnailUrl\":\"https:\\\/\\\/aehm.es\\\/wp-content\\\/uploads\\\/2025\\\/01\\\/Hoteles-Creativos-1.jpg\",\"articleSection\":[\"Actualidad AEHM\"],\"inLanguage\":\"en-US\",\"potentialAction\":[{\"@type\":\"CommentAction\",\"name\":\"Comment\",\"target\":[\"https:\\\/\\\/aehm.es\\\/la-red-de-hoteles-creativos-impulsa-la-colaboracion-en-el-sector-hotelero\\\/#respond\"]}]},{\"@type\":\"WebPage\",\"@id\":\"https:\\\/\\\/aehm.es\\\/la-red-de-hoteles-creativos-impulsa-la-colaboracion-en-el-sector-hotelero\\\/\",\"url\":\"https:\\\/\\\/aehm.es\\\/la-red-de-hoteles-creativos-impulsa-la-colaboracion-en-el-sector-hotelero\\\/\",\"name\":\"La Red de Hoteles Creativos impulsa la colaboraci\u00f3n en el sector hotelero espa\u00f1ol para fortalecer la identidad de cada territorio - AEHM\",\"isPartOf\":{\"@id\":\"https:\\\/\\\/aehm.es\\\/#website\"},\"primaryImageOfPage\":{\"@id\":\"https:\\\/\\\/aehm.es\\\/la-red-de-hoteles-creativos-impulsa-la-colaboracion-en-el-sector-hotelero\\\/#primaryimage\"},\"image\":{\"@id\":\"https:\\\/\\\/aehm.es\\\/la-red-de-hoteles-creativos-impulsa-la-colaboracion-en-el-sector-hotelero\\\/#primaryimage\"},\"thumbnailUrl\":\"https:\\\/\\\/aehm.es\\\/wp-content\\\/uploads\\\/2025\\\/01\\\/Hoteles-Creativos-1.jpg\",\"datePublished\":\"2025-01-23T09:38:29+00:00\",\"dateModified\":\"2025-01-27T18:05:49+00:00\",\"description\":\"La iniciativa integrada por Ashotel, el Gremi d\u2019Hotels de Barcelona y la Asociaci\u00f3n Empresarial Hotelera de Madrid (AEHM) promueve experiencias \u00fanicas que destacan la cultura y el talento local\",\"breadcrumb\":{\"@id\":\"https:\\\/\\\/aehm.es\\\/la-red-de-hoteles-creativos-impulsa-la-colaboracion-en-el-sector-hotelero\\\/#breadcrumb\"},\"inLanguage\":\"en-US\",\"potentialAction\":[{\"@type\":\"ReadAction\",\"target\":[\"https:\\\/\\\/aehm.es\\\/la-red-de-hoteles-creativos-impulsa-la-colaboracion-en-el-sector-hotelero\\\/\"]}]},{\"@type\":\"ImageObject\",\"inLanguage\":\"en-US\",\"@id\":\"https:\\\/\\\/aehm.es\\\/la-red-de-hoteles-creativos-impulsa-la-colaboracion-en-el-sector-hotelero\\\/#primaryimage\",\"url\":\"https:\\\/\\\/aehm.es\\\/wp-content\\\/uploads\\\/2025\\\/01\\\/Hoteles-Creativos-1.jpg\",\"contentUrl\":\"https:\\\/\\\/aehm.es\\\/wp-content\\\/uploads\\\/2025\\\/01\\\/Hoteles-Creativos-1.jpg\",\"width\":1200,\"height\":600},{\"@type\":\"BreadcrumbList\",\"@id\":\"https:\\\/\\\/aehm.es\\\/la-red-de-hoteles-creativos-impulsa-la-colaboracion-en-el-sector-hotelero\\\/#breadcrumb\",\"itemListElement\":[{\"@type\":\"ListItem\",\"position\":1,\"name\":\"Portada\",\"item\":\"https:\\\/\\\/aehm.es\\\/en\\\/\"},{\"@type\":\"ListItem\",\"position\":2,\"name\":\"La Red de Hoteles Creativos impulsa la colaboraci\u00f3n en el sector hotelero espa\u00f1ol para fortalecer la identidad de cada territorio\"}]},{\"@type\":\"WebSite\",\"@id\":\"https:\\\/\\\/aehm.es\\\/#website\",\"url\":\"https:\\\/\\\/aehm.es\\\/\",\"name\":\"Asociaci\u00f3n Empresarial Hotelera de Madrid\",\"description\":\"La Asociaci\u00f3n Empresarial Hotelera Madrid est\u00e1 formada por m\u00e1s de 300 establecimientos de todas las categor\u00edas y tipolog\u00edas (hoteles, hostales, hostels, apartamentos\u2026) que suman m\u00e1s de 75.000 plazas de alojamiento.\",\"publisher\":{\"@id\":\"https:\\\/\\\/aehm.es\\\/#organization\"},\"alternateName\":\"AEHM\",\"potentialAction\":[{\"@type\":\"SearchAction\",\"target\":{\"@type\":\"EntryPoint\",\"urlTemplate\":\"https:\\\/\\\/aehm.es\\\/?s={search_term_string}\"},\"query-input\":{\"@type\":\"PropertyValueSpecification\",\"valueRequired\":true,\"valueName\":\"search_term_string\"}}],\"inLanguage\":\"en-US\"},{\"@type\":\"Organization\",\"@id\":\"https:\\\/\\\/aehm.es\\\/#organization\",\"name\":\"Asociaci\u00f3n Empresarial Hotelera de Madrid\",\"url\":\"https:\\\/\\\/aehm.es\\\/\",\"logo\":{\"@type\":\"ImageObject\",\"inLanguage\":\"en-US\",\"@id\":\"https:\\\/\\\/aehm.es\\\/#\\\/schema\\\/logo\\\/image\\\/\",\"url\":\"https:\\\/\\\/aehm.es\\\/wp-content\\\/uploads\\\/2021\\\/11\\\/Logo_AEHM_Horiz.png\",\"contentUrl\":\"https:\\\/\\\/aehm.es\\\/wp-content\\\/uploads\\\/2021\\\/11\\\/Logo_AEHM_Horiz.png\",\"width\":600,\"height\":182,\"caption\":\"Asociaci\u00f3n Empresarial Hotelera de Madrid\"},\"image\":{\"@id\":\"https:\\\/\\\/aehm.es\\\/#\\\/schema\\\/logo\\\/image\\\/\"},\"sameAs\":[\"https:\\\/\\\/www.instagram.com\\\/hotelesdemadrid\\\/\",\"https:\\\/\\\/x.com\\\/HotelesAEHM\",\"https:\\\/\\\/www.linkedin.com\\\/company\\\/11166072\\\/\"]},{\"@type\":\"Person\",\"@id\":\"https:\\\/\\\/aehm.es\\\/#\\\/schema\\\/person\\\/b655ef2171d2fe8c8c3f29920ae6431b\",\"name\":\"Ana\",\"image\":{\"@type\":\"ImageObject\",\"inLanguage\":\"en-US\",\"@id\":\"https:\\\/\\\/secure.gravatar.com\\\/avatar\\\/bb0eb950a76e2f6c0ac163ca0871058014a4639f429cd779c2dbede25673061b?s=96&d=mm&r=g\",\"url\":\"https:\\\/\\\/secure.gravatar.com\\\/avatar\\\/bb0eb950a76e2f6c0ac163ca0871058014a4639f429cd779c2dbede25673061b?s=96&d=mm&r=g\",\"contentUrl\":\"https:\\\/\\\/secure.gravatar.com\\\/avatar\\\/bb0eb950a76e2f6c0ac163ca0871058014a4639f429cd779c2dbede25673061b?s=96&d=mm&r=g\",\"caption\":\"Ana\"},\"url\":\"https:\\\/\\\/aehm.es\\\/en\\\/author\\\/ana\\\/\"}]}<\/script>\n<!-- \/ Yoast SEO plugin. -->","yoast_head_json":{"title":"La Red de Hoteles Creativos impulsa la colaboraci\u00f3n en el sector hotelero espa\u00f1ol para fortalecer la identidad de cada territorio - AEHM","description":"La iniciativa integrada por Ashotel, el Gremi d\u2019Hotels de Barcelona y la Asociaci\u00f3n Empresarial Hotelera de Madrid (AEHM) promueve experiencias \u00fanicas que destacan la cultura y el talento local","robots":{"index":"index","follow":"follow","max-snippet":"max-snippet:-1","max-image-preview":"max-image-preview:large","max-video-preview":"max-video-preview:-1"},"canonical":"https:\/\/aehm.es\/la-red-de-hoteles-creativos-impulsa-la-colaboracion-en-el-sector-hotelero\/","og_locale":"en_US","og_type":"article","og_title":"La Red de Hoteles Creativos impulsa la colaboraci\u00f3n en el sector hotelero espa\u00f1ol para fortalecer la identidad de cada territorio","og_description":"La iniciativa integrada por Ashotel, el Gremi d\u2019Hotels de Barcelona y la Asociaci\u00f3n Empresarial Hotelera de Madrid (AEHM) promueve experiencias \u00fanicas que destacan la cultura y el talento local","og_url":"https:\/\/aehm.es\/la-red-de-hoteles-creativos-impulsa-la-colaboracion-en-el-sector-hotelero\/","og_site_name":"AEHM","article_publisher":"https:\/\/www.instagram.com\/hotelesdemadrid\/","article_published_time":"2025-01-23T09:38:29+00:00","article_modified_time":"2025-01-27T18:05:49+00:00","og_image":[{"width":1600,"height":900,"url":"https:\/\/aehm.es\/wp-content\/uploads\/2025\/01\/La-Red-de-Hoteles-Creativos-impulsa-la-colaboracion-en-el-sector-hotelero-espanol-para-fortalecer-la-identidad-de-cada-territorio-.jpg","type":"image\/jpeg"}],"author":"Ana","twitter_card":"summary_large_image","twitter_creator":"@HotelesAEHM","twitter_site":"@HotelesAEHM","twitter_misc":{"Written by":"Ana","Est. reading time":"4 minutes"},"schema":{"@context":"https:\/\/schema.org","@graph":[{"@type":"Article","@id":"https:\/\/aehm.es\/la-red-de-hoteles-creativos-impulsa-la-colaboracion-en-el-sector-hotelero\/#article","isPartOf":{"@id":"https:\/\/aehm.es\/la-red-de-hoteles-creativos-impulsa-la-colaboracion-en-el-sector-hotelero\/"},"author":{"name":"Ana","@id":"https:\/\/aehm.es\/#\/schema\/person\/b655ef2171d2fe8c8c3f29920ae6431b"},"headline":"La Red de Hoteles Creativos impulsa la colaboraci\u00f3n en el sector hotelero espa\u00f1ol para fortalecer la identidad de cada territorio","datePublished":"2025-01-23T09:38:29+00:00","dateModified":"2025-01-27T18:05:49+00:00","mainEntityOfPage":{"@id":"https:\/\/aehm.es\/la-red-de-hoteles-creativos-impulsa-la-colaboracion-en-el-sector-hotelero\/"},"wordCount":726,"commentCount":0,"publisher":{"@id":"https:\/\/aehm.es\/#organization"},"image":{"@id":"https:\/\/aehm.es\/la-red-de-hoteles-creativos-impulsa-la-colaboracion-en-el-sector-hotelero\/#primaryimage"},"thumbnailUrl":"https:\/\/aehm.es\/wp-content\/uploads\/2025\/01\/Hoteles-Creativos-1.jpg","articleSection":["Actualidad AEHM"],"inLanguage":"en-US","potentialAction":[{"@type":"CommentAction","name":"Comment","target":["https:\/\/aehm.es\/la-red-de-hoteles-creativos-impulsa-la-colaboracion-en-el-sector-hotelero\/#respond"]}]},{"@type":"WebPage","@id":"https:\/\/aehm.es\/la-red-de-hoteles-creativos-impulsa-la-colaboracion-en-el-sector-hotelero\/","url":"https:\/\/aehm.es\/la-red-de-hoteles-creativos-impulsa-la-colaboracion-en-el-sector-hotelero\/","name":"La Red de Hoteles Creativos impulsa la colaboraci\u00f3n en el sector hotelero espa\u00f1ol para fortalecer la identidad de cada territorio - AEHM","isPartOf":{"@id":"https:\/\/aehm.es\/#website"},"primaryImageOfPage":{"@id":"https:\/\/aehm.es\/la-red-de-hoteles-creativos-impulsa-la-colaboracion-en-el-sector-hotelero\/#primaryimage"},"image":{"@id":"https:\/\/aehm.es\/la-red-de-hoteles-creativos-impulsa-la-colaboracion-en-el-sector-hotelero\/#primaryimage"},"thumbnailUrl":"https:\/\/aehm.es\/wp-content\/uploads\/2025\/01\/Hoteles-Creativos-1.jpg","datePublished":"2025-01-23T09:38:29+00:00","dateModified":"2025-01-27T18:05:49+00:00","description":"La iniciativa integrada por Ashotel, el Gremi d\u2019Hotels de Barcelona y la Asociaci\u00f3n Empresarial Hotelera de Madrid (AEHM) promueve experiencias \u00fanicas que destacan la cultura y el talento local","breadcrumb":{"@id":"https:\/\/aehm.es\/la-red-de-hoteles-creativos-impulsa-la-colaboracion-en-el-sector-hotelero\/#breadcrumb"},"inLanguage":"en-US","potentialAction":[{"@type":"ReadAction","target":["https:\/\/aehm.es\/la-red-de-hoteles-creativos-impulsa-la-colaboracion-en-el-sector-hotelero\/"]}]},{"@type":"ImageObject","inLanguage":"en-US","@id":"https:\/\/aehm.es\/la-red-de-hoteles-creativos-impulsa-la-colaboracion-en-el-sector-hotelero\/#primaryimage","url":"https:\/\/aehm.es\/wp-content\/uploads\/2025\/01\/Hoteles-Creativos-1.jpg","contentUrl":"https:\/\/aehm.es\/wp-content\/uploads\/2025\/01\/Hoteles-Creativos-1.jpg","width":1200,"height":600},{"@type":"BreadcrumbList","@id":"https:\/\/aehm.es\/la-red-de-hoteles-creativos-impulsa-la-colaboracion-en-el-sector-hotelero\/#breadcrumb","itemListElement":[{"@type":"ListItem","position":1,"name":"Portada","item":"https:\/\/aehm.es\/en\/"},{"@type":"ListItem","position":2,"name":"La Red de Hoteles Creativos impulsa la colaboraci\u00f3n en el sector hotelero espa\u00f1ol para fortalecer la identidad de cada territorio"}]},{"@type":"WebSite","@id":"https:\/\/aehm.es\/#website","url":"https:\/\/aehm.es\/","name":"Asociaci\u00f3n Empresarial Hotelera de Madrid","description":"La Asociaci\u00f3n Empresarial Hotelera Madrid est\u00e1 formada por m\u00e1s de 300 establecimientos de todas las categor\u00edas y tipolog\u00edas (hoteles, hostales, hostels, apartamentos\u2026) que suman m\u00e1s de 75.000 plazas de alojamiento.","publisher":{"@id":"https:\/\/aehm.es\/#organization"},"alternateName":"AEHM","potentialAction":[{"@type":"SearchAction","target":{"@type":"EntryPoint","urlTemplate":"https:\/\/aehm.es\/?s={search_term_string}"},"query-input":{"@type":"PropertyValueSpecification","valueRequired":true,"valueName":"search_term_string"}}],"inLanguage":"en-US"},{"@type":"Organization","@id":"https:\/\/aehm.es\/#organization","name":"Asociaci\u00f3n Empresarial Hotelera de Madrid","url":"https:\/\/aehm.es\/","logo":{"@type":"ImageObject","inLanguage":"en-US","@id":"https:\/\/aehm.es\/#\/schema\/logo\/image\/","url":"https:\/\/aehm.es\/wp-content\/uploads\/2021\/11\/Logo_AEHM_Horiz.png","contentUrl":"https:\/\/aehm.es\/wp-content\/uploads\/2021\/11\/Logo_AEHM_Horiz.png","width":600,"height":182,"caption":"Asociaci\u00f3n Empresarial Hotelera de Madrid"},"image":{"@id":"https:\/\/aehm.es\/#\/schema\/logo\/image\/"},"sameAs":["https:\/\/www.instagram.com\/hotelesdemadrid\/","https:\/\/x.com\/HotelesAEHM","https:\/\/www.linkedin.com\/company\/11166072\/"]},{"@type":"Person","@id":"https:\/\/aehm.es\/#\/schema\/person\/b655ef2171d2fe8c8c3f29920ae6431b","name":"Ana","image":{"@type":"ImageObject","inLanguage":"en-US","@id":"https:\/\/secure.gravatar.com\/avatar\/bb0eb950a76e2f6c0ac163ca0871058014a4639f429cd779c2dbede25673061b?s=96&d=mm&r=g","url":"https:\/\/secure.gravatar.com\/avatar\/bb0eb950a76e2f6c0ac163ca0871058014a4639f429cd779c2dbede25673061b?s=96&d=mm&r=g","contentUrl":"https:\/\/secure.gravatar.com\/avatar\/bb0eb950a76e2f6c0ac163ca0871058014a4639f429cd779c2dbede25673061b?s=96&d=mm&r=g","caption":"Ana"},"url":"https:\/\/aehm.es\/en\/author\/ana\/"}]}},"_links":{"self":[{"href":"https:\/\/aehm.es\/en\/wp-json\/wp\/v2\/posts\/20045","targetHints":{"allow":["GET"]}}],"collection":[{"href":"https:\/\/aehm.es\/en\/wp-json\/wp\/v2\/posts"}],"about":[{"href":"https:\/\/aehm.es\/en\/wp-json\/wp\/v2\/types\/post"}],"author":[{"embeddable":true,"href":"https:\/\/aehm.es\/en\/wp-json\/wp\/v2\/users\/17"}],"replies":[{"embeddable":true,"href":"https:\/\/aehm.es\/en\/wp-json\/wp\/v2\/comments?post=20045"}],"version-history":[{"count":4,"href":"https:\/\/aehm.es\/en\/wp-json\/wp\/v2\/posts\/20045\/revisions"}],"predecessor-version":[{"id":20065,"href":"https:\/\/aehm.es\/en\/wp-json\/wp\/v2\/posts\/20045\/revisions\/20065"}],"wp:featuredmedia":[{"embeddable":true,"href":"https:\/\/aehm.es\/en\/wp-json\/wp\/v2\/media\/20052"}],"wp:attachment":[{"href":"https:\/\/aehm.es\/en\/wp-json\/wp\/v2\/media?parent=20045"}],"wp:term":[{"taxonomy":"category","embeddable":true,"href":"https:\/\/aehm.es\/en\/wp-json\/wp\/v2\/categories?post=20045"},{"taxonomy":"post_tag","embeddable":true,"href":"https:\/\/aehm.es\/en\/wp-json\/wp\/v2\/tags?post=20045"}],"curies":[{"name":"wp","href":"https:\/\/api.w.org\/{rel}","templated":true}]}}