{"id":19462,"date":"2024-11-20T09:33:04","date_gmt":"2024-11-20T09:33:04","guid":{"rendered":"https:\/\/aehm.es\/?p=19462"},"modified":"2024-11-20T09:33:04","modified_gmt":"2024-11-20T09:33:04","slug":"aehm-e-ikea-refuerzan-su-alianza-estrategica-para-impulsar-la-sostenibilidad-e-innovacion-en-el-sector-hotelero","status":"publish","type":"post","link":"https:\/\/aehm.es\/en\/aehm-e-ikea-refuerzan-su-alianza-estrategica-para-impulsar-la-sostenibilidad-e-innovacion-en-el-sector-hotelero\/","title":{"rendered":"AEHM e IKEA refuerzan su alianza estrat\u00e9gica para impulsar la sostenibilidad e innovaci\u00f3n en el sector hotelero"},"content":{"rendered":"<ul>\n<li aria-level=\"1\"><b>La colaboraci\u00f3n busca potenciar el sector hotelero madrile\u00f1o con soluciones sostenibles, eficiencia energ\u00e9tica y un enfoque en la econom\u00eda circular.<\/b><\/li>\n<\/ul>\n<p>&nbsp;<\/p>\n<p><i><span style=\"font-weight: 400;\">Madrid, 20 de noviembre del 2024<\/span><\/i><span style=\"font-weight: 400;\">. &#8211; <\/span><b>La Asociaci\u00f3n Empresarial Hotelera de Madrid (AEHM) ha anunciado la consolidaci\u00f3n de IKEA como socio colaborador oro, reforzando una alianza estrat\u00e9gica que impulsa la sostenibilidad y la econom\u00eda circular en el sector hotelero madrile\u00f1o.<\/b><\/p>\n<p><b>Desde la Asociaci\u00f3n han expresado su satisfacci\u00f3n por continuar la colaboraci\u00f3n con IKEA, una empresa que no solo lidera en el \u00e1mbito del mobiliario, sino que tambi\u00e9n comparte el compromiso con la sostenibilidad y la innovaci\u00f3n. Su apuesta por la econom\u00eda circular y las energ\u00edas renovables es un ejemplo a seguir en el sector hotelero.<\/b><\/p>\n<p><span style=\"font-weight: 400;\">IKEA para Empresas es un espacio dedicado a profesionales que buscan inspiraci\u00f3n y asesoramiento para sus negocios. <\/span><b>Este servicio, creado espec\u00edficamente para el sector hotelero, ofrece a sus clientes un servicio completo y personalizado, que incluye transporte y montaje, as\u00ed como flexibilidad de stock.<\/b><span style=\"font-weight: 400;\">\u00a0<\/span><\/p>\n<p><span style=\"font-weight: 400;\">Adem\u00e1s, IKEA para Empresas cuenta con un servicio de interiorismo que crea propuestas de decoraci\u00f3n con distribuciones de espacio, alzados y vistas en 3D. Estas citas pueden realizarse desde la comodidad del negocio, a trav\u00e9s de videoconferencia o desde sus tiendas.<\/span><\/p>\n<p><b>Durante el \u00faltimo a\u00f1o, esta colaboraci\u00f3n ha permitido la implementaci\u00f3n de proyectos de dise\u00f1o sostenible en varios hoteles de Madrid, mejorando significativamente su eficiencia energ\u00e9tica y reduciendo su huella de carbono.<\/b><\/p>\n<p><span style=\"font-weight: 400;\">Desde IKEA, empresa l\u00edder en fabricaci\u00f3n y venta de mobiliario, apuestan por un modelo de negocio sostenible junto con un programa de medidas dedicadas a ello, como la opci\u00f3n de dar una segunda vida a sus muebles, operar con energ\u00eda 100% renovable o hacer entregas a domicilio con cero emisiones, entre otras.<\/span><\/p>\n<p><span style=\"font-weight: 400;\">Como parte de su viaje para convertirse en una empresa circular, IKEA est\u00e1 dise\u00f1ando un futuro a medida. Para ello, est\u00e1 desarrollando nuevos productos y servicios que permiten mantener, reparar y transferir pertenencias cuando ya no se necesiten. IKEA tiene grandes ambiciones para el a\u00f1o 2030, con un compromiso firme para abordar el cambio clim\u00e1tico, el consumo insostenible y la desigualdad. Sus tres \u00e1reas de inter\u00e9s son: vida sana y sostenible, enfoque circular e impacto positivo en el clima, y sociedad justa e igualitaria.<\/span><\/p>\n<p><b>Dentro del marco de esta colaboraci\u00f3n, IKEA para Empresas ha participado y participar\u00e1 en eventos clave como Madrid Hotel Week, Madrid a Cielo Abierto y FITUR, donde contribuye con su experiencia en dise\u00f1o y sostenibilidad para crear espacios \u00fanicos y funcionales.\u00a0<\/b><\/p>\n<p>&nbsp;<\/p>\n","protected":false},"excerpt":{"rendered":"<p>La colaboraci\u00f3n busca potenciar el sector hotelero madrile\u00f1o con soluciones sostenibles, eficiencia energ\u00e9tica y un enfoque en la econom\u00eda circular. &nbsp; Madrid, 20 de noviembre del 2024. &#8211; La Asociaci\u00f3n Empresarial Hotelera de Madrid (AEHM) ha anunciado la consolidaci\u00f3n de IKEA como socio colaborador oro, reforzando una alianza estrat\u00e9gica que impulsa la sostenibilidad y la [&hellip;]<\/p>\n","protected":false},"author":20,"featured_media":19463,"comment_status":"open","ping_status":"open","sticky":false,"template":"","format":"standard","meta":{"footnotes":""},"categories":[1],"tags":[],"class_list":["post-19462","post","type-post","status-publish","format-standard","has-post-thumbnail","hentry","category-actualidad-aehm"],"yoast_head":"<!-- This site is optimized with the Yoast SEO plugin v27.5 - https:\/\/yoast.com\/product\/yoast-seo-wordpress\/ -->\n<title>AEHM e IKEA refuerzan su alianza estrat\u00e9gica para impulsar la sostenibilidad e innovaci\u00f3n en el sector hotelero - AEHM<\/title>\n<meta name=\"description\" content=\"La colaboraci\u00f3n busca potenciar el sector hotelero madrile\u00f1o con soluciones sostenibles, eficiencia energ\u00e9tica y econom\u00eda circular.\" \/>\n<meta name=\"robots\" content=\"index, follow, max-snippet:-1, max-image-preview:large, max-video-preview:-1\" \/>\n<link rel=\"canonical\" href=\"https:\/\/aehm.es\/aehm-e-ikea-refuerzan-su-alianza-estrategica-para-impulsar-la-sostenibilidad-e-innovacion-en-el-sector-hotelero\/\" \/>\n<meta property=\"og:locale\" content=\"en_US\" \/>\n<meta property=\"og:type\" content=\"article\" \/>\n<meta property=\"og:title\" content=\"AEHM e IKEA refuerzan su alianza estrat\u00e9gica para impulsar la sostenibilidad e innovaci\u00f3n en el sector hotelero\" \/>\n<meta property=\"og:description\" content=\"La colaboraci\u00f3n busca potenciar el sector hotelero madrile\u00f1o con soluciones sostenibles, eficiencia energ\u00e9tica y un enfoque en la econom\u00eda circular.\" \/>\n<meta property=\"og:url\" content=\"https:\/\/aehm.es\/aehm-e-ikea-refuerzan-su-alianza-estrategica-para-impulsar-la-sostenibilidad-e-innovacion-en-el-sector-hotelero\/\" \/>\n<meta property=\"og:site_name\" content=\"AEHM\" \/>\n<meta property=\"article:publisher\" content=\"https:\/\/www.instagram.com\/hotelesdemadrid\/\" \/>\n<meta property=\"article:published_time\" content=\"2024-11-20T09:33:04+00:00\" \/>\n<meta property=\"og:image\" content=\"https:\/\/aehm.es\/wp-content\/uploads\/2024\/11\/AEHM-e-IKEA-refuerzan-su-alianza-estrategica-para-impulsar-la-sostenibilidad-e-innovacion-en-el-sector-hotelero.jpg\" \/>\n\t<meta property=\"og:image:width\" content=\"1600\" \/>\n\t<meta property=\"og:image:height\" content=\"900\" \/>\n\t<meta property=\"og:image:type\" content=\"image\/jpeg\" \/>\n<meta name=\"author\" content=\"Laura Sarria\" \/>\n<meta name=\"twitter:card\" content=\"summary_large_image\" \/>\n<meta name=\"twitter:creator\" content=\"@HotelesAEHM\" \/>\n<meta name=\"twitter:site\" content=\"@HotelesAEHM\" \/>\n<meta name=\"twitter:label1\" content=\"Written by\" \/>\n\t<meta name=\"twitter:data1\" content=\"Laura Sarria\" \/>\n\t<meta name=\"twitter:label2\" content=\"Est. reading time\" \/>\n\t<meta name=\"twitter:data2\" content=\"3 minutes\" \/>\n<script type=\"application\/ld+json\" class=\"yoast-schema-graph\">{\"@context\":\"https:\\\/\\\/schema.org\",\"@graph\":[{\"@type\":\"Article\",\"@id\":\"https:\\\/\\\/aehm.es\\\/aehm-e-ikea-refuerzan-su-alianza-estrategica-para-impulsar-la-sostenibilidad-e-innovacion-en-el-sector-hotelero\\\/#article\",\"isPartOf\":{\"@id\":\"https:\\\/\\\/aehm.es\\\/aehm-e-ikea-refuerzan-su-alianza-estrategica-para-impulsar-la-sostenibilidad-e-innovacion-en-el-sector-hotelero\\\/\"},\"author\":{\"name\":\"Laura Sarria\",\"@id\":\"https:\\\/\\\/aehm.es\\\/#\\\/schema\\\/person\\\/a11ff5e10daf701bc492cd7a4e624215\"},\"headline\":\"AEHM e IKEA refuerzan su alianza estrat\u00e9gica para impulsar la sostenibilidad e innovaci\u00f3n en el sector hotelero\",\"datePublished\":\"2024-11-20T09:33:04+00:00\",\"mainEntityOfPage\":{\"@id\":\"https:\\\/\\\/aehm.es\\\/aehm-e-ikea-refuerzan-su-alianza-estrategica-para-impulsar-la-sostenibilidad-e-innovacion-en-el-sector-hotelero\\\/\"},\"wordCount\":462,\"commentCount\":0,\"publisher\":{\"@id\":\"https:\\\/\\\/aehm.es\\\/#organization\"},\"image\":{\"@id\":\"https:\\\/\\\/aehm.es\\\/aehm-e-ikea-refuerzan-su-alianza-estrategica-para-impulsar-la-sostenibilidad-e-innovacion-en-el-sector-hotelero\\\/#primaryimage\"},\"thumbnailUrl\":\"https:\\\/\\\/aehm.es\\\/wp-content\\\/uploads\\\/2024\\\/11\\\/AEHM-e-IKEA-refuerzan-su-alianza-estrategica-para-impulsar-la-sostenibilidad-e-innovacion-en-el-sector-hotelero-1.jpg\",\"articleSection\":[\"Actualidad AEHM\"],\"inLanguage\":\"en-US\",\"potentialAction\":[{\"@type\":\"CommentAction\",\"name\":\"Comment\",\"target\":[\"https:\\\/\\\/aehm.es\\\/aehm-e-ikea-refuerzan-su-alianza-estrategica-para-impulsar-la-sostenibilidad-e-innovacion-en-el-sector-hotelero\\\/#respond\"]}]},{\"@type\":\"WebPage\",\"@id\":\"https:\\\/\\\/aehm.es\\\/aehm-e-ikea-refuerzan-su-alianza-estrategica-para-impulsar-la-sostenibilidad-e-innovacion-en-el-sector-hotelero\\\/\",\"url\":\"https:\\\/\\\/aehm.es\\\/aehm-e-ikea-refuerzan-su-alianza-estrategica-para-impulsar-la-sostenibilidad-e-innovacion-en-el-sector-hotelero\\\/\",\"name\":\"AEHM e IKEA refuerzan su alianza estrat\u00e9gica para impulsar la sostenibilidad e innovaci\u00f3n en el sector hotelero - AEHM\",\"isPartOf\":{\"@id\":\"https:\\\/\\\/aehm.es\\\/#website\"},\"primaryImageOfPage\":{\"@id\":\"https:\\\/\\\/aehm.es\\\/aehm-e-ikea-refuerzan-su-alianza-estrategica-para-impulsar-la-sostenibilidad-e-innovacion-en-el-sector-hotelero\\\/#primaryimage\"},\"image\":{\"@id\":\"https:\\\/\\\/aehm.es\\\/aehm-e-ikea-refuerzan-su-alianza-estrategica-para-impulsar-la-sostenibilidad-e-innovacion-en-el-sector-hotelero\\\/#primaryimage\"},\"thumbnailUrl\":\"https:\\\/\\\/aehm.es\\\/wp-content\\\/uploads\\\/2024\\\/11\\\/AEHM-e-IKEA-refuerzan-su-alianza-estrategica-para-impulsar-la-sostenibilidad-e-innovacion-en-el-sector-hotelero-1.jpg\",\"datePublished\":\"2024-11-20T09:33:04+00:00\",\"description\":\"La colaboraci\u00f3n busca potenciar el sector hotelero madrile\u00f1o con soluciones sostenibles, eficiencia energ\u00e9tica y econom\u00eda circular.\",\"breadcrumb\":{\"@id\":\"https:\\\/\\\/aehm.es\\\/aehm-e-ikea-refuerzan-su-alianza-estrategica-para-impulsar-la-sostenibilidad-e-innovacion-en-el-sector-hotelero\\\/#breadcrumb\"},\"inLanguage\":\"en-US\",\"potentialAction\":[{\"@type\":\"ReadAction\",\"target\":[\"https:\\\/\\\/aehm.es\\\/aehm-e-ikea-refuerzan-su-alianza-estrategica-para-impulsar-la-sostenibilidad-e-innovacion-en-el-sector-hotelero\\\/\"]}]},{\"@type\":\"ImageObject\",\"inLanguage\":\"en-US\",\"@id\":\"https:\\\/\\\/aehm.es\\\/aehm-e-ikea-refuerzan-su-alianza-estrategica-para-impulsar-la-sostenibilidad-e-innovacion-en-el-sector-hotelero\\\/#primaryimage\",\"url\":\"https:\\\/\\\/aehm.es\\\/wp-content\\\/uploads\\\/2024\\\/11\\\/AEHM-e-IKEA-refuerzan-su-alianza-estrategica-para-impulsar-la-sostenibilidad-e-innovacion-en-el-sector-hotelero-1.jpg\",\"contentUrl\":\"https:\\\/\\\/aehm.es\\\/wp-content\\\/uploads\\\/2024\\\/11\\\/AEHM-e-IKEA-refuerzan-su-alianza-estrategica-para-impulsar-la-sostenibilidad-e-innovacion-en-el-sector-hotelero-1.jpg\",\"width\":768,\"height\":550},{\"@type\":\"BreadcrumbList\",\"@id\":\"https:\\\/\\\/aehm.es\\\/aehm-e-ikea-refuerzan-su-alianza-estrategica-para-impulsar-la-sostenibilidad-e-innovacion-en-el-sector-hotelero\\\/#breadcrumb\",\"itemListElement\":[{\"@type\":\"ListItem\",\"position\":1,\"name\":\"Portada\",\"item\":\"https:\\\/\\\/aehm.es\\\/en\\\/\"},{\"@type\":\"ListItem\",\"position\":2,\"name\":\"AEHM e IKEA refuerzan su alianza estrat\u00e9gica para impulsar la sostenibilidad e innovaci\u00f3n en el sector hotelero\"}]},{\"@type\":\"WebSite\",\"@id\":\"https:\\\/\\\/aehm.es\\\/#website\",\"url\":\"https:\\\/\\\/aehm.es\\\/\",\"name\":\"Asociaci\u00f3n Empresarial Hotelera de Madrid\",\"description\":\"La Asociaci\u00f3n Empresarial Hotelera Madrid est\u00e1 formada por m\u00e1s de 300 establecimientos de todas las categor\u00edas y tipolog\u00edas (hoteles, hostales, hostels, apartamentos\u2026) que suman m\u00e1s de 75.000 plazas de alojamiento.\",\"publisher\":{\"@id\":\"https:\\\/\\\/aehm.es\\\/#organization\"},\"alternateName\":\"AEHM\",\"potentialAction\":[{\"@type\":\"SearchAction\",\"target\":{\"@type\":\"EntryPoint\",\"urlTemplate\":\"https:\\\/\\\/aehm.es\\\/?s={search_term_string}\"},\"query-input\":{\"@type\":\"PropertyValueSpecification\",\"valueRequired\":true,\"valueName\":\"search_term_string\"}}],\"inLanguage\":\"en-US\"},{\"@type\":\"Organization\",\"@id\":\"https:\\\/\\\/aehm.es\\\/#organization\",\"name\":\"Asociaci\u00f3n Empresarial Hotelera de Madrid\",\"url\":\"https:\\\/\\\/aehm.es\\\/\",\"logo\":{\"@type\":\"ImageObject\",\"inLanguage\":\"en-US\",\"@id\":\"https:\\\/\\\/aehm.es\\\/#\\\/schema\\\/logo\\\/image\\\/\",\"url\":\"https:\\\/\\\/aehm.es\\\/wp-content\\\/uploads\\\/2021\\\/11\\\/Logo_AEHM_Horiz.png\",\"contentUrl\":\"https:\\\/\\\/aehm.es\\\/wp-content\\\/uploads\\\/2021\\\/11\\\/Logo_AEHM_Horiz.png\",\"width\":600,\"height\":182,\"caption\":\"Asociaci\u00f3n Empresarial Hotelera de Madrid\"},\"image\":{\"@id\":\"https:\\\/\\\/aehm.es\\\/#\\\/schema\\\/logo\\\/image\\\/\"},\"sameAs\":[\"https:\\\/\\\/www.instagram.com\\\/hotelesdemadrid\\\/\",\"https:\\\/\\\/x.com\\\/HotelesAEHM\",\"https:\\\/\\\/www.linkedin.com\\\/company\\\/11166072\\\/\"]},{\"@type\":\"Person\",\"@id\":\"https:\\\/\\\/aehm.es\\\/#\\\/schema\\\/person\\\/a11ff5e10daf701bc492cd7a4e624215\",\"name\":\"Laura Sarria\",\"image\":{\"@type\":\"ImageObject\",\"inLanguage\":\"en-US\",\"@id\":\"https:\\\/\\\/secure.gravatar.com\\\/avatar\\\/4ef4b0f260923823a97f1e823b29d340c5e8606b68a4dc4288a7ccd66262c35b?s=96&d=mm&r=g\",\"url\":\"https:\\\/\\\/secure.gravatar.com\\\/avatar\\\/4ef4b0f260923823a97f1e823b29d340c5e8606b68a4dc4288a7ccd66262c35b?s=96&d=mm&r=g\",\"contentUrl\":\"https:\\\/\\\/secure.gravatar.com\\\/avatar\\\/4ef4b0f260923823a97f1e823b29d340c5e8606b68a4dc4288a7ccd66262c35b?s=96&d=mm&r=g\",\"caption\":\"Laura Sarria\"},\"url\":\"https:\\\/\\\/aehm.es\\\/en\\\/author\\\/laura-sarria\\\/\"}]}<\/script>\n<!-- \/ Yoast SEO plugin. -->","yoast_head_json":{"title":"AEHM e IKEA refuerzan su alianza estrat\u00e9gica para impulsar la sostenibilidad e innovaci\u00f3n en el sector hotelero - AEHM","description":"La colaboraci\u00f3n busca potenciar el sector hotelero madrile\u00f1o con soluciones sostenibles, eficiencia energ\u00e9tica y econom\u00eda circular.","robots":{"index":"index","follow":"follow","max-snippet":"max-snippet:-1","max-image-preview":"max-image-preview:large","max-video-preview":"max-video-preview:-1"},"canonical":"https:\/\/aehm.es\/aehm-e-ikea-refuerzan-su-alianza-estrategica-para-impulsar-la-sostenibilidad-e-innovacion-en-el-sector-hotelero\/","og_locale":"en_US","og_type":"article","og_title":"AEHM e IKEA refuerzan su alianza estrat\u00e9gica para impulsar la sostenibilidad e innovaci\u00f3n en el sector hotelero","og_description":"La colaboraci\u00f3n busca potenciar el sector hotelero madrile\u00f1o con soluciones sostenibles, eficiencia energ\u00e9tica y un enfoque en la econom\u00eda circular.","og_url":"https:\/\/aehm.es\/aehm-e-ikea-refuerzan-su-alianza-estrategica-para-impulsar-la-sostenibilidad-e-innovacion-en-el-sector-hotelero\/","og_site_name":"AEHM","article_publisher":"https:\/\/www.instagram.com\/hotelesdemadrid\/","article_published_time":"2024-11-20T09:33:04+00:00","og_image":[{"width":1600,"height":900,"url":"https:\/\/aehm.es\/wp-content\/uploads\/2024\/11\/AEHM-e-IKEA-refuerzan-su-alianza-estrategica-para-impulsar-la-sostenibilidad-e-innovacion-en-el-sector-hotelero.jpg","type":"image\/jpeg"}],"author":"Laura Sarria","twitter_card":"summary_large_image","twitter_creator":"@HotelesAEHM","twitter_site":"@HotelesAEHM","twitter_misc":{"Written by":"Laura Sarria","Est. reading time":"3 minutes"},"schema":{"@context":"https:\/\/schema.org","@graph":[{"@type":"Article","@id":"https:\/\/aehm.es\/aehm-e-ikea-refuerzan-su-alianza-estrategica-para-impulsar-la-sostenibilidad-e-innovacion-en-el-sector-hotelero\/#article","isPartOf":{"@id":"https:\/\/aehm.es\/aehm-e-ikea-refuerzan-su-alianza-estrategica-para-impulsar-la-sostenibilidad-e-innovacion-en-el-sector-hotelero\/"},"author":{"name":"Laura Sarria","@id":"https:\/\/aehm.es\/#\/schema\/person\/a11ff5e10daf701bc492cd7a4e624215"},"headline":"AEHM e IKEA refuerzan su alianza estrat\u00e9gica para impulsar la sostenibilidad e innovaci\u00f3n en el sector hotelero","datePublished":"2024-11-20T09:33:04+00:00","mainEntityOfPage":{"@id":"https:\/\/aehm.es\/aehm-e-ikea-refuerzan-su-alianza-estrategica-para-impulsar-la-sostenibilidad-e-innovacion-en-el-sector-hotelero\/"},"wordCount":462,"commentCount":0,"publisher":{"@id":"https:\/\/aehm.es\/#organization"},"image":{"@id":"https:\/\/aehm.es\/aehm-e-ikea-refuerzan-su-alianza-estrategica-para-impulsar-la-sostenibilidad-e-innovacion-en-el-sector-hotelero\/#primaryimage"},"thumbnailUrl":"https:\/\/aehm.es\/wp-content\/uploads\/2024\/11\/AEHM-e-IKEA-refuerzan-su-alianza-estrategica-para-impulsar-la-sostenibilidad-e-innovacion-en-el-sector-hotelero-1.jpg","articleSection":["Actualidad AEHM"],"inLanguage":"en-US","potentialAction":[{"@type":"CommentAction","name":"Comment","target":["https:\/\/aehm.es\/aehm-e-ikea-refuerzan-su-alianza-estrategica-para-impulsar-la-sostenibilidad-e-innovacion-en-el-sector-hotelero\/#respond"]}]},{"@type":"WebPage","@id":"https:\/\/aehm.es\/aehm-e-ikea-refuerzan-su-alianza-estrategica-para-impulsar-la-sostenibilidad-e-innovacion-en-el-sector-hotelero\/","url":"https:\/\/aehm.es\/aehm-e-ikea-refuerzan-su-alianza-estrategica-para-impulsar-la-sostenibilidad-e-innovacion-en-el-sector-hotelero\/","name":"AEHM e IKEA refuerzan su alianza estrat\u00e9gica para impulsar la sostenibilidad e innovaci\u00f3n en el sector hotelero - AEHM","isPartOf":{"@id":"https:\/\/aehm.es\/#website"},"primaryImageOfPage":{"@id":"https:\/\/aehm.es\/aehm-e-ikea-refuerzan-su-alianza-estrategica-para-impulsar-la-sostenibilidad-e-innovacion-en-el-sector-hotelero\/#primaryimage"},"image":{"@id":"https:\/\/aehm.es\/aehm-e-ikea-refuerzan-su-alianza-estrategica-para-impulsar-la-sostenibilidad-e-innovacion-en-el-sector-hotelero\/#primaryimage"},"thumbnailUrl":"https:\/\/aehm.es\/wp-content\/uploads\/2024\/11\/AEHM-e-IKEA-refuerzan-su-alianza-estrategica-para-impulsar-la-sostenibilidad-e-innovacion-en-el-sector-hotelero-1.jpg","datePublished":"2024-11-20T09:33:04+00:00","description":"La colaboraci\u00f3n busca potenciar el sector hotelero madrile\u00f1o con soluciones sostenibles, eficiencia energ\u00e9tica y econom\u00eda circular.","breadcrumb":{"@id":"https:\/\/aehm.es\/aehm-e-ikea-refuerzan-su-alianza-estrategica-para-impulsar-la-sostenibilidad-e-innovacion-en-el-sector-hotelero\/#breadcrumb"},"inLanguage":"en-US","potentialAction":[{"@type":"ReadAction","target":["https:\/\/aehm.es\/aehm-e-ikea-refuerzan-su-alianza-estrategica-para-impulsar-la-sostenibilidad-e-innovacion-en-el-sector-hotelero\/"]}]},{"@type":"ImageObject","inLanguage":"en-US","@id":"https:\/\/aehm.es\/aehm-e-ikea-refuerzan-su-alianza-estrategica-para-impulsar-la-sostenibilidad-e-innovacion-en-el-sector-hotelero\/#primaryimage","url":"https:\/\/aehm.es\/wp-content\/uploads\/2024\/11\/AEHM-e-IKEA-refuerzan-su-alianza-estrategica-para-impulsar-la-sostenibilidad-e-innovacion-en-el-sector-hotelero-1.jpg","contentUrl":"https:\/\/aehm.es\/wp-content\/uploads\/2024\/11\/AEHM-e-IKEA-refuerzan-su-alianza-estrategica-para-impulsar-la-sostenibilidad-e-innovacion-en-el-sector-hotelero-1.jpg","width":768,"height":550},{"@type":"BreadcrumbList","@id":"https:\/\/aehm.es\/aehm-e-ikea-refuerzan-su-alianza-estrategica-para-impulsar-la-sostenibilidad-e-innovacion-en-el-sector-hotelero\/#breadcrumb","itemListElement":[{"@type":"ListItem","position":1,"name":"Portada","item":"https:\/\/aehm.es\/en\/"},{"@type":"ListItem","position":2,"name":"AEHM e IKEA refuerzan su alianza estrat\u00e9gica para impulsar la sostenibilidad e innovaci\u00f3n en el sector hotelero"}]},{"@type":"WebSite","@id":"https:\/\/aehm.es\/#website","url":"https:\/\/aehm.es\/","name":"Asociaci\u00f3n Empresarial Hotelera de Madrid","description":"La Asociaci\u00f3n Empresarial Hotelera Madrid est\u00e1 formada por m\u00e1s de 300 establecimientos de todas las categor\u00edas y tipolog\u00edas (hoteles, hostales, hostels, apartamentos\u2026) que suman m\u00e1s de 75.000 plazas de alojamiento.","publisher":{"@id":"https:\/\/aehm.es\/#organization"},"alternateName":"AEHM","potentialAction":[{"@type":"SearchAction","target":{"@type":"EntryPoint","urlTemplate":"https:\/\/aehm.es\/?s={search_term_string}"},"query-input":{"@type":"PropertyValueSpecification","valueRequired":true,"valueName":"search_term_string"}}],"inLanguage":"en-US"},{"@type":"Organization","@id":"https:\/\/aehm.es\/#organization","name":"Asociaci\u00f3n Empresarial Hotelera de Madrid","url":"https:\/\/aehm.es\/","logo":{"@type":"ImageObject","inLanguage":"en-US","@id":"https:\/\/aehm.es\/#\/schema\/logo\/image\/","url":"https:\/\/aehm.es\/wp-content\/uploads\/2021\/11\/Logo_AEHM_Horiz.png","contentUrl":"https:\/\/aehm.es\/wp-content\/uploads\/2021\/11\/Logo_AEHM_Horiz.png","width":600,"height":182,"caption":"Asociaci\u00f3n Empresarial Hotelera de Madrid"},"image":{"@id":"https:\/\/aehm.es\/#\/schema\/logo\/image\/"},"sameAs":["https:\/\/www.instagram.com\/hotelesdemadrid\/","https:\/\/x.com\/HotelesAEHM","https:\/\/www.linkedin.com\/company\/11166072\/"]},{"@type":"Person","@id":"https:\/\/aehm.es\/#\/schema\/person\/a11ff5e10daf701bc492cd7a4e624215","name":"Laura Sarria","image":{"@type":"ImageObject","inLanguage":"en-US","@id":"https:\/\/secure.gravatar.com\/avatar\/4ef4b0f260923823a97f1e823b29d340c5e8606b68a4dc4288a7ccd66262c35b?s=96&d=mm&r=g","url":"https:\/\/secure.gravatar.com\/avatar\/4ef4b0f260923823a97f1e823b29d340c5e8606b68a4dc4288a7ccd66262c35b?s=96&d=mm&r=g","contentUrl":"https:\/\/secure.gravatar.com\/avatar\/4ef4b0f260923823a97f1e823b29d340c5e8606b68a4dc4288a7ccd66262c35b?s=96&d=mm&r=g","caption":"Laura Sarria"},"url":"https:\/\/aehm.es\/en\/author\/laura-sarria\/"}]}},"_links":{"self":[{"href":"https:\/\/aehm.es\/en\/wp-json\/wp\/v2\/posts\/19462","targetHints":{"allow":["GET"]}}],"collection":[{"href":"https:\/\/aehm.es\/en\/wp-json\/wp\/v2\/posts"}],"about":[{"href":"https:\/\/aehm.es\/en\/wp-json\/wp\/v2\/types\/post"}],"author":[{"embeddable":true,"href":"https:\/\/aehm.es\/en\/wp-json\/wp\/v2\/users\/20"}],"replies":[{"embeddable":true,"href":"https:\/\/aehm.es\/en\/wp-json\/wp\/v2\/comments?post=19462"}],"version-history":[{"count":1,"href":"https:\/\/aehm.es\/en\/wp-json\/wp\/v2\/posts\/19462\/revisions"}],"predecessor-version":[{"id":19467,"href":"https:\/\/aehm.es\/en\/wp-json\/wp\/v2\/posts\/19462\/revisions\/19467"}],"wp:featuredmedia":[{"embeddable":true,"href":"https:\/\/aehm.es\/en\/wp-json\/wp\/v2\/media\/19463"}],"wp:attachment":[{"href":"https:\/\/aehm.es\/en\/wp-json\/wp\/v2\/media?parent=19462"}],"wp:term":[{"taxonomy":"category","embeddable":true,"href":"https:\/\/aehm.es\/en\/wp-json\/wp\/v2\/categories?post=19462"},{"taxonomy":"post_tag","embeddable":true,"href":"https:\/\/aehm.es\/en\/wp-json\/wp\/v2\/tags?post=19462"}],"curies":[{"name":"wp","href":"https:\/\/api.w.org\/{rel}","templated":true}]}}