{"id":19459,"date":"2024-11-15T09:27:08","date_gmt":"2024-11-15T09:27:08","guid":{"rendered":"https:\/\/aehm.es\/?p=19459"},"modified":"2024-11-15T09:27:42","modified_gmt":"2024-11-15T09:27:42","slug":"la-aehm-apoya-a-la-cehat-en-la-defensa-de-un-iva-reducido-para-el-sector-alojativo","status":"publish","type":"post","link":"https:\/\/aehm.es\/en\/la-aehm-apoya-a-la-cehat-en-la-defensa-de-un-iva-reducido-para-el-sector-alojativo\/","title":{"rendered":"La Asociaci\u00f3n Empresarial Hotelera de Madrid apoya a la CEHAT en la defensa de un IVA reducido para el sector alojativo"},"content":{"rendered":"<p><i><span style=\"font-weight: 400;\">Madrid, 15 de noviembre del 2024.\u2013<\/span><\/i> <b>La Asociaci\u00f3n Empresarial Hotelera de Madrid (AEHM) apoya a la Confederaci\u00f3n Espa\u00f1ola de Hoteles y Alojamientos Tur\u00edsticos (CEHAT) en su preocupaci\u00f3n ante la posible subida del IVA al 21% en las viviendas tur\u00edsticas<\/b><span style=\"font-weight: 400;\">, pues podr\u00eda tener un impacto negativo significativo en el empleo y la competitividad del sector alojativo.<\/span><\/p>\n<p><span style=\"font-weight: 400;\">En el contexto del reciente acuerdo entre <\/span><b>PSOE y Sumar sobre el paquete fiscal que pretende impulsar el Gobierno, se plantea introducir un IVA del 21% para las viviendas de uso tur\u00edstico y suprimir el r\u00e9gimen fiscal especial de las SOCIMI (Sociedades An\u00f3nimas Cotizadas de Inversi\u00f3n en el Mercado Inmobiliario), que actualmente tributan al 1% en el impuesto de sociedades.<\/b><\/p>\n<p><b>La Asociaci\u00f3n respalda la solicitud de CEHAT al Gobierno para mantener el IVA actual en el sector alojativo, evitando, as\u00ed, consecuencias adversas para los establecimientos tur\u00edsticos, que ya cumplen con una estricta regulaci\u00f3n fiscal y laboral.\u00a0<\/b><\/p>\n<p><span style=\"font-weight: 400;\">La Uni\u00f3n Europea ha reconocido la importancia de las tarifas reducidas de IVA en el sector tur\u00edstico, dada su contribuci\u00f3n a la econom\u00eda, el empleo y el bienestar social. Estudios recientes demuestran que un aumento del IVA podr\u00eda llevar a recortes de empleo y cierres de negocios, lo que afectar\u00eda a un sector que emplea a m\u00e1s personas con menor formaci\u00f3n y j\u00f3venes en su primer empleo.<\/span><\/p>\n<p><span style=\"font-weight: 400;\">La<\/span><b> AEHM destaca la necesidad de mantener los niveles actuales de IVA para asegurar la viabilidad de las empresas tur\u00edsticas y fomentar la competitividad<\/b><span style=\"font-weight: 400;\">. Asimismo, <\/span><b>apoya la iniciativa de gravar con el IVA a quienes realizan actividades tur\u00edsticas sin contribuir fiscalmente<\/b><span style=\"font-weight: 400;\">, garantizando as\u00ed un \u201cterreno de juego\u201d nivelado para todos los subsectores del turismo.<\/span><\/p>\n<p>&nbsp;<\/p>\n<p><b>Confusi\u00f3n terminol\u00f3gica\u00a0<\/b><\/p>\n<p><span style=\"font-weight: 400;\">En su comunicado, CEHAT recuerda que no es aceptable que se confunda, tambi\u00e9n en el nuevo paquete fiscal para 2025, <\/span><b>el alquiler residencial con el ejercicio de una actividad econ\u00f3mica tur\u00edstica<\/b><span style=\"font-weight: 400;\">. Los apartamentos tur\u00edsticos y aparthoteles son un tipo de alojamiento reglado en Espa\u00f1a y en todas las Comunidades Aut\u00f3nomas y clasificado seg\u00fan un sistema de llaves (en lugar de por estrellas), mientras que las viviendas tur\u00edsticas no siguen esta normativa.\u00a0<\/span><\/p>\n<p><span style=\"font-weight: 400;\">Desde AEHM, alertamos, asimismo, del grave error terminol\u00f3gico entre el apartamento tur\u00edstico (AT) y la vivienda de uso tur\u00edstico (VUT). Los com\u00fanmente denominados \u201cAT\u201d vienen pagando el IVA desde que se instal\u00f3 en Espa\u00f1a, con el mismo porcentaje que los hoteles, campings, hostales, pensiones, alojamientos rurales, etc. y cumpliendo una legislaci\u00f3n espec\u00edfica para poder operar.<\/span><\/p>\n<p><span style=\"font-weight: 400;\">Tal y como manifiesta CEHAT, desde la Asociaci\u00f3n, advertimos del riesgo de, fruto de esta confusi\u00f3n terminol\u00f3gica, realizar una subida injustificada del IVA a una modalidad de alojamiento reglada y para familias. Del mismo modo, <\/span><b>aplaudimos la iniciativa de gravar con el IVA a los que ejercen una actividad tur\u00edstica sin una contribuci\u00f3n fiscal, <\/b><span style=\"font-weight: 400;\">como el resto de las modalidades de alojamiento.<\/span><\/p>\n","protected":false},"excerpt":{"rendered":"<p>Madrid, 15 de noviembre del 2024.\u2013 La Asociaci\u00f3n Empresarial Hotelera de Madrid (AEHM) apoya a la Confederaci\u00f3n Espa\u00f1ola de Hoteles y Alojamientos Tur\u00edsticos (CEHAT) en su preocupaci\u00f3n ante la posible subida del IVA al 21% en las viviendas tur\u00edsticas, pues podr\u00eda tener un impacto negativo significativo en el empleo y la competitividad del sector alojativo. [&hellip;]<\/p>\n","protected":false},"author":20,"featured_media":19014,"comment_status":"open","ping_status":"open","sticky":false,"template":"","format":"standard","meta":{"footnotes":""},"categories":[1],"tags":[],"class_list":["post-19459","post","type-post","status-publish","format-standard","has-post-thumbnail","hentry","category-actualidad-aehm"],"yoast_head":"<!-- This site is optimized with the Yoast SEO plugin v27.5 - https:\/\/yoast.com\/product\/yoast-seo-wordpress\/ -->\n<title>La Asociaci\u00f3n Empresarial Hotelera de Madrid apoya a la CEHAT en la defensa de un IVA reducido para el sector alojativo - AEHM<\/title>\n<meta name=\"description\" content=\"La AEHM apoya a CEHAT en su preocupaci\u00f3n ante la posible subida del IVA al 21% en las viviendas tur\u00edsticas.\" \/>\n<meta name=\"robots\" content=\"index, follow, max-snippet:-1, max-image-preview:large, max-video-preview:-1\" \/>\n<link rel=\"canonical\" href=\"https:\/\/aehm.es\/la-aehm-apoya-a-la-cehat-en-la-defensa-de-un-iva-reducido-para-el-sector-alojativo\/\" \/>\n<meta property=\"og:locale\" content=\"en_US\" \/>\n<meta property=\"og:type\" content=\"article\" \/>\n<meta property=\"og:title\" content=\"La Asociaci\u00f3n Empresarial Hotelera de Madrid apoya a la CEHAT en la defensa de un IVA reducido para el sector alojativo\" \/>\n<meta property=\"og:description\" content=\"La AEHM apoya a CEHAT en su preocupaci\u00f3n ante la posible subida del IVA al 21% en las viviendas tur\u00edsticas.\" \/>\n<meta property=\"og:url\" content=\"https:\/\/aehm.es\/la-aehm-apoya-a-la-cehat-en-la-defensa-de-un-iva-reducido-para-el-sector-alojativo\/\" \/>\n<meta property=\"og:site_name\" content=\"AEHM\" \/>\n<meta property=\"article:publisher\" content=\"https:\/\/www.instagram.com\/hotelesdemadrid\/\" \/>\n<meta property=\"article:published_time\" content=\"2024-11-15T09:27:08+00:00\" \/>\n<meta property=\"article:modified_time\" content=\"2024-11-15T09:27:42+00:00\" \/>\n<meta property=\"og:image\" content=\"https:\/\/aehm.es\/wp-content\/uploads\/2024\/09\/Logo-AEHM-comunicados-2024.png\" \/>\n\t<meta property=\"og:image:width\" content=\"810\" \/>\n\t<meta property=\"og:image:height\" content=\"450\" \/>\n\t<meta property=\"og:image:type\" content=\"image\/png\" \/>\n<meta name=\"author\" content=\"Laura Sarria\" \/>\n<meta name=\"twitter:card\" content=\"summary_large_image\" \/>\n<meta name=\"twitter:creator\" content=\"@HotelesAEHM\" \/>\n<meta name=\"twitter:site\" content=\"@HotelesAEHM\" \/>\n<meta name=\"twitter:label1\" content=\"Written by\" \/>\n\t<meta name=\"twitter:data1\" content=\"Laura Sarria\" \/>\n\t<meta name=\"twitter:label2\" content=\"Est. reading time\" \/>\n\t<meta name=\"twitter:data2\" content=\"3 minutes\" \/>\n<script type=\"application\/ld+json\" class=\"yoast-schema-graph\">{\"@context\":\"https:\\\/\\\/schema.org\",\"@graph\":[{\"@type\":\"Article\",\"@id\":\"https:\\\/\\\/aehm.es\\\/la-aehm-apoya-a-la-cehat-en-la-defensa-de-un-iva-reducido-para-el-sector-alojativo\\\/#article\",\"isPartOf\":{\"@id\":\"https:\\\/\\\/aehm.es\\\/la-aehm-apoya-a-la-cehat-en-la-defensa-de-un-iva-reducido-para-el-sector-alojativo\\\/\"},\"author\":{\"name\":\"Laura Sarria\",\"@id\":\"https:\\\/\\\/aehm.es\\\/#\\\/schema\\\/person\\\/a11ff5e10daf701bc492cd7a4e624215\"},\"headline\":\"La Asociaci\u00f3n Empresarial Hotelera de Madrid apoya a la CEHAT en la defensa de un IVA reducido para el sector alojativo\",\"datePublished\":\"2024-11-15T09:27:08+00:00\",\"dateModified\":\"2024-11-15T09:27:42+00:00\",\"mainEntityOfPage\":{\"@id\":\"https:\\\/\\\/aehm.es\\\/la-aehm-apoya-a-la-cehat-en-la-defensa-de-un-iva-reducido-para-el-sector-alojativo\\\/\"},\"wordCount\":526,\"commentCount\":0,\"publisher\":{\"@id\":\"https:\\\/\\\/aehm.es\\\/#organization\"},\"image\":{\"@id\":\"https:\\\/\\\/aehm.es\\\/la-aehm-apoya-a-la-cehat-en-la-defensa-de-un-iva-reducido-para-el-sector-alojativo\\\/#primaryimage\"},\"thumbnailUrl\":\"https:\\\/\\\/aehm.es\\\/wp-content\\\/uploads\\\/2024\\\/09\\\/Logo-AEHM-comunicados-2024.png\",\"articleSection\":[\"Actualidad AEHM\"],\"inLanguage\":\"en-US\",\"potentialAction\":[{\"@type\":\"CommentAction\",\"name\":\"Comment\",\"target\":[\"https:\\\/\\\/aehm.es\\\/la-aehm-apoya-a-la-cehat-en-la-defensa-de-un-iva-reducido-para-el-sector-alojativo\\\/#respond\"]}]},{\"@type\":\"WebPage\",\"@id\":\"https:\\\/\\\/aehm.es\\\/la-aehm-apoya-a-la-cehat-en-la-defensa-de-un-iva-reducido-para-el-sector-alojativo\\\/\",\"url\":\"https:\\\/\\\/aehm.es\\\/la-aehm-apoya-a-la-cehat-en-la-defensa-de-un-iva-reducido-para-el-sector-alojativo\\\/\",\"name\":\"La Asociaci\u00f3n Empresarial Hotelera de Madrid apoya a la CEHAT en la defensa de un IVA reducido para el sector alojativo - AEHM\",\"isPartOf\":{\"@id\":\"https:\\\/\\\/aehm.es\\\/#website\"},\"primaryImageOfPage\":{\"@id\":\"https:\\\/\\\/aehm.es\\\/la-aehm-apoya-a-la-cehat-en-la-defensa-de-un-iva-reducido-para-el-sector-alojativo\\\/#primaryimage\"},\"image\":{\"@id\":\"https:\\\/\\\/aehm.es\\\/la-aehm-apoya-a-la-cehat-en-la-defensa-de-un-iva-reducido-para-el-sector-alojativo\\\/#primaryimage\"},\"thumbnailUrl\":\"https:\\\/\\\/aehm.es\\\/wp-content\\\/uploads\\\/2024\\\/09\\\/Logo-AEHM-comunicados-2024.png\",\"datePublished\":\"2024-11-15T09:27:08+00:00\",\"dateModified\":\"2024-11-15T09:27:42+00:00\",\"description\":\"La AEHM apoya a CEHAT en su preocupaci\u00f3n ante la posible subida del IVA al 21% en las viviendas tur\u00edsticas.\",\"breadcrumb\":{\"@id\":\"https:\\\/\\\/aehm.es\\\/la-aehm-apoya-a-la-cehat-en-la-defensa-de-un-iva-reducido-para-el-sector-alojativo\\\/#breadcrumb\"},\"inLanguage\":\"en-US\",\"potentialAction\":[{\"@type\":\"ReadAction\",\"target\":[\"https:\\\/\\\/aehm.es\\\/la-aehm-apoya-a-la-cehat-en-la-defensa-de-un-iva-reducido-para-el-sector-alojativo\\\/\"]}]},{\"@type\":\"ImageObject\",\"inLanguage\":\"en-US\",\"@id\":\"https:\\\/\\\/aehm.es\\\/la-aehm-apoya-a-la-cehat-en-la-defensa-de-un-iva-reducido-para-el-sector-alojativo\\\/#primaryimage\",\"url\":\"https:\\\/\\\/aehm.es\\\/wp-content\\\/uploads\\\/2024\\\/09\\\/Logo-AEHM-comunicados-2024.png\",\"contentUrl\":\"https:\\\/\\\/aehm.es\\\/wp-content\\\/uploads\\\/2024\\\/09\\\/Logo-AEHM-comunicados-2024.png\",\"width\":810,\"height\":450},{\"@type\":\"BreadcrumbList\",\"@id\":\"https:\\\/\\\/aehm.es\\\/la-aehm-apoya-a-la-cehat-en-la-defensa-de-un-iva-reducido-para-el-sector-alojativo\\\/#breadcrumb\",\"itemListElement\":[{\"@type\":\"ListItem\",\"position\":1,\"name\":\"Portada\",\"item\":\"https:\\\/\\\/aehm.es\\\/en\\\/\"},{\"@type\":\"ListItem\",\"position\":2,\"name\":\"La Asociaci\u00f3n Empresarial Hotelera de Madrid apoya a la CEHAT en la defensa de un IVA reducido para el sector alojativo\"}]},{\"@type\":\"WebSite\",\"@id\":\"https:\\\/\\\/aehm.es\\\/#website\",\"url\":\"https:\\\/\\\/aehm.es\\\/\",\"name\":\"Asociaci\u00f3n Empresarial Hotelera de Madrid\",\"description\":\"La Asociaci\u00f3n Empresarial Hotelera Madrid est\u00e1 formada por m\u00e1s de 300 establecimientos de todas las categor\u00edas y tipolog\u00edas (hoteles, hostales, hostels, apartamentos\u2026) que suman m\u00e1s de 75.000 plazas de alojamiento.\",\"publisher\":{\"@id\":\"https:\\\/\\\/aehm.es\\\/#organization\"},\"alternateName\":\"AEHM\",\"potentialAction\":[{\"@type\":\"SearchAction\",\"target\":{\"@type\":\"EntryPoint\",\"urlTemplate\":\"https:\\\/\\\/aehm.es\\\/?s={search_term_string}\"},\"query-input\":{\"@type\":\"PropertyValueSpecification\",\"valueRequired\":true,\"valueName\":\"search_term_string\"}}],\"inLanguage\":\"en-US\"},{\"@type\":\"Organization\",\"@id\":\"https:\\\/\\\/aehm.es\\\/#organization\",\"name\":\"Asociaci\u00f3n Empresarial Hotelera de Madrid\",\"url\":\"https:\\\/\\\/aehm.es\\\/\",\"logo\":{\"@type\":\"ImageObject\",\"inLanguage\":\"en-US\",\"@id\":\"https:\\\/\\\/aehm.es\\\/#\\\/schema\\\/logo\\\/image\\\/\",\"url\":\"https:\\\/\\\/aehm.es\\\/wp-content\\\/uploads\\\/2021\\\/11\\\/Logo_AEHM_Horiz.png\",\"contentUrl\":\"https:\\\/\\\/aehm.es\\\/wp-content\\\/uploads\\\/2021\\\/11\\\/Logo_AEHM_Horiz.png\",\"width\":600,\"height\":182,\"caption\":\"Asociaci\u00f3n Empresarial Hotelera de Madrid\"},\"image\":{\"@id\":\"https:\\\/\\\/aehm.es\\\/#\\\/schema\\\/logo\\\/image\\\/\"},\"sameAs\":[\"https:\\\/\\\/www.instagram.com\\\/hotelesdemadrid\\\/\",\"https:\\\/\\\/x.com\\\/HotelesAEHM\",\"https:\\\/\\\/www.linkedin.com\\\/company\\\/11166072\\\/\"]},{\"@type\":\"Person\",\"@id\":\"https:\\\/\\\/aehm.es\\\/#\\\/schema\\\/person\\\/a11ff5e10daf701bc492cd7a4e624215\",\"name\":\"Laura Sarria\",\"image\":{\"@type\":\"ImageObject\",\"inLanguage\":\"en-US\",\"@id\":\"https:\\\/\\\/secure.gravatar.com\\\/avatar\\\/4ef4b0f260923823a97f1e823b29d340c5e8606b68a4dc4288a7ccd66262c35b?s=96&d=mm&r=g\",\"url\":\"https:\\\/\\\/secure.gravatar.com\\\/avatar\\\/4ef4b0f260923823a97f1e823b29d340c5e8606b68a4dc4288a7ccd66262c35b?s=96&d=mm&r=g\",\"contentUrl\":\"https:\\\/\\\/secure.gravatar.com\\\/avatar\\\/4ef4b0f260923823a97f1e823b29d340c5e8606b68a4dc4288a7ccd66262c35b?s=96&d=mm&r=g\",\"caption\":\"Laura Sarria\"},\"url\":\"https:\\\/\\\/aehm.es\\\/en\\\/author\\\/laura-sarria\\\/\"}]}<\/script>\n<!-- \/ Yoast SEO plugin. -->","yoast_head_json":{"title":"La Asociaci\u00f3n Empresarial Hotelera de Madrid apoya a la CEHAT en la defensa de un IVA reducido para el sector alojativo - AEHM","description":"La AEHM apoya a CEHAT en su preocupaci\u00f3n ante la posible subida del IVA al 21% en las viviendas tur\u00edsticas.","robots":{"index":"index","follow":"follow","max-snippet":"max-snippet:-1","max-image-preview":"max-image-preview:large","max-video-preview":"max-video-preview:-1"},"canonical":"https:\/\/aehm.es\/la-aehm-apoya-a-la-cehat-en-la-defensa-de-un-iva-reducido-para-el-sector-alojativo\/","og_locale":"en_US","og_type":"article","og_title":"La Asociaci\u00f3n Empresarial Hotelera de Madrid apoya a la CEHAT en la defensa de un IVA reducido para el sector alojativo","og_description":"La AEHM apoya a CEHAT en su preocupaci\u00f3n ante la posible subida del IVA al 21% en las viviendas tur\u00edsticas.","og_url":"https:\/\/aehm.es\/la-aehm-apoya-a-la-cehat-en-la-defensa-de-un-iva-reducido-para-el-sector-alojativo\/","og_site_name":"AEHM","article_publisher":"https:\/\/www.instagram.com\/hotelesdemadrid\/","article_published_time":"2024-11-15T09:27:08+00:00","article_modified_time":"2024-11-15T09:27:42+00:00","og_image":[{"width":810,"height":450,"url":"https:\/\/aehm.es\/wp-content\/uploads\/2024\/09\/Logo-AEHM-comunicados-2024.png","type":"image\/png"}],"author":"Laura Sarria","twitter_card":"summary_large_image","twitter_creator":"@HotelesAEHM","twitter_site":"@HotelesAEHM","twitter_misc":{"Written by":"Laura Sarria","Est. reading time":"3 minutes"},"schema":{"@context":"https:\/\/schema.org","@graph":[{"@type":"Article","@id":"https:\/\/aehm.es\/la-aehm-apoya-a-la-cehat-en-la-defensa-de-un-iva-reducido-para-el-sector-alojativo\/#article","isPartOf":{"@id":"https:\/\/aehm.es\/la-aehm-apoya-a-la-cehat-en-la-defensa-de-un-iva-reducido-para-el-sector-alojativo\/"},"author":{"name":"Laura Sarria","@id":"https:\/\/aehm.es\/#\/schema\/person\/a11ff5e10daf701bc492cd7a4e624215"},"headline":"La Asociaci\u00f3n Empresarial Hotelera de Madrid apoya a la CEHAT en la defensa de un IVA reducido para el sector alojativo","datePublished":"2024-11-15T09:27:08+00:00","dateModified":"2024-11-15T09:27:42+00:00","mainEntityOfPage":{"@id":"https:\/\/aehm.es\/la-aehm-apoya-a-la-cehat-en-la-defensa-de-un-iva-reducido-para-el-sector-alojativo\/"},"wordCount":526,"commentCount":0,"publisher":{"@id":"https:\/\/aehm.es\/#organization"},"image":{"@id":"https:\/\/aehm.es\/la-aehm-apoya-a-la-cehat-en-la-defensa-de-un-iva-reducido-para-el-sector-alojativo\/#primaryimage"},"thumbnailUrl":"https:\/\/aehm.es\/wp-content\/uploads\/2024\/09\/Logo-AEHM-comunicados-2024.png","articleSection":["Actualidad AEHM"],"inLanguage":"en-US","potentialAction":[{"@type":"CommentAction","name":"Comment","target":["https:\/\/aehm.es\/la-aehm-apoya-a-la-cehat-en-la-defensa-de-un-iva-reducido-para-el-sector-alojativo\/#respond"]}]},{"@type":"WebPage","@id":"https:\/\/aehm.es\/la-aehm-apoya-a-la-cehat-en-la-defensa-de-un-iva-reducido-para-el-sector-alojativo\/","url":"https:\/\/aehm.es\/la-aehm-apoya-a-la-cehat-en-la-defensa-de-un-iva-reducido-para-el-sector-alojativo\/","name":"La Asociaci\u00f3n Empresarial Hotelera de Madrid apoya a la CEHAT en la defensa de un IVA reducido para el sector alojativo - AEHM","isPartOf":{"@id":"https:\/\/aehm.es\/#website"},"primaryImageOfPage":{"@id":"https:\/\/aehm.es\/la-aehm-apoya-a-la-cehat-en-la-defensa-de-un-iva-reducido-para-el-sector-alojativo\/#primaryimage"},"image":{"@id":"https:\/\/aehm.es\/la-aehm-apoya-a-la-cehat-en-la-defensa-de-un-iva-reducido-para-el-sector-alojativo\/#primaryimage"},"thumbnailUrl":"https:\/\/aehm.es\/wp-content\/uploads\/2024\/09\/Logo-AEHM-comunicados-2024.png","datePublished":"2024-11-15T09:27:08+00:00","dateModified":"2024-11-15T09:27:42+00:00","description":"La AEHM apoya a CEHAT en su preocupaci\u00f3n ante la posible subida del IVA al 21% en las viviendas tur\u00edsticas.","breadcrumb":{"@id":"https:\/\/aehm.es\/la-aehm-apoya-a-la-cehat-en-la-defensa-de-un-iva-reducido-para-el-sector-alojativo\/#breadcrumb"},"inLanguage":"en-US","potentialAction":[{"@type":"ReadAction","target":["https:\/\/aehm.es\/la-aehm-apoya-a-la-cehat-en-la-defensa-de-un-iva-reducido-para-el-sector-alojativo\/"]}]},{"@type":"ImageObject","inLanguage":"en-US","@id":"https:\/\/aehm.es\/la-aehm-apoya-a-la-cehat-en-la-defensa-de-un-iva-reducido-para-el-sector-alojativo\/#primaryimage","url":"https:\/\/aehm.es\/wp-content\/uploads\/2024\/09\/Logo-AEHM-comunicados-2024.png","contentUrl":"https:\/\/aehm.es\/wp-content\/uploads\/2024\/09\/Logo-AEHM-comunicados-2024.png","width":810,"height":450},{"@type":"BreadcrumbList","@id":"https:\/\/aehm.es\/la-aehm-apoya-a-la-cehat-en-la-defensa-de-un-iva-reducido-para-el-sector-alojativo\/#breadcrumb","itemListElement":[{"@type":"ListItem","position":1,"name":"Portada","item":"https:\/\/aehm.es\/en\/"},{"@type":"ListItem","position":2,"name":"La Asociaci\u00f3n Empresarial Hotelera de Madrid apoya a la CEHAT en la defensa de un IVA reducido para el sector alojativo"}]},{"@type":"WebSite","@id":"https:\/\/aehm.es\/#website","url":"https:\/\/aehm.es\/","name":"Asociaci\u00f3n Empresarial Hotelera de Madrid","description":"La Asociaci\u00f3n Empresarial Hotelera Madrid est\u00e1 formada por m\u00e1s de 300 establecimientos de todas las categor\u00edas y tipolog\u00edas (hoteles, hostales, hostels, apartamentos\u2026) que suman m\u00e1s de 75.000 plazas de alojamiento.","publisher":{"@id":"https:\/\/aehm.es\/#organization"},"alternateName":"AEHM","potentialAction":[{"@type":"SearchAction","target":{"@type":"EntryPoint","urlTemplate":"https:\/\/aehm.es\/?s={search_term_string}"},"query-input":{"@type":"PropertyValueSpecification","valueRequired":true,"valueName":"search_term_string"}}],"inLanguage":"en-US"},{"@type":"Organization","@id":"https:\/\/aehm.es\/#organization","name":"Asociaci\u00f3n Empresarial Hotelera de Madrid","url":"https:\/\/aehm.es\/","logo":{"@type":"ImageObject","inLanguage":"en-US","@id":"https:\/\/aehm.es\/#\/schema\/logo\/image\/","url":"https:\/\/aehm.es\/wp-content\/uploads\/2021\/11\/Logo_AEHM_Horiz.png","contentUrl":"https:\/\/aehm.es\/wp-content\/uploads\/2021\/11\/Logo_AEHM_Horiz.png","width":600,"height":182,"caption":"Asociaci\u00f3n Empresarial Hotelera de Madrid"},"image":{"@id":"https:\/\/aehm.es\/#\/schema\/logo\/image\/"},"sameAs":["https:\/\/www.instagram.com\/hotelesdemadrid\/","https:\/\/x.com\/HotelesAEHM","https:\/\/www.linkedin.com\/company\/11166072\/"]},{"@type":"Person","@id":"https:\/\/aehm.es\/#\/schema\/person\/a11ff5e10daf701bc492cd7a4e624215","name":"Laura Sarria","image":{"@type":"ImageObject","inLanguage":"en-US","@id":"https:\/\/secure.gravatar.com\/avatar\/4ef4b0f260923823a97f1e823b29d340c5e8606b68a4dc4288a7ccd66262c35b?s=96&d=mm&r=g","url":"https:\/\/secure.gravatar.com\/avatar\/4ef4b0f260923823a97f1e823b29d340c5e8606b68a4dc4288a7ccd66262c35b?s=96&d=mm&r=g","contentUrl":"https:\/\/secure.gravatar.com\/avatar\/4ef4b0f260923823a97f1e823b29d340c5e8606b68a4dc4288a7ccd66262c35b?s=96&d=mm&r=g","caption":"Laura Sarria"},"url":"https:\/\/aehm.es\/en\/author\/laura-sarria\/"}]}},"_links":{"self":[{"href":"https:\/\/aehm.es\/en\/wp-json\/wp\/v2\/posts\/19459","targetHints":{"allow":["GET"]}}],"collection":[{"href":"https:\/\/aehm.es\/en\/wp-json\/wp\/v2\/posts"}],"about":[{"href":"https:\/\/aehm.es\/en\/wp-json\/wp\/v2\/types\/post"}],"author":[{"embeddable":true,"href":"https:\/\/aehm.es\/en\/wp-json\/wp\/v2\/users\/20"}],"replies":[{"embeddable":true,"href":"https:\/\/aehm.es\/en\/wp-json\/wp\/v2\/comments?post=19459"}],"version-history":[{"count":2,"href":"https:\/\/aehm.es\/en\/wp-json\/wp\/v2\/posts\/19459\/revisions"}],"predecessor-version":[{"id":19461,"href":"https:\/\/aehm.es\/en\/wp-json\/wp\/v2\/posts\/19459\/revisions\/19461"}],"wp:featuredmedia":[{"embeddable":true,"href":"https:\/\/aehm.es\/en\/wp-json\/wp\/v2\/media\/19014"}],"wp:attachment":[{"href":"https:\/\/aehm.es\/en\/wp-json\/wp\/v2\/media?parent=19459"}],"wp:term":[{"taxonomy":"category","embeddable":true,"href":"https:\/\/aehm.es\/en\/wp-json\/wp\/v2\/categories?post=19459"},{"taxonomy":"post_tag","embeddable":true,"href":"https:\/\/aehm.es\/en\/wp-json\/wp\/v2\/tags?post=19459"}],"curies":[{"name":"wp","href":"https:\/\/api.w.org\/{rel}","templated":true}]}}