{"id":1940,"date":"2017-06-23T16:30:01","date_gmt":"2017-06-23T16:30:01","guid":{"rendered":"http:\/\/www.aehm.es\/?p=1940"},"modified":"2017-06-23T16:30:01","modified_gmt":"2017-06-23T16:30:01","slug":"los-hoteleros-madrilenos-denuncian-el-aumento-del-26-de-plazas-ilegales-en-viviendas-de-alquiler-de-uso-turistico","status":"publish","type":"post","link":"https:\/\/aehm.es\/en\/los-hoteleros-madrilenos-denuncian-el-aumento-del-26-de-plazas-ilegales-en-viviendas-de-alquiler-de-uso-turistico\/","title":{"rendered":"Los hoteleros madrile\u00f1os denuncian el aumento del 26% de plazas ilegales en viviendas de alquiler de uso tur\u00edstico"},"content":{"rendered":"<p style=\"text-align: center;\"><strong>La Asociaci\u00f3n Empresarial Hotelera de Madrid se\u00f1ala que la capital ha pasado de tener 80.000 plazas de esta <\/strong><strong>f\u00f3rmula de alojamiento no reglada, a 101.000 con motivo de este \u2018macro-encuentro\u2019 internacional<\/strong><\/p>\n<p style=\"text-align: center;\"><strong>El presidente de la Asociaci\u00f3n ha clausurado, junto con el coordinador General de del Ayuntamiento de Madrid, la jornada \u2018Renueva Hotel 2017\u2019 donde ha recalcado la importancia de la colaboraci\u00f3n p\u00fablico-privada para evitar caer en la turistificaci\u00f3n del destino<\/strong><\/p>\n<p><strong>\u00a0<\/strong><\/p>\n<p><strong>Madrid, 23 de junio de 2017.-<\/strong> El n\u00famero de <strong>plazas ilegales<\/strong> en viviendas de alquiler de uso tur\u00edstico ha pasado de 80.000 a m\u00e1s de 100.000 con motivo de la celebraci\u00f3n del WorldPride 2017, lo que representa un <strong>incremento del 26%<\/strong>, seg\u00fan ha se\u00f1alado la Asociaci\u00f3n Empresarial Hotelera de Madrid (AEHM) durante la jornada \u2018Renueva Hoteles 2017\u2019 organizada conjuntamente con El Corte Ingl\u00e9s Divisi\u00f3n Empresa.<\/p>\n<p>Durante la clausura de este acto, el presidente de la Asociaci\u00f3n Gabriel Garc\u00eda ha puesto de manifiesto la importancia de contar con una <strong>planta hotelera renovada<\/strong> para posicionar a la capital como referente internacional y sede de grandes citas, como por ejemplo la del <strong>WorldPride 2017<\/strong>. Adem\u00e1s, ha aprovechado la ocasi\u00f3n para instar a las Administraciones a que pongan en marcha una planificaci\u00f3n de <strong>modelo de turismo<\/strong> que evite caer en la situaci\u00f3n actual en la que se encuentran otros destinos.<\/p>\n<p><em>\u201cEn Madrid estamos a tiempo de evitar lo que est\u00e1 sucediendo en otros destinos con las viviendas de alquiler de uso tur\u00edstico ilegales, pero para ello es necesario la puesta en marcha con car\u00e1cter urgente de una normativa clara y exigente\u201d,<\/em> ha se\u00f1alado Garc\u00eda para solicitar posteriormente a las Administraciones una mayor <strong>colaboraci\u00f3n p\u00fablico-privada para evitar caer en la turistificaci\u00f3n del destino, <\/strong>as\u00ed como <strong>incentivos<\/strong> que favorezcan la<strong> inversi\u00f3n e impulsen la creaci\u00f3n de puestos de trabajo en el sector hotelero<\/strong>.<\/p>\n<p>En este sentido, el presidente de la AEHM ha recordado que las inversiones hoteleras en Madrid alcanzaron los 600 millones de euros situando a la capital por encima de Barcelona. Adem\u00e1s, ha mostrado su satisfacci\u00f3n al formar parte de una industria que representa aproximadamente el <strong>7,7% del PIB de la regi\u00f3n<\/strong> y que <strong>emplea a cerca de 165.000 personas<\/strong>.<\/p>\n<h2>Entre 14 y 16 proyectos hoteleros en marcha<\/h2>\n<p>Por su lado, el <strong>coordinador General de Ayuntamiento de Madrid<\/strong>, Luis Cueto, ha puesto en valor el papel que juega el sector hotelero en el desarrollo econ\u00f3mico de la capital y ha recordado que actualmente hay entre 14 y 16 proyectos hoteleros en marcha, lo que indica que <em>\u201cMadrid est\u00e1 pasando por muy buen momento y que est\u00e1 lejos de una moratoria\u201d<\/em>.<\/p>\n<p>De este modo, Cueto ha se\u00f1alado que la ciudad tiene capacidad para absorber a dos millones m\u00e1s de turistas y que <strong>no prohibir\u00e1 la puesta en marcha de establecimientos hoteleros en aquellos suelos de uso terciario<\/strong>, ya que forma parte del Plan General de Urbano, que es aquel que establece lo que se puede hacer o no en determinadas zonas de la ciudad.<\/p>\n<p><em>\u201cNo vamos a poner ni una sola pega para que un edificio de oficinas se convierta en un hotel, porque es terciario. Sin embargo, vamos a poner, seg\u00fan en qu\u00e9 barrios, todas las pegas del mundo para convertir edificios residenciales en hoteles (terciarios) porque lleva de la mano la expulsi\u00f3n de los vecinos a zonas del extrarradio<\/em>\u201d, ha a\u00f1adido<\/p>\n<p>En aras de evitar que Madrid pierda su esencia y se convierta en un \u2018Parque Tem\u00e1tico\u2019, el coordinador General del Ayuntamiento ha clausurado la jornada \u2018Renueva Hoteles 2017\u2019\u00a0 indicando que desde el Consistorio est\u00e1n dispuestos a pactar pero si esto no es posible, tendr\u00e1n que poner en marcha medidas de inspecci\u00f3n para evitar que sigan aumentando el n\u00famero de viviendas de alquiler de uso tur\u00edstico ilegales.<\/p>\n<p>&nbsp;<\/p>\n","protected":false},"excerpt":{"rendered":"<p>La Asociaci\u00f3n Empresarial Hotelera de Madrid se\u00f1ala que la capital ha pasado de tener 80.000 plazas de esta f\u00f3rmula de alojamiento no reglada, a 101.000 con motivo de este \u2018macro-encuentro\u2019 internacional El presidente de la Asociaci\u00f3n ha clausurado, junto con el coordinador General de del Ayuntamiento de Madrid, la jornada \u2018Renueva Hotel 2017\u2019 donde ha [&hellip;]<\/p>\n","protected":false},"author":1,"featured_media":10187,"comment_status":"open","ping_status":"open","sticky":false,"template":"","format":"standard","meta":{"footnotes":""},"categories":[1],"tags":[],"class_list":["post-1940","post","type-post","status-publish","format-standard","has-post-thumbnail","hentry","category-actualidad-aehm"],"yoast_head":"<!-- This site is optimized with the Yoast SEO plugin v27.5 - https:\/\/yoast.com\/product\/yoast-seo-wordpress\/ -->\n<title>Los hoteleros madrile\u00f1os denuncian el aumento del 26% de plazas ilegales en viviendas de alquiler de uso tur\u00edstico - AEHM<\/title>\n<meta name=\"robots\" content=\"index, follow, max-snippet:-1, max-image-preview:large, max-video-preview:-1\" \/>\n<link rel=\"canonical\" href=\"https:\/\/aehm.es\/los-hoteleros-madrilenos-denuncian-el-aumento-del-26-de-plazas-ilegales-en-viviendas-de-alquiler-de-uso-turistico\/\" \/>\n<meta property=\"og:locale\" content=\"en_US\" \/>\n<meta property=\"og:type\" content=\"article\" \/>\n<meta property=\"og:title\" content=\"Los hoteleros madrile\u00f1os denuncian el aumento del 26% de plazas ilegales en viviendas de alquiler de uso tur\u00edstico - AEHM\" \/>\n<meta property=\"og:description\" content=\"La Asociaci\u00f3n Empresarial Hotelera de Madrid se\u00f1ala que la capital ha pasado de tener 80.000 plazas de esta f\u00f3rmula de alojamiento no reglada, a 101.000 con motivo de este \u2018macro-encuentro\u2019 internacional El presidente de la Asociaci\u00f3n ha clausurado, junto con el coordinador General de del Ayuntamiento de Madrid, la jornada \u2018Renueva Hotel 2017\u2019 donde ha [&hellip;]\" \/>\n<meta property=\"og:url\" content=\"https:\/\/aehm.es\/los-hoteleros-madrilenos-denuncian-el-aumento-del-26-de-plazas-ilegales-en-viviendas-de-alquiler-de-uso-turistico\/\" \/>\n<meta property=\"og:site_name\" content=\"AEHM\" \/>\n<meta property=\"article:publisher\" content=\"https:\/\/www.instagram.com\/hotelesdemadrid\/\" \/>\n<meta property=\"article:published_time\" content=\"2017-06-23T16:30:01+00:00\" \/>\n<meta property=\"og:image\" content=\"https:\/\/aehm.es\/wp-content\/uploads\/2017\/06\/asamblea-def-e1498498654717-1.jpg\" \/>\n\t<meta property=\"og:image:width\" content=\"1311\" \/>\n\t<meta property=\"og:image:height\" content=\"468\" \/>\n\t<meta property=\"og:image:type\" content=\"image\/jpeg\" \/>\n<meta name=\"author\" content=\"richard\" \/>\n<meta name=\"twitter:card\" content=\"summary_large_image\" \/>\n<meta name=\"twitter:creator\" content=\"@HotelesAEHM\" \/>\n<meta name=\"twitter:site\" content=\"@HotelesAEHM\" \/>\n<meta name=\"twitter:label1\" content=\"Written by\" \/>\n\t<meta name=\"twitter:data1\" content=\"richard\" \/>\n\t<meta name=\"twitter:label2\" content=\"Est. reading time\" \/>\n\t<meta name=\"twitter:data2\" content=\"3 minutes\" \/>\n<script type=\"application\/ld+json\" class=\"yoast-schema-graph\">{\"@context\":\"https:\\\/\\\/schema.org\",\"@graph\":[{\"@type\":\"Article\",\"@id\":\"https:\\\/\\\/aehm.es\\\/los-hoteleros-madrilenos-denuncian-el-aumento-del-26-de-plazas-ilegales-en-viviendas-de-alquiler-de-uso-turistico\\\/#article\",\"isPartOf\":{\"@id\":\"https:\\\/\\\/aehm.es\\\/los-hoteleros-madrilenos-denuncian-el-aumento-del-26-de-plazas-ilegales-en-viviendas-de-alquiler-de-uso-turistico\\\/\"},\"author\":{\"name\":\"richard\",\"@id\":\"https:\\\/\\\/aehm.es\\\/#\\\/schema\\\/person\\\/ca1397f4b0bcee246b58a0278b67a95f\"},\"headline\":\"Los hoteleros madrile\u00f1os denuncian el aumento del 26% de plazas ilegales en viviendas de alquiler de uso tur\u00edstico\",\"datePublished\":\"2017-06-23T16:30:01+00:00\",\"mainEntityOfPage\":{\"@id\":\"https:\\\/\\\/aehm.es\\\/los-hoteleros-madrilenos-denuncian-el-aumento-del-26-de-plazas-ilegales-en-viviendas-de-alquiler-de-uso-turistico\\\/\"},\"wordCount\":662,\"commentCount\":0,\"publisher\":{\"@id\":\"https:\\\/\\\/aehm.es\\\/#organization\"},\"image\":{\"@id\":\"https:\\\/\\\/aehm.es\\\/los-hoteleros-madrilenos-denuncian-el-aumento-del-26-de-plazas-ilegales-en-viviendas-de-alquiler-de-uso-turistico\\\/#primaryimage\"},\"thumbnailUrl\":\"https:\\\/\\\/aehm.es\\\/wp-content\\\/uploads\\\/2017\\\/06\\\/asamblea-def-e1498498654717-1.jpg\",\"articleSection\":[\"Actualidad AEHM\"],\"inLanguage\":\"en-US\",\"potentialAction\":[{\"@type\":\"CommentAction\",\"name\":\"Comment\",\"target\":[\"https:\\\/\\\/aehm.es\\\/los-hoteleros-madrilenos-denuncian-el-aumento-del-26-de-plazas-ilegales-en-viviendas-de-alquiler-de-uso-turistico\\\/#respond\"]}]},{\"@type\":\"WebPage\",\"@id\":\"https:\\\/\\\/aehm.es\\\/los-hoteleros-madrilenos-denuncian-el-aumento-del-26-de-plazas-ilegales-en-viviendas-de-alquiler-de-uso-turistico\\\/\",\"url\":\"https:\\\/\\\/aehm.es\\\/los-hoteleros-madrilenos-denuncian-el-aumento-del-26-de-plazas-ilegales-en-viviendas-de-alquiler-de-uso-turistico\\\/\",\"name\":\"Los hoteleros madrile\u00f1os denuncian el aumento del 26% de plazas ilegales en viviendas de alquiler de uso tur\u00edstico - AEHM\",\"isPartOf\":{\"@id\":\"https:\\\/\\\/aehm.es\\\/#website\"},\"primaryImageOfPage\":{\"@id\":\"https:\\\/\\\/aehm.es\\\/los-hoteleros-madrilenos-denuncian-el-aumento-del-26-de-plazas-ilegales-en-viviendas-de-alquiler-de-uso-turistico\\\/#primaryimage\"},\"image\":{\"@id\":\"https:\\\/\\\/aehm.es\\\/los-hoteleros-madrilenos-denuncian-el-aumento-del-26-de-plazas-ilegales-en-viviendas-de-alquiler-de-uso-turistico\\\/#primaryimage\"},\"thumbnailUrl\":\"https:\\\/\\\/aehm.es\\\/wp-content\\\/uploads\\\/2017\\\/06\\\/asamblea-def-e1498498654717-1.jpg\",\"datePublished\":\"2017-06-23T16:30:01+00:00\",\"breadcrumb\":{\"@id\":\"https:\\\/\\\/aehm.es\\\/los-hoteleros-madrilenos-denuncian-el-aumento-del-26-de-plazas-ilegales-en-viviendas-de-alquiler-de-uso-turistico\\\/#breadcrumb\"},\"inLanguage\":\"en-US\",\"potentialAction\":[{\"@type\":\"ReadAction\",\"target\":[\"https:\\\/\\\/aehm.es\\\/los-hoteleros-madrilenos-denuncian-el-aumento-del-26-de-plazas-ilegales-en-viviendas-de-alquiler-de-uso-turistico\\\/\"]}]},{\"@type\":\"ImageObject\",\"inLanguage\":\"en-US\",\"@id\":\"https:\\\/\\\/aehm.es\\\/los-hoteleros-madrilenos-denuncian-el-aumento-del-26-de-plazas-ilegales-en-viviendas-de-alquiler-de-uso-turistico\\\/#primaryimage\",\"url\":\"https:\\\/\\\/aehm.es\\\/wp-content\\\/uploads\\\/2017\\\/06\\\/asamblea-def-e1498498654717-1.jpg\",\"contentUrl\":\"https:\\\/\\\/aehm.es\\\/wp-content\\\/uploads\\\/2017\\\/06\\\/asamblea-def-e1498498654717-1.jpg\",\"width\":1311,\"height\":468},{\"@type\":\"BreadcrumbList\",\"@id\":\"https:\\\/\\\/aehm.es\\\/los-hoteleros-madrilenos-denuncian-el-aumento-del-26-de-plazas-ilegales-en-viviendas-de-alquiler-de-uso-turistico\\\/#breadcrumb\",\"itemListElement\":[{\"@type\":\"ListItem\",\"position\":1,\"name\":\"Portada\",\"item\":\"https:\\\/\\\/aehm.es\\\/en\\\/\"},{\"@type\":\"ListItem\",\"position\":2,\"name\":\"Los hoteleros madrile\u00f1os denuncian el aumento del 26% de plazas ilegales en viviendas de alquiler de uso tur\u00edstico\"}]},{\"@type\":\"WebSite\",\"@id\":\"https:\\\/\\\/aehm.es\\\/#website\",\"url\":\"https:\\\/\\\/aehm.es\\\/\",\"name\":\"Asociaci\u00f3n Empresarial Hotelera de Madrid\",\"description\":\"La Asociaci\u00f3n Empresarial Hotelera Madrid est\u00e1 formada por m\u00e1s de 300 establecimientos de todas las categor\u00edas y tipolog\u00edas (hoteles, hostales, hostels, apartamentos\u2026) que suman m\u00e1s de 75.000 plazas de alojamiento.\",\"publisher\":{\"@id\":\"https:\\\/\\\/aehm.es\\\/#organization\"},\"alternateName\":\"AEHM\",\"potentialAction\":[{\"@type\":\"SearchAction\",\"target\":{\"@type\":\"EntryPoint\",\"urlTemplate\":\"https:\\\/\\\/aehm.es\\\/?s={search_term_string}\"},\"query-input\":{\"@type\":\"PropertyValueSpecification\",\"valueRequired\":true,\"valueName\":\"search_term_string\"}}],\"inLanguage\":\"en-US\"},{\"@type\":\"Organization\",\"@id\":\"https:\\\/\\\/aehm.es\\\/#organization\",\"name\":\"Asociaci\u00f3n Empresarial Hotelera de Madrid\",\"url\":\"https:\\\/\\\/aehm.es\\\/\",\"logo\":{\"@type\":\"ImageObject\",\"inLanguage\":\"en-US\",\"@id\":\"https:\\\/\\\/aehm.es\\\/#\\\/schema\\\/logo\\\/image\\\/\",\"url\":\"https:\\\/\\\/aehm.es\\\/wp-content\\\/uploads\\\/2021\\\/11\\\/Logo_AEHM_Horiz.png\",\"contentUrl\":\"https:\\\/\\\/aehm.es\\\/wp-content\\\/uploads\\\/2021\\\/11\\\/Logo_AEHM_Horiz.png\",\"width\":600,\"height\":182,\"caption\":\"Asociaci\u00f3n Empresarial Hotelera de Madrid\"},\"image\":{\"@id\":\"https:\\\/\\\/aehm.es\\\/#\\\/schema\\\/logo\\\/image\\\/\"},\"sameAs\":[\"https:\\\/\\\/www.instagram.com\\\/hotelesdemadrid\\\/\",\"https:\\\/\\\/x.com\\\/HotelesAEHM\",\"https:\\\/\\\/www.linkedin.com\\\/company\\\/11166072\\\/\"]},{\"@type\":\"Person\",\"@id\":\"https:\\\/\\\/aehm.es\\\/#\\\/schema\\\/person\\\/ca1397f4b0bcee246b58a0278b67a95f\",\"name\":\"richard\",\"image\":{\"@type\":\"ImageObject\",\"inLanguage\":\"en-US\",\"@id\":\"https:\\\/\\\/secure.gravatar.com\\\/avatar\\\/dd2486a811ecc34bf766b7d8b17d0ea76674186c415867af39660e429e20e1a0?s=96&d=mm&r=g\",\"url\":\"https:\\\/\\\/secure.gravatar.com\\\/avatar\\\/dd2486a811ecc34bf766b7d8b17d0ea76674186c415867af39660e429e20e1a0?s=96&d=mm&r=g\",\"contentUrl\":\"https:\\\/\\\/secure.gravatar.com\\\/avatar\\\/dd2486a811ecc34bf766b7d8b17d0ea76674186c415867af39660e429e20e1a0?s=96&d=mm&r=g\",\"caption\":\"richard\"},\"url\":\"https:\\\/\\\/aehm.es\\\/en\\\/author\\\/richard\\\/\"}]}<\/script>\n<!-- \/ Yoast SEO plugin. -->","yoast_head_json":{"title":"Los hoteleros madrile\u00f1os denuncian el aumento del 26% de plazas ilegales en viviendas de alquiler de uso tur\u00edstico - AEHM","robots":{"index":"index","follow":"follow","max-snippet":"max-snippet:-1","max-image-preview":"max-image-preview:large","max-video-preview":"max-video-preview:-1"},"canonical":"https:\/\/aehm.es\/los-hoteleros-madrilenos-denuncian-el-aumento-del-26-de-plazas-ilegales-en-viviendas-de-alquiler-de-uso-turistico\/","og_locale":"en_US","og_type":"article","og_title":"Los hoteleros madrile\u00f1os denuncian el aumento del 26% de plazas ilegales en viviendas de alquiler de uso tur\u00edstico - AEHM","og_description":"La Asociaci\u00f3n Empresarial Hotelera de Madrid se\u00f1ala que la capital ha pasado de tener 80.000 plazas de esta f\u00f3rmula de alojamiento no reglada, a 101.000 con motivo de este \u2018macro-encuentro\u2019 internacional El presidente de la Asociaci\u00f3n ha clausurado, junto con el coordinador General de del Ayuntamiento de Madrid, la jornada \u2018Renueva Hotel 2017\u2019 donde ha [&hellip;]","og_url":"https:\/\/aehm.es\/los-hoteleros-madrilenos-denuncian-el-aumento-del-26-de-plazas-ilegales-en-viviendas-de-alquiler-de-uso-turistico\/","og_site_name":"AEHM","article_publisher":"https:\/\/www.instagram.com\/hotelesdemadrid\/","article_published_time":"2017-06-23T16:30:01+00:00","og_image":[{"width":1311,"height":468,"url":"https:\/\/aehm.es\/wp-content\/uploads\/2017\/06\/asamblea-def-e1498498654717-1.jpg","type":"image\/jpeg"}],"author":"richard","twitter_card":"summary_large_image","twitter_creator":"@HotelesAEHM","twitter_site":"@HotelesAEHM","twitter_misc":{"Written by":"richard","Est. reading time":"3 minutes"},"schema":{"@context":"https:\/\/schema.org","@graph":[{"@type":"Article","@id":"https:\/\/aehm.es\/los-hoteleros-madrilenos-denuncian-el-aumento-del-26-de-plazas-ilegales-en-viviendas-de-alquiler-de-uso-turistico\/#article","isPartOf":{"@id":"https:\/\/aehm.es\/los-hoteleros-madrilenos-denuncian-el-aumento-del-26-de-plazas-ilegales-en-viviendas-de-alquiler-de-uso-turistico\/"},"author":{"name":"richard","@id":"https:\/\/aehm.es\/#\/schema\/person\/ca1397f4b0bcee246b58a0278b67a95f"},"headline":"Los hoteleros madrile\u00f1os denuncian el aumento del 26% de plazas ilegales en viviendas de alquiler de uso tur\u00edstico","datePublished":"2017-06-23T16:30:01+00:00","mainEntityOfPage":{"@id":"https:\/\/aehm.es\/los-hoteleros-madrilenos-denuncian-el-aumento-del-26-de-plazas-ilegales-en-viviendas-de-alquiler-de-uso-turistico\/"},"wordCount":662,"commentCount":0,"publisher":{"@id":"https:\/\/aehm.es\/#organization"},"image":{"@id":"https:\/\/aehm.es\/los-hoteleros-madrilenos-denuncian-el-aumento-del-26-de-plazas-ilegales-en-viviendas-de-alquiler-de-uso-turistico\/#primaryimage"},"thumbnailUrl":"https:\/\/aehm.es\/wp-content\/uploads\/2017\/06\/asamblea-def-e1498498654717-1.jpg","articleSection":["Actualidad AEHM"],"inLanguage":"en-US","potentialAction":[{"@type":"CommentAction","name":"Comment","target":["https:\/\/aehm.es\/los-hoteleros-madrilenos-denuncian-el-aumento-del-26-de-plazas-ilegales-en-viviendas-de-alquiler-de-uso-turistico\/#respond"]}]},{"@type":"WebPage","@id":"https:\/\/aehm.es\/los-hoteleros-madrilenos-denuncian-el-aumento-del-26-de-plazas-ilegales-en-viviendas-de-alquiler-de-uso-turistico\/","url":"https:\/\/aehm.es\/los-hoteleros-madrilenos-denuncian-el-aumento-del-26-de-plazas-ilegales-en-viviendas-de-alquiler-de-uso-turistico\/","name":"Los hoteleros madrile\u00f1os denuncian el aumento del 26% de plazas ilegales en viviendas de alquiler de uso tur\u00edstico - AEHM","isPartOf":{"@id":"https:\/\/aehm.es\/#website"},"primaryImageOfPage":{"@id":"https:\/\/aehm.es\/los-hoteleros-madrilenos-denuncian-el-aumento-del-26-de-plazas-ilegales-en-viviendas-de-alquiler-de-uso-turistico\/#primaryimage"},"image":{"@id":"https:\/\/aehm.es\/los-hoteleros-madrilenos-denuncian-el-aumento-del-26-de-plazas-ilegales-en-viviendas-de-alquiler-de-uso-turistico\/#primaryimage"},"thumbnailUrl":"https:\/\/aehm.es\/wp-content\/uploads\/2017\/06\/asamblea-def-e1498498654717-1.jpg","datePublished":"2017-06-23T16:30:01+00:00","breadcrumb":{"@id":"https:\/\/aehm.es\/los-hoteleros-madrilenos-denuncian-el-aumento-del-26-de-plazas-ilegales-en-viviendas-de-alquiler-de-uso-turistico\/#breadcrumb"},"inLanguage":"en-US","potentialAction":[{"@type":"ReadAction","target":["https:\/\/aehm.es\/los-hoteleros-madrilenos-denuncian-el-aumento-del-26-de-plazas-ilegales-en-viviendas-de-alquiler-de-uso-turistico\/"]}]},{"@type":"ImageObject","inLanguage":"en-US","@id":"https:\/\/aehm.es\/los-hoteleros-madrilenos-denuncian-el-aumento-del-26-de-plazas-ilegales-en-viviendas-de-alquiler-de-uso-turistico\/#primaryimage","url":"https:\/\/aehm.es\/wp-content\/uploads\/2017\/06\/asamblea-def-e1498498654717-1.jpg","contentUrl":"https:\/\/aehm.es\/wp-content\/uploads\/2017\/06\/asamblea-def-e1498498654717-1.jpg","width":1311,"height":468},{"@type":"BreadcrumbList","@id":"https:\/\/aehm.es\/los-hoteleros-madrilenos-denuncian-el-aumento-del-26-de-plazas-ilegales-en-viviendas-de-alquiler-de-uso-turistico\/#breadcrumb","itemListElement":[{"@type":"ListItem","position":1,"name":"Portada","item":"https:\/\/aehm.es\/en\/"},{"@type":"ListItem","position":2,"name":"Los hoteleros madrile\u00f1os denuncian el aumento del 26% de plazas ilegales en viviendas de alquiler de uso tur\u00edstico"}]},{"@type":"WebSite","@id":"https:\/\/aehm.es\/#website","url":"https:\/\/aehm.es\/","name":"Asociaci\u00f3n Empresarial Hotelera de Madrid","description":"La Asociaci\u00f3n Empresarial Hotelera Madrid est\u00e1 formada por m\u00e1s de 300 establecimientos de todas las categor\u00edas y tipolog\u00edas (hoteles, hostales, hostels, apartamentos\u2026) que suman m\u00e1s de 75.000 plazas de alojamiento.","publisher":{"@id":"https:\/\/aehm.es\/#organization"},"alternateName":"AEHM","potentialAction":[{"@type":"SearchAction","target":{"@type":"EntryPoint","urlTemplate":"https:\/\/aehm.es\/?s={search_term_string}"},"query-input":{"@type":"PropertyValueSpecification","valueRequired":true,"valueName":"search_term_string"}}],"inLanguage":"en-US"},{"@type":"Organization","@id":"https:\/\/aehm.es\/#organization","name":"Asociaci\u00f3n Empresarial Hotelera de Madrid","url":"https:\/\/aehm.es\/","logo":{"@type":"ImageObject","inLanguage":"en-US","@id":"https:\/\/aehm.es\/#\/schema\/logo\/image\/","url":"https:\/\/aehm.es\/wp-content\/uploads\/2021\/11\/Logo_AEHM_Horiz.png","contentUrl":"https:\/\/aehm.es\/wp-content\/uploads\/2021\/11\/Logo_AEHM_Horiz.png","width":600,"height":182,"caption":"Asociaci\u00f3n Empresarial Hotelera de Madrid"},"image":{"@id":"https:\/\/aehm.es\/#\/schema\/logo\/image\/"},"sameAs":["https:\/\/www.instagram.com\/hotelesdemadrid\/","https:\/\/x.com\/HotelesAEHM","https:\/\/www.linkedin.com\/company\/11166072\/"]},{"@type":"Person","@id":"https:\/\/aehm.es\/#\/schema\/person\/ca1397f4b0bcee246b58a0278b67a95f","name":"richard","image":{"@type":"ImageObject","inLanguage":"en-US","@id":"https:\/\/secure.gravatar.com\/avatar\/dd2486a811ecc34bf766b7d8b17d0ea76674186c415867af39660e429e20e1a0?s=96&d=mm&r=g","url":"https:\/\/secure.gravatar.com\/avatar\/dd2486a811ecc34bf766b7d8b17d0ea76674186c415867af39660e429e20e1a0?s=96&d=mm&r=g","contentUrl":"https:\/\/secure.gravatar.com\/avatar\/dd2486a811ecc34bf766b7d8b17d0ea76674186c415867af39660e429e20e1a0?s=96&d=mm&r=g","caption":"richard"},"url":"https:\/\/aehm.es\/en\/author\/richard\/"}]}},"_links":{"self":[{"href":"https:\/\/aehm.es\/en\/wp-json\/wp\/v2\/posts\/1940","targetHints":{"allow":["GET"]}}],"collection":[{"href":"https:\/\/aehm.es\/en\/wp-json\/wp\/v2\/posts"}],"about":[{"href":"https:\/\/aehm.es\/en\/wp-json\/wp\/v2\/types\/post"}],"author":[{"embeddable":true,"href":"https:\/\/aehm.es\/en\/wp-json\/wp\/v2\/users\/1"}],"replies":[{"embeddable":true,"href":"https:\/\/aehm.es\/en\/wp-json\/wp\/v2\/comments?post=1940"}],"version-history":[{"count":0,"href":"https:\/\/aehm.es\/en\/wp-json\/wp\/v2\/posts\/1940\/revisions"}],"wp:featuredmedia":[{"embeddable":true,"href":"https:\/\/aehm.es\/en\/wp-json\/wp\/v2\/media\/10187"}],"wp:attachment":[{"href":"https:\/\/aehm.es\/en\/wp-json\/wp\/v2\/media?parent=1940"}],"wp:term":[{"taxonomy":"category","embeddable":true,"href":"https:\/\/aehm.es\/en\/wp-json\/wp\/v2\/categories?post=1940"},{"taxonomy":"post_tag","embeddable":true,"href":"https:\/\/aehm.es\/en\/wp-json\/wp\/v2\/tags?post=1940"}],"curies":[{"name":"wp","href":"https:\/\/api.w.org\/{rel}","templated":true}]}}