{"id":19330,"date":"2024-10-31T09:22:29","date_gmt":"2024-10-31T09:22:29","guid":{"rendered":"https:\/\/aehm.es\/?p=19330"},"modified":"2024-10-31T09:22:29","modified_gmt":"2024-10-31T09:22:29","slug":"la-junta-directiva-de-la-asociacion-empresarial-hotelera-de-madrid-reelige-a-gabriel-garcia-alonso-como-presidente","status":"publish","type":"post","link":"https:\/\/aehm.es\/en\/la-junta-directiva-de-la-asociacion-empresarial-hotelera-de-madrid-reelige-a-gabriel-garcia-alonso-como-presidente\/","title":{"rendered":"La Junta Directiva de la Asociaci\u00f3n Empresarial Hotelera de Madrid reelige a Gabriel Garc\u00eda Alonso como presidente"},"content":{"rendered":"<p><em>Madrid, 31 de octubre de 2024.<\/em> Tras la celebraci\u00f3n de\u00a0la <strong>Junta Directiva\u00a0de la Asociaci\u00f3n Empresarial Hotelera de Madrid,<\/strong>\u00a0que tuvo lugar este mi\u00e9rcoles\u00a0en el Hotel Four Seasons, desde la\u00a0<strong>AEHM,<\/strong>\u00a0queremos informar de que\u00a0<strong>Gabriel Garc\u00eda Alonso,\u00a0<\/strong>en representaci\u00f3n del\u00a0<strong>Hotel Relais &amp; Chateau Orfila<\/strong>,<strong>\u00a0ha sido reelegido\u00a0por unanimidad como presidente de la AEHM\u00a0para los pr\u00f3ximos cuatro a\u00f1os, tras la celebraci\u00f3n de las elecciones.<\/strong><\/p>\n<p>Para hacer frente a esta nueva etapa, el\u00a0<strong>presidente<\/strong>\u00a0contar\u00e1 con el conocimiento, la experiencia y el respaldo de la\u00a0<strong>Junta Directiva<\/strong>, constituida ayer, del\u00a0<strong>Comit\u00e9 Ejecutivo<\/strong>, as\u00ed como de la\u00a0<strong>vicepresidenta Ejecutiva<\/strong>\u00a0<strong>de la Asociaci\u00f3n Empresarial Hotelera de Madrid, Mar de Miguel.\u00a0<\/strong><\/p>\n","protected":false},"excerpt":{"rendered":"<p>Madrid, 31 de octubre de 2024. Tras la celebraci\u00f3n de\u00a0la Junta Directiva\u00a0de la Asociaci\u00f3n Empresarial Hotelera de Madrid,\u00a0que tuvo lugar este mi\u00e9rcoles\u00a0en el Hotel Four Seasons, desde la\u00a0AEHM,\u00a0queremos informar de que\u00a0Gabriel Garc\u00eda Alonso,\u00a0en representaci\u00f3n del\u00a0Hotel Relais &amp; Chateau Orfila,\u00a0ha sido reelegido\u00a0por unanimidad como presidente de la AEHM\u00a0para los pr\u00f3ximos cuatro a\u00f1os, tras la celebraci\u00f3n de [&hellip;]<\/p>\n","protected":false},"author":20,"featured_media":19331,"comment_status":"open","ping_status":"open","sticky":false,"template":"","format":"standard","meta":{"footnotes":""},"categories":[1],"tags":[],"class_list":["post-19330","post","type-post","status-publish","format-standard","has-post-thumbnail","hentry","category-actualidad-aehm"],"yoast_head":"<!-- This site is optimized with the Yoast SEO plugin v27.5 - https:\/\/yoast.com\/product\/yoast-seo-wordpress\/ -->\n<title>La Junta Directiva de la Asociaci\u00f3n Empresarial Hotelera de Madrid reelige a Gabriel Garc\u00eda Alonso como presidente - AEHM<\/title>\n<meta name=\"description\" content=\"Tras la celebraci\u00f3n de la Junta Directiva, la AEHM ha reelegido por unanimidad a Gabriel Garc\u00eda Alonso como presidente.\" \/>\n<meta name=\"robots\" content=\"index, follow, max-snippet:-1, max-image-preview:large, max-video-preview:-1\" \/>\n<link rel=\"canonical\" href=\"https:\/\/aehm.es\/la-junta-directiva-de-la-asociacion-empresarial-hotelera-de-madrid-reelige-a-gabriel-garcia-alonso-como-presidente\/\" \/>\n<meta property=\"og:locale\" content=\"en_US\" \/>\n<meta property=\"og:type\" content=\"article\" \/>\n<meta property=\"og:title\" content=\"La Junta Directiva de la Asociaci\u00f3n Empresarial Hotelera de Madrid reelige a Gabriel Garc\u00eda Alonso como presidente.\" \/>\n<meta property=\"og:description\" content=\"Tras la celebraci\u00f3n de la Junta Directiva, la AEHM ha reelegido por unanimidad a Gabriel Garc\u00eda Alonso como presidente.\" \/>\n<meta property=\"og:url\" content=\"https:\/\/aehm.es\/la-junta-directiva-de-la-asociacion-empresarial-hotelera-de-madrid-reelige-a-gabriel-garcia-alonso-como-presidente\/\" \/>\n<meta property=\"og:site_name\" content=\"AEHM\" \/>\n<meta property=\"article:publisher\" content=\"https:\/\/www.instagram.com\/hotelesdemadrid\/\" \/>\n<meta property=\"article:published_time\" content=\"2024-10-31T09:22:29+00:00\" \/>\n<meta property=\"og:image\" content=\"https:\/\/aehm.es\/wp-content\/uploads\/2024\/10\/La-Junta-Directiva-de-la-Asociacion-Empresarial-Hotelera-de-Madrid-reelige-a-Gabriel-Garcia-Alonso-como-presidente-.jpg\" \/>\n\t<meta property=\"og:image:width\" content=\"1600\" \/>\n\t<meta property=\"og:image:height\" content=\"900\" \/>\n\t<meta property=\"og:image:type\" content=\"image\/jpeg\" \/>\n<meta name=\"author\" content=\"Laura Sarria\" \/>\n<meta name=\"twitter:card\" content=\"summary_large_image\" \/>\n<meta name=\"twitter:creator\" content=\"@HotelesAEHM\" \/>\n<meta name=\"twitter:site\" content=\"@HotelesAEHM\" \/>\n<meta name=\"twitter:label1\" content=\"Written by\" \/>\n\t<meta name=\"twitter:data1\" content=\"Laura Sarria\" \/>\n\t<meta name=\"twitter:label2\" content=\"Est. reading time\" \/>\n\t<meta name=\"twitter:data2\" content=\"1 minute\" \/>\n<script type=\"application\/ld+json\" class=\"yoast-schema-graph\">{\"@context\":\"https:\\\/\\\/schema.org\",\"@graph\":[{\"@type\":\"Article\",\"@id\":\"https:\\\/\\\/aehm.es\\\/la-junta-directiva-de-la-asociacion-empresarial-hotelera-de-madrid-reelige-a-gabriel-garcia-alonso-como-presidente\\\/#article\",\"isPartOf\":{\"@id\":\"https:\\\/\\\/aehm.es\\\/la-junta-directiva-de-la-asociacion-empresarial-hotelera-de-madrid-reelige-a-gabriel-garcia-alonso-como-presidente\\\/\"},\"author\":{\"name\":\"Laura Sarria\",\"@id\":\"https:\\\/\\\/aehm.es\\\/#\\\/schema\\\/person\\\/a11ff5e10daf701bc492cd7a4e624215\"},\"headline\":\"La Junta Directiva de la Asociaci\u00f3n Empresarial Hotelera de Madrid reelige a Gabriel Garc\u00eda Alonso como presidente\",\"datePublished\":\"2024-10-31T09:22:29+00:00\",\"mainEntityOfPage\":{\"@id\":\"https:\\\/\\\/aehm.es\\\/la-junta-directiva-de-la-asociacion-empresarial-hotelera-de-madrid-reelige-a-gabriel-garcia-alonso-como-presidente\\\/\"},\"wordCount\":138,\"commentCount\":0,\"publisher\":{\"@id\":\"https:\\\/\\\/aehm.es\\\/#organization\"},\"image\":{\"@id\":\"https:\\\/\\\/aehm.es\\\/la-junta-directiva-de-la-asociacion-empresarial-hotelera-de-madrid-reelige-a-gabriel-garcia-alonso-como-presidente\\\/#primaryimage\"},\"thumbnailUrl\":\"https:\\\/\\\/aehm.es\\\/wp-content\\\/uploads\\\/2024\\\/10\\\/La-Junta-Directiva-de-la-Asociacion-Empresarial-Hotelera-de-Madrid-reelige-a-Gabriel-Garcia-Alonso-como-presidente-1.jpg\",\"articleSection\":[\"Actualidad AEHM\"],\"inLanguage\":\"en-US\",\"potentialAction\":[{\"@type\":\"CommentAction\",\"name\":\"Comment\",\"target\":[\"https:\\\/\\\/aehm.es\\\/la-junta-directiva-de-la-asociacion-empresarial-hotelera-de-madrid-reelige-a-gabriel-garcia-alonso-como-presidente\\\/#respond\"]}]},{\"@type\":\"WebPage\",\"@id\":\"https:\\\/\\\/aehm.es\\\/la-junta-directiva-de-la-asociacion-empresarial-hotelera-de-madrid-reelige-a-gabriel-garcia-alonso-como-presidente\\\/\",\"url\":\"https:\\\/\\\/aehm.es\\\/la-junta-directiva-de-la-asociacion-empresarial-hotelera-de-madrid-reelige-a-gabriel-garcia-alonso-como-presidente\\\/\",\"name\":\"La Junta Directiva de la Asociaci\u00f3n Empresarial Hotelera de Madrid reelige a Gabriel Garc\u00eda Alonso como presidente - AEHM\",\"isPartOf\":{\"@id\":\"https:\\\/\\\/aehm.es\\\/#website\"},\"primaryImageOfPage\":{\"@id\":\"https:\\\/\\\/aehm.es\\\/la-junta-directiva-de-la-asociacion-empresarial-hotelera-de-madrid-reelige-a-gabriel-garcia-alonso-como-presidente\\\/#primaryimage\"},\"image\":{\"@id\":\"https:\\\/\\\/aehm.es\\\/la-junta-directiva-de-la-asociacion-empresarial-hotelera-de-madrid-reelige-a-gabriel-garcia-alonso-como-presidente\\\/#primaryimage\"},\"thumbnailUrl\":\"https:\\\/\\\/aehm.es\\\/wp-content\\\/uploads\\\/2024\\\/10\\\/La-Junta-Directiva-de-la-Asociacion-Empresarial-Hotelera-de-Madrid-reelige-a-Gabriel-Garcia-Alonso-como-presidente-1.jpg\",\"datePublished\":\"2024-10-31T09:22:29+00:00\",\"description\":\"Tras la celebraci\u00f3n de la Junta Directiva, la AEHM ha reelegido por unanimidad a Gabriel Garc\u00eda Alonso como presidente.\",\"breadcrumb\":{\"@id\":\"https:\\\/\\\/aehm.es\\\/la-junta-directiva-de-la-asociacion-empresarial-hotelera-de-madrid-reelige-a-gabriel-garcia-alonso-como-presidente\\\/#breadcrumb\"},\"inLanguage\":\"en-US\",\"potentialAction\":[{\"@type\":\"ReadAction\",\"target\":[\"https:\\\/\\\/aehm.es\\\/la-junta-directiva-de-la-asociacion-empresarial-hotelera-de-madrid-reelige-a-gabriel-garcia-alonso-como-presidente\\\/\"]}]},{\"@type\":\"ImageObject\",\"inLanguage\":\"en-US\",\"@id\":\"https:\\\/\\\/aehm.es\\\/la-junta-directiva-de-la-asociacion-empresarial-hotelera-de-madrid-reelige-a-gabriel-garcia-alonso-como-presidente\\\/#primaryimage\",\"url\":\"https:\\\/\\\/aehm.es\\\/wp-content\\\/uploads\\\/2024\\\/10\\\/La-Junta-Directiva-de-la-Asociacion-Empresarial-Hotelera-de-Madrid-reelige-a-Gabriel-Garcia-Alonso-como-presidente-1.jpg\",\"contentUrl\":\"https:\\\/\\\/aehm.es\\\/wp-content\\\/uploads\\\/2024\\\/10\\\/La-Junta-Directiva-de-la-Asociacion-Empresarial-Hotelera-de-Madrid-reelige-a-Gabriel-Garcia-Alonso-como-presidente-1.jpg\",\"width\":768,\"height\":550},{\"@type\":\"BreadcrumbList\",\"@id\":\"https:\\\/\\\/aehm.es\\\/la-junta-directiva-de-la-asociacion-empresarial-hotelera-de-madrid-reelige-a-gabriel-garcia-alonso-como-presidente\\\/#breadcrumb\",\"itemListElement\":[{\"@type\":\"ListItem\",\"position\":1,\"name\":\"Portada\",\"item\":\"https:\\\/\\\/aehm.es\\\/en\\\/\"},{\"@type\":\"ListItem\",\"position\":2,\"name\":\"La Junta Directiva de la Asociaci\u00f3n Empresarial Hotelera de Madrid reelige a Gabriel Garc\u00eda Alonso como presidente\"}]},{\"@type\":\"WebSite\",\"@id\":\"https:\\\/\\\/aehm.es\\\/#website\",\"url\":\"https:\\\/\\\/aehm.es\\\/\",\"name\":\"Asociaci\u00f3n Empresarial Hotelera de Madrid\",\"description\":\"La Asociaci\u00f3n Empresarial Hotelera Madrid est\u00e1 formada por m\u00e1s de 300 establecimientos de todas las categor\u00edas y tipolog\u00edas (hoteles, hostales, hostels, apartamentos\u2026) que suman m\u00e1s de 75.000 plazas de alojamiento.\",\"publisher\":{\"@id\":\"https:\\\/\\\/aehm.es\\\/#organization\"},\"alternateName\":\"AEHM\",\"potentialAction\":[{\"@type\":\"SearchAction\",\"target\":{\"@type\":\"EntryPoint\",\"urlTemplate\":\"https:\\\/\\\/aehm.es\\\/?s={search_term_string}\"},\"query-input\":{\"@type\":\"PropertyValueSpecification\",\"valueRequired\":true,\"valueName\":\"search_term_string\"}}],\"inLanguage\":\"en-US\"},{\"@type\":\"Organization\",\"@id\":\"https:\\\/\\\/aehm.es\\\/#organization\",\"name\":\"Asociaci\u00f3n Empresarial Hotelera de Madrid\",\"url\":\"https:\\\/\\\/aehm.es\\\/\",\"logo\":{\"@type\":\"ImageObject\",\"inLanguage\":\"en-US\",\"@id\":\"https:\\\/\\\/aehm.es\\\/#\\\/schema\\\/logo\\\/image\\\/\",\"url\":\"https:\\\/\\\/aehm.es\\\/wp-content\\\/uploads\\\/2021\\\/11\\\/Logo_AEHM_Horiz.png\",\"contentUrl\":\"https:\\\/\\\/aehm.es\\\/wp-content\\\/uploads\\\/2021\\\/11\\\/Logo_AEHM_Horiz.png\",\"width\":600,\"height\":182,\"caption\":\"Asociaci\u00f3n Empresarial Hotelera de Madrid\"},\"image\":{\"@id\":\"https:\\\/\\\/aehm.es\\\/#\\\/schema\\\/logo\\\/image\\\/\"},\"sameAs\":[\"https:\\\/\\\/www.instagram.com\\\/hotelesdemadrid\\\/\",\"https:\\\/\\\/x.com\\\/HotelesAEHM\",\"https:\\\/\\\/www.linkedin.com\\\/company\\\/11166072\\\/\"]},{\"@type\":\"Person\",\"@id\":\"https:\\\/\\\/aehm.es\\\/#\\\/schema\\\/person\\\/a11ff5e10daf701bc492cd7a4e624215\",\"name\":\"Laura Sarria\",\"image\":{\"@type\":\"ImageObject\",\"inLanguage\":\"en-US\",\"@id\":\"https:\\\/\\\/secure.gravatar.com\\\/avatar\\\/4ef4b0f260923823a97f1e823b29d340c5e8606b68a4dc4288a7ccd66262c35b?s=96&d=mm&r=g\",\"url\":\"https:\\\/\\\/secure.gravatar.com\\\/avatar\\\/4ef4b0f260923823a97f1e823b29d340c5e8606b68a4dc4288a7ccd66262c35b?s=96&d=mm&r=g\",\"contentUrl\":\"https:\\\/\\\/secure.gravatar.com\\\/avatar\\\/4ef4b0f260923823a97f1e823b29d340c5e8606b68a4dc4288a7ccd66262c35b?s=96&d=mm&r=g\",\"caption\":\"Laura Sarria\"},\"url\":\"https:\\\/\\\/aehm.es\\\/en\\\/author\\\/laura-sarria\\\/\"}]}<\/script>\n<!-- \/ Yoast SEO plugin. -->","yoast_head_json":{"title":"La Junta Directiva de la Asociaci\u00f3n Empresarial Hotelera de Madrid reelige a Gabriel Garc\u00eda Alonso como presidente - AEHM","description":"Tras la celebraci\u00f3n de la Junta Directiva, la AEHM ha reelegido por unanimidad a Gabriel Garc\u00eda Alonso como presidente.","robots":{"index":"index","follow":"follow","max-snippet":"max-snippet:-1","max-image-preview":"max-image-preview:large","max-video-preview":"max-video-preview:-1"},"canonical":"https:\/\/aehm.es\/la-junta-directiva-de-la-asociacion-empresarial-hotelera-de-madrid-reelige-a-gabriel-garcia-alonso-como-presidente\/","og_locale":"en_US","og_type":"article","og_title":"La Junta Directiva de la Asociaci\u00f3n Empresarial Hotelera de Madrid reelige a Gabriel Garc\u00eda Alonso como presidente.","og_description":"Tras la celebraci\u00f3n de la Junta Directiva, la AEHM ha reelegido por unanimidad a Gabriel Garc\u00eda Alonso como presidente.","og_url":"https:\/\/aehm.es\/la-junta-directiva-de-la-asociacion-empresarial-hotelera-de-madrid-reelige-a-gabriel-garcia-alonso-como-presidente\/","og_site_name":"AEHM","article_publisher":"https:\/\/www.instagram.com\/hotelesdemadrid\/","article_published_time":"2024-10-31T09:22:29+00:00","og_image":[{"width":1600,"height":900,"url":"https:\/\/aehm.es\/wp-content\/uploads\/2024\/10\/La-Junta-Directiva-de-la-Asociacion-Empresarial-Hotelera-de-Madrid-reelige-a-Gabriel-Garcia-Alonso-como-presidente-.jpg","type":"image\/jpeg"}],"author":"Laura Sarria","twitter_card":"summary_large_image","twitter_creator":"@HotelesAEHM","twitter_site":"@HotelesAEHM","twitter_misc":{"Written by":"Laura Sarria","Est. reading time":"1 minute"},"schema":{"@context":"https:\/\/schema.org","@graph":[{"@type":"Article","@id":"https:\/\/aehm.es\/la-junta-directiva-de-la-asociacion-empresarial-hotelera-de-madrid-reelige-a-gabriel-garcia-alonso-como-presidente\/#article","isPartOf":{"@id":"https:\/\/aehm.es\/la-junta-directiva-de-la-asociacion-empresarial-hotelera-de-madrid-reelige-a-gabriel-garcia-alonso-como-presidente\/"},"author":{"name":"Laura Sarria","@id":"https:\/\/aehm.es\/#\/schema\/person\/a11ff5e10daf701bc492cd7a4e624215"},"headline":"La Junta Directiva de la Asociaci\u00f3n Empresarial Hotelera de Madrid reelige a Gabriel Garc\u00eda Alonso como presidente","datePublished":"2024-10-31T09:22:29+00:00","mainEntityOfPage":{"@id":"https:\/\/aehm.es\/la-junta-directiva-de-la-asociacion-empresarial-hotelera-de-madrid-reelige-a-gabriel-garcia-alonso-como-presidente\/"},"wordCount":138,"commentCount":0,"publisher":{"@id":"https:\/\/aehm.es\/#organization"},"image":{"@id":"https:\/\/aehm.es\/la-junta-directiva-de-la-asociacion-empresarial-hotelera-de-madrid-reelige-a-gabriel-garcia-alonso-como-presidente\/#primaryimage"},"thumbnailUrl":"https:\/\/aehm.es\/wp-content\/uploads\/2024\/10\/La-Junta-Directiva-de-la-Asociacion-Empresarial-Hotelera-de-Madrid-reelige-a-Gabriel-Garcia-Alonso-como-presidente-1.jpg","articleSection":["Actualidad AEHM"],"inLanguage":"en-US","potentialAction":[{"@type":"CommentAction","name":"Comment","target":["https:\/\/aehm.es\/la-junta-directiva-de-la-asociacion-empresarial-hotelera-de-madrid-reelige-a-gabriel-garcia-alonso-como-presidente\/#respond"]}]},{"@type":"WebPage","@id":"https:\/\/aehm.es\/la-junta-directiva-de-la-asociacion-empresarial-hotelera-de-madrid-reelige-a-gabriel-garcia-alonso-como-presidente\/","url":"https:\/\/aehm.es\/la-junta-directiva-de-la-asociacion-empresarial-hotelera-de-madrid-reelige-a-gabriel-garcia-alonso-como-presidente\/","name":"La Junta Directiva de la Asociaci\u00f3n Empresarial Hotelera de Madrid reelige a Gabriel Garc\u00eda Alonso como presidente - AEHM","isPartOf":{"@id":"https:\/\/aehm.es\/#website"},"primaryImageOfPage":{"@id":"https:\/\/aehm.es\/la-junta-directiva-de-la-asociacion-empresarial-hotelera-de-madrid-reelige-a-gabriel-garcia-alonso-como-presidente\/#primaryimage"},"image":{"@id":"https:\/\/aehm.es\/la-junta-directiva-de-la-asociacion-empresarial-hotelera-de-madrid-reelige-a-gabriel-garcia-alonso-como-presidente\/#primaryimage"},"thumbnailUrl":"https:\/\/aehm.es\/wp-content\/uploads\/2024\/10\/La-Junta-Directiva-de-la-Asociacion-Empresarial-Hotelera-de-Madrid-reelige-a-Gabriel-Garcia-Alonso-como-presidente-1.jpg","datePublished":"2024-10-31T09:22:29+00:00","description":"Tras la celebraci\u00f3n de la Junta Directiva, la AEHM ha reelegido por unanimidad a Gabriel Garc\u00eda Alonso como presidente.","breadcrumb":{"@id":"https:\/\/aehm.es\/la-junta-directiva-de-la-asociacion-empresarial-hotelera-de-madrid-reelige-a-gabriel-garcia-alonso-como-presidente\/#breadcrumb"},"inLanguage":"en-US","potentialAction":[{"@type":"ReadAction","target":["https:\/\/aehm.es\/la-junta-directiva-de-la-asociacion-empresarial-hotelera-de-madrid-reelige-a-gabriel-garcia-alonso-como-presidente\/"]}]},{"@type":"ImageObject","inLanguage":"en-US","@id":"https:\/\/aehm.es\/la-junta-directiva-de-la-asociacion-empresarial-hotelera-de-madrid-reelige-a-gabriel-garcia-alonso-como-presidente\/#primaryimage","url":"https:\/\/aehm.es\/wp-content\/uploads\/2024\/10\/La-Junta-Directiva-de-la-Asociacion-Empresarial-Hotelera-de-Madrid-reelige-a-Gabriel-Garcia-Alonso-como-presidente-1.jpg","contentUrl":"https:\/\/aehm.es\/wp-content\/uploads\/2024\/10\/La-Junta-Directiva-de-la-Asociacion-Empresarial-Hotelera-de-Madrid-reelige-a-Gabriel-Garcia-Alonso-como-presidente-1.jpg","width":768,"height":550},{"@type":"BreadcrumbList","@id":"https:\/\/aehm.es\/la-junta-directiva-de-la-asociacion-empresarial-hotelera-de-madrid-reelige-a-gabriel-garcia-alonso-como-presidente\/#breadcrumb","itemListElement":[{"@type":"ListItem","position":1,"name":"Portada","item":"https:\/\/aehm.es\/en\/"},{"@type":"ListItem","position":2,"name":"La Junta Directiva de la Asociaci\u00f3n Empresarial Hotelera de Madrid reelige a Gabriel Garc\u00eda Alonso como presidente"}]},{"@type":"WebSite","@id":"https:\/\/aehm.es\/#website","url":"https:\/\/aehm.es\/","name":"Asociaci\u00f3n Empresarial Hotelera de Madrid","description":"La Asociaci\u00f3n Empresarial Hotelera Madrid est\u00e1 formada por m\u00e1s de 300 establecimientos de todas las categor\u00edas y tipolog\u00edas (hoteles, hostales, hostels, apartamentos\u2026) que suman m\u00e1s de 75.000 plazas de alojamiento.","publisher":{"@id":"https:\/\/aehm.es\/#organization"},"alternateName":"AEHM","potentialAction":[{"@type":"SearchAction","target":{"@type":"EntryPoint","urlTemplate":"https:\/\/aehm.es\/?s={search_term_string}"},"query-input":{"@type":"PropertyValueSpecification","valueRequired":true,"valueName":"search_term_string"}}],"inLanguage":"en-US"},{"@type":"Organization","@id":"https:\/\/aehm.es\/#organization","name":"Asociaci\u00f3n Empresarial Hotelera de Madrid","url":"https:\/\/aehm.es\/","logo":{"@type":"ImageObject","inLanguage":"en-US","@id":"https:\/\/aehm.es\/#\/schema\/logo\/image\/","url":"https:\/\/aehm.es\/wp-content\/uploads\/2021\/11\/Logo_AEHM_Horiz.png","contentUrl":"https:\/\/aehm.es\/wp-content\/uploads\/2021\/11\/Logo_AEHM_Horiz.png","width":600,"height":182,"caption":"Asociaci\u00f3n Empresarial Hotelera de Madrid"},"image":{"@id":"https:\/\/aehm.es\/#\/schema\/logo\/image\/"},"sameAs":["https:\/\/www.instagram.com\/hotelesdemadrid\/","https:\/\/x.com\/HotelesAEHM","https:\/\/www.linkedin.com\/company\/11166072\/"]},{"@type":"Person","@id":"https:\/\/aehm.es\/#\/schema\/person\/a11ff5e10daf701bc492cd7a4e624215","name":"Laura Sarria","image":{"@type":"ImageObject","inLanguage":"en-US","@id":"https:\/\/secure.gravatar.com\/avatar\/4ef4b0f260923823a97f1e823b29d340c5e8606b68a4dc4288a7ccd66262c35b?s=96&d=mm&r=g","url":"https:\/\/secure.gravatar.com\/avatar\/4ef4b0f260923823a97f1e823b29d340c5e8606b68a4dc4288a7ccd66262c35b?s=96&d=mm&r=g","contentUrl":"https:\/\/secure.gravatar.com\/avatar\/4ef4b0f260923823a97f1e823b29d340c5e8606b68a4dc4288a7ccd66262c35b?s=96&d=mm&r=g","caption":"Laura Sarria"},"url":"https:\/\/aehm.es\/en\/author\/laura-sarria\/"}]}},"_links":{"self":[{"href":"https:\/\/aehm.es\/en\/wp-json\/wp\/v2\/posts\/19330","targetHints":{"allow":["GET"]}}],"collection":[{"href":"https:\/\/aehm.es\/en\/wp-json\/wp\/v2\/posts"}],"about":[{"href":"https:\/\/aehm.es\/en\/wp-json\/wp\/v2\/types\/post"}],"author":[{"embeddable":true,"href":"https:\/\/aehm.es\/en\/wp-json\/wp\/v2\/users\/20"}],"replies":[{"embeddable":true,"href":"https:\/\/aehm.es\/en\/wp-json\/wp\/v2\/comments?post=19330"}],"version-history":[{"count":1,"href":"https:\/\/aehm.es\/en\/wp-json\/wp\/v2\/posts\/19330\/revisions"}],"predecessor-version":[{"id":19335,"href":"https:\/\/aehm.es\/en\/wp-json\/wp\/v2\/posts\/19330\/revisions\/19335"}],"wp:featuredmedia":[{"embeddable":true,"href":"https:\/\/aehm.es\/en\/wp-json\/wp\/v2\/media\/19331"}],"wp:attachment":[{"href":"https:\/\/aehm.es\/en\/wp-json\/wp\/v2\/media?parent=19330"}],"wp:term":[{"taxonomy":"category","embeddable":true,"href":"https:\/\/aehm.es\/en\/wp-json\/wp\/v2\/categories?post=19330"},{"taxonomy":"post_tag","embeddable":true,"href":"https:\/\/aehm.es\/en\/wp-json\/wp\/v2\/tags?post=19330"}],"curies":[{"name":"wp","href":"https:\/\/api.w.org\/{rel}","templated":true}]}}