{"id":1926,"date":"2017-05-18T11:13:58","date_gmt":"2017-05-18T11:13:58","guid":{"rendered":"http:\/\/www.aehm.es\/?p=1926"},"modified":"2017-05-18T11:13:58","modified_gmt":"2017-05-18T11:13:58","slug":"los-hoteleros-madrilenos-reunen-a-las-administraciones-para-abordar-los-desafios-a-los-que-se-enfrenta-el-sector","status":"publish","type":"post","link":"https:\/\/aehm.es\/en\/los-hoteleros-madrilenos-reunen-a-las-administraciones-para-abordar-los-desafios-a-los-que-se-enfrenta-el-sector\/","title":{"rendered":"Los hoteleros madrile\u00f1os re\u00fanen a las administraciones para abordar los desaf\u00edos a los que se enfrenta el sector"},"content":{"rendered":"<p style=\"text-align: center;\"><strong>La puesta en marcha de una normativa que regule la oferta de viviendas de alquiler de uso tur\u00edstico, la incorporaci\u00f3n de incentivos que favorezcan la inversi\u00f3n y el empleo o la construcci\u00f3n de un proyecto com\u00fan de la imagen del destino son algunas de ellas<\/strong><strong>\u00a0<\/strong><\/p>\n<p style=\"text-align: center;\"><strong>El presidente de la AEHM, Gabriel Garc\u00eda, ha sido nombrado vicepresidente de<\/strong> <strong>la Confederaci\u00f3n Espa\u00f1ola de Hoteles y Alojamientos Tur\u00edsticos<\/strong><\/p>\n<p>&nbsp;<\/p>\n<p><strong>Madrid, 18 de mayo de 2017.-<\/strong> La <strong>Asociaci\u00f3n Empresarial Hotelera de Madrid <\/strong>(AEHM) se ha reunido este jueves con las <strong>administraciones locales y regionales y otros agentes relacionados con turismo<\/strong> para tratar de abordar de manera conjunta los desaf\u00edos a los que se enfrentar\u00e1 el sector durante los pr\u00f3ximos meses.<\/p>\n<p>Durante la inauguraci\u00f3n oficial de la nueva sede de la Asociaci\u00f3n, y en el marco de su 40\u00ba aniversario, el <strong>presidente de la AEHM<\/strong> Gabriel Garc\u00eda ha enumerado aquellos aspectos que, como representante de los establecimientos hoteleros de la Comunidad de Madrid, deber\u00edan abordarse en colaboraci\u00f3n con las instituciones p\u00fablicas haciendo especial hincapi\u00e9 en la puesta en marcha con car\u00e1cter urgente de una <strong>normativa adecuada que regule la oferta de viviendas de alquiler <\/strong>tur\u00edstico que hay en la regi\u00f3n.<\/p>\n<p><em>\u201cComo hemos se\u00f1alado en ocasiones anteriores en s\u00f3lo un a\u00f1o hemos sido testigos de un <\/em><strong><em>crecimiento descontrolado de esta oferta <\/em><\/strong><em>que ha pasado de 10.000 alojamientos contabilizados con 37.000 camas en 2015 a 20.000 con cerca de 80.000 camas en 2016, como apunta el \u00faltimo informe de Exceltur. Y lo peor, es que de esas 20.000, s\u00f3lo 3.000 est\u00e1n registradas\u201d,<\/em> ha se\u00f1alado el presidente de la AEHM.<\/p>\n<p>En este sentido, el <strong>director General de Turismo del Ayuntamiento<\/strong>, Miguel Sanz, ha se\u00f1alado que el objetivo del consistorio no es otro que el de \u201ccrear una ciudad con turismo pero no turistificada\u201d y ello pasa por \u201cordenar, que no prohibir, la oferta de viviendas de alquiler de uso tur\u00edstico\u201d.<\/p>\n<p>Por su lado, el <strong>director general de Turismo de la Comunidad de Madrid<\/strong>, Carlos Chaguaceda, ha recalcado el esfuerzo que est\u00e1 realizando la AEHM por posicionar a Madrid en el \u2018top of mind\u2019 de los destinos internacionales y ha invitado a la Asociaci\u00f3n a que contin\u00fae con sus <em>\u201cexigencias y demandas\u201d con \u201cel talante respetuoso que siempre mantiene\u201d. <\/em>Respecto a las viviendas de alquiler de uso tur\u00edstico, Chaguaceda ha reiterado que <em>\u201ces un tema controvertido\u201d<\/em> y que la CAM intentar\u00e1 sacar una normativa lo antes posible.<\/p>\n<h2>7,7% del PIB de la regi\u00f3n y\u00a0165.000 personas empleadas<\/h2>\n<p>Tras poner en valor la contribuci\u00f3n del sector tur\u00edstico a la econom\u00eda regional y local, Garc\u00eda ha mostrado su satisfacci\u00f3n al formar parte de una industria que representa aproximadamente el <strong>7,7% del PIB de la regi\u00f3n<\/strong> y que <strong>emplea a cerca de 165.000 personas<\/strong>. Adem\u00e1s, ha aprovechado la ocasi\u00f3n para instar a la Comunidad de Madrid y al Ayuntamiento a que incorporen tambi\u00e9n <strong>incentivos <\/strong><strong>que favorezcan la inversi\u00f3n y la creaci\u00f3n de empleo<\/strong>.<\/p>\n<p>Asimismo, el presidente de la AEHM ha incidido en la necesidad de establecer <strong>pol\u00edticas p\u00fablico-privadas<\/strong> <em>\u201cque permitan la captaci\u00f3n de los mercados de larga distancia como As\u00eda, Pac\u00edfico o Golfo P\u00e9rsico, as\u00ed como <\/em><em>reforzar la construcci\u00f3n de un proyecto com\u00fan de destino tur\u00edstico y de la \u2018Marca Madrid\u2019<\/em>\u201d.<\/p>\n<p>Como no pod\u00eda ser de otro modo, el presidente de la AEHM ha reconocido a la Confederaci\u00f3n Empresarial de Madrid (CEIM), a la C\u00e1mara de Comercio, IFEMA y a Exceltur el constante apoyo recibido durante todos los a\u00f1os que han trabajado conjuntamente.<\/p>\n<p><em>\u201cEl papel de todos y cada uno de ellos ha sido fundamental para la Asociaci\u00f3n y tenemos marcado como un objetivo prioritario potenciar nuestras actuales colaboraciones para impulsar la \u2018Marca Madrid\u2019 y posicionar a nuestro destino como referente internacional en materia de turismo de negocios, cultura y ocio<\/em>\u201d, ha concluido el presidente de la AEHM.<\/p>\n<h3>El presidente de la AEHM, nuevo vicepresidente de la CEHAT<\/h3>\n<p>Durante el desarrollo de este acto, el presidente de la AEHM ha comunicado que ostentar\u00e1 la <strong>vicepresidencia de la Confederaci\u00f3n Espa\u00f1ola de Hoteles y Alojamientos Tur\u00edsticos<\/strong> (CEHAT) por su dilatada experiencia y su arraigado compromiso con el sector hotelero.<\/p>\n<p>El nombramiento de Garc\u00eda se ha producido de manera oficial en el transcurso del Comit\u00e9 Ejecutivo de la Confederaci\u00f3n celebrado este jueves en el Hotel Ilunion Atrium\u00a0 de Madrid.<\/p>\n","protected":false},"excerpt":{"rendered":"<p>La puesta en marcha de una normativa que regule la oferta de viviendas de alquiler de uso tur\u00edstico, la incorporaci\u00f3n de incentivos que favorezcan la inversi\u00f3n y el empleo o la construcci\u00f3n de un proyecto com\u00fan de la imagen del destino son algunas de ellas\u00a0 El presidente de la AEHM, Gabriel Garc\u00eda, ha sido nombrado [&hellip;]<\/p>\n","protected":false},"author":1,"featured_media":1931,"comment_status":"open","ping_status":"open","sticky":false,"template":"","format":"standard","meta":{"footnotes":""},"categories":[1],"tags":[],"class_list":["post-1926","post","type-post","status-publish","format-standard","has-post-thumbnail","hentry","category-actualidad-aehm"],"yoast_head":"<!-- This site is optimized with the Yoast SEO plugin v27.5 - https:\/\/yoast.com\/product\/yoast-seo-wordpress\/ -->\n<title>Los hoteleros madrile\u00f1os re\u00fanen a las administraciones para abordar los desaf\u00edos a los que se enfrenta el sector - AEHM<\/title>\n<meta name=\"robots\" content=\"index, follow, max-snippet:-1, max-image-preview:large, max-video-preview:-1\" \/>\n<link rel=\"canonical\" href=\"https:\/\/aehm.es\/los-hoteleros-madrilenos-reunen-a-las-administraciones-para-abordar-los-desafios-a-los-que-se-enfrenta-el-sector\/\" \/>\n<meta property=\"og:locale\" content=\"en_US\" \/>\n<meta property=\"og:type\" content=\"article\" \/>\n<meta property=\"og:title\" content=\"Los hoteleros madrile\u00f1os re\u00fanen a las administraciones para abordar los desaf\u00edos a los que se enfrenta el sector - AEHM\" \/>\n<meta property=\"og:description\" content=\"La puesta en marcha de una normativa que regule la oferta de viviendas de alquiler de uso tur\u00edstico, la incorporaci\u00f3n de incentivos que favorezcan la inversi\u00f3n y el empleo o la construcci\u00f3n de un proyecto com\u00fan de la imagen del destino son algunas de ellas\u00a0 El presidente de la AEHM, Gabriel Garc\u00eda, ha sido nombrado [&hellip;]\" \/>\n<meta property=\"og:url\" content=\"https:\/\/aehm.es\/los-hoteleros-madrilenos-reunen-a-las-administraciones-para-abordar-los-desafios-a-los-que-se-enfrenta-el-sector\/\" \/>\n<meta property=\"og:site_name\" content=\"AEHM\" \/>\n<meta property=\"article:publisher\" content=\"https:\/\/www.instagram.com\/hotelesdemadrid\/\" \/>\n<meta property=\"article:published_time\" content=\"2017-05-18T11:13:58+00:00\" \/>\n<meta property=\"og:image\" content=\"https:\/\/aehm.es\/wp-content\/uploads\/2017\/05\/Inauguracion-sede-AEHM-mayo-2017-1.jpg\" \/>\n\t<meta property=\"og:image:width\" content=\"1700\" \/>\n\t<meta property=\"og:image:height\" content=\"699\" \/>\n\t<meta property=\"og:image:type\" content=\"image\/jpeg\" \/>\n<meta name=\"author\" content=\"richard\" \/>\n<meta name=\"twitter:card\" content=\"summary_large_image\" \/>\n<meta name=\"twitter:creator\" content=\"@HotelesAEHM\" \/>\n<meta name=\"twitter:site\" content=\"@HotelesAEHM\" \/>\n<meta name=\"twitter:label1\" content=\"Written by\" \/>\n\t<meta name=\"twitter:data1\" content=\"richard\" \/>\n\t<meta name=\"twitter:label2\" content=\"Est. reading time\" \/>\n\t<meta name=\"twitter:data2\" content=\"4 minutes\" \/>\n<script type=\"application\/ld+json\" class=\"yoast-schema-graph\">{\"@context\":\"https:\\\/\\\/schema.org\",\"@graph\":[{\"@type\":\"Article\",\"@id\":\"https:\\\/\\\/aehm.es\\\/los-hoteleros-madrilenos-reunen-a-las-administraciones-para-abordar-los-desafios-a-los-que-se-enfrenta-el-sector\\\/#article\",\"isPartOf\":{\"@id\":\"https:\\\/\\\/aehm.es\\\/los-hoteleros-madrilenos-reunen-a-las-administraciones-para-abordar-los-desafios-a-los-que-se-enfrenta-el-sector\\\/\"},\"author\":{\"name\":\"richard\",\"@id\":\"https:\\\/\\\/aehm.es\\\/#\\\/schema\\\/person\\\/ca1397f4b0bcee246b58a0278b67a95f\"},\"headline\":\"Los hoteleros madrile\u00f1os re\u00fanen a las administraciones para abordar los desaf\u00edos a los que se enfrenta el sector\",\"datePublished\":\"2017-05-18T11:13:58+00:00\",\"mainEntityOfPage\":{\"@id\":\"https:\\\/\\\/aehm.es\\\/los-hoteleros-madrilenos-reunen-a-las-administraciones-para-abordar-los-desafios-a-los-que-se-enfrenta-el-sector\\\/\"},\"wordCount\":774,\"commentCount\":0,\"publisher\":{\"@id\":\"https:\\\/\\\/aehm.es\\\/#organization\"},\"image\":{\"@id\":\"https:\\\/\\\/aehm.es\\\/los-hoteleros-madrilenos-reunen-a-las-administraciones-para-abordar-los-desafios-a-los-que-se-enfrenta-el-sector\\\/#primaryimage\"},\"thumbnailUrl\":\"https:\\\/\\\/aehm.es\\\/wp-content\\\/uploads\\\/2017\\\/05\\\/Inauguracion-sede-AEHM-mayo-2017-1.jpg\",\"articleSection\":[\"Actualidad AEHM\"],\"inLanguage\":\"en-US\",\"potentialAction\":[{\"@type\":\"CommentAction\",\"name\":\"Comment\",\"target\":[\"https:\\\/\\\/aehm.es\\\/los-hoteleros-madrilenos-reunen-a-las-administraciones-para-abordar-los-desafios-a-los-que-se-enfrenta-el-sector\\\/#respond\"]}]},{\"@type\":\"WebPage\",\"@id\":\"https:\\\/\\\/aehm.es\\\/los-hoteleros-madrilenos-reunen-a-las-administraciones-para-abordar-los-desafios-a-los-que-se-enfrenta-el-sector\\\/\",\"url\":\"https:\\\/\\\/aehm.es\\\/los-hoteleros-madrilenos-reunen-a-las-administraciones-para-abordar-los-desafios-a-los-que-se-enfrenta-el-sector\\\/\",\"name\":\"Los hoteleros madrile\u00f1os re\u00fanen a las administraciones para abordar los desaf\u00edos a los que se enfrenta el sector - AEHM\",\"isPartOf\":{\"@id\":\"https:\\\/\\\/aehm.es\\\/#website\"},\"primaryImageOfPage\":{\"@id\":\"https:\\\/\\\/aehm.es\\\/los-hoteleros-madrilenos-reunen-a-las-administraciones-para-abordar-los-desafios-a-los-que-se-enfrenta-el-sector\\\/#primaryimage\"},\"image\":{\"@id\":\"https:\\\/\\\/aehm.es\\\/los-hoteleros-madrilenos-reunen-a-las-administraciones-para-abordar-los-desafios-a-los-que-se-enfrenta-el-sector\\\/#primaryimage\"},\"thumbnailUrl\":\"https:\\\/\\\/aehm.es\\\/wp-content\\\/uploads\\\/2017\\\/05\\\/Inauguracion-sede-AEHM-mayo-2017-1.jpg\",\"datePublished\":\"2017-05-18T11:13:58+00:00\",\"breadcrumb\":{\"@id\":\"https:\\\/\\\/aehm.es\\\/los-hoteleros-madrilenos-reunen-a-las-administraciones-para-abordar-los-desafios-a-los-que-se-enfrenta-el-sector\\\/#breadcrumb\"},\"inLanguage\":\"en-US\",\"potentialAction\":[{\"@type\":\"ReadAction\",\"target\":[\"https:\\\/\\\/aehm.es\\\/los-hoteleros-madrilenos-reunen-a-las-administraciones-para-abordar-los-desafios-a-los-que-se-enfrenta-el-sector\\\/\"]}]},{\"@type\":\"ImageObject\",\"inLanguage\":\"en-US\",\"@id\":\"https:\\\/\\\/aehm.es\\\/los-hoteleros-madrilenos-reunen-a-las-administraciones-para-abordar-los-desafios-a-los-que-se-enfrenta-el-sector\\\/#primaryimage\",\"url\":\"https:\\\/\\\/aehm.es\\\/wp-content\\\/uploads\\\/2017\\\/05\\\/Inauguracion-sede-AEHM-mayo-2017-1.jpg\",\"contentUrl\":\"https:\\\/\\\/aehm.es\\\/wp-content\\\/uploads\\\/2017\\\/05\\\/Inauguracion-sede-AEHM-mayo-2017-1.jpg\",\"width\":1700,\"height\":699},{\"@type\":\"BreadcrumbList\",\"@id\":\"https:\\\/\\\/aehm.es\\\/los-hoteleros-madrilenos-reunen-a-las-administraciones-para-abordar-los-desafios-a-los-que-se-enfrenta-el-sector\\\/#breadcrumb\",\"itemListElement\":[{\"@type\":\"ListItem\",\"position\":1,\"name\":\"Portada\",\"item\":\"https:\\\/\\\/aehm.es\\\/en\\\/\"},{\"@type\":\"ListItem\",\"position\":2,\"name\":\"Los hoteleros madrile\u00f1os re\u00fanen a las administraciones para abordar los desaf\u00edos a los que se enfrenta el sector\"}]},{\"@type\":\"WebSite\",\"@id\":\"https:\\\/\\\/aehm.es\\\/#website\",\"url\":\"https:\\\/\\\/aehm.es\\\/\",\"name\":\"Asociaci\u00f3n Empresarial Hotelera de Madrid\",\"description\":\"La Asociaci\u00f3n Empresarial Hotelera Madrid est\u00e1 formada por m\u00e1s de 300 establecimientos de todas las categor\u00edas y tipolog\u00edas (hoteles, hostales, hostels, apartamentos\u2026) que suman m\u00e1s de 75.000 plazas de alojamiento.\",\"publisher\":{\"@id\":\"https:\\\/\\\/aehm.es\\\/#organization\"},\"alternateName\":\"AEHM\",\"potentialAction\":[{\"@type\":\"SearchAction\",\"target\":{\"@type\":\"EntryPoint\",\"urlTemplate\":\"https:\\\/\\\/aehm.es\\\/?s={search_term_string}\"},\"query-input\":{\"@type\":\"PropertyValueSpecification\",\"valueRequired\":true,\"valueName\":\"search_term_string\"}}],\"inLanguage\":\"en-US\"},{\"@type\":\"Organization\",\"@id\":\"https:\\\/\\\/aehm.es\\\/#organization\",\"name\":\"Asociaci\u00f3n Empresarial Hotelera de Madrid\",\"url\":\"https:\\\/\\\/aehm.es\\\/\",\"logo\":{\"@type\":\"ImageObject\",\"inLanguage\":\"en-US\",\"@id\":\"https:\\\/\\\/aehm.es\\\/#\\\/schema\\\/logo\\\/image\\\/\",\"url\":\"https:\\\/\\\/aehm.es\\\/wp-content\\\/uploads\\\/2021\\\/11\\\/Logo_AEHM_Horiz.png\",\"contentUrl\":\"https:\\\/\\\/aehm.es\\\/wp-content\\\/uploads\\\/2021\\\/11\\\/Logo_AEHM_Horiz.png\",\"width\":600,\"height\":182,\"caption\":\"Asociaci\u00f3n Empresarial Hotelera de Madrid\"},\"image\":{\"@id\":\"https:\\\/\\\/aehm.es\\\/#\\\/schema\\\/logo\\\/image\\\/\"},\"sameAs\":[\"https:\\\/\\\/www.instagram.com\\\/hotelesdemadrid\\\/\",\"https:\\\/\\\/x.com\\\/HotelesAEHM\",\"https:\\\/\\\/www.linkedin.com\\\/company\\\/11166072\\\/\"]},{\"@type\":\"Person\",\"@id\":\"https:\\\/\\\/aehm.es\\\/#\\\/schema\\\/person\\\/ca1397f4b0bcee246b58a0278b67a95f\",\"name\":\"richard\",\"image\":{\"@type\":\"ImageObject\",\"inLanguage\":\"en-US\",\"@id\":\"https:\\\/\\\/secure.gravatar.com\\\/avatar\\\/dd2486a811ecc34bf766b7d8b17d0ea76674186c415867af39660e429e20e1a0?s=96&d=mm&r=g\",\"url\":\"https:\\\/\\\/secure.gravatar.com\\\/avatar\\\/dd2486a811ecc34bf766b7d8b17d0ea76674186c415867af39660e429e20e1a0?s=96&d=mm&r=g\",\"contentUrl\":\"https:\\\/\\\/secure.gravatar.com\\\/avatar\\\/dd2486a811ecc34bf766b7d8b17d0ea76674186c415867af39660e429e20e1a0?s=96&d=mm&r=g\",\"caption\":\"richard\"},\"url\":\"https:\\\/\\\/aehm.es\\\/en\\\/author\\\/richard\\\/\"}]}<\/script>\n<!-- \/ Yoast SEO plugin. -->","yoast_head_json":{"title":"Los hoteleros madrile\u00f1os re\u00fanen a las administraciones para abordar los desaf\u00edos a los que se enfrenta el sector - AEHM","robots":{"index":"index","follow":"follow","max-snippet":"max-snippet:-1","max-image-preview":"max-image-preview:large","max-video-preview":"max-video-preview:-1"},"canonical":"https:\/\/aehm.es\/los-hoteleros-madrilenos-reunen-a-las-administraciones-para-abordar-los-desafios-a-los-que-se-enfrenta-el-sector\/","og_locale":"en_US","og_type":"article","og_title":"Los hoteleros madrile\u00f1os re\u00fanen a las administraciones para abordar los desaf\u00edos a los que se enfrenta el sector - AEHM","og_description":"La puesta en marcha de una normativa que regule la oferta de viviendas de alquiler de uso tur\u00edstico, la incorporaci\u00f3n de incentivos que favorezcan la inversi\u00f3n y el empleo o la construcci\u00f3n de un proyecto com\u00fan de la imagen del destino son algunas de ellas\u00a0 El presidente de la AEHM, Gabriel Garc\u00eda, ha sido nombrado [&hellip;]","og_url":"https:\/\/aehm.es\/los-hoteleros-madrilenos-reunen-a-las-administraciones-para-abordar-los-desafios-a-los-que-se-enfrenta-el-sector\/","og_site_name":"AEHM","article_publisher":"https:\/\/www.instagram.com\/hotelesdemadrid\/","article_published_time":"2017-05-18T11:13:58+00:00","og_image":[{"width":1700,"height":699,"url":"https:\/\/aehm.es\/wp-content\/uploads\/2017\/05\/Inauguracion-sede-AEHM-mayo-2017-1.jpg","type":"image\/jpeg"}],"author":"richard","twitter_card":"summary_large_image","twitter_creator":"@HotelesAEHM","twitter_site":"@HotelesAEHM","twitter_misc":{"Written by":"richard","Est. reading time":"4 minutes"},"schema":{"@context":"https:\/\/schema.org","@graph":[{"@type":"Article","@id":"https:\/\/aehm.es\/los-hoteleros-madrilenos-reunen-a-las-administraciones-para-abordar-los-desafios-a-los-que-se-enfrenta-el-sector\/#article","isPartOf":{"@id":"https:\/\/aehm.es\/los-hoteleros-madrilenos-reunen-a-las-administraciones-para-abordar-los-desafios-a-los-que-se-enfrenta-el-sector\/"},"author":{"name":"richard","@id":"https:\/\/aehm.es\/#\/schema\/person\/ca1397f4b0bcee246b58a0278b67a95f"},"headline":"Los hoteleros madrile\u00f1os re\u00fanen a las administraciones para abordar los desaf\u00edos a los que se enfrenta el sector","datePublished":"2017-05-18T11:13:58+00:00","mainEntityOfPage":{"@id":"https:\/\/aehm.es\/los-hoteleros-madrilenos-reunen-a-las-administraciones-para-abordar-los-desafios-a-los-que-se-enfrenta-el-sector\/"},"wordCount":774,"commentCount":0,"publisher":{"@id":"https:\/\/aehm.es\/#organization"},"image":{"@id":"https:\/\/aehm.es\/los-hoteleros-madrilenos-reunen-a-las-administraciones-para-abordar-los-desafios-a-los-que-se-enfrenta-el-sector\/#primaryimage"},"thumbnailUrl":"https:\/\/aehm.es\/wp-content\/uploads\/2017\/05\/Inauguracion-sede-AEHM-mayo-2017-1.jpg","articleSection":["Actualidad AEHM"],"inLanguage":"en-US","potentialAction":[{"@type":"CommentAction","name":"Comment","target":["https:\/\/aehm.es\/los-hoteleros-madrilenos-reunen-a-las-administraciones-para-abordar-los-desafios-a-los-que-se-enfrenta-el-sector\/#respond"]}]},{"@type":"WebPage","@id":"https:\/\/aehm.es\/los-hoteleros-madrilenos-reunen-a-las-administraciones-para-abordar-los-desafios-a-los-que-se-enfrenta-el-sector\/","url":"https:\/\/aehm.es\/los-hoteleros-madrilenos-reunen-a-las-administraciones-para-abordar-los-desafios-a-los-que-se-enfrenta-el-sector\/","name":"Los hoteleros madrile\u00f1os re\u00fanen a las administraciones para abordar los desaf\u00edos a los que se enfrenta el sector - AEHM","isPartOf":{"@id":"https:\/\/aehm.es\/#website"},"primaryImageOfPage":{"@id":"https:\/\/aehm.es\/los-hoteleros-madrilenos-reunen-a-las-administraciones-para-abordar-los-desafios-a-los-que-se-enfrenta-el-sector\/#primaryimage"},"image":{"@id":"https:\/\/aehm.es\/los-hoteleros-madrilenos-reunen-a-las-administraciones-para-abordar-los-desafios-a-los-que-se-enfrenta-el-sector\/#primaryimage"},"thumbnailUrl":"https:\/\/aehm.es\/wp-content\/uploads\/2017\/05\/Inauguracion-sede-AEHM-mayo-2017-1.jpg","datePublished":"2017-05-18T11:13:58+00:00","breadcrumb":{"@id":"https:\/\/aehm.es\/los-hoteleros-madrilenos-reunen-a-las-administraciones-para-abordar-los-desafios-a-los-que-se-enfrenta-el-sector\/#breadcrumb"},"inLanguage":"en-US","potentialAction":[{"@type":"ReadAction","target":["https:\/\/aehm.es\/los-hoteleros-madrilenos-reunen-a-las-administraciones-para-abordar-los-desafios-a-los-que-se-enfrenta-el-sector\/"]}]},{"@type":"ImageObject","inLanguage":"en-US","@id":"https:\/\/aehm.es\/los-hoteleros-madrilenos-reunen-a-las-administraciones-para-abordar-los-desafios-a-los-que-se-enfrenta-el-sector\/#primaryimage","url":"https:\/\/aehm.es\/wp-content\/uploads\/2017\/05\/Inauguracion-sede-AEHM-mayo-2017-1.jpg","contentUrl":"https:\/\/aehm.es\/wp-content\/uploads\/2017\/05\/Inauguracion-sede-AEHM-mayo-2017-1.jpg","width":1700,"height":699},{"@type":"BreadcrumbList","@id":"https:\/\/aehm.es\/los-hoteleros-madrilenos-reunen-a-las-administraciones-para-abordar-los-desafios-a-los-que-se-enfrenta-el-sector\/#breadcrumb","itemListElement":[{"@type":"ListItem","position":1,"name":"Portada","item":"https:\/\/aehm.es\/en\/"},{"@type":"ListItem","position":2,"name":"Los hoteleros madrile\u00f1os re\u00fanen a las administraciones para abordar los desaf\u00edos a los que se enfrenta el sector"}]},{"@type":"WebSite","@id":"https:\/\/aehm.es\/#website","url":"https:\/\/aehm.es\/","name":"Asociaci\u00f3n Empresarial Hotelera de Madrid","description":"La Asociaci\u00f3n Empresarial Hotelera Madrid est\u00e1 formada por m\u00e1s de 300 establecimientos de todas las categor\u00edas y tipolog\u00edas (hoteles, hostales, hostels, apartamentos\u2026) que suman m\u00e1s de 75.000 plazas de alojamiento.","publisher":{"@id":"https:\/\/aehm.es\/#organization"},"alternateName":"AEHM","potentialAction":[{"@type":"SearchAction","target":{"@type":"EntryPoint","urlTemplate":"https:\/\/aehm.es\/?s={search_term_string}"},"query-input":{"@type":"PropertyValueSpecification","valueRequired":true,"valueName":"search_term_string"}}],"inLanguage":"en-US"},{"@type":"Organization","@id":"https:\/\/aehm.es\/#organization","name":"Asociaci\u00f3n Empresarial Hotelera de Madrid","url":"https:\/\/aehm.es\/","logo":{"@type":"ImageObject","inLanguage":"en-US","@id":"https:\/\/aehm.es\/#\/schema\/logo\/image\/","url":"https:\/\/aehm.es\/wp-content\/uploads\/2021\/11\/Logo_AEHM_Horiz.png","contentUrl":"https:\/\/aehm.es\/wp-content\/uploads\/2021\/11\/Logo_AEHM_Horiz.png","width":600,"height":182,"caption":"Asociaci\u00f3n Empresarial Hotelera de Madrid"},"image":{"@id":"https:\/\/aehm.es\/#\/schema\/logo\/image\/"},"sameAs":["https:\/\/www.instagram.com\/hotelesdemadrid\/","https:\/\/x.com\/HotelesAEHM","https:\/\/www.linkedin.com\/company\/11166072\/"]},{"@type":"Person","@id":"https:\/\/aehm.es\/#\/schema\/person\/ca1397f4b0bcee246b58a0278b67a95f","name":"richard","image":{"@type":"ImageObject","inLanguage":"en-US","@id":"https:\/\/secure.gravatar.com\/avatar\/dd2486a811ecc34bf766b7d8b17d0ea76674186c415867af39660e429e20e1a0?s=96&d=mm&r=g","url":"https:\/\/secure.gravatar.com\/avatar\/dd2486a811ecc34bf766b7d8b17d0ea76674186c415867af39660e429e20e1a0?s=96&d=mm&r=g","contentUrl":"https:\/\/secure.gravatar.com\/avatar\/dd2486a811ecc34bf766b7d8b17d0ea76674186c415867af39660e429e20e1a0?s=96&d=mm&r=g","caption":"richard"},"url":"https:\/\/aehm.es\/en\/author\/richard\/"}]}},"_links":{"self":[{"href":"https:\/\/aehm.es\/en\/wp-json\/wp\/v2\/posts\/1926","targetHints":{"allow":["GET"]}}],"collection":[{"href":"https:\/\/aehm.es\/en\/wp-json\/wp\/v2\/posts"}],"about":[{"href":"https:\/\/aehm.es\/en\/wp-json\/wp\/v2\/types\/post"}],"author":[{"embeddable":true,"href":"https:\/\/aehm.es\/en\/wp-json\/wp\/v2\/users\/1"}],"replies":[{"embeddable":true,"href":"https:\/\/aehm.es\/en\/wp-json\/wp\/v2\/comments?post=1926"}],"version-history":[{"count":0,"href":"https:\/\/aehm.es\/en\/wp-json\/wp\/v2\/posts\/1926\/revisions"}],"wp:featuredmedia":[{"embeddable":true,"href":"https:\/\/aehm.es\/en\/wp-json\/wp\/v2\/media\/1931"}],"wp:attachment":[{"href":"https:\/\/aehm.es\/en\/wp-json\/wp\/v2\/media?parent=1926"}],"wp:term":[{"taxonomy":"category","embeddable":true,"href":"https:\/\/aehm.es\/en\/wp-json\/wp\/v2\/categories?post=1926"},{"taxonomy":"post_tag","embeddable":true,"href":"https:\/\/aehm.es\/en\/wp-json\/wp\/v2\/tags?post=1926"}],"curies":[{"name":"wp","href":"https:\/\/api.w.org\/{rel}","templated":true}]}}