{"id":19209,"date":"2024-10-09T11:18:12","date_gmt":"2024-10-09T11:18:12","guid":{"rendered":"https:\/\/aehm.es\/?p=19209"},"modified":"2024-10-11T11:51:01","modified_gmt":"2024-10-11T11:51:01","slug":"la-asociacion-empresarial-hotelera-de-madrid-recibe-el-premio-diamante-de-la-excelencia","status":"publish","type":"post","link":"https:\/\/aehm.es\/en\/la-asociacion-empresarial-hotelera-de-madrid-recibe-el-premio-diamante-de-la-excelencia\/","title":{"rendered":"La Asociaci\u00f3n Empresarial Hotelera de Madrid recibe el premio \u2018Diamante de la Excelencia\u2019"},"content":{"rendered":"<p><em>Madrid, 09 de octubre de 2024.-<\/em> <strong>La <\/strong><strong>Asociaci\u00f3n Empresarial Hotelera de Madrid (AEHM<\/strong>) ha sido distinguida con el prestigioso galard\u00f3n <strong>\u2018Diamante de la Excelencia\u2019,<\/strong> un reconocimiento que le ha otorgado la <strong>Asociaci\u00f3n Espa\u00f1ola del Lujo \u2013 Luxury Spain<\/strong>, durante la <strong>III Edici\u00f3n de los <\/strong><strong>\u2018Premios Diamante de la Excelencia\u2019<\/strong>.<\/p>\n<p><strong>La ceremonia, celebrada en el Wellington Hotel &amp; Spa Madrid, cont\u00f3 con la presencia de S.A.R. la Princesa B\u00e9atrice d\u2019Orl\u00e9ans, presidenta honor\u00edfica de la asociaci\u00f3n, y D\u00f1a. Cristina Martin Blasi, presidenta ejecutiva, quienes entregaron el premio al presidente de AEHM, Gabriel Garc\u00eda Alonso, y la vicepresidenta ejecutiva, Mar de Miguel. <\/strong><\/p>\n<p>Entre los premiados tambi\u00e9n se encontraban <strong>el alcalde del Ayuntamiento de M\u00e1laga, Francisco de la Torre Prados; la empresaria y fundadora de Mar Flores Madrid, Mar Flores; los fundadores del Restaurante Coque, Sres. Hnos. Sandoval; el CEO de Engel &amp; V\u00f6lkers Espa\u00f1a, Portugal y Andorra, Juan Galo Maci\u00e0; la fundadora de Carmen Navarro, Carmen Navarro; y el CEO de Porsche Ib\u00e9rica, Tom\u00e1s Vill\u00e9n.<\/strong><\/p>\n<p><strong>Este reconocimiento pone en valor la destacada trayectoria de la Asociaci\u00f3n y su compromiso con la calidad y el talento en el sector hotelero de Madrid. El galard\u00f3n se considera uno de los m\u00e1s importantes en el \u00e1mbito de la excelencia empresarial en Espa\u00f1a.<\/strong><\/p>\n<p><img fetchpriority=\"high\" decoding=\"async\" class=\"wp-image-19228 aligncenter\" src=\"https:\/\/aehm.es\/wp-content\/uploads\/2024\/10\/Diamante-de-la-Excelencia-AEHM-Cuerpo-300x215.jpg\" alt=\"\" width=\"572\" height=\"410\" srcset=\"https:\/\/aehm.es\/wp-content\/uploads\/2024\/10\/Diamante-de-la-Excelencia-AEHM-Cuerpo-300x215.jpg 300w, https:\/\/aehm.es\/wp-content\/uploads\/2024\/10\/Diamante-de-la-Excelencia-AEHM-Cuerpo.jpg 768w\" sizes=\"(max-width: 572px) 100vw, 572px\" \/><\/p>\n<p>Durante su intervenci\u00f3n, el <strong>presidente de AEHM, Gabriel Garc\u00eda Alonso<\/strong>, record\u00f3 que \u201ccasi medio siglo despu\u00e9s (47 a\u00f1os) de nuestro nacimiento, en la Asociaci\u00f3n Empresarial Hotelera de Madrid siguen muy presentes nuestros objetivos fundacionales, la defensa y promoci\u00f3n del sector hotelero de la Comunidad de Madrid\u201d.<\/p>\n<p>\u201cContinuaremos trabajando por <strong>elevar los est\u00e1ndares de la industria hotelera en la regi\u00f3n<\/strong>, contribuyendo a posicionarla como un destino <strong>l\u00edder en el turismo de calidad y excelencia<\/strong>. \u00a0Sabemos que ese esfuerzo impacta de <strong>forma positiva en el desarrollo econ\u00f3mico y social de toda la regi\u00f3n<\/strong> y eso es tambi\u00e9n un premio para nosotros\u201d, subray\u00f3.<\/p>\n<p><strong>La Asociaci\u00f3n Espa\u00f1ola del Lujo \u2013 Luxury Spain<\/strong>, entidad sin \u00e1nimo de lucro dedicada a proteger y potenciar las firmas espa\u00f1olas exclusivas, destac\u00f3 la relevancia de la AEHM en la proyecci\u00f3n de Madrid como un epicentro de la excelencia internacional. Gracias al esfuerzo de la asociaci\u00f3n, Madrid se ha reafirmado como un destino clave para un p\u00fablico cada vez m\u00e1s exigente.<\/p>\n<p>El galard\u00f3n \u2018Diamante de la Excelencia\u2019 reconoce la capacidad de la AEHM para adaptarse y destacar en un entorno altamente competitivo, que, gracias al \u201cefecto contagio\u201d, reposiciona la oferta de todo el sector, elevando los est\u00e1ndares de la industria hotelera en la Comunidad de Madrid.<\/p>\n<p><strong>Este reconocimiento es un testimonio del impacto positivo que la asociaci\u00f3n ha tenido en el desarrollo econ\u00f3mico y social de toda la regi\u00f3n, reforzando su misi\u00f3n de convertir la capital en un destino l\u00edder en el turismo de calidad y excelencia.<\/strong><\/p>\n<p>Cabe destacar que Madrid ha experimentado un crecimiento significativo en la <strong>oferta de hoteles de 4 y 5 estrellas<\/strong>, consolidando su posici\u00f3n como referente en el turismo de alta gama. La Comunidad de Madrid cuenta, actualmente, con<strong> 40 hoteles de 5 estrellas, todos ellos asociados a la AEHM, con nuevas aperturas en 2025.<\/strong><\/p>\n","protected":false},"excerpt":{"rendered":"<p>Madrid, 09 de octubre de 2024.- La Asociaci\u00f3n Empresarial Hotelera de Madrid (AEHM) ha sido distinguida con el prestigioso galard\u00f3n \u2018Diamante de la Excelencia\u2019, un reconocimiento que le ha otorgado la Asociaci\u00f3n Espa\u00f1ola del Lujo \u2013 Luxury Spain, durante la III Edici\u00f3n de los \u2018Premios Diamante de la Excelencia\u2019. La ceremonia, celebrada en el Wellington [&hellip;]<\/p>\n","protected":false},"author":20,"featured_media":19225,"comment_status":"open","ping_status":"open","sticky":false,"template":"","format":"standard","meta":{"footnotes":""},"categories":[1],"tags":[],"class_list":["post-19209","post","type-post","status-publish","format-standard","has-post-thumbnail","hentry","category-actualidad-aehm"],"yoast_head":"<!-- This site is optimized with the Yoast SEO plugin v27.5 - https:\/\/yoast.com\/product\/yoast-seo-wordpress\/ -->\n<title>La Asociaci\u00f3n Empresarial Hotelera de Madrid recibe el premio \u2018Diamante de la Excelencia\u2019 - AEHM<\/title>\n<meta name=\"description\" content=\"La AEHM ha sido distinguida con el galard\u00f3n \u2018Diamante de la Excelencia\u2019, durante la III Edici\u00f3n de los \u2018Premios Diamante de la Excelencia\u2019.\" \/>\n<meta name=\"robots\" content=\"index, follow, max-snippet:-1, max-image-preview:large, max-video-preview:-1\" \/>\n<link rel=\"canonical\" href=\"https:\/\/aehm.es\/la-asociacion-empresarial-hotelera-de-madrid-recibe-el-premio-diamante-de-la-excelencia\/\" \/>\n<meta property=\"og:locale\" content=\"en_US\" \/>\n<meta property=\"og:type\" content=\"article\" \/>\n<meta property=\"og:title\" content=\"La AEHM recibe el premio \u2018Diamante de la Excelencia\u2019\" \/>\n<meta property=\"og:description\" content=\"La AEHM ha sido distinguida con el galard\u00f3n \u2018Diamante de la Excelencia\u2019, durante la III Edici\u00f3n de los \u2018Premios Diamante de la Excelencia\u2019.\" \/>\n<meta property=\"og:url\" content=\"https:\/\/aehm.es\/la-asociacion-empresarial-hotelera-de-madrid-recibe-el-premio-diamante-de-la-excelencia\/\" \/>\n<meta property=\"og:site_name\" content=\"AEHM\" \/>\n<meta property=\"article:publisher\" content=\"https:\/\/www.instagram.com\/hotelesdemadrid\/\" \/>\n<meta property=\"article:published_time\" content=\"2024-10-09T11:18:12+00:00\" \/>\n<meta property=\"article:modified_time\" content=\"2024-10-11T11:51:01+00:00\" \/>\n<meta property=\"og:image\" content=\"https:\/\/aehm.es\/wp-content\/uploads\/2024\/10\/La-Asociacion-Empresarial-Hotelera-de-Madrid-recibe-el-premio-\u2018Diamante-de-la-Excelencia-1.jpg\" \/>\n\t<meta property=\"og:image:width\" content=\"1600\" \/>\n\t<meta property=\"og:image:height\" content=\"900\" \/>\n\t<meta property=\"og:image:type\" content=\"image\/jpeg\" \/>\n<meta name=\"author\" content=\"Laura Sarria\" \/>\n<meta name=\"twitter:card\" content=\"summary_large_image\" \/>\n<meta name=\"twitter:creator\" content=\"@HotelesAEHM\" \/>\n<meta name=\"twitter:site\" content=\"@HotelesAEHM\" \/>\n<meta name=\"twitter:label1\" content=\"Written by\" \/>\n\t<meta name=\"twitter:data1\" content=\"Laura Sarria\" \/>\n\t<meta name=\"twitter:label2\" content=\"Est. reading time\" \/>\n\t<meta name=\"twitter:data2\" content=\"3 minutes\" \/>\n<script type=\"application\/ld+json\" class=\"yoast-schema-graph\">{\"@context\":\"https:\\\/\\\/schema.org\",\"@graph\":[{\"@type\":\"Article\",\"@id\":\"https:\\\/\\\/aehm.es\\\/la-asociacion-empresarial-hotelera-de-madrid-recibe-el-premio-diamante-de-la-excelencia\\\/#article\",\"isPartOf\":{\"@id\":\"https:\\\/\\\/aehm.es\\\/la-asociacion-empresarial-hotelera-de-madrid-recibe-el-premio-diamante-de-la-excelencia\\\/\"},\"author\":{\"name\":\"Laura Sarria\",\"@id\":\"https:\\\/\\\/aehm.es\\\/#\\\/schema\\\/person\\\/a11ff5e10daf701bc492cd7a4e624215\"},\"headline\":\"La Asociaci\u00f3n Empresarial Hotelera de Madrid recibe el premio \u2018Diamante de la Excelencia\u2019\",\"datePublished\":\"2024-10-09T11:18:12+00:00\",\"dateModified\":\"2024-10-11T11:51:01+00:00\",\"mainEntityOfPage\":{\"@id\":\"https:\\\/\\\/aehm.es\\\/la-asociacion-empresarial-hotelera-de-madrid-recibe-el-premio-diamante-de-la-excelencia\\\/\"},\"wordCount\":563,\"commentCount\":0,\"publisher\":{\"@id\":\"https:\\\/\\\/aehm.es\\\/#organization\"},\"image\":{\"@id\":\"https:\\\/\\\/aehm.es\\\/la-asociacion-empresarial-hotelera-de-madrid-recibe-el-premio-diamante-de-la-excelencia\\\/#primaryimage\"},\"thumbnailUrl\":\"https:\\\/\\\/aehm.es\\\/wp-content\\\/uploads\\\/2024\\\/10\\\/Diamante-de-la-Excelencia-AEHM-Portada.jpg\",\"articleSection\":[\"Actualidad AEHM\"],\"inLanguage\":\"en-US\",\"potentialAction\":[{\"@type\":\"CommentAction\",\"name\":\"Comment\",\"target\":[\"https:\\\/\\\/aehm.es\\\/la-asociacion-empresarial-hotelera-de-madrid-recibe-el-premio-diamante-de-la-excelencia\\\/#respond\"]}]},{\"@type\":\"WebPage\",\"@id\":\"https:\\\/\\\/aehm.es\\\/la-asociacion-empresarial-hotelera-de-madrid-recibe-el-premio-diamante-de-la-excelencia\\\/\",\"url\":\"https:\\\/\\\/aehm.es\\\/la-asociacion-empresarial-hotelera-de-madrid-recibe-el-premio-diamante-de-la-excelencia\\\/\",\"name\":\"La Asociaci\u00f3n Empresarial Hotelera de Madrid recibe el premio \u2018Diamante de la Excelencia\u2019 - AEHM\",\"isPartOf\":{\"@id\":\"https:\\\/\\\/aehm.es\\\/#website\"},\"primaryImageOfPage\":{\"@id\":\"https:\\\/\\\/aehm.es\\\/la-asociacion-empresarial-hotelera-de-madrid-recibe-el-premio-diamante-de-la-excelencia\\\/#primaryimage\"},\"image\":{\"@id\":\"https:\\\/\\\/aehm.es\\\/la-asociacion-empresarial-hotelera-de-madrid-recibe-el-premio-diamante-de-la-excelencia\\\/#primaryimage\"},\"thumbnailUrl\":\"https:\\\/\\\/aehm.es\\\/wp-content\\\/uploads\\\/2024\\\/10\\\/Diamante-de-la-Excelencia-AEHM-Portada.jpg\",\"datePublished\":\"2024-10-09T11:18:12+00:00\",\"dateModified\":\"2024-10-11T11:51:01+00:00\",\"description\":\"La AEHM ha sido distinguida con el galard\u00f3n \u2018Diamante de la Excelencia\u2019, durante la III Edici\u00f3n de los \u2018Premios Diamante de la Excelencia\u2019.\",\"breadcrumb\":{\"@id\":\"https:\\\/\\\/aehm.es\\\/la-asociacion-empresarial-hotelera-de-madrid-recibe-el-premio-diamante-de-la-excelencia\\\/#breadcrumb\"},\"inLanguage\":\"en-US\",\"potentialAction\":[{\"@type\":\"ReadAction\",\"target\":[\"https:\\\/\\\/aehm.es\\\/la-asociacion-empresarial-hotelera-de-madrid-recibe-el-premio-diamante-de-la-excelencia\\\/\"]}]},{\"@type\":\"ImageObject\",\"inLanguage\":\"en-US\",\"@id\":\"https:\\\/\\\/aehm.es\\\/la-asociacion-empresarial-hotelera-de-madrid-recibe-el-premio-diamante-de-la-excelencia\\\/#primaryimage\",\"url\":\"https:\\\/\\\/aehm.es\\\/wp-content\\\/uploads\\\/2024\\\/10\\\/Diamante-de-la-Excelencia-AEHM-Portada.jpg\",\"contentUrl\":\"https:\\\/\\\/aehm.es\\\/wp-content\\\/uploads\\\/2024\\\/10\\\/Diamante-de-la-Excelencia-AEHM-Portada.jpg\",\"width\":768,\"height\":550},{\"@type\":\"BreadcrumbList\",\"@id\":\"https:\\\/\\\/aehm.es\\\/la-asociacion-empresarial-hotelera-de-madrid-recibe-el-premio-diamante-de-la-excelencia\\\/#breadcrumb\",\"itemListElement\":[{\"@type\":\"ListItem\",\"position\":1,\"name\":\"Portada\",\"item\":\"https:\\\/\\\/aehm.es\\\/en\\\/\"},{\"@type\":\"ListItem\",\"position\":2,\"name\":\"La Asociaci\u00f3n Empresarial Hotelera de Madrid recibe el premio \u2018Diamante de la Excelencia\u2019\"}]},{\"@type\":\"WebSite\",\"@id\":\"https:\\\/\\\/aehm.es\\\/#website\",\"url\":\"https:\\\/\\\/aehm.es\\\/\",\"name\":\"Asociaci\u00f3n Empresarial Hotelera de Madrid\",\"description\":\"La Asociaci\u00f3n Empresarial Hotelera Madrid est\u00e1 formada por m\u00e1s de 300 establecimientos de todas las categor\u00edas y tipolog\u00edas (hoteles, hostales, hostels, apartamentos\u2026) que suman m\u00e1s de 75.000 plazas de alojamiento.\",\"publisher\":{\"@id\":\"https:\\\/\\\/aehm.es\\\/#organization\"},\"alternateName\":\"AEHM\",\"potentialAction\":[{\"@type\":\"SearchAction\",\"target\":{\"@type\":\"EntryPoint\",\"urlTemplate\":\"https:\\\/\\\/aehm.es\\\/?s={search_term_string}\"},\"query-input\":{\"@type\":\"PropertyValueSpecification\",\"valueRequired\":true,\"valueName\":\"search_term_string\"}}],\"inLanguage\":\"en-US\"},{\"@type\":\"Organization\",\"@id\":\"https:\\\/\\\/aehm.es\\\/#organization\",\"name\":\"Asociaci\u00f3n Empresarial Hotelera de Madrid\",\"url\":\"https:\\\/\\\/aehm.es\\\/\",\"logo\":{\"@type\":\"ImageObject\",\"inLanguage\":\"en-US\",\"@id\":\"https:\\\/\\\/aehm.es\\\/#\\\/schema\\\/logo\\\/image\\\/\",\"url\":\"https:\\\/\\\/aehm.es\\\/wp-content\\\/uploads\\\/2021\\\/11\\\/Logo_AEHM_Horiz.png\",\"contentUrl\":\"https:\\\/\\\/aehm.es\\\/wp-content\\\/uploads\\\/2021\\\/11\\\/Logo_AEHM_Horiz.png\",\"width\":600,\"height\":182,\"caption\":\"Asociaci\u00f3n Empresarial Hotelera de Madrid\"},\"image\":{\"@id\":\"https:\\\/\\\/aehm.es\\\/#\\\/schema\\\/logo\\\/image\\\/\"},\"sameAs\":[\"https:\\\/\\\/www.instagram.com\\\/hotelesdemadrid\\\/\",\"https:\\\/\\\/x.com\\\/HotelesAEHM\",\"https:\\\/\\\/www.linkedin.com\\\/company\\\/11166072\\\/\"]},{\"@type\":\"Person\",\"@id\":\"https:\\\/\\\/aehm.es\\\/#\\\/schema\\\/person\\\/a11ff5e10daf701bc492cd7a4e624215\",\"name\":\"Laura Sarria\",\"image\":{\"@type\":\"ImageObject\",\"inLanguage\":\"en-US\",\"@id\":\"https:\\\/\\\/secure.gravatar.com\\\/avatar\\\/4ef4b0f260923823a97f1e823b29d340c5e8606b68a4dc4288a7ccd66262c35b?s=96&d=mm&r=g\",\"url\":\"https:\\\/\\\/secure.gravatar.com\\\/avatar\\\/4ef4b0f260923823a97f1e823b29d340c5e8606b68a4dc4288a7ccd66262c35b?s=96&d=mm&r=g\",\"contentUrl\":\"https:\\\/\\\/secure.gravatar.com\\\/avatar\\\/4ef4b0f260923823a97f1e823b29d340c5e8606b68a4dc4288a7ccd66262c35b?s=96&d=mm&r=g\",\"caption\":\"Laura Sarria\"},\"url\":\"https:\\\/\\\/aehm.es\\\/en\\\/author\\\/laura-sarria\\\/\"}]}<\/script>\n<!-- \/ Yoast SEO plugin. -->","yoast_head_json":{"title":"La Asociaci\u00f3n Empresarial Hotelera de Madrid recibe el premio \u2018Diamante de la Excelencia\u2019 - AEHM","description":"La AEHM ha sido distinguida con el galard\u00f3n \u2018Diamante de la Excelencia\u2019, durante la III Edici\u00f3n de los \u2018Premios Diamante de la Excelencia\u2019.","robots":{"index":"index","follow":"follow","max-snippet":"max-snippet:-1","max-image-preview":"max-image-preview:large","max-video-preview":"max-video-preview:-1"},"canonical":"https:\/\/aehm.es\/la-asociacion-empresarial-hotelera-de-madrid-recibe-el-premio-diamante-de-la-excelencia\/","og_locale":"en_US","og_type":"article","og_title":"La AEHM recibe el premio \u2018Diamante de la Excelencia\u2019","og_description":"La AEHM ha sido distinguida con el galard\u00f3n \u2018Diamante de la Excelencia\u2019, durante la III Edici\u00f3n de los \u2018Premios Diamante de la Excelencia\u2019.","og_url":"https:\/\/aehm.es\/la-asociacion-empresarial-hotelera-de-madrid-recibe-el-premio-diamante-de-la-excelencia\/","og_site_name":"AEHM","article_publisher":"https:\/\/www.instagram.com\/hotelesdemadrid\/","article_published_time":"2024-10-09T11:18:12+00:00","article_modified_time":"2024-10-11T11:51:01+00:00","og_image":[{"width":1600,"height":900,"url":"https:\/\/aehm.es\/wp-content\/uploads\/2024\/10\/La-Asociacion-Empresarial-Hotelera-de-Madrid-recibe-el-premio-\u2018Diamante-de-la-Excelencia-1.jpg","type":"image\/jpeg"}],"author":"Laura Sarria","twitter_card":"summary_large_image","twitter_creator":"@HotelesAEHM","twitter_site":"@HotelesAEHM","twitter_misc":{"Written by":"Laura Sarria","Est. reading time":"3 minutes"},"schema":{"@context":"https:\/\/schema.org","@graph":[{"@type":"Article","@id":"https:\/\/aehm.es\/la-asociacion-empresarial-hotelera-de-madrid-recibe-el-premio-diamante-de-la-excelencia\/#article","isPartOf":{"@id":"https:\/\/aehm.es\/la-asociacion-empresarial-hotelera-de-madrid-recibe-el-premio-diamante-de-la-excelencia\/"},"author":{"name":"Laura Sarria","@id":"https:\/\/aehm.es\/#\/schema\/person\/a11ff5e10daf701bc492cd7a4e624215"},"headline":"La Asociaci\u00f3n Empresarial Hotelera de Madrid recibe el premio \u2018Diamante de la Excelencia\u2019","datePublished":"2024-10-09T11:18:12+00:00","dateModified":"2024-10-11T11:51:01+00:00","mainEntityOfPage":{"@id":"https:\/\/aehm.es\/la-asociacion-empresarial-hotelera-de-madrid-recibe-el-premio-diamante-de-la-excelencia\/"},"wordCount":563,"commentCount":0,"publisher":{"@id":"https:\/\/aehm.es\/#organization"},"image":{"@id":"https:\/\/aehm.es\/la-asociacion-empresarial-hotelera-de-madrid-recibe-el-premio-diamante-de-la-excelencia\/#primaryimage"},"thumbnailUrl":"https:\/\/aehm.es\/wp-content\/uploads\/2024\/10\/Diamante-de-la-Excelencia-AEHM-Portada.jpg","articleSection":["Actualidad AEHM"],"inLanguage":"en-US","potentialAction":[{"@type":"CommentAction","name":"Comment","target":["https:\/\/aehm.es\/la-asociacion-empresarial-hotelera-de-madrid-recibe-el-premio-diamante-de-la-excelencia\/#respond"]}]},{"@type":"WebPage","@id":"https:\/\/aehm.es\/la-asociacion-empresarial-hotelera-de-madrid-recibe-el-premio-diamante-de-la-excelencia\/","url":"https:\/\/aehm.es\/la-asociacion-empresarial-hotelera-de-madrid-recibe-el-premio-diamante-de-la-excelencia\/","name":"La Asociaci\u00f3n Empresarial Hotelera de Madrid recibe el premio \u2018Diamante de la Excelencia\u2019 - AEHM","isPartOf":{"@id":"https:\/\/aehm.es\/#website"},"primaryImageOfPage":{"@id":"https:\/\/aehm.es\/la-asociacion-empresarial-hotelera-de-madrid-recibe-el-premio-diamante-de-la-excelencia\/#primaryimage"},"image":{"@id":"https:\/\/aehm.es\/la-asociacion-empresarial-hotelera-de-madrid-recibe-el-premio-diamante-de-la-excelencia\/#primaryimage"},"thumbnailUrl":"https:\/\/aehm.es\/wp-content\/uploads\/2024\/10\/Diamante-de-la-Excelencia-AEHM-Portada.jpg","datePublished":"2024-10-09T11:18:12+00:00","dateModified":"2024-10-11T11:51:01+00:00","description":"La AEHM ha sido distinguida con el galard\u00f3n \u2018Diamante de la Excelencia\u2019, durante la III Edici\u00f3n de los \u2018Premios Diamante de la Excelencia\u2019.","breadcrumb":{"@id":"https:\/\/aehm.es\/la-asociacion-empresarial-hotelera-de-madrid-recibe-el-premio-diamante-de-la-excelencia\/#breadcrumb"},"inLanguage":"en-US","potentialAction":[{"@type":"ReadAction","target":["https:\/\/aehm.es\/la-asociacion-empresarial-hotelera-de-madrid-recibe-el-premio-diamante-de-la-excelencia\/"]}]},{"@type":"ImageObject","inLanguage":"en-US","@id":"https:\/\/aehm.es\/la-asociacion-empresarial-hotelera-de-madrid-recibe-el-premio-diamante-de-la-excelencia\/#primaryimage","url":"https:\/\/aehm.es\/wp-content\/uploads\/2024\/10\/Diamante-de-la-Excelencia-AEHM-Portada.jpg","contentUrl":"https:\/\/aehm.es\/wp-content\/uploads\/2024\/10\/Diamante-de-la-Excelencia-AEHM-Portada.jpg","width":768,"height":550},{"@type":"BreadcrumbList","@id":"https:\/\/aehm.es\/la-asociacion-empresarial-hotelera-de-madrid-recibe-el-premio-diamante-de-la-excelencia\/#breadcrumb","itemListElement":[{"@type":"ListItem","position":1,"name":"Portada","item":"https:\/\/aehm.es\/en\/"},{"@type":"ListItem","position":2,"name":"La Asociaci\u00f3n Empresarial Hotelera de Madrid recibe el premio \u2018Diamante de la Excelencia\u2019"}]},{"@type":"WebSite","@id":"https:\/\/aehm.es\/#website","url":"https:\/\/aehm.es\/","name":"Asociaci\u00f3n Empresarial Hotelera de Madrid","description":"La Asociaci\u00f3n Empresarial Hotelera Madrid est\u00e1 formada por m\u00e1s de 300 establecimientos de todas las categor\u00edas y tipolog\u00edas (hoteles, hostales, hostels, apartamentos\u2026) que suman m\u00e1s de 75.000 plazas de alojamiento.","publisher":{"@id":"https:\/\/aehm.es\/#organization"},"alternateName":"AEHM","potentialAction":[{"@type":"SearchAction","target":{"@type":"EntryPoint","urlTemplate":"https:\/\/aehm.es\/?s={search_term_string}"},"query-input":{"@type":"PropertyValueSpecification","valueRequired":true,"valueName":"search_term_string"}}],"inLanguage":"en-US"},{"@type":"Organization","@id":"https:\/\/aehm.es\/#organization","name":"Asociaci\u00f3n Empresarial Hotelera de Madrid","url":"https:\/\/aehm.es\/","logo":{"@type":"ImageObject","inLanguage":"en-US","@id":"https:\/\/aehm.es\/#\/schema\/logo\/image\/","url":"https:\/\/aehm.es\/wp-content\/uploads\/2021\/11\/Logo_AEHM_Horiz.png","contentUrl":"https:\/\/aehm.es\/wp-content\/uploads\/2021\/11\/Logo_AEHM_Horiz.png","width":600,"height":182,"caption":"Asociaci\u00f3n Empresarial Hotelera de Madrid"},"image":{"@id":"https:\/\/aehm.es\/#\/schema\/logo\/image\/"},"sameAs":["https:\/\/www.instagram.com\/hotelesdemadrid\/","https:\/\/x.com\/HotelesAEHM","https:\/\/www.linkedin.com\/company\/11166072\/"]},{"@type":"Person","@id":"https:\/\/aehm.es\/#\/schema\/person\/a11ff5e10daf701bc492cd7a4e624215","name":"Laura Sarria","image":{"@type":"ImageObject","inLanguage":"en-US","@id":"https:\/\/secure.gravatar.com\/avatar\/4ef4b0f260923823a97f1e823b29d340c5e8606b68a4dc4288a7ccd66262c35b?s=96&d=mm&r=g","url":"https:\/\/secure.gravatar.com\/avatar\/4ef4b0f260923823a97f1e823b29d340c5e8606b68a4dc4288a7ccd66262c35b?s=96&d=mm&r=g","contentUrl":"https:\/\/secure.gravatar.com\/avatar\/4ef4b0f260923823a97f1e823b29d340c5e8606b68a4dc4288a7ccd66262c35b?s=96&d=mm&r=g","caption":"Laura Sarria"},"url":"https:\/\/aehm.es\/en\/author\/laura-sarria\/"}]}},"_links":{"self":[{"href":"https:\/\/aehm.es\/en\/wp-json\/wp\/v2\/posts\/19209","targetHints":{"allow":["GET"]}}],"collection":[{"href":"https:\/\/aehm.es\/en\/wp-json\/wp\/v2\/posts"}],"about":[{"href":"https:\/\/aehm.es\/en\/wp-json\/wp\/v2\/types\/post"}],"author":[{"embeddable":true,"href":"https:\/\/aehm.es\/en\/wp-json\/wp\/v2\/users\/20"}],"replies":[{"embeddable":true,"href":"https:\/\/aehm.es\/en\/wp-json\/wp\/v2\/comments?post=19209"}],"version-history":[{"count":3,"href":"https:\/\/aehm.es\/en\/wp-json\/wp\/v2\/posts\/19209\/revisions"}],"predecessor-version":[{"id":19230,"href":"https:\/\/aehm.es\/en\/wp-json\/wp\/v2\/posts\/19209\/revisions\/19230"}],"wp:featuredmedia":[{"embeddable":true,"href":"https:\/\/aehm.es\/en\/wp-json\/wp\/v2\/media\/19225"}],"wp:attachment":[{"href":"https:\/\/aehm.es\/en\/wp-json\/wp\/v2\/media?parent=19209"}],"wp:term":[{"taxonomy":"category","embeddable":true,"href":"https:\/\/aehm.es\/en\/wp-json\/wp\/v2\/categories?post=19209"},{"taxonomy":"post_tag","embeddable":true,"href":"https:\/\/aehm.es\/en\/wp-json\/wp\/v2\/tags?post=19209"}],"curies":[{"name":"wp","href":"https:\/\/api.w.org\/{rel}","templated":true}]}}