{"id":19000,"date":"2024-09-18T07:46:56","date_gmt":"2024-09-18T07:46:56","guid":{"rendered":"https:\/\/aehm.es\/?p=19000"},"modified":"2024-09-18T14:55:48","modified_gmt":"2024-09-18T14:55:48","slug":"la-aehm-se-hace-eco-de-la-preocupacion-del-sector-hotelero-madrileno-por-la-entrada-en-vigor-de-la-normativa-de-registro-de-viajeros","status":"publish","type":"post","link":"https:\/\/aehm.es\/en\/la-aehm-se-hace-eco-de-la-preocupacion-del-sector-hotelero-madrileno-por-la-entrada-en-vigor-de-la-normativa-de-registro-de-viajeros\/","title":{"rendered":"La AEHM se hace eco de la preocupaci\u00f3n del sector hotelero madrile\u00f1o por la entrada en vigor de la normativa de registro de viajeros"},"content":{"rendered":"<p><em>Madrid, 17 de septiembre de 2024.<\/em> \u2013<strong> La Asociaci\u00f3n Empresarial Hotelera de Madrid (AEHM) comparte la preocupaci\u00f3n expresada por la Confederaci\u00f3n Espa\u00f1ola de Hoteles y Alojamientos Tur\u00edsticos (CEHAT) y manifiesta su oposici\u00f3n a esta normativa por el caos que conllevar\u00eda su aplicaci\u00f3n y la consecuente imposibilidad de cumplimiento de la misma.<\/strong><\/p>\n<p><strong>Este Real Decreto se\u00f1ala que habr\u00eda un posterior desarrollo por orden ministerial en cuanto a cu\u00e1les ser\u00edan los datos que deber\u00edan aportar cada uno de los subsectores del turismo<\/strong> (alojamiento, coches de alquiler, agencias de viajes, plataformas de intermediaci\u00f3n, campings, pisos tur\u00edsticos\u2026). Sin embargo, <strong>seg\u00fan CEHAT, los hoteleros espa\u00f1oles denuncian que, a fecha de hoy, este desarrollo legislativo no existe, por lo que se produce una confusi\u00f3n generalizada con respecto a qu\u00e9 informaci\u00f3n ser\u00eda exigible y la forma de remitirla.<\/strong><\/p>\n<p><strong>El sector hotelero madrile\u00f1o, representado por la Asociaci\u00f3n Empresarial Hotelera de Madrid, y tal y como se\u00f1ala la CEHAT en su comunicado, ha colaborado en todo momento con las Fuerzas y Cuerpos de Seguridad del Estado, pero se ha encontrado con que deb\u00eda facilitar datos no oficiales<\/strong>, que, adem\u00e1s, no aparecen en los documentos que presentan los viajeros (DNI y pasaporte), como la forma de pago, el n\u00famero de la tarjeta de cr\u00e9dito o el n\u00famero del tel\u00e9fono m\u00f3vil.<\/p>\n<p>Ante esta situaci\u00f3n, todas las asociaciones sectoriales nos hemos puesto de acuerdo en los problemas que va a ocasionar una legislaci\u00f3n que calificamos de muy deficiente y de imposible aplicaci\u00f3n, <strong>por lo que solicitamos la revisi\u00f3n y el ajuste del Real Decreto para garantizar la proporcionalidad y minimizaci\u00f3n de datos, as\u00ed como un largo periodo para la adecuaci\u00f3n tecnol\u00f3gica y la adaptaci\u00f3n de los sistemas operativos de las empresas.<\/strong><\/p>\n","protected":false},"excerpt":{"rendered":"<p>Madrid, 17 de septiembre de 2024. \u2013 La Asociaci\u00f3n Empresarial Hotelera de Madrid (AEHM) comparte la preocupaci\u00f3n expresada por la Confederaci\u00f3n Espa\u00f1ola de Hoteles y Alojamientos Tur\u00edsticos (CEHAT) y manifiesta su oposici\u00f3n a esta normativa por el caos que conllevar\u00eda su aplicaci\u00f3n y la consecuente imposibilidad de cumplimiento de la misma. Este Real Decreto se\u00f1ala [&hellip;]<\/p>\n","protected":false},"author":19,"featured_media":19014,"comment_status":"open","ping_status":"open","sticky":false,"template":"","format":"standard","meta":{"footnotes":""},"categories":[1],"tags":[],"class_list":["post-19000","post","type-post","status-publish","format-standard","has-post-thumbnail","hentry","category-actualidad-aehm"],"yoast_head":"<!-- This site is optimized with the Yoast SEO plugin v27.5 - https:\/\/yoast.com\/product\/yoast-seo-wordpress\/ -->\n<title>La AEHM se hace eco de la preocupaci\u00f3n del sector hotelero madrile\u00f1o por la entrada en vigor de la normativa de registro de viajeros - AEHM<\/title>\n<meta name=\"description\" content=\"La AEHM comparte la preocupaci\u00f3n expresada por la CEHAT y manifiesta su oposici\u00f3n a esta normativa por el caos que conllevar\u00eda su aplicaci\u00f3n.\" \/>\n<meta name=\"robots\" content=\"index, follow, max-snippet:-1, max-image-preview:large, max-video-preview:-1\" \/>\n<link rel=\"canonical\" href=\"https:\/\/aehm.es\/la-aehm-se-hace-eco-de-la-preocupacion-del-sector-hotelero-madrileno-por-la-entrada-en-vigor-de-la-normativa-de-registro-de-viajeros\/\" \/>\n<meta property=\"og:locale\" content=\"en_US\" \/>\n<meta property=\"og:type\" content=\"article\" \/>\n<meta property=\"og:title\" content=\"La AEHM se hace eco de la preocupaci\u00f3n del sector hotelero madrile\u00f1o por la entrada en vigor de la normativa de registro de viajeros\" \/>\n<meta property=\"og:description\" content=\"La AEHM comparte la preocupaci\u00f3n expresada por la CEHAT y manifiesta su oposici\u00f3n a esta normativa por el caos que conllevar\u00eda su aplicaci\u00f3n.\" \/>\n<meta property=\"og:url\" content=\"https:\/\/aehm.es\/la-aehm-se-hace-eco-de-la-preocupacion-del-sector-hotelero-madrileno-por-la-entrada-en-vigor-de-la-normativa-de-registro-de-viajeros\/\" \/>\n<meta property=\"og:site_name\" content=\"AEHM\" \/>\n<meta property=\"article:publisher\" content=\"https:\/\/www.instagram.com\/hotelesdemadrid\/\" \/>\n<meta property=\"article:published_time\" content=\"2024-09-18T07:46:56+00:00\" \/>\n<meta property=\"article:modified_time\" content=\"2024-09-18T14:55:48+00:00\" \/>\n<meta property=\"og:image\" content=\"https:\/\/aehm.es\/wp-content\/uploads\/2024\/09\/Logo-AEHM-comunicados-2024.png\" \/>\n\t<meta property=\"og:image:width\" content=\"810\" \/>\n\t<meta property=\"og:image:height\" content=\"450\" \/>\n\t<meta property=\"og:image:type\" content=\"image\/png\" \/>\n<meta name=\"author\" content=\"Laura\" \/>\n<meta name=\"twitter:card\" content=\"summary_large_image\" \/>\n<meta name=\"twitter:creator\" content=\"@HotelesAEHM\" \/>\n<meta name=\"twitter:site\" content=\"@HotelesAEHM\" \/>\n<meta name=\"twitter:label1\" content=\"Written by\" \/>\n\t<meta name=\"twitter:data1\" content=\"Laura\" \/>\n\t<meta name=\"twitter:label2\" content=\"Est. reading time\" \/>\n\t<meta name=\"twitter:data2\" content=\"2 minutes\" \/>\n<script type=\"application\/ld+json\" class=\"yoast-schema-graph\">{\"@context\":\"https:\\\/\\\/schema.org\",\"@graph\":[{\"@type\":\"Article\",\"@id\":\"https:\\\/\\\/aehm.es\\\/la-aehm-se-hace-eco-de-la-preocupacion-del-sector-hotelero-madrileno-por-la-entrada-en-vigor-de-la-normativa-de-registro-de-viajeros\\\/#article\",\"isPartOf\":{\"@id\":\"https:\\\/\\\/aehm.es\\\/la-aehm-se-hace-eco-de-la-preocupacion-del-sector-hotelero-madrileno-por-la-entrada-en-vigor-de-la-normativa-de-registro-de-viajeros\\\/\"},\"author\":{\"name\":\"Laura\",\"@id\":\"https:\\\/\\\/aehm.es\\\/#\\\/schema\\\/person\\\/fd5e3e1c9d05dbd534fca62425686e5d\"},\"headline\":\"La AEHM se hace eco de la preocupaci\u00f3n del sector hotelero madrile\u00f1o por la entrada en vigor de la normativa de registro de viajeros\",\"datePublished\":\"2024-09-18T07:46:56+00:00\",\"dateModified\":\"2024-09-18T14:55:48+00:00\",\"mainEntityOfPage\":{\"@id\":\"https:\\\/\\\/aehm.es\\\/la-aehm-se-hace-eco-de-la-preocupacion-del-sector-hotelero-madrileno-por-la-entrada-en-vigor-de-la-normativa-de-registro-de-viajeros\\\/\"},\"wordCount\":340,\"commentCount\":0,\"publisher\":{\"@id\":\"https:\\\/\\\/aehm.es\\\/#organization\"},\"image\":{\"@id\":\"https:\\\/\\\/aehm.es\\\/la-aehm-se-hace-eco-de-la-preocupacion-del-sector-hotelero-madrileno-por-la-entrada-en-vigor-de-la-normativa-de-registro-de-viajeros\\\/#primaryimage\"},\"thumbnailUrl\":\"https:\\\/\\\/aehm.es\\\/wp-content\\\/uploads\\\/2024\\\/09\\\/Logo-AEHM-comunicados-2024.png\",\"articleSection\":[\"Actualidad AEHM\"],\"inLanguage\":\"en-US\",\"potentialAction\":[{\"@type\":\"CommentAction\",\"name\":\"Comment\",\"target\":[\"https:\\\/\\\/aehm.es\\\/la-aehm-se-hace-eco-de-la-preocupacion-del-sector-hotelero-madrileno-por-la-entrada-en-vigor-de-la-normativa-de-registro-de-viajeros\\\/#respond\"]}]},{\"@type\":\"WebPage\",\"@id\":\"https:\\\/\\\/aehm.es\\\/la-aehm-se-hace-eco-de-la-preocupacion-del-sector-hotelero-madrileno-por-la-entrada-en-vigor-de-la-normativa-de-registro-de-viajeros\\\/\",\"url\":\"https:\\\/\\\/aehm.es\\\/la-aehm-se-hace-eco-de-la-preocupacion-del-sector-hotelero-madrileno-por-la-entrada-en-vigor-de-la-normativa-de-registro-de-viajeros\\\/\",\"name\":\"La AEHM se hace eco de la preocupaci\u00f3n del sector hotelero madrile\u00f1o por la entrada en vigor de la normativa de registro de viajeros - AEHM\",\"isPartOf\":{\"@id\":\"https:\\\/\\\/aehm.es\\\/#website\"},\"primaryImageOfPage\":{\"@id\":\"https:\\\/\\\/aehm.es\\\/la-aehm-se-hace-eco-de-la-preocupacion-del-sector-hotelero-madrileno-por-la-entrada-en-vigor-de-la-normativa-de-registro-de-viajeros\\\/#primaryimage\"},\"image\":{\"@id\":\"https:\\\/\\\/aehm.es\\\/la-aehm-se-hace-eco-de-la-preocupacion-del-sector-hotelero-madrileno-por-la-entrada-en-vigor-de-la-normativa-de-registro-de-viajeros\\\/#primaryimage\"},\"thumbnailUrl\":\"https:\\\/\\\/aehm.es\\\/wp-content\\\/uploads\\\/2024\\\/09\\\/Logo-AEHM-comunicados-2024.png\",\"datePublished\":\"2024-09-18T07:46:56+00:00\",\"dateModified\":\"2024-09-18T14:55:48+00:00\",\"description\":\"La AEHM comparte la preocupaci\u00f3n expresada por la CEHAT y manifiesta su oposici\u00f3n a esta normativa por el caos que conllevar\u00eda su aplicaci\u00f3n.\",\"breadcrumb\":{\"@id\":\"https:\\\/\\\/aehm.es\\\/la-aehm-se-hace-eco-de-la-preocupacion-del-sector-hotelero-madrileno-por-la-entrada-en-vigor-de-la-normativa-de-registro-de-viajeros\\\/#breadcrumb\"},\"inLanguage\":\"en-US\",\"potentialAction\":[{\"@type\":\"ReadAction\",\"target\":[\"https:\\\/\\\/aehm.es\\\/la-aehm-se-hace-eco-de-la-preocupacion-del-sector-hotelero-madrileno-por-la-entrada-en-vigor-de-la-normativa-de-registro-de-viajeros\\\/\"]}]},{\"@type\":\"ImageObject\",\"inLanguage\":\"en-US\",\"@id\":\"https:\\\/\\\/aehm.es\\\/la-aehm-se-hace-eco-de-la-preocupacion-del-sector-hotelero-madrileno-por-la-entrada-en-vigor-de-la-normativa-de-registro-de-viajeros\\\/#primaryimage\",\"url\":\"https:\\\/\\\/aehm.es\\\/wp-content\\\/uploads\\\/2024\\\/09\\\/Logo-AEHM-comunicados-2024.png\",\"contentUrl\":\"https:\\\/\\\/aehm.es\\\/wp-content\\\/uploads\\\/2024\\\/09\\\/Logo-AEHM-comunicados-2024.png\",\"width\":810,\"height\":450},{\"@type\":\"BreadcrumbList\",\"@id\":\"https:\\\/\\\/aehm.es\\\/la-aehm-se-hace-eco-de-la-preocupacion-del-sector-hotelero-madrileno-por-la-entrada-en-vigor-de-la-normativa-de-registro-de-viajeros\\\/#breadcrumb\",\"itemListElement\":[{\"@type\":\"ListItem\",\"position\":1,\"name\":\"Portada\",\"item\":\"https:\\\/\\\/aehm.es\\\/en\\\/\"},{\"@type\":\"ListItem\",\"position\":2,\"name\":\"La AEHM se hace eco de la preocupaci\u00f3n del sector hotelero madrile\u00f1o por la entrada en vigor de la normativa de registro de viajeros\"}]},{\"@type\":\"WebSite\",\"@id\":\"https:\\\/\\\/aehm.es\\\/#website\",\"url\":\"https:\\\/\\\/aehm.es\\\/\",\"name\":\"Asociaci\u00f3n Empresarial Hotelera de Madrid\",\"description\":\"La Asociaci\u00f3n Empresarial Hotelera Madrid est\u00e1 formada por m\u00e1s de 300 establecimientos de todas las categor\u00edas y tipolog\u00edas (hoteles, hostales, hostels, apartamentos\u2026) que suman m\u00e1s de 75.000 plazas de alojamiento.\",\"publisher\":{\"@id\":\"https:\\\/\\\/aehm.es\\\/#organization\"},\"alternateName\":\"AEHM\",\"potentialAction\":[{\"@type\":\"SearchAction\",\"target\":{\"@type\":\"EntryPoint\",\"urlTemplate\":\"https:\\\/\\\/aehm.es\\\/?s={search_term_string}\"},\"query-input\":{\"@type\":\"PropertyValueSpecification\",\"valueRequired\":true,\"valueName\":\"search_term_string\"}}],\"inLanguage\":\"en-US\"},{\"@type\":\"Organization\",\"@id\":\"https:\\\/\\\/aehm.es\\\/#organization\",\"name\":\"Asociaci\u00f3n Empresarial Hotelera de Madrid\",\"url\":\"https:\\\/\\\/aehm.es\\\/\",\"logo\":{\"@type\":\"ImageObject\",\"inLanguage\":\"en-US\",\"@id\":\"https:\\\/\\\/aehm.es\\\/#\\\/schema\\\/logo\\\/image\\\/\",\"url\":\"https:\\\/\\\/aehm.es\\\/wp-content\\\/uploads\\\/2021\\\/11\\\/Logo_AEHM_Horiz.png\",\"contentUrl\":\"https:\\\/\\\/aehm.es\\\/wp-content\\\/uploads\\\/2021\\\/11\\\/Logo_AEHM_Horiz.png\",\"width\":600,\"height\":182,\"caption\":\"Asociaci\u00f3n Empresarial Hotelera de Madrid\"},\"image\":{\"@id\":\"https:\\\/\\\/aehm.es\\\/#\\\/schema\\\/logo\\\/image\\\/\"},\"sameAs\":[\"https:\\\/\\\/www.instagram.com\\\/hotelesdemadrid\\\/\",\"https:\\\/\\\/x.com\\\/HotelesAEHM\",\"https:\\\/\\\/www.linkedin.com\\\/company\\\/11166072\\\/\"]},{\"@type\":\"Person\",\"@id\":\"https:\\\/\\\/aehm.es\\\/#\\\/schema\\\/person\\\/fd5e3e1c9d05dbd534fca62425686e5d\",\"name\":\"Laura\",\"image\":{\"@type\":\"ImageObject\",\"inLanguage\":\"en-US\",\"@id\":\"https:\\\/\\\/secure.gravatar.com\\\/avatar\\\/046cea27522659bb6027776644976c0966f174d1033694652f0fb46e5e59507a?s=96&d=mm&r=g\",\"url\":\"https:\\\/\\\/secure.gravatar.com\\\/avatar\\\/046cea27522659bb6027776644976c0966f174d1033694652f0fb46e5e59507a?s=96&d=mm&r=g\",\"contentUrl\":\"https:\\\/\\\/secure.gravatar.com\\\/avatar\\\/046cea27522659bb6027776644976c0966f174d1033694652f0fb46e5e59507a?s=96&d=mm&r=g\",\"caption\":\"Laura\"},\"url\":\"https:\\\/\\\/aehm.es\\\/en\\\/author\\\/laura\\\/\"}]}<\/script>\n<!-- \/ Yoast SEO plugin. -->","yoast_head_json":{"title":"La AEHM se hace eco de la preocupaci\u00f3n del sector hotelero madrile\u00f1o por la entrada en vigor de la normativa de registro de viajeros - AEHM","description":"La AEHM comparte la preocupaci\u00f3n expresada por la CEHAT y manifiesta su oposici\u00f3n a esta normativa por el caos que conllevar\u00eda su aplicaci\u00f3n.","robots":{"index":"index","follow":"follow","max-snippet":"max-snippet:-1","max-image-preview":"max-image-preview:large","max-video-preview":"max-video-preview:-1"},"canonical":"https:\/\/aehm.es\/la-aehm-se-hace-eco-de-la-preocupacion-del-sector-hotelero-madrileno-por-la-entrada-en-vigor-de-la-normativa-de-registro-de-viajeros\/","og_locale":"en_US","og_type":"article","og_title":"La AEHM se hace eco de la preocupaci\u00f3n del sector hotelero madrile\u00f1o por la entrada en vigor de la normativa de registro de viajeros","og_description":"La AEHM comparte la preocupaci\u00f3n expresada por la CEHAT y manifiesta su oposici\u00f3n a esta normativa por el caos que conllevar\u00eda su aplicaci\u00f3n.","og_url":"https:\/\/aehm.es\/la-aehm-se-hace-eco-de-la-preocupacion-del-sector-hotelero-madrileno-por-la-entrada-en-vigor-de-la-normativa-de-registro-de-viajeros\/","og_site_name":"AEHM","article_publisher":"https:\/\/www.instagram.com\/hotelesdemadrid\/","article_published_time":"2024-09-18T07:46:56+00:00","article_modified_time":"2024-09-18T14:55:48+00:00","og_image":[{"width":810,"height":450,"url":"https:\/\/aehm.es\/wp-content\/uploads\/2024\/09\/Logo-AEHM-comunicados-2024.png","type":"image\/png"}],"author":"Laura","twitter_card":"summary_large_image","twitter_creator":"@HotelesAEHM","twitter_site":"@HotelesAEHM","twitter_misc":{"Written by":"Laura","Est. reading time":"2 minutes"},"schema":{"@context":"https:\/\/schema.org","@graph":[{"@type":"Article","@id":"https:\/\/aehm.es\/la-aehm-se-hace-eco-de-la-preocupacion-del-sector-hotelero-madrileno-por-la-entrada-en-vigor-de-la-normativa-de-registro-de-viajeros\/#article","isPartOf":{"@id":"https:\/\/aehm.es\/la-aehm-se-hace-eco-de-la-preocupacion-del-sector-hotelero-madrileno-por-la-entrada-en-vigor-de-la-normativa-de-registro-de-viajeros\/"},"author":{"name":"Laura","@id":"https:\/\/aehm.es\/#\/schema\/person\/fd5e3e1c9d05dbd534fca62425686e5d"},"headline":"La AEHM se hace eco de la preocupaci\u00f3n del sector hotelero madrile\u00f1o por la entrada en vigor de la normativa de registro de viajeros","datePublished":"2024-09-18T07:46:56+00:00","dateModified":"2024-09-18T14:55:48+00:00","mainEntityOfPage":{"@id":"https:\/\/aehm.es\/la-aehm-se-hace-eco-de-la-preocupacion-del-sector-hotelero-madrileno-por-la-entrada-en-vigor-de-la-normativa-de-registro-de-viajeros\/"},"wordCount":340,"commentCount":0,"publisher":{"@id":"https:\/\/aehm.es\/#organization"},"image":{"@id":"https:\/\/aehm.es\/la-aehm-se-hace-eco-de-la-preocupacion-del-sector-hotelero-madrileno-por-la-entrada-en-vigor-de-la-normativa-de-registro-de-viajeros\/#primaryimage"},"thumbnailUrl":"https:\/\/aehm.es\/wp-content\/uploads\/2024\/09\/Logo-AEHM-comunicados-2024.png","articleSection":["Actualidad AEHM"],"inLanguage":"en-US","potentialAction":[{"@type":"CommentAction","name":"Comment","target":["https:\/\/aehm.es\/la-aehm-se-hace-eco-de-la-preocupacion-del-sector-hotelero-madrileno-por-la-entrada-en-vigor-de-la-normativa-de-registro-de-viajeros\/#respond"]}]},{"@type":"WebPage","@id":"https:\/\/aehm.es\/la-aehm-se-hace-eco-de-la-preocupacion-del-sector-hotelero-madrileno-por-la-entrada-en-vigor-de-la-normativa-de-registro-de-viajeros\/","url":"https:\/\/aehm.es\/la-aehm-se-hace-eco-de-la-preocupacion-del-sector-hotelero-madrileno-por-la-entrada-en-vigor-de-la-normativa-de-registro-de-viajeros\/","name":"La AEHM se hace eco de la preocupaci\u00f3n del sector hotelero madrile\u00f1o por la entrada en vigor de la normativa de registro de viajeros - AEHM","isPartOf":{"@id":"https:\/\/aehm.es\/#website"},"primaryImageOfPage":{"@id":"https:\/\/aehm.es\/la-aehm-se-hace-eco-de-la-preocupacion-del-sector-hotelero-madrileno-por-la-entrada-en-vigor-de-la-normativa-de-registro-de-viajeros\/#primaryimage"},"image":{"@id":"https:\/\/aehm.es\/la-aehm-se-hace-eco-de-la-preocupacion-del-sector-hotelero-madrileno-por-la-entrada-en-vigor-de-la-normativa-de-registro-de-viajeros\/#primaryimage"},"thumbnailUrl":"https:\/\/aehm.es\/wp-content\/uploads\/2024\/09\/Logo-AEHM-comunicados-2024.png","datePublished":"2024-09-18T07:46:56+00:00","dateModified":"2024-09-18T14:55:48+00:00","description":"La AEHM comparte la preocupaci\u00f3n expresada por la CEHAT y manifiesta su oposici\u00f3n a esta normativa por el caos que conllevar\u00eda su aplicaci\u00f3n.","breadcrumb":{"@id":"https:\/\/aehm.es\/la-aehm-se-hace-eco-de-la-preocupacion-del-sector-hotelero-madrileno-por-la-entrada-en-vigor-de-la-normativa-de-registro-de-viajeros\/#breadcrumb"},"inLanguage":"en-US","potentialAction":[{"@type":"ReadAction","target":["https:\/\/aehm.es\/la-aehm-se-hace-eco-de-la-preocupacion-del-sector-hotelero-madrileno-por-la-entrada-en-vigor-de-la-normativa-de-registro-de-viajeros\/"]}]},{"@type":"ImageObject","inLanguage":"en-US","@id":"https:\/\/aehm.es\/la-aehm-se-hace-eco-de-la-preocupacion-del-sector-hotelero-madrileno-por-la-entrada-en-vigor-de-la-normativa-de-registro-de-viajeros\/#primaryimage","url":"https:\/\/aehm.es\/wp-content\/uploads\/2024\/09\/Logo-AEHM-comunicados-2024.png","contentUrl":"https:\/\/aehm.es\/wp-content\/uploads\/2024\/09\/Logo-AEHM-comunicados-2024.png","width":810,"height":450},{"@type":"BreadcrumbList","@id":"https:\/\/aehm.es\/la-aehm-se-hace-eco-de-la-preocupacion-del-sector-hotelero-madrileno-por-la-entrada-en-vigor-de-la-normativa-de-registro-de-viajeros\/#breadcrumb","itemListElement":[{"@type":"ListItem","position":1,"name":"Portada","item":"https:\/\/aehm.es\/en\/"},{"@type":"ListItem","position":2,"name":"La AEHM se hace eco de la preocupaci\u00f3n del sector hotelero madrile\u00f1o por la entrada en vigor de la normativa de registro de viajeros"}]},{"@type":"WebSite","@id":"https:\/\/aehm.es\/#website","url":"https:\/\/aehm.es\/","name":"Asociaci\u00f3n Empresarial Hotelera de Madrid","description":"La Asociaci\u00f3n Empresarial Hotelera Madrid est\u00e1 formada por m\u00e1s de 300 establecimientos de todas las categor\u00edas y tipolog\u00edas (hoteles, hostales, hostels, apartamentos\u2026) que suman m\u00e1s de 75.000 plazas de alojamiento.","publisher":{"@id":"https:\/\/aehm.es\/#organization"},"alternateName":"AEHM","potentialAction":[{"@type":"SearchAction","target":{"@type":"EntryPoint","urlTemplate":"https:\/\/aehm.es\/?s={search_term_string}"},"query-input":{"@type":"PropertyValueSpecification","valueRequired":true,"valueName":"search_term_string"}}],"inLanguage":"en-US"},{"@type":"Organization","@id":"https:\/\/aehm.es\/#organization","name":"Asociaci\u00f3n Empresarial Hotelera de Madrid","url":"https:\/\/aehm.es\/","logo":{"@type":"ImageObject","inLanguage":"en-US","@id":"https:\/\/aehm.es\/#\/schema\/logo\/image\/","url":"https:\/\/aehm.es\/wp-content\/uploads\/2021\/11\/Logo_AEHM_Horiz.png","contentUrl":"https:\/\/aehm.es\/wp-content\/uploads\/2021\/11\/Logo_AEHM_Horiz.png","width":600,"height":182,"caption":"Asociaci\u00f3n Empresarial Hotelera de Madrid"},"image":{"@id":"https:\/\/aehm.es\/#\/schema\/logo\/image\/"},"sameAs":["https:\/\/www.instagram.com\/hotelesdemadrid\/","https:\/\/x.com\/HotelesAEHM","https:\/\/www.linkedin.com\/company\/11166072\/"]},{"@type":"Person","@id":"https:\/\/aehm.es\/#\/schema\/person\/fd5e3e1c9d05dbd534fca62425686e5d","name":"Laura","image":{"@type":"ImageObject","inLanguage":"en-US","@id":"https:\/\/secure.gravatar.com\/avatar\/046cea27522659bb6027776644976c0966f174d1033694652f0fb46e5e59507a?s=96&d=mm&r=g","url":"https:\/\/secure.gravatar.com\/avatar\/046cea27522659bb6027776644976c0966f174d1033694652f0fb46e5e59507a?s=96&d=mm&r=g","contentUrl":"https:\/\/secure.gravatar.com\/avatar\/046cea27522659bb6027776644976c0966f174d1033694652f0fb46e5e59507a?s=96&d=mm&r=g","caption":"Laura"},"url":"https:\/\/aehm.es\/en\/author\/laura\/"}]}},"_links":{"self":[{"href":"https:\/\/aehm.es\/en\/wp-json\/wp\/v2\/posts\/19000","targetHints":{"allow":["GET"]}}],"collection":[{"href":"https:\/\/aehm.es\/en\/wp-json\/wp\/v2\/posts"}],"about":[{"href":"https:\/\/aehm.es\/en\/wp-json\/wp\/v2\/types\/post"}],"author":[{"embeddable":true,"href":"https:\/\/aehm.es\/en\/wp-json\/wp\/v2\/users\/19"}],"replies":[{"embeddable":true,"href":"https:\/\/aehm.es\/en\/wp-json\/wp\/v2\/comments?post=19000"}],"version-history":[{"count":2,"href":"https:\/\/aehm.es\/en\/wp-json\/wp\/v2\/posts\/19000\/revisions"}],"predecessor-version":[{"id":19016,"href":"https:\/\/aehm.es\/en\/wp-json\/wp\/v2\/posts\/19000\/revisions\/19016"}],"wp:featuredmedia":[{"embeddable":true,"href":"https:\/\/aehm.es\/en\/wp-json\/wp\/v2\/media\/19014"}],"wp:attachment":[{"href":"https:\/\/aehm.es\/en\/wp-json\/wp\/v2\/media?parent=19000"}],"wp:term":[{"taxonomy":"category","embeddable":true,"href":"https:\/\/aehm.es\/en\/wp-json\/wp\/v2\/categories?post=19000"},{"taxonomy":"post_tag","embeddable":true,"href":"https:\/\/aehm.es\/en\/wp-json\/wp\/v2\/tags?post=19000"}],"curies":[{"name":"wp","href":"https:\/\/api.w.org\/{rel}","templated":true}]}}