{"id":1807,"date":"2012-07-12T16:51:47","date_gmt":"2012-07-12T16:51:47","guid":{"rendered":"http:\/\/www.aehm.es\/?p=1807"},"modified":"2012-07-12T16:51:47","modified_gmt":"2012-07-12T16:51:47","slug":"el-precio-de-los-hoteles-de-madrid-cae-un-2275-en-los-ultimos-cuatro-anos","status":"publish","type":"post","link":"https:\/\/aehm.es\/en\/el-precio-de-los-hoteles-de-madrid-cae-un-2275-en-los-ultimos-cuatro-anos\/","title":{"rendered":"El precio de los hoteles de Madrid cae un 22,75 % en los \u00faltimos cuatro a\u00f1os"},"content":{"rendered":"<p style=\"text-align: center;\"><strong>Se ha paralizado el crecimiento de plazas hoteleras en la capital<\/strong><\/p>\n<p>Madrid, 12 de julio de 2012.- Desde el a\u00f1o 2008, el precio medio de los hoteles de la Comunidad de Madrid ha descendido un 22,75 % y en el primer semestre de 2012 han reducido sus tarifas un 3,20 % respecto al mismo periodo del a\u00f1o anterior. Actualmente, el precio medio de un hotel en Madrid es de 78,36 euros frente a los 101,44 euros de 2008.<\/p>\n<p>La Asociaci\u00f3n Empresarial Hotelera de Madrid (AEHM) explica que durante los primeros seis meses de este a\u00f1o, la ocupaci\u00f3n de los hoteles de la capital ha alcanzado el 65,44%, un 1,34 % por debajo que la cifra alcanzada durante el primer semestre de 2011. Si lo comparamos con 2008, la disminuci\u00f3n de la ocupaci\u00f3n llega al 7,14 %.<\/p>\n<p>El presidente de AEHM, Carlos D\u00edaz, muestra su preocupaci\u00f3n por la ca\u00edda paulatina de precio y de ocupaci\u00f3n y afirma que la soluci\u00f3n para sanear al sector ser\u00eda recuperar el turismo de negocios y potenciar el turismo internacional en Madrid. \u201c La captaci\u00f3n de ferias y la celebraci\u00f3n de congresos en nuestra ciudad ayudar\u00eda a que muchos hoteles de Madrid fueran rentables\u201d.<\/p>\n<p>Respecto al crecimiento de la planta hotelera en la capital, mientras que en el a\u00f1o 2008 fue de 2.777 nuevas habitaciones y supuso un incremento del 6.81%, este a\u00f1o ser\u00e1 de apenas 325 habitaciones (0,5%), pertenecientes a proyectos anteriores a 2009.<\/p>\n<p>Las previsiones apuntan a que este verano, durante los meses de julio a agosto, Madrid iguale su ocupaci\u00f3n a la registrada en 2010 ya que seg\u00fan se\u00f1ala el presidente de la patronal AEHM \u201c El pasado verano fue un a\u00f1o at\u00edpico ya que la visita del Papa atrajo a numerosos visitantes\u201d. Este verano, Madrid no llenar\u00e1 ni la mitad de plazas hoteleras (49,23 %) con un precio medio de 59,36 euros, un 11,25 % por debajo que el verano pasado.<\/p>\n<p>Seg\u00fan un estudio realizado por Valnest Hospitality para AEHM sobre la previsi\u00f3n de ocupaci\u00f3n de julio y agosto en Madrid, este verano se situar\u00e1 por detr\u00e1s de Barcelona, Berl\u00edn, Mil\u00e1n y Viena, ciudades tradicionalmente similares a Madrid en cuanto a oferta y demanda tur\u00edstica.<\/p>\n","protected":false},"excerpt":{"rendered":"<p>Se ha paralizado el crecimiento de plazas hoteleras en la capital Madrid, 12 de julio de 2012.- Desde el a\u00f1o 2008, el precio medio de los hoteles de la Comunidad de Madrid ha descendido un 22,75 % y en el primer semestre de 2012 han reducido sus tarifas un 3,20 % respecto al mismo periodo [&hellip;]<\/p>\n","protected":false},"author":1,"featured_media":10169,"comment_status":"open","ping_status":"open","sticky":false,"template":"","format":"standard","meta":{"footnotes":""},"categories":[1],"tags":[],"class_list":["post-1807","post","type-post","status-publish","format-standard","has-post-thumbnail","hentry","category-actualidad-aehm"],"yoast_head":"<!-- This site is optimized with the Yoast SEO plugin v27.4 - https:\/\/yoast.com\/product\/yoast-seo-wordpress\/ -->\n<title>El precio de los hoteles de Madrid cae un 22,75 % en los \u00faltimos cuatro a\u00f1os - AEHM<\/title>\n<meta name=\"robots\" content=\"index, follow, max-snippet:-1, max-image-preview:large, max-video-preview:-1\" \/>\n<link rel=\"canonical\" href=\"https:\/\/aehm.es\/el-precio-de-los-hoteles-de-madrid-cae-un-2275-en-los-ultimos-cuatro-anos\/\" \/>\n<meta property=\"og:locale\" content=\"en_US\" \/>\n<meta property=\"og:type\" content=\"article\" \/>\n<meta property=\"og:title\" content=\"El precio de los hoteles de Madrid cae un 22,75 % en los \u00faltimos cuatro a\u00f1os - AEHM\" \/>\n<meta property=\"og:description\" content=\"Se ha paralizado el crecimiento de plazas hoteleras en la capital Madrid, 12 de julio de 2012.- Desde el a\u00f1o 2008, el precio medio de los hoteles de la Comunidad de Madrid ha descendido un 22,75 % y en el primer semestre de 2012 han reducido sus tarifas un 3,20 % respecto al mismo periodo [&hellip;]\" \/>\n<meta property=\"og:url\" content=\"https:\/\/aehm.es\/el-precio-de-los-hoteles-de-madrid-cae-un-2275-en-los-ultimos-cuatro-anos\/\" \/>\n<meta property=\"og:site_name\" content=\"AEHM\" \/>\n<meta property=\"article:publisher\" content=\"https:\/\/www.instagram.com\/hotelesdemadrid\/\" \/>\n<meta property=\"article:published_time\" content=\"2012-07-12T16:51:47+00:00\" \/>\n<meta property=\"og:image\" content=\"https:\/\/aehm.es\/wp-content\/uploads\/2016\/12\/Cancelaciones-en-los-hoteles-del-centro-de-Madrid-tras-los-cortes-de-trafico-de-Gran-Via-segun-datos-de-AEHM.jpg\" \/>\n\t<meta property=\"og:image:width\" content=\"1800\" \/>\n\t<meta property=\"og:image:height\" content=\"652\" \/>\n\t<meta property=\"og:image:type\" content=\"image\/jpeg\" \/>\n<meta name=\"author\" content=\"richard\" \/>\n<meta name=\"twitter:card\" content=\"summary_large_image\" \/>\n<meta name=\"twitter:creator\" content=\"@HotelesAEHM\" \/>\n<meta name=\"twitter:site\" content=\"@HotelesAEHM\" \/>\n<meta name=\"twitter:label1\" content=\"Written by\" \/>\n\t<meta name=\"twitter:data1\" content=\"richard\" \/>\n\t<meta name=\"twitter:label2\" content=\"Est. reading time\" \/>\n\t<meta name=\"twitter:data2\" content=\"2 minutes\" \/>\n<script type=\"application\/ld+json\" class=\"yoast-schema-graph\">{\"@context\":\"https:\\\/\\\/schema.org\",\"@graph\":[{\"@type\":\"Article\",\"@id\":\"https:\\\/\\\/aehm.es\\\/el-precio-de-los-hoteles-de-madrid-cae-un-2275-en-los-ultimos-cuatro-anos\\\/#article\",\"isPartOf\":{\"@id\":\"https:\\\/\\\/aehm.es\\\/el-precio-de-los-hoteles-de-madrid-cae-un-2275-en-los-ultimos-cuatro-anos\\\/\"},\"author\":{\"name\":\"richard\",\"@id\":\"https:\\\/\\\/aehm.es\\\/#\\\/schema\\\/person\\\/ca1397f4b0bcee246b58a0278b67a95f\"},\"headline\":\"El precio de los hoteles de Madrid cae un 22,75 % en los \u00faltimos cuatro a\u00f1os\",\"datePublished\":\"2012-07-12T16:51:47+00:00\",\"mainEntityOfPage\":{\"@id\":\"https:\\\/\\\/aehm.es\\\/el-precio-de-los-hoteles-de-madrid-cae-un-2275-en-los-ultimos-cuatro-anos\\\/\"},\"wordCount\":377,\"commentCount\":0,\"publisher\":{\"@id\":\"https:\\\/\\\/aehm.es\\\/#organization\"},\"image\":{\"@id\":\"https:\\\/\\\/aehm.es\\\/el-precio-de-los-hoteles-de-madrid-cae-un-2275-en-los-ultimos-cuatro-anos\\\/#primaryimage\"},\"thumbnailUrl\":\"https:\\\/\\\/aehm.es\\\/wp-content\\\/uploads\\\/2016\\\/12\\\/Cancelaciones-en-los-hoteles-del-centro-de-Madrid-tras-los-cortes-de-trafico-de-Gran-Via-segun-datos-de-AEHM.jpg\",\"articleSection\":[\"Actualidad AEHM\"],\"inLanguage\":\"en-US\",\"potentialAction\":[{\"@type\":\"CommentAction\",\"name\":\"Comment\",\"target\":[\"https:\\\/\\\/aehm.es\\\/el-precio-de-los-hoteles-de-madrid-cae-un-2275-en-los-ultimos-cuatro-anos\\\/#respond\"]}]},{\"@type\":\"WebPage\",\"@id\":\"https:\\\/\\\/aehm.es\\\/el-precio-de-los-hoteles-de-madrid-cae-un-2275-en-los-ultimos-cuatro-anos\\\/\",\"url\":\"https:\\\/\\\/aehm.es\\\/el-precio-de-los-hoteles-de-madrid-cae-un-2275-en-los-ultimos-cuatro-anos\\\/\",\"name\":\"El precio de los hoteles de Madrid cae un 22,75 % en los \u00faltimos cuatro a\u00f1os - AEHM\",\"isPartOf\":{\"@id\":\"https:\\\/\\\/aehm.es\\\/#website\"},\"primaryImageOfPage\":{\"@id\":\"https:\\\/\\\/aehm.es\\\/el-precio-de-los-hoteles-de-madrid-cae-un-2275-en-los-ultimos-cuatro-anos\\\/#primaryimage\"},\"image\":{\"@id\":\"https:\\\/\\\/aehm.es\\\/el-precio-de-los-hoteles-de-madrid-cae-un-2275-en-los-ultimos-cuatro-anos\\\/#primaryimage\"},\"thumbnailUrl\":\"https:\\\/\\\/aehm.es\\\/wp-content\\\/uploads\\\/2016\\\/12\\\/Cancelaciones-en-los-hoteles-del-centro-de-Madrid-tras-los-cortes-de-trafico-de-Gran-Via-segun-datos-de-AEHM.jpg\",\"datePublished\":\"2012-07-12T16:51:47+00:00\",\"breadcrumb\":{\"@id\":\"https:\\\/\\\/aehm.es\\\/el-precio-de-los-hoteles-de-madrid-cae-un-2275-en-los-ultimos-cuatro-anos\\\/#breadcrumb\"},\"inLanguage\":\"en-US\",\"potentialAction\":[{\"@type\":\"ReadAction\",\"target\":[\"https:\\\/\\\/aehm.es\\\/el-precio-de-los-hoteles-de-madrid-cae-un-2275-en-los-ultimos-cuatro-anos\\\/\"]}]},{\"@type\":\"ImageObject\",\"inLanguage\":\"en-US\",\"@id\":\"https:\\\/\\\/aehm.es\\\/el-precio-de-los-hoteles-de-madrid-cae-un-2275-en-los-ultimos-cuatro-anos\\\/#primaryimage\",\"url\":\"https:\\\/\\\/aehm.es\\\/wp-content\\\/uploads\\\/2016\\\/12\\\/Cancelaciones-en-los-hoteles-del-centro-de-Madrid-tras-los-cortes-de-trafico-de-Gran-Via-segun-datos-de-AEHM.jpg\",\"contentUrl\":\"https:\\\/\\\/aehm.es\\\/wp-content\\\/uploads\\\/2016\\\/12\\\/Cancelaciones-en-los-hoteles-del-centro-de-Madrid-tras-los-cortes-de-trafico-de-Gran-Via-segun-datos-de-AEHM.jpg\",\"width\":1800,\"height\":652},{\"@type\":\"BreadcrumbList\",\"@id\":\"https:\\\/\\\/aehm.es\\\/el-precio-de-los-hoteles-de-madrid-cae-un-2275-en-los-ultimos-cuatro-anos\\\/#breadcrumb\",\"itemListElement\":[{\"@type\":\"ListItem\",\"position\":1,\"name\":\"Portada\",\"item\":\"https:\\\/\\\/aehm.es\\\/en\\\/\"},{\"@type\":\"ListItem\",\"position\":2,\"name\":\"El precio de los hoteles de Madrid cae un 22,75 % en los \u00faltimos cuatro a\u00f1os\"}]},{\"@type\":\"WebSite\",\"@id\":\"https:\\\/\\\/aehm.es\\\/#website\",\"url\":\"https:\\\/\\\/aehm.es\\\/\",\"name\":\"Asociaci\u00f3n Empresarial Hotelera de Madrid\",\"description\":\"La Asociaci\u00f3n Empresarial Hotelera Madrid est\u00e1 formada por m\u00e1s de 300 establecimientos de todas las categor\u00edas y tipolog\u00edas (hoteles, hostales, hostels, apartamentos\u2026) que suman m\u00e1s de 75.000 plazas de alojamiento.\",\"publisher\":{\"@id\":\"https:\\\/\\\/aehm.es\\\/#organization\"},\"alternateName\":\"AEHM\",\"potentialAction\":[{\"@type\":\"SearchAction\",\"target\":{\"@type\":\"EntryPoint\",\"urlTemplate\":\"https:\\\/\\\/aehm.es\\\/?s={search_term_string}\"},\"query-input\":{\"@type\":\"PropertyValueSpecification\",\"valueRequired\":true,\"valueName\":\"search_term_string\"}}],\"inLanguage\":\"en-US\"},{\"@type\":\"Organization\",\"@id\":\"https:\\\/\\\/aehm.es\\\/#organization\",\"name\":\"Asociaci\u00f3n Empresarial Hotelera de Madrid\",\"url\":\"https:\\\/\\\/aehm.es\\\/\",\"logo\":{\"@type\":\"ImageObject\",\"inLanguage\":\"en-US\",\"@id\":\"https:\\\/\\\/aehm.es\\\/#\\\/schema\\\/logo\\\/image\\\/\",\"url\":\"https:\\\/\\\/aehm.es\\\/wp-content\\\/uploads\\\/2021\\\/11\\\/Logo_AEHM_Horiz.png\",\"contentUrl\":\"https:\\\/\\\/aehm.es\\\/wp-content\\\/uploads\\\/2021\\\/11\\\/Logo_AEHM_Horiz.png\",\"width\":600,\"height\":182,\"caption\":\"Asociaci\u00f3n Empresarial Hotelera de Madrid\"},\"image\":{\"@id\":\"https:\\\/\\\/aehm.es\\\/#\\\/schema\\\/logo\\\/image\\\/\"},\"sameAs\":[\"https:\\\/\\\/www.instagram.com\\\/hotelesdemadrid\\\/\",\"https:\\\/\\\/x.com\\\/HotelesAEHM\",\"https:\\\/\\\/www.linkedin.com\\\/company\\\/11166072\\\/\"]},{\"@type\":\"Person\",\"@id\":\"https:\\\/\\\/aehm.es\\\/#\\\/schema\\\/person\\\/ca1397f4b0bcee246b58a0278b67a95f\",\"name\":\"richard\",\"image\":{\"@type\":\"ImageObject\",\"inLanguage\":\"en-US\",\"@id\":\"https:\\\/\\\/secure.gravatar.com\\\/avatar\\\/dd2486a811ecc34bf766b7d8b17d0ea76674186c415867af39660e429e20e1a0?s=96&d=mm&r=g\",\"url\":\"https:\\\/\\\/secure.gravatar.com\\\/avatar\\\/dd2486a811ecc34bf766b7d8b17d0ea76674186c415867af39660e429e20e1a0?s=96&d=mm&r=g\",\"contentUrl\":\"https:\\\/\\\/secure.gravatar.com\\\/avatar\\\/dd2486a811ecc34bf766b7d8b17d0ea76674186c415867af39660e429e20e1a0?s=96&d=mm&r=g\",\"caption\":\"richard\"},\"url\":\"https:\\\/\\\/aehm.es\\\/en\\\/author\\\/richard\\\/\"}]}<\/script>\n<!-- \/ Yoast SEO plugin. -->","yoast_head_json":{"title":"El precio de los hoteles de Madrid cae un 22,75 % en los \u00faltimos cuatro a\u00f1os - AEHM","robots":{"index":"index","follow":"follow","max-snippet":"max-snippet:-1","max-image-preview":"max-image-preview:large","max-video-preview":"max-video-preview:-1"},"canonical":"https:\/\/aehm.es\/el-precio-de-los-hoteles-de-madrid-cae-un-2275-en-los-ultimos-cuatro-anos\/","og_locale":"en_US","og_type":"article","og_title":"El precio de los hoteles de Madrid cae un 22,75 % en los \u00faltimos cuatro a\u00f1os - AEHM","og_description":"Se ha paralizado el crecimiento de plazas hoteleras en la capital Madrid, 12 de julio de 2012.- Desde el a\u00f1o 2008, el precio medio de los hoteles de la Comunidad de Madrid ha descendido un 22,75 % y en el primer semestre de 2012 han reducido sus tarifas un 3,20 % respecto al mismo periodo [&hellip;]","og_url":"https:\/\/aehm.es\/el-precio-de-los-hoteles-de-madrid-cae-un-2275-en-los-ultimos-cuatro-anos\/","og_site_name":"AEHM","article_publisher":"https:\/\/www.instagram.com\/hotelesdemadrid\/","article_published_time":"2012-07-12T16:51:47+00:00","og_image":[{"width":1800,"height":652,"url":"https:\/\/aehm.es\/wp-content\/uploads\/2016\/12\/Cancelaciones-en-los-hoteles-del-centro-de-Madrid-tras-los-cortes-de-trafico-de-Gran-Via-segun-datos-de-AEHM.jpg","type":"image\/jpeg"}],"author":"richard","twitter_card":"summary_large_image","twitter_creator":"@HotelesAEHM","twitter_site":"@HotelesAEHM","twitter_misc":{"Written by":"richard","Est. reading time":"2 minutes"},"schema":{"@context":"https:\/\/schema.org","@graph":[{"@type":"Article","@id":"https:\/\/aehm.es\/el-precio-de-los-hoteles-de-madrid-cae-un-2275-en-los-ultimos-cuatro-anos\/#article","isPartOf":{"@id":"https:\/\/aehm.es\/el-precio-de-los-hoteles-de-madrid-cae-un-2275-en-los-ultimos-cuatro-anos\/"},"author":{"name":"richard","@id":"https:\/\/aehm.es\/#\/schema\/person\/ca1397f4b0bcee246b58a0278b67a95f"},"headline":"El precio de los hoteles de Madrid cae un 22,75 % en los \u00faltimos cuatro a\u00f1os","datePublished":"2012-07-12T16:51:47+00:00","mainEntityOfPage":{"@id":"https:\/\/aehm.es\/el-precio-de-los-hoteles-de-madrid-cae-un-2275-en-los-ultimos-cuatro-anos\/"},"wordCount":377,"commentCount":0,"publisher":{"@id":"https:\/\/aehm.es\/#organization"},"image":{"@id":"https:\/\/aehm.es\/el-precio-de-los-hoteles-de-madrid-cae-un-2275-en-los-ultimos-cuatro-anos\/#primaryimage"},"thumbnailUrl":"https:\/\/aehm.es\/wp-content\/uploads\/2016\/12\/Cancelaciones-en-los-hoteles-del-centro-de-Madrid-tras-los-cortes-de-trafico-de-Gran-Via-segun-datos-de-AEHM.jpg","articleSection":["Actualidad AEHM"],"inLanguage":"en-US","potentialAction":[{"@type":"CommentAction","name":"Comment","target":["https:\/\/aehm.es\/el-precio-de-los-hoteles-de-madrid-cae-un-2275-en-los-ultimos-cuatro-anos\/#respond"]}]},{"@type":"WebPage","@id":"https:\/\/aehm.es\/el-precio-de-los-hoteles-de-madrid-cae-un-2275-en-los-ultimos-cuatro-anos\/","url":"https:\/\/aehm.es\/el-precio-de-los-hoteles-de-madrid-cae-un-2275-en-los-ultimos-cuatro-anos\/","name":"El precio de los hoteles de Madrid cae un 22,75 % en los \u00faltimos cuatro a\u00f1os - AEHM","isPartOf":{"@id":"https:\/\/aehm.es\/#website"},"primaryImageOfPage":{"@id":"https:\/\/aehm.es\/el-precio-de-los-hoteles-de-madrid-cae-un-2275-en-los-ultimos-cuatro-anos\/#primaryimage"},"image":{"@id":"https:\/\/aehm.es\/el-precio-de-los-hoteles-de-madrid-cae-un-2275-en-los-ultimos-cuatro-anos\/#primaryimage"},"thumbnailUrl":"https:\/\/aehm.es\/wp-content\/uploads\/2016\/12\/Cancelaciones-en-los-hoteles-del-centro-de-Madrid-tras-los-cortes-de-trafico-de-Gran-Via-segun-datos-de-AEHM.jpg","datePublished":"2012-07-12T16:51:47+00:00","breadcrumb":{"@id":"https:\/\/aehm.es\/el-precio-de-los-hoteles-de-madrid-cae-un-2275-en-los-ultimos-cuatro-anos\/#breadcrumb"},"inLanguage":"en-US","potentialAction":[{"@type":"ReadAction","target":["https:\/\/aehm.es\/el-precio-de-los-hoteles-de-madrid-cae-un-2275-en-los-ultimos-cuatro-anos\/"]}]},{"@type":"ImageObject","inLanguage":"en-US","@id":"https:\/\/aehm.es\/el-precio-de-los-hoteles-de-madrid-cae-un-2275-en-los-ultimos-cuatro-anos\/#primaryimage","url":"https:\/\/aehm.es\/wp-content\/uploads\/2016\/12\/Cancelaciones-en-los-hoteles-del-centro-de-Madrid-tras-los-cortes-de-trafico-de-Gran-Via-segun-datos-de-AEHM.jpg","contentUrl":"https:\/\/aehm.es\/wp-content\/uploads\/2016\/12\/Cancelaciones-en-los-hoteles-del-centro-de-Madrid-tras-los-cortes-de-trafico-de-Gran-Via-segun-datos-de-AEHM.jpg","width":1800,"height":652},{"@type":"BreadcrumbList","@id":"https:\/\/aehm.es\/el-precio-de-los-hoteles-de-madrid-cae-un-2275-en-los-ultimos-cuatro-anos\/#breadcrumb","itemListElement":[{"@type":"ListItem","position":1,"name":"Portada","item":"https:\/\/aehm.es\/en\/"},{"@type":"ListItem","position":2,"name":"El precio de los hoteles de Madrid cae un 22,75 % en los \u00faltimos cuatro a\u00f1os"}]},{"@type":"WebSite","@id":"https:\/\/aehm.es\/#website","url":"https:\/\/aehm.es\/","name":"Asociaci\u00f3n Empresarial Hotelera de Madrid","description":"La Asociaci\u00f3n Empresarial Hotelera Madrid est\u00e1 formada por m\u00e1s de 300 establecimientos de todas las categor\u00edas y tipolog\u00edas (hoteles, hostales, hostels, apartamentos\u2026) que suman m\u00e1s de 75.000 plazas de alojamiento.","publisher":{"@id":"https:\/\/aehm.es\/#organization"},"alternateName":"AEHM","potentialAction":[{"@type":"SearchAction","target":{"@type":"EntryPoint","urlTemplate":"https:\/\/aehm.es\/?s={search_term_string}"},"query-input":{"@type":"PropertyValueSpecification","valueRequired":true,"valueName":"search_term_string"}}],"inLanguage":"en-US"},{"@type":"Organization","@id":"https:\/\/aehm.es\/#organization","name":"Asociaci\u00f3n Empresarial Hotelera de Madrid","url":"https:\/\/aehm.es\/","logo":{"@type":"ImageObject","inLanguage":"en-US","@id":"https:\/\/aehm.es\/#\/schema\/logo\/image\/","url":"https:\/\/aehm.es\/wp-content\/uploads\/2021\/11\/Logo_AEHM_Horiz.png","contentUrl":"https:\/\/aehm.es\/wp-content\/uploads\/2021\/11\/Logo_AEHM_Horiz.png","width":600,"height":182,"caption":"Asociaci\u00f3n Empresarial Hotelera de Madrid"},"image":{"@id":"https:\/\/aehm.es\/#\/schema\/logo\/image\/"},"sameAs":["https:\/\/www.instagram.com\/hotelesdemadrid\/","https:\/\/x.com\/HotelesAEHM","https:\/\/www.linkedin.com\/company\/11166072\/"]},{"@type":"Person","@id":"https:\/\/aehm.es\/#\/schema\/person\/ca1397f4b0bcee246b58a0278b67a95f","name":"richard","image":{"@type":"ImageObject","inLanguage":"en-US","@id":"https:\/\/secure.gravatar.com\/avatar\/dd2486a811ecc34bf766b7d8b17d0ea76674186c415867af39660e429e20e1a0?s=96&d=mm&r=g","url":"https:\/\/secure.gravatar.com\/avatar\/dd2486a811ecc34bf766b7d8b17d0ea76674186c415867af39660e429e20e1a0?s=96&d=mm&r=g","contentUrl":"https:\/\/secure.gravatar.com\/avatar\/dd2486a811ecc34bf766b7d8b17d0ea76674186c415867af39660e429e20e1a0?s=96&d=mm&r=g","caption":"richard"},"url":"https:\/\/aehm.es\/en\/author\/richard\/"}]}},"_links":{"self":[{"href":"https:\/\/aehm.es\/en\/wp-json\/wp\/v2\/posts\/1807","targetHints":{"allow":["GET"]}}],"collection":[{"href":"https:\/\/aehm.es\/en\/wp-json\/wp\/v2\/posts"}],"about":[{"href":"https:\/\/aehm.es\/en\/wp-json\/wp\/v2\/types\/post"}],"author":[{"embeddable":true,"href":"https:\/\/aehm.es\/en\/wp-json\/wp\/v2\/users\/1"}],"replies":[{"embeddable":true,"href":"https:\/\/aehm.es\/en\/wp-json\/wp\/v2\/comments?post=1807"}],"version-history":[{"count":0,"href":"https:\/\/aehm.es\/en\/wp-json\/wp\/v2\/posts\/1807\/revisions"}],"wp:featuredmedia":[{"embeddable":true,"href":"https:\/\/aehm.es\/en\/wp-json\/wp\/v2\/media\/10169"}],"wp:attachment":[{"href":"https:\/\/aehm.es\/en\/wp-json\/wp\/v2\/media?parent=1807"}],"wp:term":[{"taxonomy":"category","embeddable":true,"href":"https:\/\/aehm.es\/en\/wp-json\/wp\/v2\/categories?post=1807"},{"taxonomy":"post_tag","embeddable":true,"href":"https:\/\/aehm.es\/en\/wp-json\/wp\/v2\/tags?post=1807"}],"curies":[{"name":"wp","href":"https:\/\/api.w.org\/{rel}","templated":true}]}}