{"id":170,"date":"2016-11-08T11:28:22","date_gmt":"2016-11-08T11:28:22","guid":{"rendered":"http:\/\/www.aehm.es\/?p=170"},"modified":"2016-11-08T11:28:22","modified_gmt":"2016-11-08T11:28:22","slug":"los-hoteleros-de-madrid-impulsaran-el-relevo-solemne-de-la-guardia-real-como-evento-cultural-de-la-region","status":"publish","type":"post","link":"https:\/\/aehm.es\/en\/los-hoteleros-de-madrid-impulsaran-el-relevo-solemne-de-la-guardia-real-como-evento-cultural-de-la-region\/","title":{"rendered":"Los hoteleros de Madrid impulsar\u00e1n el Relevo Solemne de la Guardia Real como evento cultural de la regi\u00f3n"},"content":{"rendered":"<p>Madrid, 8 de noviembre de 2016.- La Asociaci\u00f3n Empresarial Hotelera de Madrid (AEHM) ha mostrado su apoyo al Relevo Solemne de la Guardia Real como acto cultural que aporta un gran valor a la regi\u00f3n pero que no es \u201clo suficientemente conocido\u201d por los turistas que visitan la capital. As\u00ed, lo ha manifestado su presidente, Gabriel Garc\u00eda, durante un encuentro que mantuvo con el jefe del Cuarto Militar de la Casa Real, Juan Ruiz Casas, y al que tambi\u00e9n asistieron parte del comit\u00e9 ejecutivo de la AEHM\u00a0 y representantes de Patrimonio.<\/p>\n<p>El relevo de guardia, que tiene lugar los primeros mi\u00e9rcoles de cada mes a las 12.00 horas en la Plaza de la Armer\u00eda del Palacio Real, se caracteriza por la gran cantidad de efectivos que desfilan, desde lanceros y alabarderos a compa\u00f1\u00edas de fusiles, militares a cargo de piezas de artiller\u00eda o carrillos de munici\u00f3n. En total, 400 personas y 100 caballos que escenifican el relevo tal y como se hac\u00eda en tiempos de los reyes Alfonso XII y Alfonso XIII, con los uniformes de entonces.<\/p>\n<p>\u201cEl Relevo Solemne de Guardia Real es un evento impresionante que nos traslada en el tiempo y que todas aquellas que visitan la Comunidad de Madrid deber\u00edan ver al menos una vez en la vida\u201d, ha se\u00f1alado el presidente de la AEHM, Gabriel Garc\u00eda.<\/p>\n<p>\u201cLos hoteleros de Madrid nos comprometemos a promocionar este evento cultural tanto dentro como fuera de nuestras fronteras. Madrid es una regi\u00f3n con una oferta cultural inigualable pero no lo suficientemente promocionada\u201d, ha concluido<\/p>\n","protected":false},"excerpt":{"rendered":"<p>Madrid, 8 de noviembre de 2016.- La Asociaci\u00f3n Empresarial Hotelera de Madrid (AEHM) ha mostrado su apoyo al Relevo Solemne de la Guardia Real como acto cultural que aporta un gran valor a la regi\u00f3n pero que no es \u201clo suficientemente conocido\u201d por los turistas que visitan la capital. As\u00ed, lo ha manifestado su presidente, [&hellip;]<\/p>\n","protected":false},"author":1,"featured_media":10158,"comment_status":"open","ping_status":"open","sticky":false,"template":"","format":"standard","meta":{"footnotes":""},"categories":[1],"tags":[],"class_list":["post-170","post","type-post","status-publish","format-standard","has-post-thumbnail","hentry","category-actualidad-aehm"],"yoast_head":"<!-- This site is optimized with the Yoast SEO plugin v27.5 - https:\/\/yoast.com\/product\/yoast-seo-wordpress\/ -->\n<title>Los hoteleros de Madrid impulsar\u00e1n el Relevo Solemne de la Guardia Real como evento cultural de la regi\u00f3n - AEHM<\/title>\n<meta name=\"robots\" content=\"index, follow, max-snippet:-1, max-image-preview:large, max-video-preview:-1\" \/>\n<link rel=\"canonical\" href=\"https:\/\/aehm.es\/los-hoteleros-de-madrid-impulsaran-el-relevo-solemne-de-la-guardia-real-como-evento-cultural-de-la-region\/\" \/>\n<meta property=\"og:locale\" content=\"en_US\" \/>\n<meta property=\"og:type\" content=\"article\" \/>\n<meta property=\"og:title\" content=\"Los hoteleros de Madrid impulsar\u00e1n el Relevo Solemne de la Guardia Real como evento cultural de la regi\u00f3n - AEHM\" \/>\n<meta property=\"og:description\" content=\"Madrid, 8 de noviembre de 2016.- La Asociaci\u00f3n Empresarial Hotelera de Madrid (AEHM) ha mostrado su apoyo al Relevo Solemne de la Guardia Real como acto cultural que aporta un gran valor a la regi\u00f3n pero que no es \u201clo suficientemente conocido\u201d por los turistas que visitan la capital. As\u00ed, lo ha manifestado su presidente, [&hellip;]\" \/>\n<meta property=\"og:url\" content=\"https:\/\/aehm.es\/los-hoteleros-de-madrid-impulsaran-el-relevo-solemne-de-la-guardia-real-como-evento-cultural-de-la-region\/\" \/>\n<meta property=\"og:site_name\" content=\"AEHM\" \/>\n<meta property=\"article:publisher\" content=\"https:\/\/www.instagram.com\/hotelesdemadrid\/\" \/>\n<meta property=\"article:published_time\" content=\"2016-11-08T11:28:22+00:00\" \/>\n<meta property=\"og:image\" content=\"https:\/\/aehm.es\/wp-content\/uploads\/2017\/06\/Los-hoteleros-de-Madrid-impulsaran-el-Relevo-Solemne-de-la-Guardia-Real-como-evento-cultural-de-la-region-1.jpg\" \/>\n\t<meta property=\"og:image:width\" content=\"1200\" \/>\n\t<meta property=\"og:image:height\" content=\"900\" \/>\n\t<meta property=\"og:image:type\" content=\"image\/jpeg\" \/>\n<meta name=\"author\" content=\"richard\" \/>\n<meta name=\"twitter:card\" content=\"summary_large_image\" \/>\n<meta name=\"twitter:creator\" content=\"@HotelesAEHM\" \/>\n<meta name=\"twitter:site\" content=\"@HotelesAEHM\" \/>\n<meta name=\"twitter:label1\" content=\"Written by\" \/>\n\t<meta name=\"twitter:data1\" content=\"richard\" \/>\n\t<meta name=\"twitter:label2\" content=\"Est. reading time\" \/>\n\t<meta name=\"twitter:data2\" content=\"1 minute\" \/>\n<script type=\"application\/ld+json\" class=\"yoast-schema-graph\">{\"@context\":\"https:\\\/\\\/schema.org\",\"@graph\":[{\"@type\":\"Article\",\"@id\":\"https:\\\/\\\/aehm.es\\\/los-hoteleros-de-madrid-impulsaran-el-relevo-solemne-de-la-guardia-real-como-evento-cultural-de-la-region\\\/#article\",\"isPartOf\":{\"@id\":\"https:\\\/\\\/aehm.es\\\/los-hoteleros-de-madrid-impulsaran-el-relevo-solemne-de-la-guardia-real-como-evento-cultural-de-la-region\\\/\"},\"author\":{\"name\":\"richard\",\"@id\":\"https:\\\/\\\/aehm.es\\\/#\\\/schema\\\/person\\\/ca1397f4b0bcee246b58a0278b67a95f\"},\"headline\":\"Los hoteleros de Madrid impulsar\u00e1n el Relevo Solemne de la Guardia Real como evento cultural de la regi\u00f3n\",\"datePublished\":\"2016-11-08T11:28:22+00:00\",\"mainEntityOfPage\":{\"@id\":\"https:\\\/\\\/aehm.es\\\/los-hoteleros-de-madrid-impulsaran-el-relevo-solemne-de-la-guardia-real-como-evento-cultural-de-la-region\\\/\"},\"wordCount\":285,\"commentCount\":0,\"publisher\":{\"@id\":\"https:\\\/\\\/aehm.es\\\/#organization\"},\"image\":{\"@id\":\"https:\\\/\\\/aehm.es\\\/los-hoteleros-de-madrid-impulsaran-el-relevo-solemne-de-la-guardia-real-como-evento-cultural-de-la-region\\\/#primaryimage\"},\"thumbnailUrl\":\"https:\\\/\\\/aehm.es\\\/wp-content\\\/uploads\\\/2017\\\/06\\\/Los-hoteleros-de-Madrid-impulsaran-el-Relevo-Solemne-de-la-Guardia-Real-como-evento-cultural-de-la-region-1.jpg\",\"articleSection\":[\"Actualidad AEHM\"],\"inLanguage\":\"en-US\",\"potentialAction\":[{\"@type\":\"CommentAction\",\"name\":\"Comment\",\"target\":[\"https:\\\/\\\/aehm.es\\\/los-hoteleros-de-madrid-impulsaran-el-relevo-solemne-de-la-guardia-real-como-evento-cultural-de-la-region\\\/#respond\"]}]},{\"@type\":\"WebPage\",\"@id\":\"https:\\\/\\\/aehm.es\\\/los-hoteleros-de-madrid-impulsaran-el-relevo-solemne-de-la-guardia-real-como-evento-cultural-de-la-region\\\/\",\"url\":\"https:\\\/\\\/aehm.es\\\/los-hoteleros-de-madrid-impulsaran-el-relevo-solemne-de-la-guardia-real-como-evento-cultural-de-la-region\\\/\",\"name\":\"Los hoteleros de Madrid impulsar\u00e1n el Relevo Solemne de la Guardia Real como evento cultural de la regi\u00f3n - AEHM\",\"isPartOf\":{\"@id\":\"https:\\\/\\\/aehm.es\\\/#website\"},\"primaryImageOfPage\":{\"@id\":\"https:\\\/\\\/aehm.es\\\/los-hoteleros-de-madrid-impulsaran-el-relevo-solemne-de-la-guardia-real-como-evento-cultural-de-la-region\\\/#primaryimage\"},\"image\":{\"@id\":\"https:\\\/\\\/aehm.es\\\/los-hoteleros-de-madrid-impulsaran-el-relevo-solemne-de-la-guardia-real-como-evento-cultural-de-la-region\\\/#primaryimage\"},\"thumbnailUrl\":\"https:\\\/\\\/aehm.es\\\/wp-content\\\/uploads\\\/2017\\\/06\\\/Los-hoteleros-de-Madrid-impulsaran-el-Relevo-Solemne-de-la-Guardia-Real-como-evento-cultural-de-la-region-1.jpg\",\"datePublished\":\"2016-11-08T11:28:22+00:00\",\"breadcrumb\":{\"@id\":\"https:\\\/\\\/aehm.es\\\/los-hoteleros-de-madrid-impulsaran-el-relevo-solemne-de-la-guardia-real-como-evento-cultural-de-la-region\\\/#breadcrumb\"},\"inLanguage\":\"en-US\",\"potentialAction\":[{\"@type\":\"ReadAction\",\"target\":[\"https:\\\/\\\/aehm.es\\\/los-hoteleros-de-madrid-impulsaran-el-relevo-solemne-de-la-guardia-real-como-evento-cultural-de-la-region\\\/\"]}]},{\"@type\":\"ImageObject\",\"inLanguage\":\"en-US\",\"@id\":\"https:\\\/\\\/aehm.es\\\/los-hoteleros-de-madrid-impulsaran-el-relevo-solemne-de-la-guardia-real-como-evento-cultural-de-la-region\\\/#primaryimage\",\"url\":\"https:\\\/\\\/aehm.es\\\/wp-content\\\/uploads\\\/2017\\\/06\\\/Los-hoteleros-de-Madrid-impulsaran-el-Relevo-Solemne-de-la-Guardia-Real-como-evento-cultural-de-la-region-1.jpg\",\"contentUrl\":\"https:\\\/\\\/aehm.es\\\/wp-content\\\/uploads\\\/2017\\\/06\\\/Los-hoteleros-de-Madrid-impulsaran-el-Relevo-Solemne-de-la-Guardia-Real-como-evento-cultural-de-la-region-1.jpg\",\"width\":1200,\"height\":900},{\"@type\":\"BreadcrumbList\",\"@id\":\"https:\\\/\\\/aehm.es\\\/los-hoteleros-de-madrid-impulsaran-el-relevo-solemne-de-la-guardia-real-como-evento-cultural-de-la-region\\\/#breadcrumb\",\"itemListElement\":[{\"@type\":\"ListItem\",\"position\":1,\"name\":\"Portada\",\"item\":\"https:\\\/\\\/aehm.es\\\/en\\\/\"},{\"@type\":\"ListItem\",\"position\":2,\"name\":\"Los hoteleros de Madrid impulsar\u00e1n el Relevo Solemne de la Guardia Real como evento cultural de la regi\u00f3n\"}]},{\"@type\":\"WebSite\",\"@id\":\"https:\\\/\\\/aehm.es\\\/#website\",\"url\":\"https:\\\/\\\/aehm.es\\\/\",\"name\":\"Asociaci\u00f3n Empresarial Hotelera de Madrid\",\"description\":\"La Asociaci\u00f3n Empresarial Hotelera Madrid est\u00e1 formada por m\u00e1s de 300 establecimientos de todas las categor\u00edas y tipolog\u00edas (hoteles, hostales, hostels, apartamentos\u2026) que suman m\u00e1s de 75.000 plazas de alojamiento.\",\"publisher\":{\"@id\":\"https:\\\/\\\/aehm.es\\\/#organization\"},\"alternateName\":\"AEHM\",\"potentialAction\":[{\"@type\":\"SearchAction\",\"target\":{\"@type\":\"EntryPoint\",\"urlTemplate\":\"https:\\\/\\\/aehm.es\\\/?s={search_term_string}\"},\"query-input\":{\"@type\":\"PropertyValueSpecification\",\"valueRequired\":true,\"valueName\":\"search_term_string\"}}],\"inLanguage\":\"en-US\"},{\"@type\":\"Organization\",\"@id\":\"https:\\\/\\\/aehm.es\\\/#organization\",\"name\":\"Asociaci\u00f3n Empresarial Hotelera de Madrid\",\"url\":\"https:\\\/\\\/aehm.es\\\/\",\"logo\":{\"@type\":\"ImageObject\",\"inLanguage\":\"en-US\",\"@id\":\"https:\\\/\\\/aehm.es\\\/#\\\/schema\\\/logo\\\/image\\\/\",\"url\":\"https:\\\/\\\/aehm.es\\\/wp-content\\\/uploads\\\/2021\\\/11\\\/Logo_AEHM_Horiz.png\",\"contentUrl\":\"https:\\\/\\\/aehm.es\\\/wp-content\\\/uploads\\\/2021\\\/11\\\/Logo_AEHM_Horiz.png\",\"width\":600,\"height\":182,\"caption\":\"Asociaci\u00f3n Empresarial Hotelera de Madrid\"},\"image\":{\"@id\":\"https:\\\/\\\/aehm.es\\\/#\\\/schema\\\/logo\\\/image\\\/\"},\"sameAs\":[\"https:\\\/\\\/www.instagram.com\\\/hotelesdemadrid\\\/\",\"https:\\\/\\\/x.com\\\/HotelesAEHM\",\"https:\\\/\\\/www.linkedin.com\\\/company\\\/11166072\\\/\"]},{\"@type\":\"Person\",\"@id\":\"https:\\\/\\\/aehm.es\\\/#\\\/schema\\\/person\\\/ca1397f4b0bcee246b58a0278b67a95f\",\"name\":\"richard\",\"image\":{\"@type\":\"ImageObject\",\"inLanguage\":\"en-US\",\"@id\":\"https:\\\/\\\/secure.gravatar.com\\\/avatar\\\/dd2486a811ecc34bf766b7d8b17d0ea76674186c415867af39660e429e20e1a0?s=96&d=mm&r=g\",\"url\":\"https:\\\/\\\/secure.gravatar.com\\\/avatar\\\/dd2486a811ecc34bf766b7d8b17d0ea76674186c415867af39660e429e20e1a0?s=96&d=mm&r=g\",\"contentUrl\":\"https:\\\/\\\/secure.gravatar.com\\\/avatar\\\/dd2486a811ecc34bf766b7d8b17d0ea76674186c415867af39660e429e20e1a0?s=96&d=mm&r=g\",\"caption\":\"richard\"},\"url\":\"https:\\\/\\\/aehm.es\\\/en\\\/author\\\/richard\\\/\"}]}<\/script>\n<!-- \/ Yoast SEO plugin. -->","yoast_head_json":{"title":"Los hoteleros de Madrid impulsar\u00e1n el Relevo Solemne de la Guardia Real como evento cultural de la regi\u00f3n - AEHM","robots":{"index":"index","follow":"follow","max-snippet":"max-snippet:-1","max-image-preview":"max-image-preview:large","max-video-preview":"max-video-preview:-1"},"canonical":"https:\/\/aehm.es\/los-hoteleros-de-madrid-impulsaran-el-relevo-solemne-de-la-guardia-real-como-evento-cultural-de-la-region\/","og_locale":"en_US","og_type":"article","og_title":"Los hoteleros de Madrid impulsar\u00e1n el Relevo Solemne de la Guardia Real como evento cultural de la regi\u00f3n - AEHM","og_description":"Madrid, 8 de noviembre de 2016.- La Asociaci\u00f3n Empresarial Hotelera de Madrid (AEHM) ha mostrado su apoyo al Relevo Solemne de la Guardia Real como acto cultural que aporta un gran valor a la regi\u00f3n pero que no es \u201clo suficientemente conocido\u201d por los turistas que visitan la capital. As\u00ed, lo ha manifestado su presidente, [&hellip;]","og_url":"https:\/\/aehm.es\/los-hoteleros-de-madrid-impulsaran-el-relevo-solemne-de-la-guardia-real-como-evento-cultural-de-la-region\/","og_site_name":"AEHM","article_publisher":"https:\/\/www.instagram.com\/hotelesdemadrid\/","article_published_time":"2016-11-08T11:28:22+00:00","og_image":[{"width":1200,"height":900,"url":"https:\/\/aehm.es\/wp-content\/uploads\/2017\/06\/Los-hoteleros-de-Madrid-impulsaran-el-Relevo-Solemne-de-la-Guardia-Real-como-evento-cultural-de-la-region-1.jpg","type":"image\/jpeg"}],"author":"richard","twitter_card":"summary_large_image","twitter_creator":"@HotelesAEHM","twitter_site":"@HotelesAEHM","twitter_misc":{"Written by":"richard","Est. reading time":"1 minute"},"schema":{"@context":"https:\/\/schema.org","@graph":[{"@type":"Article","@id":"https:\/\/aehm.es\/los-hoteleros-de-madrid-impulsaran-el-relevo-solemne-de-la-guardia-real-como-evento-cultural-de-la-region\/#article","isPartOf":{"@id":"https:\/\/aehm.es\/los-hoteleros-de-madrid-impulsaran-el-relevo-solemne-de-la-guardia-real-como-evento-cultural-de-la-region\/"},"author":{"name":"richard","@id":"https:\/\/aehm.es\/#\/schema\/person\/ca1397f4b0bcee246b58a0278b67a95f"},"headline":"Los hoteleros de Madrid impulsar\u00e1n el Relevo Solemne de la Guardia Real como evento cultural de la regi\u00f3n","datePublished":"2016-11-08T11:28:22+00:00","mainEntityOfPage":{"@id":"https:\/\/aehm.es\/los-hoteleros-de-madrid-impulsaran-el-relevo-solemne-de-la-guardia-real-como-evento-cultural-de-la-region\/"},"wordCount":285,"commentCount":0,"publisher":{"@id":"https:\/\/aehm.es\/#organization"},"image":{"@id":"https:\/\/aehm.es\/los-hoteleros-de-madrid-impulsaran-el-relevo-solemne-de-la-guardia-real-como-evento-cultural-de-la-region\/#primaryimage"},"thumbnailUrl":"https:\/\/aehm.es\/wp-content\/uploads\/2017\/06\/Los-hoteleros-de-Madrid-impulsaran-el-Relevo-Solemne-de-la-Guardia-Real-como-evento-cultural-de-la-region-1.jpg","articleSection":["Actualidad AEHM"],"inLanguage":"en-US","potentialAction":[{"@type":"CommentAction","name":"Comment","target":["https:\/\/aehm.es\/los-hoteleros-de-madrid-impulsaran-el-relevo-solemne-de-la-guardia-real-como-evento-cultural-de-la-region\/#respond"]}]},{"@type":"WebPage","@id":"https:\/\/aehm.es\/los-hoteleros-de-madrid-impulsaran-el-relevo-solemne-de-la-guardia-real-como-evento-cultural-de-la-region\/","url":"https:\/\/aehm.es\/los-hoteleros-de-madrid-impulsaran-el-relevo-solemne-de-la-guardia-real-como-evento-cultural-de-la-region\/","name":"Los hoteleros de Madrid impulsar\u00e1n el Relevo Solemne de la Guardia Real como evento cultural de la regi\u00f3n - AEHM","isPartOf":{"@id":"https:\/\/aehm.es\/#website"},"primaryImageOfPage":{"@id":"https:\/\/aehm.es\/los-hoteleros-de-madrid-impulsaran-el-relevo-solemne-de-la-guardia-real-como-evento-cultural-de-la-region\/#primaryimage"},"image":{"@id":"https:\/\/aehm.es\/los-hoteleros-de-madrid-impulsaran-el-relevo-solemne-de-la-guardia-real-como-evento-cultural-de-la-region\/#primaryimage"},"thumbnailUrl":"https:\/\/aehm.es\/wp-content\/uploads\/2017\/06\/Los-hoteleros-de-Madrid-impulsaran-el-Relevo-Solemne-de-la-Guardia-Real-como-evento-cultural-de-la-region-1.jpg","datePublished":"2016-11-08T11:28:22+00:00","breadcrumb":{"@id":"https:\/\/aehm.es\/los-hoteleros-de-madrid-impulsaran-el-relevo-solemne-de-la-guardia-real-como-evento-cultural-de-la-region\/#breadcrumb"},"inLanguage":"en-US","potentialAction":[{"@type":"ReadAction","target":["https:\/\/aehm.es\/los-hoteleros-de-madrid-impulsaran-el-relevo-solemne-de-la-guardia-real-como-evento-cultural-de-la-region\/"]}]},{"@type":"ImageObject","inLanguage":"en-US","@id":"https:\/\/aehm.es\/los-hoteleros-de-madrid-impulsaran-el-relevo-solemne-de-la-guardia-real-como-evento-cultural-de-la-region\/#primaryimage","url":"https:\/\/aehm.es\/wp-content\/uploads\/2017\/06\/Los-hoteleros-de-Madrid-impulsaran-el-Relevo-Solemne-de-la-Guardia-Real-como-evento-cultural-de-la-region-1.jpg","contentUrl":"https:\/\/aehm.es\/wp-content\/uploads\/2017\/06\/Los-hoteleros-de-Madrid-impulsaran-el-Relevo-Solemne-de-la-Guardia-Real-como-evento-cultural-de-la-region-1.jpg","width":1200,"height":900},{"@type":"BreadcrumbList","@id":"https:\/\/aehm.es\/los-hoteleros-de-madrid-impulsaran-el-relevo-solemne-de-la-guardia-real-como-evento-cultural-de-la-region\/#breadcrumb","itemListElement":[{"@type":"ListItem","position":1,"name":"Portada","item":"https:\/\/aehm.es\/en\/"},{"@type":"ListItem","position":2,"name":"Los hoteleros de Madrid impulsar\u00e1n el Relevo Solemne de la Guardia Real como evento cultural de la regi\u00f3n"}]},{"@type":"WebSite","@id":"https:\/\/aehm.es\/#website","url":"https:\/\/aehm.es\/","name":"Asociaci\u00f3n Empresarial Hotelera de Madrid","description":"La Asociaci\u00f3n Empresarial Hotelera Madrid est\u00e1 formada por m\u00e1s de 300 establecimientos de todas las categor\u00edas y tipolog\u00edas (hoteles, hostales, hostels, apartamentos\u2026) que suman m\u00e1s de 75.000 plazas de alojamiento.","publisher":{"@id":"https:\/\/aehm.es\/#organization"},"alternateName":"AEHM","potentialAction":[{"@type":"SearchAction","target":{"@type":"EntryPoint","urlTemplate":"https:\/\/aehm.es\/?s={search_term_string}"},"query-input":{"@type":"PropertyValueSpecification","valueRequired":true,"valueName":"search_term_string"}}],"inLanguage":"en-US"},{"@type":"Organization","@id":"https:\/\/aehm.es\/#organization","name":"Asociaci\u00f3n Empresarial Hotelera de Madrid","url":"https:\/\/aehm.es\/","logo":{"@type":"ImageObject","inLanguage":"en-US","@id":"https:\/\/aehm.es\/#\/schema\/logo\/image\/","url":"https:\/\/aehm.es\/wp-content\/uploads\/2021\/11\/Logo_AEHM_Horiz.png","contentUrl":"https:\/\/aehm.es\/wp-content\/uploads\/2021\/11\/Logo_AEHM_Horiz.png","width":600,"height":182,"caption":"Asociaci\u00f3n Empresarial Hotelera de Madrid"},"image":{"@id":"https:\/\/aehm.es\/#\/schema\/logo\/image\/"},"sameAs":["https:\/\/www.instagram.com\/hotelesdemadrid\/","https:\/\/x.com\/HotelesAEHM","https:\/\/www.linkedin.com\/company\/11166072\/"]},{"@type":"Person","@id":"https:\/\/aehm.es\/#\/schema\/person\/ca1397f4b0bcee246b58a0278b67a95f","name":"richard","image":{"@type":"ImageObject","inLanguage":"en-US","@id":"https:\/\/secure.gravatar.com\/avatar\/dd2486a811ecc34bf766b7d8b17d0ea76674186c415867af39660e429e20e1a0?s=96&d=mm&r=g","url":"https:\/\/secure.gravatar.com\/avatar\/dd2486a811ecc34bf766b7d8b17d0ea76674186c415867af39660e429e20e1a0?s=96&d=mm&r=g","contentUrl":"https:\/\/secure.gravatar.com\/avatar\/dd2486a811ecc34bf766b7d8b17d0ea76674186c415867af39660e429e20e1a0?s=96&d=mm&r=g","caption":"richard"},"url":"https:\/\/aehm.es\/en\/author\/richard\/"}]}},"_links":{"self":[{"href":"https:\/\/aehm.es\/en\/wp-json\/wp\/v2\/posts\/170","targetHints":{"allow":["GET"]}}],"collection":[{"href":"https:\/\/aehm.es\/en\/wp-json\/wp\/v2\/posts"}],"about":[{"href":"https:\/\/aehm.es\/en\/wp-json\/wp\/v2\/types\/post"}],"author":[{"embeddable":true,"href":"https:\/\/aehm.es\/en\/wp-json\/wp\/v2\/users\/1"}],"replies":[{"embeddable":true,"href":"https:\/\/aehm.es\/en\/wp-json\/wp\/v2\/comments?post=170"}],"version-history":[{"count":0,"href":"https:\/\/aehm.es\/en\/wp-json\/wp\/v2\/posts\/170\/revisions"}],"wp:featuredmedia":[{"embeddable":true,"href":"https:\/\/aehm.es\/en\/wp-json\/wp\/v2\/media\/10158"}],"wp:attachment":[{"href":"https:\/\/aehm.es\/en\/wp-json\/wp\/v2\/media?parent=170"}],"wp:term":[{"taxonomy":"category","embeddable":true,"href":"https:\/\/aehm.es\/en\/wp-json\/wp\/v2\/categories?post=170"},{"taxonomy":"post_tag","embeddable":true,"href":"https:\/\/aehm.es\/en\/wp-json\/wp\/v2\/tags?post=170"}],"curies":[{"name":"wp","href":"https:\/\/api.w.org\/{rel}","templated":true}]}}