{"id":15780,"date":"2023-05-03T10:43:51","date_gmt":"2023-05-03T10:43:51","guid":{"rendered":"https:\/\/aehm.es\/?p=15780"},"modified":"2023-05-03T10:45:40","modified_gmt":"2023-05-03T10:45:40","slug":"los-hoteles-madrilenos-registran-el-93-de-ocupacion-hotelera-durante-el-puente-de-mayo-2023","status":"publish","type":"post","link":"https:\/\/aehm.es\/en\/los-hoteles-madrilenos-registran-el-93-de-ocupacion-hotelera-durante-el-puente-de-mayo-2023\/","title":{"rendered":"Los hoteles madrile\u00f1os registran el 93% de ocupaci\u00f3n hotelera durante el puente de mayo 2023"},"content":{"rendered":"<ul>\n<li><strong>La <\/strong><strong>Asociaci\u00f3n Empresarial Hotelera de Madrid (AEHM) ha recogido esta media a lo largo del puente de mayo, del viernes 28 de abril al lunes 1 de mayo<\/strong><\/li>\n<\/ul>\n<p><strong>\u00a0<\/strong><\/p>\n<p><strong><em>Madrid, 03 mayo del 2023.- <\/em><\/strong><strong>Los hoteles de la Comunidad de Madrid han alcanzado una ocupaci\u00f3n hotelera media del 93% a lo largo del puente de mayo, seg\u00fan ha registrado una encuesta realizada por la Asociaci\u00f3n Empresarial Hotelera de Madrid (AEHM). <\/strong><\/p>\n<p><strong>Los datos han superado con \u00e9xito las previsiones del 82% para esta festividad. Asimismo, estas cifras han superado los datos prepandemia.<\/strong><\/p>\n<p>De estos datos, el <strong>55%<\/strong> de turistas durante estos d\u00edas han sido <strong>nacionales<\/strong> y el <strong>45%<\/strong>, <strong>internacionales <\/strong>procedentes, sobre todo, de <strong>Italia, Francia, Reino Unido, Estados Unidos y M\u00e9xico<\/strong>, entre otros pa\u00edses.<\/p>\n<p>La<strong> vicepresidenta ejecutiva de AEHM, Mar de Miguel<\/strong> ha expresado que \u201cdesde la Asociaci\u00f3n celebramos con \u00e9xito la alta ocupaci\u00f3n que ha habido durante este puente festivo en nuestro destino, ha superado las expectativas\u201d. Adem\u00e1s, ha a\u00f1adido que \u201cestos datos son un claro reflejo de que Madrid se consolida como uno de destinos preferidos tanto por visitantes naciones como internacionales\u201d.<\/p>\n","protected":false},"excerpt":{"rendered":"<p>La Asociaci\u00f3n Empresarial Hotelera de Madrid (AEHM) ha recogido esta media a lo largo del puente de mayo, del viernes 28 de abril al lunes 1 de mayo \u00a0 Madrid, 03 mayo del 2023.- Los hoteles de la Comunidad de Madrid han alcanzado una ocupaci\u00f3n hotelera media del 93% a lo largo del puente de [&hellip;]<\/p>\n","protected":false},"author":15,"featured_media":15781,"comment_status":"open","ping_status":"open","sticky":false,"template":"","format":"standard","meta":{"footnotes":""},"categories":[1],"tags":[],"class_list":["post-15780","post","type-post","status-publish","format-standard","has-post-thumbnail","hentry","category-actualidad-aehm"],"yoast_head":"<!-- This site is optimized with the Yoast SEO plugin v27.5 - https:\/\/yoast.com\/product\/yoast-seo-wordpress\/ -->\n<title>Los hoteles madrile\u00f1os registran el 93% de ocupaci\u00f3n hotelera durante el puente de mayo 2023 - AEHM<\/title>\n<meta name=\"description\" content=\"La Asociaci\u00f3n Empresarial Hotelera de Madrid (AEHM) ha recogido esta media a lo largo del puente de mayo, del viernes 28 de abril al lunes 1 de mayo\" \/>\n<meta name=\"robots\" content=\"index, follow, max-snippet:-1, max-image-preview:large, max-video-preview:-1\" \/>\n<link rel=\"canonical\" href=\"https:\/\/aehm.es\/los-hoteles-madrilenos-registran-el-93-de-ocupacion-hotelera-durante-el-puente-de-mayo-2023\/\" \/>\n<meta property=\"og:locale\" content=\"en_US\" \/>\n<meta property=\"og:type\" content=\"article\" \/>\n<meta property=\"og:title\" content=\"Los hoteles madrile\u00f1os registran el 93% de ocupaci\u00f3n hotelera durante el puente de mayo 2023\" \/>\n<meta property=\"og:description\" content=\"La Asociaci\u00f3n Empresarial Hotelera de Madrid (AEHM) ha recogido esta media a lo largo del puente de mayo, del viernes 28 de abril al lunes 1 de mayo\" \/>\n<meta property=\"og:url\" content=\"https:\/\/aehm.es\/los-hoteles-madrilenos-registran-el-93-de-ocupacion-hotelera-durante-el-puente-de-mayo-2023\/\" \/>\n<meta property=\"og:site_name\" content=\"AEHM\" \/>\n<meta property=\"article:publisher\" content=\"https:\/\/www.instagram.com\/hotelesdemadrid\/\" \/>\n<meta property=\"article:published_time\" content=\"2023-05-03T10:43:51+00:00\" \/>\n<meta property=\"article:modified_time\" content=\"2023-05-03T10:45:40+00:00\" \/>\n<meta property=\"og:image\" content=\"https:\/\/aehm.es\/wp-content\/uploads\/2023\/05\/Madrid-AEHM-1-mayo-1.png\" \/>\n\t<meta property=\"og:image:width\" content=\"1600\" \/>\n\t<meta property=\"og:image:height\" content=\"900\" \/>\n\t<meta property=\"og:image:type\" content=\"image\/png\" \/>\n<meta name=\"author\" content=\"Daniel\" \/>\n<meta name=\"twitter:card\" content=\"summary_large_image\" \/>\n<meta name=\"twitter:title\" content=\"Los hoteles madrile\u00f1os registran el 93% de ocupaci\u00f3n hotelera durante el puente de mayo 2023\" \/>\n<meta name=\"twitter:description\" content=\"La Asociaci\u00f3n Empresarial Hotelera de Madrid (AEHM) ha recogido esta media a lo largo del puente de mayo, del viernes 28 de abril al lunes 1 de mayo\" \/>\n<meta name=\"twitter:image\" content=\"https:\/\/aehm.es\/wp-content\/uploads\/2023\/05\/Madrid-AEHM-1-mayo-1.png\" \/>\n<meta name=\"twitter:creator\" content=\"@HotelesAEHM\" \/>\n<meta name=\"twitter:site\" content=\"@HotelesAEHM\" \/>\n<meta name=\"twitter:label1\" content=\"Written by\" \/>\n\t<meta name=\"twitter:data1\" content=\"Daniel\" \/>\n\t<meta name=\"twitter:label2\" content=\"Est. reading time\" \/>\n\t<meta name=\"twitter:data2\" content=\"1 minute\" \/>\n<script type=\"application\/ld+json\" class=\"yoast-schema-graph\">{\"@context\":\"https:\\\/\\\/schema.org\",\"@graph\":[{\"@type\":\"Article\",\"@id\":\"https:\\\/\\\/aehm.es\\\/los-hoteles-madrilenos-registran-el-93-de-ocupacion-hotelera-durante-el-puente-de-mayo-2023\\\/#article\",\"isPartOf\":{\"@id\":\"https:\\\/\\\/aehm.es\\\/los-hoteles-madrilenos-registran-el-93-de-ocupacion-hotelera-durante-el-puente-de-mayo-2023\\\/\"},\"author\":{\"name\":\"Daniel\",\"@id\":\"https:\\\/\\\/aehm.es\\\/#\\\/schema\\\/person\\\/60c7fea5d55536f98119963377461ad7\"},\"headline\":\"Los hoteles madrile\u00f1os registran el 93% de ocupaci\u00f3n hotelera durante el puente de mayo 2023\",\"datePublished\":\"2023-05-03T10:43:51+00:00\",\"dateModified\":\"2023-05-03T10:45:40+00:00\",\"mainEntityOfPage\":{\"@id\":\"https:\\\/\\\/aehm.es\\\/los-hoteles-madrilenos-registran-el-93-de-ocupacion-hotelera-durante-el-puente-de-mayo-2023\\\/\"},\"wordCount\":201,\"commentCount\":0,\"publisher\":{\"@id\":\"https:\\\/\\\/aehm.es\\\/#organization\"},\"image\":{\"@id\":\"https:\\\/\\\/aehm.es\\\/los-hoteles-madrilenos-registran-el-93-de-ocupacion-hotelera-durante-el-puente-de-mayo-2023\\\/#primaryimage\"},\"thumbnailUrl\":\"https:\\\/\\\/aehm.es\\\/wp-content\\\/uploads\\\/2023\\\/05\\\/Madrid-AEHM-1-mayo-e1683110715360.png\",\"articleSection\":[\"Actualidad AEHM\"],\"inLanguage\":\"en-US\",\"potentialAction\":[{\"@type\":\"CommentAction\",\"name\":\"Comment\",\"target\":[\"https:\\\/\\\/aehm.es\\\/los-hoteles-madrilenos-registran-el-93-de-ocupacion-hotelera-durante-el-puente-de-mayo-2023\\\/#respond\"]}]},{\"@type\":\"WebPage\",\"@id\":\"https:\\\/\\\/aehm.es\\\/los-hoteles-madrilenos-registran-el-93-de-ocupacion-hotelera-durante-el-puente-de-mayo-2023\\\/\",\"url\":\"https:\\\/\\\/aehm.es\\\/los-hoteles-madrilenos-registran-el-93-de-ocupacion-hotelera-durante-el-puente-de-mayo-2023\\\/\",\"name\":\"Los hoteles madrile\u00f1os registran el 93% de ocupaci\u00f3n hotelera durante el puente de mayo 2023 - AEHM\",\"isPartOf\":{\"@id\":\"https:\\\/\\\/aehm.es\\\/#website\"},\"primaryImageOfPage\":{\"@id\":\"https:\\\/\\\/aehm.es\\\/los-hoteles-madrilenos-registran-el-93-de-ocupacion-hotelera-durante-el-puente-de-mayo-2023\\\/#primaryimage\"},\"image\":{\"@id\":\"https:\\\/\\\/aehm.es\\\/los-hoteles-madrilenos-registran-el-93-de-ocupacion-hotelera-durante-el-puente-de-mayo-2023\\\/#primaryimage\"},\"thumbnailUrl\":\"https:\\\/\\\/aehm.es\\\/wp-content\\\/uploads\\\/2023\\\/05\\\/Madrid-AEHM-1-mayo-e1683110715360.png\",\"datePublished\":\"2023-05-03T10:43:51+00:00\",\"dateModified\":\"2023-05-03T10:45:40+00:00\",\"description\":\"La Asociaci\u00f3n Empresarial Hotelera de Madrid (AEHM) ha recogido esta media a lo largo del puente de mayo, del viernes 28 de abril al lunes 1 de mayo\",\"breadcrumb\":{\"@id\":\"https:\\\/\\\/aehm.es\\\/los-hoteles-madrilenos-registran-el-93-de-ocupacion-hotelera-durante-el-puente-de-mayo-2023\\\/#breadcrumb\"},\"inLanguage\":\"en-US\",\"potentialAction\":[{\"@type\":\"ReadAction\",\"target\":[\"https:\\\/\\\/aehm.es\\\/los-hoteles-madrilenos-registran-el-93-de-ocupacion-hotelera-durante-el-puente-de-mayo-2023\\\/\"]}]},{\"@type\":\"ImageObject\",\"inLanguage\":\"en-US\",\"@id\":\"https:\\\/\\\/aehm.es\\\/los-hoteles-madrilenos-registran-el-93-de-ocupacion-hotelera-durante-el-puente-de-mayo-2023\\\/#primaryimage\",\"url\":\"https:\\\/\\\/aehm.es\\\/wp-content\\\/uploads\\\/2023\\\/05\\\/Madrid-AEHM-1-mayo-e1683110715360.png\",\"contentUrl\":\"https:\\\/\\\/aehm.es\\\/wp-content\\\/uploads\\\/2023\\\/05\\\/Madrid-AEHM-1-mayo-e1683110715360.png\",\"width\":1584,\"height\":888},{\"@type\":\"BreadcrumbList\",\"@id\":\"https:\\\/\\\/aehm.es\\\/los-hoteles-madrilenos-registran-el-93-de-ocupacion-hotelera-durante-el-puente-de-mayo-2023\\\/#breadcrumb\",\"itemListElement\":[{\"@type\":\"ListItem\",\"position\":1,\"name\":\"Portada\",\"item\":\"https:\\\/\\\/aehm.es\\\/en\\\/\"},{\"@type\":\"ListItem\",\"position\":2,\"name\":\"Los hoteles madrile\u00f1os registran el 93% de ocupaci\u00f3n hotelera durante el puente de mayo 2023\"}]},{\"@type\":\"WebSite\",\"@id\":\"https:\\\/\\\/aehm.es\\\/#website\",\"url\":\"https:\\\/\\\/aehm.es\\\/\",\"name\":\"Asociaci\u00f3n Empresarial Hotelera de Madrid\",\"description\":\"La Asociaci\u00f3n Empresarial Hotelera Madrid est\u00e1 formada por m\u00e1s de 300 establecimientos de todas las categor\u00edas y tipolog\u00edas (hoteles, hostales, hostels, apartamentos\u2026) que suman m\u00e1s de 75.000 plazas de alojamiento.\",\"publisher\":{\"@id\":\"https:\\\/\\\/aehm.es\\\/#organization\"},\"alternateName\":\"AEHM\",\"potentialAction\":[{\"@type\":\"SearchAction\",\"target\":{\"@type\":\"EntryPoint\",\"urlTemplate\":\"https:\\\/\\\/aehm.es\\\/?s={search_term_string}\"},\"query-input\":{\"@type\":\"PropertyValueSpecification\",\"valueRequired\":true,\"valueName\":\"search_term_string\"}}],\"inLanguage\":\"en-US\"},{\"@type\":\"Organization\",\"@id\":\"https:\\\/\\\/aehm.es\\\/#organization\",\"name\":\"Asociaci\u00f3n Empresarial Hotelera de Madrid\",\"url\":\"https:\\\/\\\/aehm.es\\\/\",\"logo\":{\"@type\":\"ImageObject\",\"inLanguage\":\"en-US\",\"@id\":\"https:\\\/\\\/aehm.es\\\/#\\\/schema\\\/logo\\\/image\\\/\",\"url\":\"https:\\\/\\\/aehm.es\\\/wp-content\\\/uploads\\\/2021\\\/11\\\/Logo_AEHM_Horiz.png\",\"contentUrl\":\"https:\\\/\\\/aehm.es\\\/wp-content\\\/uploads\\\/2021\\\/11\\\/Logo_AEHM_Horiz.png\",\"width\":600,\"height\":182,\"caption\":\"Asociaci\u00f3n Empresarial Hotelera de Madrid\"},\"image\":{\"@id\":\"https:\\\/\\\/aehm.es\\\/#\\\/schema\\\/logo\\\/image\\\/\"},\"sameAs\":[\"https:\\\/\\\/www.instagram.com\\\/hotelesdemadrid\\\/\",\"https:\\\/\\\/x.com\\\/HotelesAEHM\",\"https:\\\/\\\/www.linkedin.com\\\/company\\\/11166072\\\/\"]},{\"@type\":\"Person\",\"@id\":\"https:\\\/\\\/aehm.es\\\/#\\\/schema\\\/person\\\/60c7fea5d55536f98119963377461ad7\",\"name\":\"Daniel\",\"image\":{\"@type\":\"ImageObject\",\"inLanguage\":\"en-US\",\"@id\":\"https:\\\/\\\/secure.gravatar.com\\\/avatar\\\/0dfa18ec31ea113dd108a1bc201fd87f32db5c9472715e667fe4ec16906239d0?s=96&d=mm&r=g\",\"url\":\"https:\\\/\\\/secure.gravatar.com\\\/avatar\\\/0dfa18ec31ea113dd108a1bc201fd87f32db5c9472715e667fe4ec16906239d0?s=96&d=mm&r=g\",\"contentUrl\":\"https:\\\/\\\/secure.gravatar.com\\\/avatar\\\/0dfa18ec31ea113dd108a1bc201fd87f32db5c9472715e667fe4ec16906239d0?s=96&d=mm&r=g\",\"caption\":\"Daniel\"},\"url\":\"https:\\\/\\\/aehm.es\\\/en\\\/author\\\/daniel\\\/\"}]}<\/script>\n<!-- \/ Yoast SEO plugin. -->","yoast_head_json":{"title":"Los hoteles madrile\u00f1os registran el 93% de ocupaci\u00f3n hotelera durante el puente de mayo 2023 - AEHM","description":"La Asociaci\u00f3n Empresarial Hotelera de Madrid (AEHM) ha recogido esta media a lo largo del puente de mayo, del viernes 28 de abril al lunes 1 de mayo","robots":{"index":"index","follow":"follow","max-snippet":"max-snippet:-1","max-image-preview":"max-image-preview:large","max-video-preview":"max-video-preview:-1"},"canonical":"https:\/\/aehm.es\/los-hoteles-madrilenos-registran-el-93-de-ocupacion-hotelera-durante-el-puente-de-mayo-2023\/","og_locale":"en_US","og_type":"article","og_title":"Los hoteles madrile\u00f1os registran el 93% de ocupaci\u00f3n hotelera durante el puente de mayo 2023","og_description":"La Asociaci\u00f3n Empresarial Hotelera de Madrid (AEHM) ha recogido esta media a lo largo del puente de mayo, del viernes 28 de abril al lunes 1 de mayo","og_url":"https:\/\/aehm.es\/los-hoteles-madrilenos-registran-el-93-de-ocupacion-hotelera-durante-el-puente-de-mayo-2023\/","og_site_name":"AEHM","article_publisher":"https:\/\/www.instagram.com\/hotelesdemadrid\/","article_published_time":"2023-05-03T10:43:51+00:00","article_modified_time":"2023-05-03T10:45:40+00:00","og_image":[{"width":1600,"height":900,"url":"https:\/\/aehm.es\/wp-content\/uploads\/2023\/05\/Madrid-AEHM-1-mayo-1.png","type":"image\/png"}],"author":"Daniel","twitter_card":"summary_large_image","twitter_title":"Los hoteles madrile\u00f1os registran el 93% de ocupaci\u00f3n hotelera durante el puente de mayo 2023","twitter_description":"La Asociaci\u00f3n Empresarial Hotelera de Madrid (AEHM) ha recogido esta media a lo largo del puente de mayo, del viernes 28 de abril al lunes 1 de mayo","twitter_image":"https:\/\/aehm.es\/wp-content\/uploads\/2023\/05\/Madrid-AEHM-1-mayo-1.png","twitter_creator":"@HotelesAEHM","twitter_site":"@HotelesAEHM","twitter_misc":{"Written by":"Daniel","Est. reading time":"1 minute"},"schema":{"@context":"https:\/\/schema.org","@graph":[{"@type":"Article","@id":"https:\/\/aehm.es\/los-hoteles-madrilenos-registran-el-93-de-ocupacion-hotelera-durante-el-puente-de-mayo-2023\/#article","isPartOf":{"@id":"https:\/\/aehm.es\/los-hoteles-madrilenos-registran-el-93-de-ocupacion-hotelera-durante-el-puente-de-mayo-2023\/"},"author":{"name":"Daniel","@id":"https:\/\/aehm.es\/#\/schema\/person\/60c7fea5d55536f98119963377461ad7"},"headline":"Los hoteles madrile\u00f1os registran el 93% de ocupaci\u00f3n hotelera durante el puente de mayo 2023","datePublished":"2023-05-03T10:43:51+00:00","dateModified":"2023-05-03T10:45:40+00:00","mainEntityOfPage":{"@id":"https:\/\/aehm.es\/los-hoteles-madrilenos-registran-el-93-de-ocupacion-hotelera-durante-el-puente-de-mayo-2023\/"},"wordCount":201,"commentCount":0,"publisher":{"@id":"https:\/\/aehm.es\/#organization"},"image":{"@id":"https:\/\/aehm.es\/los-hoteles-madrilenos-registran-el-93-de-ocupacion-hotelera-durante-el-puente-de-mayo-2023\/#primaryimage"},"thumbnailUrl":"https:\/\/aehm.es\/wp-content\/uploads\/2023\/05\/Madrid-AEHM-1-mayo-e1683110715360.png","articleSection":["Actualidad AEHM"],"inLanguage":"en-US","potentialAction":[{"@type":"CommentAction","name":"Comment","target":["https:\/\/aehm.es\/los-hoteles-madrilenos-registran-el-93-de-ocupacion-hotelera-durante-el-puente-de-mayo-2023\/#respond"]}]},{"@type":"WebPage","@id":"https:\/\/aehm.es\/los-hoteles-madrilenos-registran-el-93-de-ocupacion-hotelera-durante-el-puente-de-mayo-2023\/","url":"https:\/\/aehm.es\/los-hoteles-madrilenos-registran-el-93-de-ocupacion-hotelera-durante-el-puente-de-mayo-2023\/","name":"Los hoteles madrile\u00f1os registran el 93% de ocupaci\u00f3n hotelera durante el puente de mayo 2023 - AEHM","isPartOf":{"@id":"https:\/\/aehm.es\/#website"},"primaryImageOfPage":{"@id":"https:\/\/aehm.es\/los-hoteles-madrilenos-registran-el-93-de-ocupacion-hotelera-durante-el-puente-de-mayo-2023\/#primaryimage"},"image":{"@id":"https:\/\/aehm.es\/los-hoteles-madrilenos-registran-el-93-de-ocupacion-hotelera-durante-el-puente-de-mayo-2023\/#primaryimage"},"thumbnailUrl":"https:\/\/aehm.es\/wp-content\/uploads\/2023\/05\/Madrid-AEHM-1-mayo-e1683110715360.png","datePublished":"2023-05-03T10:43:51+00:00","dateModified":"2023-05-03T10:45:40+00:00","description":"La Asociaci\u00f3n Empresarial Hotelera de Madrid (AEHM) ha recogido esta media a lo largo del puente de mayo, del viernes 28 de abril al lunes 1 de mayo","breadcrumb":{"@id":"https:\/\/aehm.es\/los-hoteles-madrilenos-registran-el-93-de-ocupacion-hotelera-durante-el-puente-de-mayo-2023\/#breadcrumb"},"inLanguage":"en-US","potentialAction":[{"@type":"ReadAction","target":["https:\/\/aehm.es\/los-hoteles-madrilenos-registran-el-93-de-ocupacion-hotelera-durante-el-puente-de-mayo-2023\/"]}]},{"@type":"ImageObject","inLanguage":"en-US","@id":"https:\/\/aehm.es\/los-hoteles-madrilenos-registran-el-93-de-ocupacion-hotelera-durante-el-puente-de-mayo-2023\/#primaryimage","url":"https:\/\/aehm.es\/wp-content\/uploads\/2023\/05\/Madrid-AEHM-1-mayo-e1683110715360.png","contentUrl":"https:\/\/aehm.es\/wp-content\/uploads\/2023\/05\/Madrid-AEHM-1-mayo-e1683110715360.png","width":1584,"height":888},{"@type":"BreadcrumbList","@id":"https:\/\/aehm.es\/los-hoteles-madrilenos-registran-el-93-de-ocupacion-hotelera-durante-el-puente-de-mayo-2023\/#breadcrumb","itemListElement":[{"@type":"ListItem","position":1,"name":"Portada","item":"https:\/\/aehm.es\/en\/"},{"@type":"ListItem","position":2,"name":"Los hoteles madrile\u00f1os registran el 93% de ocupaci\u00f3n hotelera durante el puente de mayo 2023"}]},{"@type":"WebSite","@id":"https:\/\/aehm.es\/#website","url":"https:\/\/aehm.es\/","name":"Asociaci\u00f3n Empresarial Hotelera de Madrid","description":"La Asociaci\u00f3n Empresarial Hotelera Madrid est\u00e1 formada por m\u00e1s de 300 establecimientos de todas las categor\u00edas y tipolog\u00edas (hoteles, hostales, hostels, apartamentos\u2026) que suman m\u00e1s de 75.000 plazas de alojamiento.","publisher":{"@id":"https:\/\/aehm.es\/#organization"},"alternateName":"AEHM","potentialAction":[{"@type":"SearchAction","target":{"@type":"EntryPoint","urlTemplate":"https:\/\/aehm.es\/?s={search_term_string}"},"query-input":{"@type":"PropertyValueSpecification","valueRequired":true,"valueName":"search_term_string"}}],"inLanguage":"en-US"},{"@type":"Organization","@id":"https:\/\/aehm.es\/#organization","name":"Asociaci\u00f3n Empresarial Hotelera de Madrid","url":"https:\/\/aehm.es\/","logo":{"@type":"ImageObject","inLanguage":"en-US","@id":"https:\/\/aehm.es\/#\/schema\/logo\/image\/","url":"https:\/\/aehm.es\/wp-content\/uploads\/2021\/11\/Logo_AEHM_Horiz.png","contentUrl":"https:\/\/aehm.es\/wp-content\/uploads\/2021\/11\/Logo_AEHM_Horiz.png","width":600,"height":182,"caption":"Asociaci\u00f3n Empresarial Hotelera de Madrid"},"image":{"@id":"https:\/\/aehm.es\/#\/schema\/logo\/image\/"},"sameAs":["https:\/\/www.instagram.com\/hotelesdemadrid\/","https:\/\/x.com\/HotelesAEHM","https:\/\/www.linkedin.com\/company\/11166072\/"]},{"@type":"Person","@id":"https:\/\/aehm.es\/#\/schema\/person\/60c7fea5d55536f98119963377461ad7","name":"Daniel","image":{"@type":"ImageObject","inLanguage":"en-US","@id":"https:\/\/secure.gravatar.com\/avatar\/0dfa18ec31ea113dd108a1bc201fd87f32db5c9472715e667fe4ec16906239d0?s=96&d=mm&r=g","url":"https:\/\/secure.gravatar.com\/avatar\/0dfa18ec31ea113dd108a1bc201fd87f32db5c9472715e667fe4ec16906239d0?s=96&d=mm&r=g","contentUrl":"https:\/\/secure.gravatar.com\/avatar\/0dfa18ec31ea113dd108a1bc201fd87f32db5c9472715e667fe4ec16906239d0?s=96&d=mm&r=g","caption":"Daniel"},"url":"https:\/\/aehm.es\/en\/author\/daniel\/"}]}},"_links":{"self":[{"href":"https:\/\/aehm.es\/en\/wp-json\/wp\/v2\/posts\/15780","targetHints":{"allow":["GET"]}}],"collection":[{"href":"https:\/\/aehm.es\/en\/wp-json\/wp\/v2\/posts"}],"about":[{"href":"https:\/\/aehm.es\/en\/wp-json\/wp\/v2\/types\/post"}],"author":[{"embeddable":true,"href":"https:\/\/aehm.es\/en\/wp-json\/wp\/v2\/users\/15"}],"replies":[{"embeddable":true,"href":"https:\/\/aehm.es\/en\/wp-json\/wp\/v2\/comments?post=15780"}],"version-history":[{"count":0,"href":"https:\/\/aehm.es\/en\/wp-json\/wp\/v2\/posts\/15780\/revisions"}],"wp:featuredmedia":[{"embeddable":true,"href":"https:\/\/aehm.es\/en\/wp-json\/wp\/v2\/media\/15781"}],"wp:attachment":[{"href":"https:\/\/aehm.es\/en\/wp-json\/wp\/v2\/media?parent=15780"}],"wp:term":[{"taxonomy":"category","embeddable":true,"href":"https:\/\/aehm.es\/en\/wp-json\/wp\/v2\/categories?post=15780"},{"taxonomy":"post_tag","embeddable":true,"href":"https:\/\/aehm.es\/en\/wp-json\/wp\/v2\/tags?post=15780"}],"curies":[{"name":"wp","href":"https:\/\/api.w.org\/{rel}","templated":true}]}}