{"id":15623,"date":"2023-03-13T10:42:05","date_gmt":"2023-03-13T10:42:05","guid":{"rendered":"https:\/\/aehm.es\/?p=15623"},"modified":"2023-03-14T09:33:25","modified_gmt":"2023-03-14T09:33:25","slug":"los-hoteles-de-madrid-te-invitan-a-celebrar-el-brunchpadre-con-motivo-de-la-celebracion-del-dia-del-padre","status":"publish","type":"post","link":"https:\/\/aehm.es\/en\/los-hoteles-de-madrid-te-invitan-a-celebrar-el-brunchpadre-con-motivo-de-la-celebracion-del-dia-del-padre\/","title":{"rendered":"Los hoteles de Madrid te invitan a celebrar \u2018El Brunch+Padre\u2019 con motivo de la celebraci\u00f3n del D\u00eda del Padre"},"content":{"rendered":"<ul>\n<li><strong>La Asociaci\u00f3n Empresarial Hotelera de Madrid (AEHM)\u00a0anima todos aquellos que deseen\u00a0celebrar el D\u00eda del Padre a degustar una amplia variedad de <em>brunch<\/em> en diferentes hoteles de la regi\u00f3n<\/strong><\/li>\n<\/ul>\n<p><strong>\u00a0<\/strong><\/p>\n<ul>\n<li><strong>La campa\u00f1a <\/strong><strong>\u2018\u00a1El Bruch+Padre!\u2019<\/strong><strong> estar\u00e1 activa del 18 al 20 de marzo y todos los planes pueden consultarte desde hoy en <em>Mucho+QueHoteles<\/em>, la web de ocio de los establecimientos hoteleros de Madrid<\/strong><\/li>\n<\/ul>\n<p><strong>\u00a0<\/strong><\/p>\n<p><em>Madrid, 13 de marzo del 2023.-<\/em> <strong>Los hoteles de la Asociaci\u00f3n Empresarial Hotelera de Madrid (AEHM) animan a todos los madrile\u00f1os y visitantes que deseen celebrar el D\u00eda del Padre y disfrutar en familia y con amigos en un ambiente exclusivo e inolvidable, a <\/strong><strong>degustar una amplia variedad de <em>brunch<\/em> en diferentes establecimientos de la regi\u00f3n<\/strong><strong>.<\/strong><\/p>\n<p>Los hoteles de Madrid ofrecen originales <em>brunch<\/em> para toda la familia con motivo de la celebraci\u00f3n del D\u00eda del Padre, adem\u00e1s, muchos de ellos lo ofrecen como una de sus propuestas estrella todos los fines de semana del a\u00f1o. <strong>Para esta ocasi\u00f3n han personalizado sus ofertas a una celebraci\u00f3n familiar como es el D\u00eda del Padre y algunos de los planes se complementan con experiencias (<\/strong><strong>\u00f3pera, sesi\u00f3n de foto\u2026) o ambientaciones especiales.<\/strong><\/p>\n<p><strong>La campa\u00f1a \u2018\u00a1El Bruch+Padre!\u2019 estar\u00e1 activa del 18 al 20 de marzo<\/strong> y todos los planes pueden consultarse desde hoy en Mucho+QueHoteles, la web de ocio de los establecimientos hoteleros de Madrid.<strong> El objetivo de esta iniciativa es difundir la amplia oferta de ocio y cultura de los hoteles e invitar a madrile\u00f1os y visitantes a que sientan los establecimientos como espacios abiertos de los que disfrutar.<\/strong><\/p>\n<p>Los <strong>hoteles participantes<\/strong> en la iniciativa son: Hotel F\u00e9nix Gran Meli\u00e1, CoolRooms Atocha, H10 Puerta de Alcal\u00e1, The Madrid Edition, Hard Rock Madrid, Indigo Madrid, Only You Hotel Boutique, Only You Hotel Atocha, SmartRental Collection Gran V\u00eda Capital, Relais &amp; Chateaux Heritage Madrid Hotel, Relais &amp; Chateaux Orfila, The Westin Palace, Hotel \u00d3pera, Wellington, Urso, Riu Plaza Espa\u00f1a, Canopy by Hilton Madrid Castellana, Hotel InterContinental, Las Rozas Village.<\/p>\n<p><strong>La programaci\u00f3n completa se puede consultar en la web <\/strong><span style=\"text-decoration: underline;\"><a href=\"https:\/\/muchomasquehoteles.com\/eventos-mqh\/dia-del-padre-2023-en-los-hoteles-de-madrid\/\" target=\"_blank\" rel=\"noopener\"><strong><em>Mucho+QueHoteles<\/em><\/strong><\/a><\/span><strong>, y, a lo largo de la semana, se ir\u00e1 actualizando.\u00a0 <\/strong><\/p>\n<p>Redes sociales: <a href=\"https:\/\/www.instagram.com\/muchomasquehoteles\/\" target=\"_blank\" rel=\"noopener\"><span style=\"text-decoration: underline;\">Instagram<\/span><\/a> y <span style=\"text-decoration: underline;\"><a href=\"https:\/\/www.tiktok.com\/@muchomasquehotelesmadrid?_t=8YJ6AifZenG&amp;_r=1\" target=\"_blank\" rel=\"noopener\">TikTok<\/a>.<\/span> <strong>\u00a0<\/strong><\/p>\n<p>Cabe destacar que, la iniciativa <strong>cuenta con el apoyo y colaboraci\u00f3n del \u00e1rea de econom\u00eda, innovaci\u00f3n y empleo del Ayuntamiento de Madrid.<\/strong><\/p>\n<p><a href=\"https:\/\/muchomasquehoteles.com\/eventos-mqh\/dia-del-padre-2023-en-los-hoteles-de-madrid\/\" target=\"_blank\" rel=\"noopener\"><img fetchpriority=\"high\" decoding=\"async\" class=\"alignnone wp-image-15624 size-large\" src=\"https:\/\/aehm.es\/wp-content\/uploads\/2023\/03\/Brunch-Dia-del-Padre_AEHM-1024x576.jpg\" alt=\"\" width=\"800\" height=\"450\" srcset=\"https:\/\/aehm.es\/wp-content\/uploads\/2023\/03\/Brunch-Dia-del-Padre_AEHM-1024x576.jpg 1024w, https:\/\/aehm.es\/wp-content\/uploads\/2023\/03\/Brunch-Dia-del-Padre_AEHM-300x169.jpg 300w, https:\/\/aehm.es\/wp-content\/uploads\/2023\/03\/Brunch-Dia-del-Padre_AEHM-768x432.jpg 768w, https:\/\/aehm.es\/wp-content\/uploads\/2023\/03\/Brunch-Dia-del-Padre_AEHM.jpg 1400w\" sizes=\"(max-width: 800px) 100vw, 800px\" \/><\/a><\/p>\n","protected":false},"excerpt":{"rendered":"<p>La Asociaci\u00f3n Empresarial Hotelera de Madrid (AEHM)\u00a0anima todos aquellos que deseen\u00a0celebrar el D\u00eda del Padre a degustar una amplia variedad de brunch en diferentes hoteles de la regi\u00f3n \u00a0 La campa\u00f1a \u2018\u00a1El Bruch+Padre!\u2019 estar\u00e1 activa del 18 al 20 de marzo y todos los planes pueden consultarte desde hoy en Mucho+QueHoteles, la web de ocio [&hellip;]<\/p>\n","protected":false},"author":15,"featured_media":15630,"comment_status":"open","ping_status":"open","sticky":false,"template":"","format":"standard","meta":{"footnotes":""},"categories":[1],"tags":[],"class_list":["post-15623","post","type-post","status-publish","format-standard","has-post-thumbnail","hentry","category-actualidad-aehm"],"yoast_head":"<!-- This site is optimized with the Yoast SEO plugin v27.5 - https:\/\/yoast.com\/product\/yoast-seo-wordpress\/ -->\n<title>Los hoteles de Madrid te invitan a celebrar \u2018El Brunch+Padre\u2019 con motivo de la celebraci\u00f3n del D\u00eda del Padre - AEHM<\/title>\n<meta name=\"description\" content=\"La Asociaci\u00f3n Empresarial Hotelera de Madrid (AEHM)\u00a0anima todos aquellos que deseen\u00a0celebrar el D\u00eda del Padre a degustar una amplia variedad de brunch en diferentes hoteles de la regi\u00f3n\" \/>\n<meta name=\"robots\" content=\"index, follow, max-snippet:-1, max-image-preview:large, max-video-preview:-1\" \/>\n<link rel=\"canonical\" href=\"https:\/\/aehm.es\/los-hoteles-de-madrid-te-invitan-a-celebrar-el-brunchpadre-con-motivo-de-la-celebracion-del-dia-del-padre\/\" \/>\n<meta property=\"og:locale\" content=\"en_US\" \/>\n<meta property=\"og:type\" content=\"article\" \/>\n<meta property=\"og:title\" content=\"Los hoteles de Madrid te invitan a celebrar \u2018El Brunch+Padre\u2019 con motivo de la celebraci\u00f3n del D\u00eda del Padre\" \/>\n<meta property=\"og:description\" content=\"La Asociaci\u00f3n Empresarial Hotelera de Madrid (AEHM)\u00a0anima todos aquellos que deseen\u00a0celebrar el D\u00eda del Padre a degustar una amplia variedad de brunch en diferentes hoteles de la regi\u00f3n\" \/>\n<meta property=\"og:url\" content=\"https:\/\/aehm.es\/los-hoteles-de-madrid-te-invitan-a-celebrar-el-brunchpadre-con-motivo-de-la-celebracion-del-dia-del-padre\/\" \/>\n<meta property=\"og:site_name\" content=\"AEHM\" \/>\n<meta property=\"article:publisher\" content=\"https:\/\/www.instagram.com\/hotelesdemadrid\/\" \/>\n<meta property=\"article:published_time\" content=\"2023-03-13T10:42:05+00:00\" \/>\n<meta property=\"article:modified_time\" content=\"2023-03-14T09:33:25+00:00\" \/>\n<meta property=\"og:image\" content=\"https:\/\/aehm.es\/wp-content\/uploads\/2023\/03\/Brunch-Dia-del-Padre_AEHM.jpg\" \/>\n\t<meta property=\"og:image:width\" content=\"1400\" \/>\n\t<meta property=\"og:image:height\" content=\"788\" \/>\n\t<meta property=\"og:image:type\" content=\"image\/jpeg\" \/>\n<meta name=\"author\" content=\"Daniel\" \/>\n<meta name=\"twitter:card\" content=\"summary_large_image\" \/>\n<meta name=\"twitter:title\" content=\"Los hoteles de Madrid te invitan a celebrar \u2018El Brunch+Padre\u2019 con motivo de la celebraci\u00f3n del D\u00eda del Padre\" \/>\n<meta name=\"twitter:description\" content=\"La Asociaci\u00f3n Empresarial Hotelera de Madrid (AEHM)\u00a0anima todos aquellos que deseen\u00a0celebrar el D\u00eda del Padre a degustar una amplia variedad de brunch en diferentes hoteles de la regi\u00f3n\" \/>\n<meta name=\"twitter:image\" content=\"https:\/\/aehm.es\/wp-content\/uploads\/2023\/03\/Brunch-Dia-del-Padre_AEHM.jpg\" \/>\n<meta name=\"twitter:creator\" content=\"@HotelesAEHM\" \/>\n<meta name=\"twitter:site\" content=\"@HotelesAEHM\" \/>\n<meta name=\"twitter:label1\" content=\"Written by\" \/>\n\t<meta name=\"twitter:data1\" content=\"Daniel\" \/>\n\t<meta name=\"twitter:label2\" content=\"Est. reading time\" \/>\n\t<meta name=\"twitter:data2\" content=\"2 minutes\" \/>\n<script type=\"application\/ld+json\" class=\"yoast-schema-graph\">{\"@context\":\"https:\\\/\\\/schema.org\",\"@graph\":[{\"@type\":\"Article\",\"@id\":\"https:\\\/\\\/aehm.es\\\/los-hoteles-de-madrid-te-invitan-a-celebrar-el-brunchpadre-con-motivo-de-la-celebracion-del-dia-del-padre\\\/#article\",\"isPartOf\":{\"@id\":\"https:\\\/\\\/aehm.es\\\/los-hoteles-de-madrid-te-invitan-a-celebrar-el-brunchpadre-con-motivo-de-la-celebracion-del-dia-del-padre\\\/\"},\"author\":{\"name\":\"Daniel\",\"@id\":\"https:\\\/\\\/aehm.es\\\/#\\\/schema\\\/person\\\/60c7fea5d55536f98119963377461ad7\"},\"headline\":\"Los hoteles de Madrid te invitan a celebrar \u2018El Brunch+Padre\u2019 con motivo de la celebraci\u00f3n del D\u00eda del Padre\",\"datePublished\":\"2023-03-13T10:42:05+00:00\",\"dateModified\":\"2023-03-14T09:33:25+00:00\",\"mainEntityOfPage\":{\"@id\":\"https:\\\/\\\/aehm.es\\\/los-hoteles-de-madrid-te-invitan-a-celebrar-el-brunchpadre-con-motivo-de-la-celebracion-del-dia-del-padre\\\/\"},\"wordCount\":419,\"commentCount\":0,\"publisher\":{\"@id\":\"https:\\\/\\\/aehm.es\\\/#organization\"},\"image\":{\"@id\":\"https:\\\/\\\/aehm.es\\\/los-hoteles-de-madrid-te-invitan-a-celebrar-el-brunchpadre-con-motivo-de-la-celebracion-del-dia-del-padre\\\/#primaryimage\"},\"thumbnailUrl\":\"https:\\\/\\\/aehm.es\\\/wp-content\\\/uploads\\\/2023\\\/03\\\/El-Brunch-Padre-AEHM.jpg\",\"articleSection\":[\"Actualidad AEHM\"],\"inLanguage\":\"en-US\",\"potentialAction\":[{\"@type\":\"CommentAction\",\"name\":\"Comment\",\"target\":[\"https:\\\/\\\/aehm.es\\\/los-hoteles-de-madrid-te-invitan-a-celebrar-el-brunchpadre-con-motivo-de-la-celebracion-del-dia-del-padre\\\/#respond\"]}]},{\"@type\":\"WebPage\",\"@id\":\"https:\\\/\\\/aehm.es\\\/los-hoteles-de-madrid-te-invitan-a-celebrar-el-brunchpadre-con-motivo-de-la-celebracion-del-dia-del-padre\\\/\",\"url\":\"https:\\\/\\\/aehm.es\\\/los-hoteles-de-madrid-te-invitan-a-celebrar-el-brunchpadre-con-motivo-de-la-celebracion-del-dia-del-padre\\\/\",\"name\":\"Los hoteles de Madrid te invitan a celebrar \u2018El Brunch+Padre\u2019 con motivo de la celebraci\u00f3n del D\u00eda del Padre - AEHM\",\"isPartOf\":{\"@id\":\"https:\\\/\\\/aehm.es\\\/#website\"},\"primaryImageOfPage\":{\"@id\":\"https:\\\/\\\/aehm.es\\\/los-hoteles-de-madrid-te-invitan-a-celebrar-el-brunchpadre-con-motivo-de-la-celebracion-del-dia-del-padre\\\/#primaryimage\"},\"image\":{\"@id\":\"https:\\\/\\\/aehm.es\\\/los-hoteles-de-madrid-te-invitan-a-celebrar-el-brunchpadre-con-motivo-de-la-celebracion-del-dia-del-padre\\\/#primaryimage\"},\"thumbnailUrl\":\"https:\\\/\\\/aehm.es\\\/wp-content\\\/uploads\\\/2023\\\/03\\\/El-Brunch-Padre-AEHM.jpg\",\"datePublished\":\"2023-03-13T10:42:05+00:00\",\"dateModified\":\"2023-03-14T09:33:25+00:00\",\"description\":\"La Asociaci\u00f3n Empresarial Hotelera de Madrid (AEHM)\u00a0anima todos aquellos que deseen\u00a0celebrar el D\u00eda del Padre a degustar una amplia variedad de brunch en diferentes hoteles de la regi\u00f3n\",\"breadcrumb\":{\"@id\":\"https:\\\/\\\/aehm.es\\\/los-hoteles-de-madrid-te-invitan-a-celebrar-el-brunchpadre-con-motivo-de-la-celebracion-del-dia-del-padre\\\/#breadcrumb\"},\"inLanguage\":\"en-US\",\"potentialAction\":[{\"@type\":\"ReadAction\",\"target\":[\"https:\\\/\\\/aehm.es\\\/los-hoteles-de-madrid-te-invitan-a-celebrar-el-brunchpadre-con-motivo-de-la-celebracion-del-dia-del-padre\\\/\"]}]},{\"@type\":\"ImageObject\",\"inLanguage\":\"en-US\",\"@id\":\"https:\\\/\\\/aehm.es\\\/los-hoteles-de-madrid-te-invitan-a-celebrar-el-brunchpadre-con-motivo-de-la-celebracion-del-dia-del-padre\\\/#primaryimage\",\"url\":\"https:\\\/\\\/aehm.es\\\/wp-content\\\/uploads\\\/2023\\\/03\\\/El-Brunch-Padre-AEHM.jpg\",\"contentUrl\":\"https:\\\/\\\/aehm.es\\\/wp-content\\\/uploads\\\/2023\\\/03\\\/El-Brunch-Padre-AEHM.jpg\",\"width\":1382,\"height\":830},{\"@type\":\"BreadcrumbList\",\"@id\":\"https:\\\/\\\/aehm.es\\\/los-hoteles-de-madrid-te-invitan-a-celebrar-el-brunchpadre-con-motivo-de-la-celebracion-del-dia-del-padre\\\/#breadcrumb\",\"itemListElement\":[{\"@type\":\"ListItem\",\"position\":1,\"name\":\"Portada\",\"item\":\"https:\\\/\\\/aehm.es\\\/en\\\/\"},{\"@type\":\"ListItem\",\"position\":2,\"name\":\"Los hoteles de Madrid te invitan a celebrar \u2018El Brunch+Padre\u2019 con motivo de la celebraci\u00f3n del D\u00eda del Padre\"}]},{\"@type\":\"WebSite\",\"@id\":\"https:\\\/\\\/aehm.es\\\/#website\",\"url\":\"https:\\\/\\\/aehm.es\\\/\",\"name\":\"Asociaci\u00f3n Empresarial Hotelera de Madrid\",\"description\":\"La Asociaci\u00f3n Empresarial Hotelera Madrid est\u00e1 formada por m\u00e1s de 300 establecimientos de todas las categor\u00edas y tipolog\u00edas (hoteles, hostales, hostels, apartamentos\u2026) que suman m\u00e1s de 75.000 plazas de alojamiento.\",\"publisher\":{\"@id\":\"https:\\\/\\\/aehm.es\\\/#organization\"},\"alternateName\":\"AEHM\",\"potentialAction\":[{\"@type\":\"SearchAction\",\"target\":{\"@type\":\"EntryPoint\",\"urlTemplate\":\"https:\\\/\\\/aehm.es\\\/?s={search_term_string}\"},\"query-input\":{\"@type\":\"PropertyValueSpecification\",\"valueRequired\":true,\"valueName\":\"search_term_string\"}}],\"inLanguage\":\"en-US\"},{\"@type\":\"Organization\",\"@id\":\"https:\\\/\\\/aehm.es\\\/#organization\",\"name\":\"Asociaci\u00f3n Empresarial Hotelera de Madrid\",\"url\":\"https:\\\/\\\/aehm.es\\\/\",\"logo\":{\"@type\":\"ImageObject\",\"inLanguage\":\"en-US\",\"@id\":\"https:\\\/\\\/aehm.es\\\/#\\\/schema\\\/logo\\\/image\\\/\",\"url\":\"https:\\\/\\\/aehm.es\\\/wp-content\\\/uploads\\\/2021\\\/11\\\/Logo_AEHM_Horiz.png\",\"contentUrl\":\"https:\\\/\\\/aehm.es\\\/wp-content\\\/uploads\\\/2021\\\/11\\\/Logo_AEHM_Horiz.png\",\"width\":600,\"height\":182,\"caption\":\"Asociaci\u00f3n Empresarial Hotelera de Madrid\"},\"image\":{\"@id\":\"https:\\\/\\\/aehm.es\\\/#\\\/schema\\\/logo\\\/image\\\/\"},\"sameAs\":[\"https:\\\/\\\/www.instagram.com\\\/hotelesdemadrid\\\/\",\"https:\\\/\\\/x.com\\\/HotelesAEHM\",\"https:\\\/\\\/www.linkedin.com\\\/company\\\/11166072\\\/\"]},{\"@type\":\"Person\",\"@id\":\"https:\\\/\\\/aehm.es\\\/#\\\/schema\\\/person\\\/60c7fea5d55536f98119963377461ad7\",\"name\":\"Daniel\",\"image\":{\"@type\":\"ImageObject\",\"inLanguage\":\"en-US\",\"@id\":\"https:\\\/\\\/secure.gravatar.com\\\/avatar\\\/0dfa18ec31ea113dd108a1bc201fd87f32db5c9472715e667fe4ec16906239d0?s=96&d=mm&r=g\",\"url\":\"https:\\\/\\\/secure.gravatar.com\\\/avatar\\\/0dfa18ec31ea113dd108a1bc201fd87f32db5c9472715e667fe4ec16906239d0?s=96&d=mm&r=g\",\"contentUrl\":\"https:\\\/\\\/secure.gravatar.com\\\/avatar\\\/0dfa18ec31ea113dd108a1bc201fd87f32db5c9472715e667fe4ec16906239d0?s=96&d=mm&r=g\",\"caption\":\"Daniel\"},\"url\":\"https:\\\/\\\/aehm.es\\\/en\\\/author\\\/daniel\\\/\"}]}<\/script>\n<!-- \/ Yoast SEO plugin. -->","yoast_head_json":{"title":"Los hoteles de Madrid te invitan a celebrar \u2018El Brunch+Padre\u2019 con motivo de la celebraci\u00f3n del D\u00eda del Padre - AEHM","description":"La Asociaci\u00f3n Empresarial Hotelera de Madrid (AEHM)\u00a0anima todos aquellos que deseen\u00a0celebrar el D\u00eda del Padre a degustar una amplia variedad de brunch en diferentes hoteles de la regi\u00f3n","robots":{"index":"index","follow":"follow","max-snippet":"max-snippet:-1","max-image-preview":"max-image-preview:large","max-video-preview":"max-video-preview:-1"},"canonical":"https:\/\/aehm.es\/los-hoteles-de-madrid-te-invitan-a-celebrar-el-brunchpadre-con-motivo-de-la-celebracion-del-dia-del-padre\/","og_locale":"en_US","og_type":"article","og_title":"Los hoteles de Madrid te invitan a celebrar \u2018El Brunch+Padre\u2019 con motivo de la celebraci\u00f3n del D\u00eda del Padre","og_description":"La Asociaci\u00f3n Empresarial Hotelera de Madrid (AEHM)\u00a0anima todos aquellos que deseen\u00a0celebrar el D\u00eda del Padre a degustar una amplia variedad de brunch en diferentes hoteles de la regi\u00f3n","og_url":"https:\/\/aehm.es\/los-hoteles-de-madrid-te-invitan-a-celebrar-el-brunchpadre-con-motivo-de-la-celebracion-del-dia-del-padre\/","og_site_name":"AEHM","article_publisher":"https:\/\/www.instagram.com\/hotelesdemadrid\/","article_published_time":"2023-03-13T10:42:05+00:00","article_modified_time":"2023-03-14T09:33:25+00:00","og_image":[{"width":1400,"height":788,"url":"https:\/\/aehm.es\/wp-content\/uploads\/2023\/03\/Brunch-Dia-del-Padre_AEHM.jpg","type":"image\/jpeg"}],"author":"Daniel","twitter_card":"summary_large_image","twitter_title":"Los hoteles de Madrid te invitan a celebrar \u2018El Brunch+Padre\u2019 con motivo de la celebraci\u00f3n del D\u00eda del Padre","twitter_description":"La Asociaci\u00f3n Empresarial Hotelera de Madrid (AEHM)\u00a0anima todos aquellos que deseen\u00a0celebrar el D\u00eda del Padre a degustar una amplia variedad de brunch en diferentes hoteles de la regi\u00f3n","twitter_image":"https:\/\/aehm.es\/wp-content\/uploads\/2023\/03\/Brunch-Dia-del-Padre_AEHM.jpg","twitter_creator":"@HotelesAEHM","twitter_site":"@HotelesAEHM","twitter_misc":{"Written by":"Daniel","Est. reading time":"2 minutes"},"schema":{"@context":"https:\/\/schema.org","@graph":[{"@type":"Article","@id":"https:\/\/aehm.es\/los-hoteles-de-madrid-te-invitan-a-celebrar-el-brunchpadre-con-motivo-de-la-celebracion-del-dia-del-padre\/#article","isPartOf":{"@id":"https:\/\/aehm.es\/los-hoteles-de-madrid-te-invitan-a-celebrar-el-brunchpadre-con-motivo-de-la-celebracion-del-dia-del-padre\/"},"author":{"name":"Daniel","@id":"https:\/\/aehm.es\/#\/schema\/person\/60c7fea5d55536f98119963377461ad7"},"headline":"Los hoteles de Madrid te invitan a celebrar \u2018El Brunch+Padre\u2019 con motivo de la celebraci\u00f3n del D\u00eda del Padre","datePublished":"2023-03-13T10:42:05+00:00","dateModified":"2023-03-14T09:33:25+00:00","mainEntityOfPage":{"@id":"https:\/\/aehm.es\/los-hoteles-de-madrid-te-invitan-a-celebrar-el-brunchpadre-con-motivo-de-la-celebracion-del-dia-del-padre\/"},"wordCount":419,"commentCount":0,"publisher":{"@id":"https:\/\/aehm.es\/#organization"},"image":{"@id":"https:\/\/aehm.es\/los-hoteles-de-madrid-te-invitan-a-celebrar-el-brunchpadre-con-motivo-de-la-celebracion-del-dia-del-padre\/#primaryimage"},"thumbnailUrl":"https:\/\/aehm.es\/wp-content\/uploads\/2023\/03\/El-Brunch-Padre-AEHM.jpg","articleSection":["Actualidad AEHM"],"inLanguage":"en-US","potentialAction":[{"@type":"CommentAction","name":"Comment","target":["https:\/\/aehm.es\/los-hoteles-de-madrid-te-invitan-a-celebrar-el-brunchpadre-con-motivo-de-la-celebracion-del-dia-del-padre\/#respond"]}]},{"@type":"WebPage","@id":"https:\/\/aehm.es\/los-hoteles-de-madrid-te-invitan-a-celebrar-el-brunchpadre-con-motivo-de-la-celebracion-del-dia-del-padre\/","url":"https:\/\/aehm.es\/los-hoteles-de-madrid-te-invitan-a-celebrar-el-brunchpadre-con-motivo-de-la-celebracion-del-dia-del-padre\/","name":"Los hoteles de Madrid te invitan a celebrar \u2018El Brunch+Padre\u2019 con motivo de la celebraci\u00f3n del D\u00eda del Padre - AEHM","isPartOf":{"@id":"https:\/\/aehm.es\/#website"},"primaryImageOfPage":{"@id":"https:\/\/aehm.es\/los-hoteles-de-madrid-te-invitan-a-celebrar-el-brunchpadre-con-motivo-de-la-celebracion-del-dia-del-padre\/#primaryimage"},"image":{"@id":"https:\/\/aehm.es\/los-hoteles-de-madrid-te-invitan-a-celebrar-el-brunchpadre-con-motivo-de-la-celebracion-del-dia-del-padre\/#primaryimage"},"thumbnailUrl":"https:\/\/aehm.es\/wp-content\/uploads\/2023\/03\/El-Brunch-Padre-AEHM.jpg","datePublished":"2023-03-13T10:42:05+00:00","dateModified":"2023-03-14T09:33:25+00:00","description":"La Asociaci\u00f3n Empresarial Hotelera de Madrid (AEHM)\u00a0anima todos aquellos que deseen\u00a0celebrar el D\u00eda del Padre a degustar una amplia variedad de brunch en diferentes hoteles de la regi\u00f3n","breadcrumb":{"@id":"https:\/\/aehm.es\/los-hoteles-de-madrid-te-invitan-a-celebrar-el-brunchpadre-con-motivo-de-la-celebracion-del-dia-del-padre\/#breadcrumb"},"inLanguage":"en-US","potentialAction":[{"@type":"ReadAction","target":["https:\/\/aehm.es\/los-hoteles-de-madrid-te-invitan-a-celebrar-el-brunchpadre-con-motivo-de-la-celebracion-del-dia-del-padre\/"]}]},{"@type":"ImageObject","inLanguage":"en-US","@id":"https:\/\/aehm.es\/los-hoteles-de-madrid-te-invitan-a-celebrar-el-brunchpadre-con-motivo-de-la-celebracion-del-dia-del-padre\/#primaryimage","url":"https:\/\/aehm.es\/wp-content\/uploads\/2023\/03\/El-Brunch-Padre-AEHM.jpg","contentUrl":"https:\/\/aehm.es\/wp-content\/uploads\/2023\/03\/El-Brunch-Padre-AEHM.jpg","width":1382,"height":830},{"@type":"BreadcrumbList","@id":"https:\/\/aehm.es\/los-hoteles-de-madrid-te-invitan-a-celebrar-el-brunchpadre-con-motivo-de-la-celebracion-del-dia-del-padre\/#breadcrumb","itemListElement":[{"@type":"ListItem","position":1,"name":"Portada","item":"https:\/\/aehm.es\/en\/"},{"@type":"ListItem","position":2,"name":"Los hoteles de Madrid te invitan a celebrar \u2018El Brunch+Padre\u2019 con motivo de la celebraci\u00f3n del D\u00eda del Padre"}]},{"@type":"WebSite","@id":"https:\/\/aehm.es\/#website","url":"https:\/\/aehm.es\/","name":"Asociaci\u00f3n Empresarial Hotelera de Madrid","description":"La Asociaci\u00f3n Empresarial Hotelera Madrid est\u00e1 formada por m\u00e1s de 300 establecimientos de todas las categor\u00edas y tipolog\u00edas (hoteles, hostales, hostels, apartamentos\u2026) que suman m\u00e1s de 75.000 plazas de alojamiento.","publisher":{"@id":"https:\/\/aehm.es\/#organization"},"alternateName":"AEHM","potentialAction":[{"@type":"SearchAction","target":{"@type":"EntryPoint","urlTemplate":"https:\/\/aehm.es\/?s={search_term_string}"},"query-input":{"@type":"PropertyValueSpecification","valueRequired":true,"valueName":"search_term_string"}}],"inLanguage":"en-US"},{"@type":"Organization","@id":"https:\/\/aehm.es\/#organization","name":"Asociaci\u00f3n Empresarial Hotelera de Madrid","url":"https:\/\/aehm.es\/","logo":{"@type":"ImageObject","inLanguage":"en-US","@id":"https:\/\/aehm.es\/#\/schema\/logo\/image\/","url":"https:\/\/aehm.es\/wp-content\/uploads\/2021\/11\/Logo_AEHM_Horiz.png","contentUrl":"https:\/\/aehm.es\/wp-content\/uploads\/2021\/11\/Logo_AEHM_Horiz.png","width":600,"height":182,"caption":"Asociaci\u00f3n Empresarial Hotelera de Madrid"},"image":{"@id":"https:\/\/aehm.es\/#\/schema\/logo\/image\/"},"sameAs":["https:\/\/www.instagram.com\/hotelesdemadrid\/","https:\/\/x.com\/HotelesAEHM","https:\/\/www.linkedin.com\/company\/11166072\/"]},{"@type":"Person","@id":"https:\/\/aehm.es\/#\/schema\/person\/60c7fea5d55536f98119963377461ad7","name":"Daniel","image":{"@type":"ImageObject","inLanguage":"en-US","@id":"https:\/\/secure.gravatar.com\/avatar\/0dfa18ec31ea113dd108a1bc201fd87f32db5c9472715e667fe4ec16906239d0?s=96&d=mm&r=g","url":"https:\/\/secure.gravatar.com\/avatar\/0dfa18ec31ea113dd108a1bc201fd87f32db5c9472715e667fe4ec16906239d0?s=96&d=mm&r=g","contentUrl":"https:\/\/secure.gravatar.com\/avatar\/0dfa18ec31ea113dd108a1bc201fd87f32db5c9472715e667fe4ec16906239d0?s=96&d=mm&r=g","caption":"Daniel"},"url":"https:\/\/aehm.es\/en\/author\/daniel\/"}]}},"_links":{"self":[{"href":"https:\/\/aehm.es\/en\/wp-json\/wp\/v2\/posts\/15623","targetHints":{"allow":["GET"]}}],"collection":[{"href":"https:\/\/aehm.es\/en\/wp-json\/wp\/v2\/posts"}],"about":[{"href":"https:\/\/aehm.es\/en\/wp-json\/wp\/v2\/types\/post"}],"author":[{"embeddable":true,"href":"https:\/\/aehm.es\/en\/wp-json\/wp\/v2\/users\/15"}],"replies":[{"embeddable":true,"href":"https:\/\/aehm.es\/en\/wp-json\/wp\/v2\/comments?post=15623"}],"version-history":[{"count":0,"href":"https:\/\/aehm.es\/en\/wp-json\/wp\/v2\/posts\/15623\/revisions"}],"wp:featuredmedia":[{"embeddable":true,"href":"https:\/\/aehm.es\/en\/wp-json\/wp\/v2\/media\/15630"}],"wp:attachment":[{"href":"https:\/\/aehm.es\/en\/wp-json\/wp\/v2\/media?parent=15623"}],"wp:term":[{"taxonomy":"category","embeddable":true,"href":"https:\/\/aehm.es\/en\/wp-json\/wp\/v2\/categories?post=15623"},{"taxonomy":"post_tag","embeddable":true,"href":"https:\/\/aehm.es\/en\/wp-json\/wp\/v2\/tags?post=15623"}],"curies":[{"name":"wp","href":"https:\/\/api.w.org\/{rel}","templated":true}]}}