{"id":15102,"date":"2023-01-24T09:47:01","date_gmt":"2023-01-24T09:47:01","guid":{"rendered":"https:\/\/aehm.es\/?p=15102"},"modified":"2023-01-24T10:43:19","modified_gmt":"2023-01-24T10:43:19","slug":"los-hoteles-madrilenos-registran-el-85-de-ocupacion-hotelera-durante-las-jornadas-profesionales-de-fitur-2023","status":"publish","type":"post","link":"https:\/\/aehm.es\/en\/los-hoteles-madrilenos-registran-el-85-de-ocupacion-hotelera-durante-las-jornadas-profesionales-de-fitur-2023\/","title":{"rendered":"Los hoteles madrile\u00f1os registran el 85% de ocupaci\u00f3n hotelera durante las jornadas profesionales de Fitur 2023"},"content":{"rendered":"<ul>\n<li><strong>La <\/strong><strong>Asociaci\u00f3n Empresarial Hotelera de Madrid (AEHM) ha recogido esta media a lo largo de las tres jornadas profesionales, desde el <\/strong><strong>mi\u00e9rcoles 18 de enero hasta el viernes 20 de enero.<\/strong><\/li>\n<\/ul>\n<p>&nbsp;<\/p>\n<p><strong>\u00a0<\/strong><strong>Madrid, 24 de enero de 2023.-<\/strong>. Los hoteles de la Comunidad de Madrid han alcanzado una <strong>ocupaci\u00f3n hotelera media del 85% a lo largo de las tres jornadas profesionales -desde el mi\u00e9rcoles 18 de enero hasta el viernes 20 de enero<\/strong>-, con motivo de Fitur 2023, <strong>seg\u00fan ha registrado una encuesta realizada por la Asociaci\u00f3n Empresarial Hotelera de Madrid (AEHM) una vez finalizadas la feria.<\/strong><\/p>\n<p><strong>\u00a0<\/strong>Cabe destacar que los <strong>datos de ocupaci\u00f3n se han igualado a los datos alcanzados en la edici\u00f3n de enero 2020, llegando al 85% de ocupaci\u00f3n<\/strong>.<\/p>\n<p><strong>\u00a0<\/strong>La <strong>vicepresidenta ejecutiva de AEHM, Mar de Miguel,<\/strong> ha destacado que \u201cun a\u00f1o m\u00e1s, la\u00a0Feria Internacional del Turismo\u00a0ha sido todo un \u00e9xito para el sector. El movimiento de llegadas a Fitur nos ha permitido dar a conocer y potenciar la imagen de nuestro destino y la excelente oferta de nuestra planta hotelera tanto a nivel nacional e internacional; y, adem\u00e1s, todo ello ha generado un impacto en la econom\u00eda madrile\u00f1a\u201d.<\/p>\n","protected":false},"excerpt":{"rendered":"<p>La Asociaci\u00f3n Empresarial Hotelera de Madrid (AEHM) ha recogido esta media a lo largo de las tres jornadas profesionales, desde el mi\u00e9rcoles 18 de enero hasta el viernes 20 de enero. &nbsp; \u00a0Madrid, 24 de enero de 2023.-. Los hoteles de la Comunidad de Madrid han alcanzado una ocupaci\u00f3n hotelera media del 85% a lo [&hellip;]<\/p>\n","protected":false},"author":17,"featured_media":15108,"comment_status":"open","ping_status":"open","sticky":false,"template":"","format":"standard","meta":{"footnotes":""},"categories":[1],"tags":[],"class_list":["post-15102","post","type-post","status-publish","format-standard","has-post-thumbnail","hentry","category-actualidad-aehm"],"yoast_head":"<!-- This site is optimized with the Yoast SEO plugin v27.4 - https:\/\/yoast.com\/product\/yoast-seo-wordpress\/ -->\n<title>Los hoteles madrile\u00f1os registran el 85% de ocupaci\u00f3n hotelera durante las jornadas profesionales de Fitur 2023 - AEHM<\/title>\n<meta name=\"description\" content=\"La Asociaci\u00f3n Empresarial Hotelera de Madrid (AEHM) ha recogido esta media a lo largo de las tres jornadas profesionales\" \/>\n<meta name=\"robots\" content=\"index, follow, max-snippet:-1, max-image-preview:large, max-video-preview:-1\" \/>\n<link rel=\"canonical\" href=\"https:\/\/aehm.es\/en\/los-hoteles-madrilenos-registran-el-85-de-ocupacion-hotelera-durante-las-jornadas-profesionales-de-fitur-2023\/\" \/>\n<meta property=\"og:locale\" content=\"en_US\" \/>\n<meta property=\"og:type\" content=\"article\" \/>\n<meta property=\"og:title\" content=\"Los hoteles madrile\u00f1os registran el 85% de ocupaci\u00f3n hotelera durante las jornadas profesionales de Fitur 2023\" \/>\n<meta property=\"og:description\" content=\"La Asociaci\u00f3n Empresarial Hotelera de Madrid (AEHM) ha recogido esta media a lo largo de las tres jornadas profesionales, desde el mi\u00e9rcoles 18 de enero hasta el viernes 20 de enero.\" \/>\n<meta property=\"og:url\" content=\"https:\/\/aehm.es\/en\/los-hoteles-madrilenos-registran-el-85-de-ocupacion-hotelera-durante-las-jornadas-profesionales-de-fitur-2023\/\" \/>\n<meta property=\"og:site_name\" content=\"AEHM\" \/>\n<meta property=\"article:publisher\" content=\"https:\/\/www.instagram.com\/hotelesdemadrid\/\" \/>\n<meta property=\"article:published_time\" content=\"2023-01-24T09:47:01+00:00\" \/>\n<meta property=\"article:modified_time\" content=\"2023-01-24T10:43:19+00:00\" \/>\n<meta property=\"og:image\" content=\"https:\/\/aehm.es\/wp-content\/uploads\/2023\/01\/Imagen-destacada-AEHM_MIVC-9.png\" \/>\n\t<meta property=\"og:image:width\" content=\"1600\" \/>\n\t<meta property=\"og:image:height\" content=\"900\" \/>\n\t<meta property=\"og:image:type\" content=\"image\/png\" \/>\n<meta name=\"author\" content=\"Ana\" \/>\n<meta name=\"twitter:card\" content=\"summary_large_image\" \/>\n<meta name=\"twitter:title\" content=\"Los hoteles madrile\u00f1os registran el 85% de ocupaci\u00f3n hotelera durante las jornadas profesionales de Fitur 2023\" \/>\n<meta name=\"twitter:description\" content=\"La Asociaci\u00f3n Empresarial Hotelera de Madrid (AEHM) ha recogido esta media a lo largo de las tres jornadas profesionales, desde el mi\u00e9rcoles 18 de enero hasta el viernes 20 de enero\" \/>\n<meta name=\"twitter:image\" content=\"https:\/\/aehm.es\/wp-content\/uploads\/2023\/01\/Imagen-destacada-AEHM_MIVC-9.png\" \/>\n<meta name=\"twitter:creator\" content=\"@HotelesAEHM\" \/>\n<meta name=\"twitter:site\" content=\"@HotelesAEHM\" \/>\n<meta name=\"twitter:label1\" content=\"Written by\" \/>\n\t<meta name=\"twitter:data1\" content=\"Ana\" \/>\n\t<meta name=\"twitter:label2\" content=\"Est. reading time\" \/>\n\t<meta name=\"twitter:data2\" content=\"1 minute\" \/>\n<script type=\"application\/ld+json\" class=\"yoast-schema-graph\">{\"@context\":\"https:\\\/\\\/schema.org\",\"@graph\":[{\"@type\":\"Article\",\"@id\":\"https:\\\/\\\/aehm.es\\\/en\\\/los-hoteles-madrilenos-registran-el-85-de-ocupacion-hotelera-durante-las-jornadas-profesionales-de-fitur-2023\\\/#article\",\"isPartOf\":{\"@id\":\"https:\\\/\\\/aehm.es\\\/en\\\/los-hoteles-madrilenos-registran-el-85-de-ocupacion-hotelera-durante-las-jornadas-profesionales-de-fitur-2023\\\/\"},\"author\":{\"name\":\"Ana\",\"@id\":\"https:\\\/\\\/aehm.es\\\/#\\\/schema\\\/person\\\/b655ef2171d2fe8c8c3f29920ae6431b\"},\"headline\":\"Los hoteles madrile\u00f1os registran el 85% de ocupaci\u00f3n hotelera durante las jornadas profesionales de Fitur 2023\",\"datePublished\":\"2023-01-24T09:47:01+00:00\",\"dateModified\":\"2023-01-24T10:43:19+00:00\",\"mainEntityOfPage\":{\"@id\":\"https:\\\/\\\/aehm.es\\\/en\\\/los-hoteles-madrilenos-registran-el-85-de-ocupacion-hotelera-durante-las-jornadas-profesionales-de-fitur-2023\\\/\"},\"wordCount\":215,\"commentCount\":0,\"publisher\":{\"@id\":\"https:\\\/\\\/aehm.es\\\/#organization\"},\"image\":{\"@id\":\"https:\\\/\\\/aehm.es\\\/en\\\/los-hoteles-madrilenos-registran-el-85-de-ocupacion-hotelera-durante-las-jornadas-profesionales-de-fitur-2023\\\/#primaryimage\"},\"thumbnailUrl\":\"https:\\\/\\\/aehm.es\\\/wp-content\\\/uploads\\\/2023\\\/01\\\/Stand-FITUR-AEHM1.jpg\",\"articleSection\":[\"Actualidad AEHM\"],\"inLanguage\":\"en-US\",\"potentialAction\":[{\"@type\":\"CommentAction\",\"name\":\"Comment\",\"target\":[\"https:\\\/\\\/aehm.es\\\/en\\\/los-hoteles-madrilenos-registran-el-85-de-ocupacion-hotelera-durante-las-jornadas-profesionales-de-fitur-2023\\\/#respond\"]}]},{\"@type\":\"WebPage\",\"@id\":\"https:\\\/\\\/aehm.es\\\/en\\\/los-hoteles-madrilenos-registran-el-85-de-ocupacion-hotelera-durante-las-jornadas-profesionales-de-fitur-2023\\\/\",\"url\":\"https:\\\/\\\/aehm.es\\\/en\\\/los-hoteles-madrilenos-registran-el-85-de-ocupacion-hotelera-durante-las-jornadas-profesionales-de-fitur-2023\\\/\",\"name\":\"Los hoteles madrile\u00f1os registran el 85% de ocupaci\u00f3n hotelera durante las jornadas profesionales de Fitur 2023 - AEHM\",\"isPartOf\":{\"@id\":\"https:\\\/\\\/aehm.es\\\/#website\"},\"primaryImageOfPage\":{\"@id\":\"https:\\\/\\\/aehm.es\\\/en\\\/los-hoteles-madrilenos-registran-el-85-de-ocupacion-hotelera-durante-las-jornadas-profesionales-de-fitur-2023\\\/#primaryimage\"},\"image\":{\"@id\":\"https:\\\/\\\/aehm.es\\\/en\\\/los-hoteles-madrilenos-registran-el-85-de-ocupacion-hotelera-durante-las-jornadas-profesionales-de-fitur-2023\\\/#primaryimage\"},\"thumbnailUrl\":\"https:\\\/\\\/aehm.es\\\/wp-content\\\/uploads\\\/2023\\\/01\\\/Stand-FITUR-AEHM1.jpg\",\"datePublished\":\"2023-01-24T09:47:01+00:00\",\"dateModified\":\"2023-01-24T10:43:19+00:00\",\"description\":\"La Asociaci\u00f3n Empresarial Hotelera de Madrid (AEHM) ha recogido esta media a lo largo de las tres jornadas profesionales\",\"breadcrumb\":{\"@id\":\"https:\\\/\\\/aehm.es\\\/en\\\/los-hoteles-madrilenos-registran-el-85-de-ocupacion-hotelera-durante-las-jornadas-profesionales-de-fitur-2023\\\/#breadcrumb\"},\"inLanguage\":\"en-US\",\"potentialAction\":[{\"@type\":\"ReadAction\",\"target\":[\"https:\\\/\\\/aehm.es\\\/en\\\/los-hoteles-madrilenos-registran-el-85-de-ocupacion-hotelera-durante-las-jornadas-profesionales-de-fitur-2023\\\/\"]}]},{\"@type\":\"ImageObject\",\"inLanguage\":\"en-US\",\"@id\":\"https:\\\/\\\/aehm.es\\\/en\\\/los-hoteles-madrilenos-registran-el-85-de-ocupacion-hotelera-durante-las-jornadas-profesionales-de-fitur-2023\\\/#primaryimage\",\"url\":\"https:\\\/\\\/aehm.es\\\/wp-content\\\/uploads\\\/2023\\\/01\\\/Stand-FITUR-AEHM1.jpg\",\"contentUrl\":\"https:\\\/\\\/aehm.es\\\/wp-content\\\/uploads\\\/2023\\\/01\\\/Stand-FITUR-AEHM1.jpg\",\"width\":1200,\"height\":600},{\"@type\":\"BreadcrumbList\",\"@id\":\"https:\\\/\\\/aehm.es\\\/en\\\/los-hoteles-madrilenos-registran-el-85-de-ocupacion-hotelera-durante-las-jornadas-profesionales-de-fitur-2023\\\/#breadcrumb\",\"itemListElement\":[{\"@type\":\"ListItem\",\"position\":1,\"name\":\"Portada\",\"item\":\"https:\\\/\\\/aehm.es\\\/en\\\/\"},{\"@type\":\"ListItem\",\"position\":2,\"name\":\"Los hoteles madrile\u00f1os registran el 85% de ocupaci\u00f3n hotelera durante las jornadas profesionales de Fitur 2023\"}]},{\"@type\":\"WebSite\",\"@id\":\"https:\\\/\\\/aehm.es\\\/#website\",\"url\":\"https:\\\/\\\/aehm.es\\\/\",\"name\":\"Asociaci\u00f3n Empresarial Hotelera de Madrid\",\"description\":\"La Asociaci\u00f3n Empresarial Hotelera Madrid est\u00e1 formada por m\u00e1s de 300 establecimientos de todas las categor\u00edas y tipolog\u00edas (hoteles, hostales, hostels, apartamentos\u2026) que suman m\u00e1s de 75.000 plazas de alojamiento.\",\"publisher\":{\"@id\":\"https:\\\/\\\/aehm.es\\\/#organization\"},\"alternateName\":\"AEHM\",\"potentialAction\":[{\"@type\":\"SearchAction\",\"target\":{\"@type\":\"EntryPoint\",\"urlTemplate\":\"https:\\\/\\\/aehm.es\\\/?s={search_term_string}\"},\"query-input\":{\"@type\":\"PropertyValueSpecification\",\"valueRequired\":true,\"valueName\":\"search_term_string\"}}],\"inLanguage\":\"en-US\"},{\"@type\":\"Organization\",\"@id\":\"https:\\\/\\\/aehm.es\\\/#organization\",\"name\":\"Asociaci\u00f3n Empresarial Hotelera de Madrid\",\"url\":\"https:\\\/\\\/aehm.es\\\/\",\"logo\":{\"@type\":\"ImageObject\",\"inLanguage\":\"en-US\",\"@id\":\"https:\\\/\\\/aehm.es\\\/#\\\/schema\\\/logo\\\/image\\\/\",\"url\":\"https:\\\/\\\/aehm.es\\\/wp-content\\\/uploads\\\/2021\\\/11\\\/Logo_AEHM_Horiz.png\",\"contentUrl\":\"https:\\\/\\\/aehm.es\\\/wp-content\\\/uploads\\\/2021\\\/11\\\/Logo_AEHM_Horiz.png\",\"width\":600,\"height\":182,\"caption\":\"Asociaci\u00f3n Empresarial Hotelera de Madrid\"},\"image\":{\"@id\":\"https:\\\/\\\/aehm.es\\\/#\\\/schema\\\/logo\\\/image\\\/\"},\"sameAs\":[\"https:\\\/\\\/www.instagram.com\\\/hotelesdemadrid\\\/\",\"https:\\\/\\\/x.com\\\/HotelesAEHM\",\"https:\\\/\\\/www.linkedin.com\\\/company\\\/11166072\\\/\"]},{\"@type\":\"Person\",\"@id\":\"https:\\\/\\\/aehm.es\\\/#\\\/schema\\\/person\\\/b655ef2171d2fe8c8c3f29920ae6431b\",\"name\":\"Ana\",\"image\":{\"@type\":\"ImageObject\",\"inLanguage\":\"en-US\",\"@id\":\"https:\\\/\\\/secure.gravatar.com\\\/avatar\\\/bb0eb950a76e2f6c0ac163ca0871058014a4639f429cd779c2dbede25673061b?s=96&d=mm&r=g\",\"url\":\"https:\\\/\\\/secure.gravatar.com\\\/avatar\\\/bb0eb950a76e2f6c0ac163ca0871058014a4639f429cd779c2dbede25673061b?s=96&d=mm&r=g\",\"contentUrl\":\"https:\\\/\\\/secure.gravatar.com\\\/avatar\\\/bb0eb950a76e2f6c0ac163ca0871058014a4639f429cd779c2dbede25673061b?s=96&d=mm&r=g\",\"caption\":\"Ana\"},\"url\":\"https:\\\/\\\/aehm.es\\\/en\\\/author\\\/ana\\\/\"}]}<\/script>\n<!-- \/ Yoast SEO plugin. -->","yoast_head_json":{"title":"Los hoteles madrile\u00f1os registran el 85% de ocupaci\u00f3n hotelera durante las jornadas profesionales de Fitur 2023 - AEHM","description":"La Asociaci\u00f3n Empresarial Hotelera de Madrid (AEHM) ha recogido esta media a lo largo de las tres jornadas profesionales","robots":{"index":"index","follow":"follow","max-snippet":"max-snippet:-1","max-image-preview":"max-image-preview:large","max-video-preview":"max-video-preview:-1"},"canonical":"https:\/\/aehm.es\/en\/los-hoteles-madrilenos-registran-el-85-de-ocupacion-hotelera-durante-las-jornadas-profesionales-de-fitur-2023\/","og_locale":"en_US","og_type":"article","og_title":"Los hoteles madrile\u00f1os registran el 85% de ocupaci\u00f3n hotelera durante las jornadas profesionales de Fitur 2023","og_description":"La Asociaci\u00f3n Empresarial Hotelera de Madrid (AEHM) ha recogido esta media a lo largo de las tres jornadas profesionales, desde el mi\u00e9rcoles 18 de enero hasta el viernes 20 de enero.","og_url":"https:\/\/aehm.es\/en\/los-hoteles-madrilenos-registran-el-85-de-ocupacion-hotelera-durante-las-jornadas-profesionales-de-fitur-2023\/","og_site_name":"AEHM","article_publisher":"https:\/\/www.instagram.com\/hotelesdemadrid\/","article_published_time":"2023-01-24T09:47:01+00:00","article_modified_time":"2023-01-24T10:43:19+00:00","og_image":[{"width":1600,"height":900,"url":"https:\/\/aehm.es\/wp-content\/uploads\/2023\/01\/Imagen-destacada-AEHM_MIVC-9.png","type":"image\/png"}],"author":"Ana","twitter_card":"summary_large_image","twitter_title":"Los hoteles madrile\u00f1os registran el 85% de ocupaci\u00f3n hotelera durante las jornadas profesionales de Fitur 2023","twitter_description":"La Asociaci\u00f3n Empresarial Hotelera de Madrid (AEHM) ha recogido esta media a lo largo de las tres jornadas profesionales, desde el mi\u00e9rcoles 18 de enero hasta el viernes 20 de enero","twitter_image":"https:\/\/aehm.es\/wp-content\/uploads\/2023\/01\/Imagen-destacada-AEHM_MIVC-9.png","twitter_creator":"@HotelesAEHM","twitter_site":"@HotelesAEHM","twitter_misc":{"Written by":"Ana","Est. reading time":"1 minute"},"schema":{"@context":"https:\/\/schema.org","@graph":[{"@type":"Article","@id":"https:\/\/aehm.es\/en\/los-hoteles-madrilenos-registran-el-85-de-ocupacion-hotelera-durante-las-jornadas-profesionales-de-fitur-2023\/#article","isPartOf":{"@id":"https:\/\/aehm.es\/en\/los-hoteles-madrilenos-registran-el-85-de-ocupacion-hotelera-durante-las-jornadas-profesionales-de-fitur-2023\/"},"author":{"name":"Ana","@id":"https:\/\/aehm.es\/#\/schema\/person\/b655ef2171d2fe8c8c3f29920ae6431b"},"headline":"Los hoteles madrile\u00f1os registran el 85% de ocupaci\u00f3n hotelera durante las jornadas profesionales de Fitur 2023","datePublished":"2023-01-24T09:47:01+00:00","dateModified":"2023-01-24T10:43:19+00:00","mainEntityOfPage":{"@id":"https:\/\/aehm.es\/en\/los-hoteles-madrilenos-registran-el-85-de-ocupacion-hotelera-durante-las-jornadas-profesionales-de-fitur-2023\/"},"wordCount":215,"commentCount":0,"publisher":{"@id":"https:\/\/aehm.es\/#organization"},"image":{"@id":"https:\/\/aehm.es\/en\/los-hoteles-madrilenos-registran-el-85-de-ocupacion-hotelera-durante-las-jornadas-profesionales-de-fitur-2023\/#primaryimage"},"thumbnailUrl":"https:\/\/aehm.es\/wp-content\/uploads\/2023\/01\/Stand-FITUR-AEHM1.jpg","articleSection":["Actualidad AEHM"],"inLanguage":"en-US","potentialAction":[{"@type":"CommentAction","name":"Comment","target":["https:\/\/aehm.es\/en\/los-hoteles-madrilenos-registran-el-85-de-ocupacion-hotelera-durante-las-jornadas-profesionales-de-fitur-2023\/#respond"]}]},{"@type":"WebPage","@id":"https:\/\/aehm.es\/en\/los-hoteles-madrilenos-registran-el-85-de-ocupacion-hotelera-durante-las-jornadas-profesionales-de-fitur-2023\/","url":"https:\/\/aehm.es\/en\/los-hoteles-madrilenos-registran-el-85-de-ocupacion-hotelera-durante-las-jornadas-profesionales-de-fitur-2023\/","name":"Los hoteles madrile\u00f1os registran el 85% de ocupaci\u00f3n hotelera durante las jornadas profesionales de Fitur 2023 - AEHM","isPartOf":{"@id":"https:\/\/aehm.es\/#website"},"primaryImageOfPage":{"@id":"https:\/\/aehm.es\/en\/los-hoteles-madrilenos-registran-el-85-de-ocupacion-hotelera-durante-las-jornadas-profesionales-de-fitur-2023\/#primaryimage"},"image":{"@id":"https:\/\/aehm.es\/en\/los-hoteles-madrilenos-registran-el-85-de-ocupacion-hotelera-durante-las-jornadas-profesionales-de-fitur-2023\/#primaryimage"},"thumbnailUrl":"https:\/\/aehm.es\/wp-content\/uploads\/2023\/01\/Stand-FITUR-AEHM1.jpg","datePublished":"2023-01-24T09:47:01+00:00","dateModified":"2023-01-24T10:43:19+00:00","description":"La Asociaci\u00f3n Empresarial Hotelera de Madrid (AEHM) ha recogido esta media a lo largo de las tres jornadas profesionales","breadcrumb":{"@id":"https:\/\/aehm.es\/en\/los-hoteles-madrilenos-registran-el-85-de-ocupacion-hotelera-durante-las-jornadas-profesionales-de-fitur-2023\/#breadcrumb"},"inLanguage":"en-US","potentialAction":[{"@type":"ReadAction","target":["https:\/\/aehm.es\/en\/los-hoteles-madrilenos-registran-el-85-de-ocupacion-hotelera-durante-las-jornadas-profesionales-de-fitur-2023\/"]}]},{"@type":"ImageObject","inLanguage":"en-US","@id":"https:\/\/aehm.es\/en\/los-hoteles-madrilenos-registran-el-85-de-ocupacion-hotelera-durante-las-jornadas-profesionales-de-fitur-2023\/#primaryimage","url":"https:\/\/aehm.es\/wp-content\/uploads\/2023\/01\/Stand-FITUR-AEHM1.jpg","contentUrl":"https:\/\/aehm.es\/wp-content\/uploads\/2023\/01\/Stand-FITUR-AEHM1.jpg","width":1200,"height":600},{"@type":"BreadcrumbList","@id":"https:\/\/aehm.es\/en\/los-hoteles-madrilenos-registran-el-85-de-ocupacion-hotelera-durante-las-jornadas-profesionales-de-fitur-2023\/#breadcrumb","itemListElement":[{"@type":"ListItem","position":1,"name":"Portada","item":"https:\/\/aehm.es\/en\/"},{"@type":"ListItem","position":2,"name":"Los hoteles madrile\u00f1os registran el 85% de ocupaci\u00f3n hotelera durante las jornadas profesionales de Fitur 2023"}]},{"@type":"WebSite","@id":"https:\/\/aehm.es\/#website","url":"https:\/\/aehm.es\/","name":"Asociaci\u00f3n Empresarial Hotelera de Madrid","description":"La Asociaci\u00f3n Empresarial Hotelera Madrid est\u00e1 formada por m\u00e1s de 300 establecimientos de todas las categor\u00edas y tipolog\u00edas (hoteles, hostales, hostels, apartamentos\u2026) que suman m\u00e1s de 75.000 plazas de alojamiento.","publisher":{"@id":"https:\/\/aehm.es\/#organization"},"alternateName":"AEHM","potentialAction":[{"@type":"SearchAction","target":{"@type":"EntryPoint","urlTemplate":"https:\/\/aehm.es\/?s={search_term_string}"},"query-input":{"@type":"PropertyValueSpecification","valueRequired":true,"valueName":"search_term_string"}}],"inLanguage":"en-US"},{"@type":"Organization","@id":"https:\/\/aehm.es\/#organization","name":"Asociaci\u00f3n Empresarial Hotelera de Madrid","url":"https:\/\/aehm.es\/","logo":{"@type":"ImageObject","inLanguage":"en-US","@id":"https:\/\/aehm.es\/#\/schema\/logo\/image\/","url":"https:\/\/aehm.es\/wp-content\/uploads\/2021\/11\/Logo_AEHM_Horiz.png","contentUrl":"https:\/\/aehm.es\/wp-content\/uploads\/2021\/11\/Logo_AEHM_Horiz.png","width":600,"height":182,"caption":"Asociaci\u00f3n Empresarial Hotelera de Madrid"},"image":{"@id":"https:\/\/aehm.es\/#\/schema\/logo\/image\/"},"sameAs":["https:\/\/www.instagram.com\/hotelesdemadrid\/","https:\/\/x.com\/HotelesAEHM","https:\/\/www.linkedin.com\/company\/11166072\/"]},{"@type":"Person","@id":"https:\/\/aehm.es\/#\/schema\/person\/b655ef2171d2fe8c8c3f29920ae6431b","name":"Ana","image":{"@type":"ImageObject","inLanguage":"en-US","@id":"https:\/\/secure.gravatar.com\/avatar\/bb0eb950a76e2f6c0ac163ca0871058014a4639f429cd779c2dbede25673061b?s=96&d=mm&r=g","url":"https:\/\/secure.gravatar.com\/avatar\/bb0eb950a76e2f6c0ac163ca0871058014a4639f429cd779c2dbede25673061b?s=96&d=mm&r=g","contentUrl":"https:\/\/secure.gravatar.com\/avatar\/bb0eb950a76e2f6c0ac163ca0871058014a4639f429cd779c2dbede25673061b?s=96&d=mm&r=g","caption":"Ana"},"url":"https:\/\/aehm.es\/en\/author\/ana\/"}]}},"_links":{"self":[{"href":"https:\/\/aehm.es\/en\/wp-json\/wp\/v2\/posts\/15102","targetHints":{"allow":["GET"]}}],"collection":[{"href":"https:\/\/aehm.es\/en\/wp-json\/wp\/v2\/posts"}],"about":[{"href":"https:\/\/aehm.es\/en\/wp-json\/wp\/v2\/types\/post"}],"author":[{"embeddable":true,"href":"https:\/\/aehm.es\/en\/wp-json\/wp\/v2\/users\/17"}],"replies":[{"embeddable":true,"href":"https:\/\/aehm.es\/en\/wp-json\/wp\/v2\/comments?post=15102"}],"version-history":[{"count":0,"href":"https:\/\/aehm.es\/en\/wp-json\/wp\/v2\/posts\/15102\/revisions"}],"wp:featuredmedia":[{"embeddable":true,"href":"https:\/\/aehm.es\/en\/wp-json\/wp\/v2\/media\/15108"}],"wp:attachment":[{"href":"https:\/\/aehm.es\/en\/wp-json\/wp\/v2\/media?parent=15102"}],"wp:term":[{"taxonomy":"category","embeddable":true,"href":"https:\/\/aehm.es\/en\/wp-json\/wp\/v2\/categories?post=15102"},{"taxonomy":"post_tag","embeddable":true,"href":"https:\/\/aehm.es\/en\/wp-json\/wp\/v2\/tags?post=15102"}],"curies":[{"name":"wp","href":"https:\/\/api.w.org\/{rel}","templated":true}]}}