{"id":14843,"date":"2022-12-01T11:25:11","date_gmt":"2022-12-01T11:25:11","guid":{"rendered":"https:\/\/aehm.es\/?p=14843"},"modified":"2022-12-01T11:25:11","modified_gmt":"2022-12-01T11:25:11","slug":"los-hoteleros-madrilenos-preven-una-ocupacion-media-para-el-puente-de-diciembre-del-71","status":"publish","type":"post","link":"https:\/\/aehm.es\/en\/los-hoteleros-madrilenos-preven-una-ocupacion-media-para-el-puente-de-diciembre-del-71\/","title":{"rendered":"Los hoteleros madrile\u00f1os prev\u00e9n una ocupaci\u00f3n media para el puente de diciembre del 71%"},"content":{"rendered":"<ul>\n<li><strong>Durante el puente de diciembre, del viernes 2<\/strong><strong> al s\u00e1bado 10 de diciembre, la cifra de previsi\u00f3n de ocupaci\u00f3n ser\u00e1 del 71%. Estas cifras son<\/strong> <strong>similares a las del 2019 (70%), teniendo en cuenta que el puente coincidi\u00f3 con la celebraci\u00f3n de la Cumbre del Clima en Madrid<\/strong><\/li>\n<\/ul>\n<p><strong>\u00a0<\/strong><\/p>\n<p><strong>Madrid, 1 de diciembre del 2022.- <\/strong>Los <strong>hoteleros madrile\u00f1os prev\u00e9n alcanzar una ocupaci\u00f3n media del 71% durante el puente de la Constituci\u00f3n y de la Inmaculada, <\/strong>seg\u00fan se desprende de la <strong>encuesta realizada por la Asociaci\u00f3n Empresarial Hotelera de Madrid (AEHM).<\/strong><\/p>\n<p>Desde la Asociaci\u00f3n se espera que <strong>las reservas hoteleras durante la semana del viernes 2 al s\u00e1bado 10 de diciembre alcancen el 71%. <\/strong>Este a\u00f1o los festivos nacionales el martes 6 y jueves 8, lo que generar\u00e1 distintas ofertas para los visitantes a lo largo de la semana.<\/p>\n<p>Cabe destacar que, estas <strong>cifras de previsi\u00f3n son<\/strong> <strong>similares a las del 2019 (70%), teniendo en cuenta que el puente de diciembre coincidi\u00f3 con la celebraci\u00f3n de la Cumbre del Clima en Madrid. En cuanto a las cifras alcanzadas de ocupaci\u00f3n hotelera, en el a\u00f1o 2019 fueron del 81%; y en el a\u00f1o 2021 fueron del 72.4%.<\/strong><\/p>\n<p>El puente de diciembre es muy importante para la ciudad Madrid porque coincide que son muchos los visitantes que vienen a pasarlo a Madrid para disfrutar de las tradicionales luces de navidad, la gran oferta cultural y comercial de la ciudad, la gastronom\u00eda, los musicales, realizar compras navide\u00f1as y, sobre todo, vienen vivir el ambiente navide\u00f1o. Adem\u00e1s, contin\u00faa la tendencia que se inici\u00f3 durante la pandemia donde los turistas realizan sus reservas hoteleras a \u00faltima hora.<\/p>\n<p>La <strong>vicepresidenta ejecutiva de AEHM, Mar de Miguel<\/strong> ha destacado que \u201cel puente de la Constituci\u00f3n y la Inmaculada es un momento del a\u00f1o especial y muy esperado por los hoteles de la capital espa\u00f1ola\u201d. Por ello, \u201cdesde la Asociaci\u00f3n deseamos que los visitantes vengan a disfrutar de la ciudad ya que se ha convertido en un destino de moda y est\u00e1 m\u00e1s efervescente que nunca\u201d.<\/p>\n<p>Adem\u00e1s, \u201cestamos seguros de que, a pesar de que es un fin de semana muy t\u00edpico para visitantes estacionales, llegar\u00e1n turistas internacionales\u201d. Asimismo, \u201cse prev\u00e9n reservas a \u00faltima hora para disfrutar del ambiente t\u00edpico de estas fechas tan destacadas, realizar compras navide\u00f1as y visitar los mercadillos navide\u00f1os\u201d, ha concluido.<\/p>\n","protected":false},"excerpt":{"rendered":"<p>Durante el puente de diciembre, del viernes 2 al s\u00e1bado 10 de diciembre, la cifra de previsi\u00f3n de ocupaci\u00f3n ser\u00e1 del 71%. Estas cifras son similares a las del 2019 (70%), teniendo en cuenta que el puente coincidi\u00f3 con la celebraci\u00f3n de la Cumbre del Clima en Madrid \u00a0 Madrid, 1 de diciembre del 2022.- [&hellip;]<\/p>\n","protected":false},"author":15,"featured_media":14844,"comment_status":"open","ping_status":"open","sticky":false,"template":"","format":"standard","meta":{"footnotes":""},"categories":[1],"tags":[],"class_list":["post-14843","post","type-post","status-publish","format-standard","has-post-thumbnail","hentry","category-actualidad-aehm"],"yoast_head":"<!-- This site is optimized with the Yoast SEO plugin v27.5 - https:\/\/yoast.com\/product\/yoast-seo-wordpress\/ -->\n<title>Los hoteleros madrile\u00f1os prev\u00e9n una ocupaci\u00f3n media para el puente de diciembre del 71% - AEHM<\/title>\n<meta name=\"description\" content=\"Durante el puente de diciembre, del viernes 2 al s\u00e1bado 10 de diciembre, la cifra de previsi\u00f3n de ocupaci\u00f3n ser\u00e1 del 71%. Estas cifras son similares a las del 2019 (70%), teniendo en cuenta que el puente coincidi\u00f3 con la celebraci\u00f3n de la Cumbre del Clima en Madrid\" \/>\n<meta name=\"robots\" content=\"index, follow, max-snippet:-1, max-image-preview:large, max-video-preview:-1\" \/>\n<link rel=\"canonical\" href=\"https:\/\/aehm.es\/los-hoteleros-madrilenos-preven-una-ocupacion-media-para-el-puente-de-diciembre-del-71\/\" \/>\n<meta property=\"og:locale\" content=\"en_US\" \/>\n<meta property=\"og:type\" content=\"article\" \/>\n<meta property=\"og:title\" content=\"Los hoteleros madrile\u00f1os prev\u00e9n una ocupaci\u00f3n media para el puente de diciembre del 71%\" \/>\n<meta property=\"og:description\" content=\"Durante el puente de diciembre, del viernes 2 al s\u00e1bado 10 de diciembre, la cifra de previsi\u00f3n de ocupaci\u00f3n ser\u00e1 del 71%. Estas cifras son similares a las del 2019 (70%), teniendo en cuenta que el puente coincidi\u00f3 con la celebraci\u00f3n de la Cumbre del Clima en Madrid\" \/>\n<meta property=\"og:url\" content=\"https:\/\/aehm.es\/los-hoteleros-madrilenos-preven-una-ocupacion-media-para-el-puente-de-diciembre-del-71\/\" \/>\n<meta property=\"og:site_name\" content=\"AEHM\" \/>\n<meta property=\"article:publisher\" content=\"https:\/\/www.instagram.com\/hotelesdemadrid\/\" \/>\n<meta property=\"article:published_time\" content=\"2022-12-01T11:25:11+00:00\" \/>\n<meta property=\"og:image\" content=\"https:\/\/aehm.es\/wp-content\/uploads\/2022\/12\/Imagen-destacada-AEHM_MIVC.png\" \/>\n\t<meta property=\"og:image:width\" content=\"1600\" \/>\n\t<meta property=\"og:image:height\" content=\"900\" \/>\n\t<meta property=\"og:image:type\" content=\"image\/png\" \/>\n<meta name=\"author\" content=\"Daniel\" \/>\n<meta name=\"twitter:card\" content=\"summary_large_image\" \/>\n<meta name=\"twitter:title\" content=\"Los hoteleros madrile\u00f1os prev\u00e9n una ocupaci\u00f3n media para el puente de diciembre del 71%\" \/>\n<meta name=\"twitter:description\" content=\"Durante el puente de diciembre, del viernes 2 al s\u00e1bado 10 de diciembre, la cifra de previsi\u00f3n de ocupaci\u00f3n ser\u00e1 del 71%. Estas cifras son similares a las del 2019 (70%), teniendo en cuenta que el puente coincidi\u00f3 con la celebraci\u00f3n de la Cumbre del Clima en Madrid\" \/>\n<meta name=\"twitter:image\" content=\"https:\/\/aehm.es\/wp-content\/uploads\/2022\/12\/Imagen-destacada-AEHM_MIVC.png\" \/>\n<meta name=\"twitter:creator\" content=\"@HotelesAEHM\" \/>\n<meta name=\"twitter:site\" content=\"@HotelesAEHM\" \/>\n<meta name=\"twitter:label1\" content=\"Written by\" \/>\n\t<meta name=\"twitter:data1\" content=\"Daniel\" \/>\n\t<meta name=\"twitter:label2\" content=\"Est. reading time\" \/>\n\t<meta name=\"twitter:data2\" content=\"2 minutes\" \/>\n<script type=\"application\/ld+json\" class=\"yoast-schema-graph\">{\"@context\":\"https:\\\/\\\/schema.org\",\"@graph\":[{\"@type\":\"Article\",\"@id\":\"https:\\\/\\\/aehm.es\\\/los-hoteleros-madrilenos-preven-una-ocupacion-media-para-el-puente-de-diciembre-del-71\\\/#article\",\"isPartOf\":{\"@id\":\"https:\\\/\\\/aehm.es\\\/los-hoteleros-madrilenos-preven-una-ocupacion-media-para-el-puente-de-diciembre-del-71\\\/\"},\"author\":{\"name\":\"Daniel\",\"@id\":\"https:\\\/\\\/aehm.es\\\/#\\\/schema\\\/person\\\/60c7fea5d55536f98119963377461ad7\"},\"headline\":\"Los hoteleros madrile\u00f1os prev\u00e9n una ocupaci\u00f3n media para el puente de diciembre del 71%\",\"datePublished\":\"2022-12-01T11:25:11+00:00\",\"mainEntityOfPage\":{\"@id\":\"https:\\\/\\\/aehm.es\\\/los-hoteleros-madrilenos-preven-una-ocupacion-media-para-el-puente-de-diciembre-del-71\\\/\"},\"wordCount\":418,\"commentCount\":0,\"publisher\":{\"@id\":\"https:\\\/\\\/aehm.es\\\/#organization\"},\"image\":{\"@id\":\"https:\\\/\\\/aehm.es\\\/los-hoteleros-madrilenos-preven-una-ocupacion-media-para-el-puente-de-diciembre-del-71\\\/#primaryimage\"},\"thumbnailUrl\":\"https:\\\/\\\/aehm.es\\\/wp-content\\\/uploads\\\/2022\\\/12\\\/calle_preciados_3.jpg\",\"articleSection\":[\"Actualidad AEHM\"],\"inLanguage\":\"en-US\",\"potentialAction\":[{\"@type\":\"CommentAction\",\"name\":\"Comment\",\"target\":[\"https:\\\/\\\/aehm.es\\\/los-hoteleros-madrilenos-preven-una-ocupacion-media-para-el-puente-de-diciembre-del-71\\\/#respond\"]}]},{\"@type\":\"WebPage\",\"@id\":\"https:\\\/\\\/aehm.es\\\/los-hoteleros-madrilenos-preven-una-ocupacion-media-para-el-puente-de-diciembre-del-71\\\/\",\"url\":\"https:\\\/\\\/aehm.es\\\/los-hoteleros-madrilenos-preven-una-ocupacion-media-para-el-puente-de-diciembre-del-71\\\/\",\"name\":\"Los hoteleros madrile\u00f1os prev\u00e9n una ocupaci\u00f3n media para el puente de diciembre del 71% - AEHM\",\"isPartOf\":{\"@id\":\"https:\\\/\\\/aehm.es\\\/#website\"},\"primaryImageOfPage\":{\"@id\":\"https:\\\/\\\/aehm.es\\\/los-hoteleros-madrilenos-preven-una-ocupacion-media-para-el-puente-de-diciembre-del-71\\\/#primaryimage\"},\"image\":{\"@id\":\"https:\\\/\\\/aehm.es\\\/los-hoteleros-madrilenos-preven-una-ocupacion-media-para-el-puente-de-diciembre-del-71\\\/#primaryimage\"},\"thumbnailUrl\":\"https:\\\/\\\/aehm.es\\\/wp-content\\\/uploads\\\/2022\\\/12\\\/calle_preciados_3.jpg\",\"datePublished\":\"2022-12-01T11:25:11+00:00\",\"description\":\"Durante el puente de diciembre, del viernes 2 al s\u00e1bado 10 de diciembre, la cifra de previsi\u00f3n de ocupaci\u00f3n ser\u00e1 del 71%. Estas cifras son similares a las del 2019 (70%), teniendo en cuenta que el puente coincidi\u00f3 con la celebraci\u00f3n de la Cumbre del Clima en Madrid\",\"breadcrumb\":{\"@id\":\"https:\\\/\\\/aehm.es\\\/los-hoteleros-madrilenos-preven-una-ocupacion-media-para-el-puente-de-diciembre-del-71\\\/#breadcrumb\"},\"inLanguage\":\"en-US\",\"potentialAction\":[{\"@type\":\"ReadAction\",\"target\":[\"https:\\\/\\\/aehm.es\\\/los-hoteleros-madrilenos-preven-una-ocupacion-media-para-el-puente-de-diciembre-del-71\\\/\"]}]},{\"@type\":\"ImageObject\",\"inLanguage\":\"en-US\",\"@id\":\"https:\\\/\\\/aehm.es\\\/los-hoteleros-madrilenos-preven-una-ocupacion-media-para-el-puente-de-diciembre-del-71\\\/#primaryimage\",\"url\":\"https:\\\/\\\/aehm.es\\\/wp-content\\\/uploads\\\/2022\\\/12\\\/calle_preciados_3.jpg\",\"contentUrl\":\"https:\\\/\\\/aehm.es\\\/wp-content\\\/uploads\\\/2022\\\/12\\\/calle_preciados_3.jpg\",\"width\":1328,\"height\":686},{\"@type\":\"BreadcrumbList\",\"@id\":\"https:\\\/\\\/aehm.es\\\/los-hoteleros-madrilenos-preven-una-ocupacion-media-para-el-puente-de-diciembre-del-71\\\/#breadcrumb\",\"itemListElement\":[{\"@type\":\"ListItem\",\"position\":1,\"name\":\"Portada\",\"item\":\"https:\\\/\\\/aehm.es\\\/en\\\/\"},{\"@type\":\"ListItem\",\"position\":2,\"name\":\"Los hoteleros madrile\u00f1os prev\u00e9n una ocupaci\u00f3n media para el puente de diciembre del 71%\"}]},{\"@type\":\"WebSite\",\"@id\":\"https:\\\/\\\/aehm.es\\\/#website\",\"url\":\"https:\\\/\\\/aehm.es\\\/\",\"name\":\"Asociaci\u00f3n Empresarial Hotelera de Madrid\",\"description\":\"La Asociaci\u00f3n Empresarial Hotelera Madrid est\u00e1 formada por m\u00e1s de 300 establecimientos de todas las categor\u00edas y tipolog\u00edas (hoteles, hostales, hostels, apartamentos\u2026) que suman m\u00e1s de 75.000 plazas de alojamiento.\",\"publisher\":{\"@id\":\"https:\\\/\\\/aehm.es\\\/#organization\"},\"alternateName\":\"AEHM\",\"potentialAction\":[{\"@type\":\"SearchAction\",\"target\":{\"@type\":\"EntryPoint\",\"urlTemplate\":\"https:\\\/\\\/aehm.es\\\/?s={search_term_string}\"},\"query-input\":{\"@type\":\"PropertyValueSpecification\",\"valueRequired\":true,\"valueName\":\"search_term_string\"}}],\"inLanguage\":\"en-US\"},{\"@type\":\"Organization\",\"@id\":\"https:\\\/\\\/aehm.es\\\/#organization\",\"name\":\"Asociaci\u00f3n Empresarial Hotelera de Madrid\",\"url\":\"https:\\\/\\\/aehm.es\\\/\",\"logo\":{\"@type\":\"ImageObject\",\"inLanguage\":\"en-US\",\"@id\":\"https:\\\/\\\/aehm.es\\\/#\\\/schema\\\/logo\\\/image\\\/\",\"url\":\"https:\\\/\\\/aehm.es\\\/wp-content\\\/uploads\\\/2021\\\/11\\\/Logo_AEHM_Horiz.png\",\"contentUrl\":\"https:\\\/\\\/aehm.es\\\/wp-content\\\/uploads\\\/2021\\\/11\\\/Logo_AEHM_Horiz.png\",\"width\":600,\"height\":182,\"caption\":\"Asociaci\u00f3n Empresarial Hotelera de Madrid\"},\"image\":{\"@id\":\"https:\\\/\\\/aehm.es\\\/#\\\/schema\\\/logo\\\/image\\\/\"},\"sameAs\":[\"https:\\\/\\\/www.instagram.com\\\/hotelesdemadrid\\\/\",\"https:\\\/\\\/x.com\\\/HotelesAEHM\",\"https:\\\/\\\/www.linkedin.com\\\/company\\\/11166072\\\/\"]},{\"@type\":\"Person\",\"@id\":\"https:\\\/\\\/aehm.es\\\/#\\\/schema\\\/person\\\/60c7fea5d55536f98119963377461ad7\",\"name\":\"Daniel\",\"image\":{\"@type\":\"ImageObject\",\"inLanguage\":\"en-US\",\"@id\":\"https:\\\/\\\/secure.gravatar.com\\\/avatar\\\/0dfa18ec31ea113dd108a1bc201fd87f32db5c9472715e667fe4ec16906239d0?s=96&d=mm&r=g\",\"url\":\"https:\\\/\\\/secure.gravatar.com\\\/avatar\\\/0dfa18ec31ea113dd108a1bc201fd87f32db5c9472715e667fe4ec16906239d0?s=96&d=mm&r=g\",\"contentUrl\":\"https:\\\/\\\/secure.gravatar.com\\\/avatar\\\/0dfa18ec31ea113dd108a1bc201fd87f32db5c9472715e667fe4ec16906239d0?s=96&d=mm&r=g\",\"caption\":\"Daniel\"},\"url\":\"https:\\\/\\\/aehm.es\\\/en\\\/author\\\/daniel\\\/\"}]}<\/script>\n<!-- \/ Yoast SEO plugin. -->","yoast_head_json":{"title":"Los hoteleros madrile\u00f1os prev\u00e9n una ocupaci\u00f3n media para el puente de diciembre del 71% - AEHM","description":"Durante el puente de diciembre, del viernes 2 al s\u00e1bado 10 de diciembre, la cifra de previsi\u00f3n de ocupaci\u00f3n ser\u00e1 del 71%. Estas cifras son similares a las del 2019 (70%), teniendo en cuenta que el puente coincidi\u00f3 con la celebraci\u00f3n de la Cumbre del Clima en Madrid","robots":{"index":"index","follow":"follow","max-snippet":"max-snippet:-1","max-image-preview":"max-image-preview:large","max-video-preview":"max-video-preview:-1"},"canonical":"https:\/\/aehm.es\/los-hoteleros-madrilenos-preven-una-ocupacion-media-para-el-puente-de-diciembre-del-71\/","og_locale":"en_US","og_type":"article","og_title":"Los hoteleros madrile\u00f1os prev\u00e9n una ocupaci\u00f3n media para el puente de diciembre del 71%","og_description":"Durante el puente de diciembre, del viernes 2 al s\u00e1bado 10 de diciembre, la cifra de previsi\u00f3n de ocupaci\u00f3n ser\u00e1 del 71%. Estas cifras son similares a las del 2019 (70%), teniendo en cuenta que el puente coincidi\u00f3 con la celebraci\u00f3n de la Cumbre del Clima en Madrid","og_url":"https:\/\/aehm.es\/los-hoteleros-madrilenos-preven-una-ocupacion-media-para-el-puente-de-diciembre-del-71\/","og_site_name":"AEHM","article_publisher":"https:\/\/www.instagram.com\/hotelesdemadrid\/","article_published_time":"2022-12-01T11:25:11+00:00","og_image":[{"width":1600,"height":900,"url":"https:\/\/aehm.es\/wp-content\/uploads\/2022\/12\/Imagen-destacada-AEHM_MIVC.png","type":"image\/png"}],"author":"Daniel","twitter_card":"summary_large_image","twitter_title":"Los hoteleros madrile\u00f1os prev\u00e9n una ocupaci\u00f3n media para el puente de diciembre del 71%","twitter_description":"Durante el puente de diciembre, del viernes 2 al s\u00e1bado 10 de diciembre, la cifra de previsi\u00f3n de ocupaci\u00f3n ser\u00e1 del 71%. Estas cifras son similares a las del 2019 (70%), teniendo en cuenta que el puente coincidi\u00f3 con la celebraci\u00f3n de la Cumbre del Clima en Madrid","twitter_image":"https:\/\/aehm.es\/wp-content\/uploads\/2022\/12\/Imagen-destacada-AEHM_MIVC.png","twitter_creator":"@HotelesAEHM","twitter_site":"@HotelesAEHM","twitter_misc":{"Written by":"Daniel","Est. reading time":"2 minutes"},"schema":{"@context":"https:\/\/schema.org","@graph":[{"@type":"Article","@id":"https:\/\/aehm.es\/los-hoteleros-madrilenos-preven-una-ocupacion-media-para-el-puente-de-diciembre-del-71\/#article","isPartOf":{"@id":"https:\/\/aehm.es\/los-hoteleros-madrilenos-preven-una-ocupacion-media-para-el-puente-de-diciembre-del-71\/"},"author":{"name":"Daniel","@id":"https:\/\/aehm.es\/#\/schema\/person\/60c7fea5d55536f98119963377461ad7"},"headline":"Los hoteleros madrile\u00f1os prev\u00e9n una ocupaci\u00f3n media para el puente de diciembre del 71%","datePublished":"2022-12-01T11:25:11+00:00","mainEntityOfPage":{"@id":"https:\/\/aehm.es\/los-hoteleros-madrilenos-preven-una-ocupacion-media-para-el-puente-de-diciembre-del-71\/"},"wordCount":418,"commentCount":0,"publisher":{"@id":"https:\/\/aehm.es\/#organization"},"image":{"@id":"https:\/\/aehm.es\/los-hoteleros-madrilenos-preven-una-ocupacion-media-para-el-puente-de-diciembre-del-71\/#primaryimage"},"thumbnailUrl":"https:\/\/aehm.es\/wp-content\/uploads\/2022\/12\/calle_preciados_3.jpg","articleSection":["Actualidad AEHM"],"inLanguage":"en-US","potentialAction":[{"@type":"CommentAction","name":"Comment","target":["https:\/\/aehm.es\/los-hoteleros-madrilenos-preven-una-ocupacion-media-para-el-puente-de-diciembre-del-71\/#respond"]}]},{"@type":"WebPage","@id":"https:\/\/aehm.es\/los-hoteleros-madrilenos-preven-una-ocupacion-media-para-el-puente-de-diciembre-del-71\/","url":"https:\/\/aehm.es\/los-hoteleros-madrilenos-preven-una-ocupacion-media-para-el-puente-de-diciembre-del-71\/","name":"Los hoteleros madrile\u00f1os prev\u00e9n una ocupaci\u00f3n media para el puente de diciembre del 71% - AEHM","isPartOf":{"@id":"https:\/\/aehm.es\/#website"},"primaryImageOfPage":{"@id":"https:\/\/aehm.es\/los-hoteleros-madrilenos-preven-una-ocupacion-media-para-el-puente-de-diciembre-del-71\/#primaryimage"},"image":{"@id":"https:\/\/aehm.es\/los-hoteleros-madrilenos-preven-una-ocupacion-media-para-el-puente-de-diciembre-del-71\/#primaryimage"},"thumbnailUrl":"https:\/\/aehm.es\/wp-content\/uploads\/2022\/12\/calle_preciados_3.jpg","datePublished":"2022-12-01T11:25:11+00:00","description":"Durante el puente de diciembre, del viernes 2 al s\u00e1bado 10 de diciembre, la cifra de previsi\u00f3n de ocupaci\u00f3n ser\u00e1 del 71%. Estas cifras son similares a las del 2019 (70%), teniendo en cuenta que el puente coincidi\u00f3 con la celebraci\u00f3n de la Cumbre del Clima en Madrid","breadcrumb":{"@id":"https:\/\/aehm.es\/los-hoteleros-madrilenos-preven-una-ocupacion-media-para-el-puente-de-diciembre-del-71\/#breadcrumb"},"inLanguage":"en-US","potentialAction":[{"@type":"ReadAction","target":["https:\/\/aehm.es\/los-hoteleros-madrilenos-preven-una-ocupacion-media-para-el-puente-de-diciembre-del-71\/"]}]},{"@type":"ImageObject","inLanguage":"en-US","@id":"https:\/\/aehm.es\/los-hoteleros-madrilenos-preven-una-ocupacion-media-para-el-puente-de-diciembre-del-71\/#primaryimage","url":"https:\/\/aehm.es\/wp-content\/uploads\/2022\/12\/calle_preciados_3.jpg","contentUrl":"https:\/\/aehm.es\/wp-content\/uploads\/2022\/12\/calle_preciados_3.jpg","width":1328,"height":686},{"@type":"BreadcrumbList","@id":"https:\/\/aehm.es\/los-hoteleros-madrilenos-preven-una-ocupacion-media-para-el-puente-de-diciembre-del-71\/#breadcrumb","itemListElement":[{"@type":"ListItem","position":1,"name":"Portada","item":"https:\/\/aehm.es\/en\/"},{"@type":"ListItem","position":2,"name":"Los hoteleros madrile\u00f1os prev\u00e9n una ocupaci\u00f3n media para el puente de diciembre del 71%"}]},{"@type":"WebSite","@id":"https:\/\/aehm.es\/#website","url":"https:\/\/aehm.es\/","name":"Asociaci\u00f3n Empresarial Hotelera de Madrid","description":"La Asociaci\u00f3n Empresarial Hotelera Madrid est\u00e1 formada por m\u00e1s de 300 establecimientos de todas las categor\u00edas y tipolog\u00edas (hoteles, hostales, hostels, apartamentos\u2026) que suman m\u00e1s de 75.000 plazas de alojamiento.","publisher":{"@id":"https:\/\/aehm.es\/#organization"},"alternateName":"AEHM","potentialAction":[{"@type":"SearchAction","target":{"@type":"EntryPoint","urlTemplate":"https:\/\/aehm.es\/?s={search_term_string}"},"query-input":{"@type":"PropertyValueSpecification","valueRequired":true,"valueName":"search_term_string"}}],"inLanguage":"en-US"},{"@type":"Organization","@id":"https:\/\/aehm.es\/#organization","name":"Asociaci\u00f3n Empresarial Hotelera de Madrid","url":"https:\/\/aehm.es\/","logo":{"@type":"ImageObject","inLanguage":"en-US","@id":"https:\/\/aehm.es\/#\/schema\/logo\/image\/","url":"https:\/\/aehm.es\/wp-content\/uploads\/2021\/11\/Logo_AEHM_Horiz.png","contentUrl":"https:\/\/aehm.es\/wp-content\/uploads\/2021\/11\/Logo_AEHM_Horiz.png","width":600,"height":182,"caption":"Asociaci\u00f3n Empresarial Hotelera de Madrid"},"image":{"@id":"https:\/\/aehm.es\/#\/schema\/logo\/image\/"},"sameAs":["https:\/\/www.instagram.com\/hotelesdemadrid\/","https:\/\/x.com\/HotelesAEHM","https:\/\/www.linkedin.com\/company\/11166072\/"]},{"@type":"Person","@id":"https:\/\/aehm.es\/#\/schema\/person\/60c7fea5d55536f98119963377461ad7","name":"Daniel","image":{"@type":"ImageObject","inLanguage":"en-US","@id":"https:\/\/secure.gravatar.com\/avatar\/0dfa18ec31ea113dd108a1bc201fd87f32db5c9472715e667fe4ec16906239d0?s=96&d=mm&r=g","url":"https:\/\/secure.gravatar.com\/avatar\/0dfa18ec31ea113dd108a1bc201fd87f32db5c9472715e667fe4ec16906239d0?s=96&d=mm&r=g","contentUrl":"https:\/\/secure.gravatar.com\/avatar\/0dfa18ec31ea113dd108a1bc201fd87f32db5c9472715e667fe4ec16906239d0?s=96&d=mm&r=g","caption":"Daniel"},"url":"https:\/\/aehm.es\/en\/author\/daniel\/"}]}},"_links":{"self":[{"href":"https:\/\/aehm.es\/en\/wp-json\/wp\/v2\/posts\/14843","targetHints":{"allow":["GET"]}}],"collection":[{"href":"https:\/\/aehm.es\/en\/wp-json\/wp\/v2\/posts"}],"about":[{"href":"https:\/\/aehm.es\/en\/wp-json\/wp\/v2\/types\/post"}],"author":[{"embeddable":true,"href":"https:\/\/aehm.es\/en\/wp-json\/wp\/v2\/users\/15"}],"replies":[{"embeddable":true,"href":"https:\/\/aehm.es\/en\/wp-json\/wp\/v2\/comments?post=14843"}],"version-history":[{"count":0,"href":"https:\/\/aehm.es\/en\/wp-json\/wp\/v2\/posts\/14843\/revisions"}],"wp:featuredmedia":[{"embeddable":true,"href":"https:\/\/aehm.es\/en\/wp-json\/wp\/v2\/media\/14844"}],"wp:attachment":[{"href":"https:\/\/aehm.es\/en\/wp-json\/wp\/v2\/media?parent=14843"}],"wp:term":[{"taxonomy":"category","embeddable":true,"href":"https:\/\/aehm.es\/en\/wp-json\/wp\/v2\/categories?post=14843"},{"taxonomy":"post_tag","embeddable":true,"href":"https:\/\/aehm.es\/en\/wp-json\/wp\/v2\/tags?post=14843"}],"curies":[{"name":"wp","href":"https:\/\/api.w.org\/{rel}","templated":true}]}}