{"id":14157,"date":"2022-07-14T10:05:54","date_gmt":"2022-07-14T10:05:54","guid":{"rendered":"https:\/\/aehm.es\/?p=14157"},"modified":"2022-07-14T11:41:12","modified_gmt":"2022-07-14T11:41:12","slug":"aehm-informa-sobre-las-previsiones-de-ocupacion-hotelera-durante-la-epoca-vacacional","status":"publish","type":"post","link":"https:\/\/aehm.es\/en\/aehm-informa-sobre-las-previsiones-de-ocupacion-hotelera-durante-la-epoca-vacacional\/","title":{"rendered":"AEHM informa sobre las previsiones de ocupaci\u00f3n hotelera durante la \u00e9poca vacacional"},"content":{"rendered":"<ul>\n<li><strong>Seg\u00fan la encuesta realizada por AEHM, las reservas en los hoteles de la Comunidad de Madrid prev\u00e9n alcanzar durante la \u00faltima quincena del mes julio el 70%, mientras que en agosto el porcentaje actual de previsi\u00f3n es del 45%<\/strong><\/li>\n<\/ul>\n<p><strong>\u00a0<\/strong><\/p>\n<p><strong>Madrid, 14 de julio del 2022.- <\/strong>Los <strong>hoteleros madrile\u00f1os prev\u00e9n alcanzar una ocupaci\u00f3n media del 70% durante la \u00faltima quincena de julio <\/strong>seg\u00fan se desprende de la <strong>encuesta realizada por la Asociaci\u00f3n Empresarial Hotelera de Madrid (AEHM).<\/strong><\/p>\n<p><strong>\u00a0<\/strong><\/p>\n<p>En este sentido, las previsiones de reservas hoteleras <strong>en el mes de agosto en los hoteles de la Comunidad de Madrid prev\u00e9n alcanzar una ocupaci\u00f3n media del 45%. <\/strong>A pesar de que este per\u00edodo vacacional suele ser de baja ocupaci\u00f3n en la regi\u00f3n de Madrid, <strong>es posible que estas cifras aumenten ya que las reservas durante los meses de verano se realizan a \u00faltima hora <\/strong>a diferencia de los destinos de costa, donde las reservas se realizan con antelaci\u00f3n.<\/p>\n<p>&nbsp;<\/p>\n<audio class=\"wp-audio-shortcode\" id=\"audio-14157-1\" preload=\"none\" style=\"width: 100%;\" controls=\"controls\"><source type=\"audio\/mpeg\" src=\"https:\/\/aehm.es\/wp-content\/uploads\/2022\/07\/Audio-Mar-de-Miguel_previsiones-verano-22-AEHM.mp3?_=1\" \/><a href=\"https:\/\/aehm.es\/wp-content\/uploads\/2022\/07\/Audio-Mar-de-Miguel_previsiones-verano-22-AEHM.mp3\">https:\/\/aehm.es\/wp-content\/uploads\/2022\/07\/Audio-Mar-de-Miguel_previsiones-verano-22-AEHM.mp3<\/a><\/audio>\n","protected":false},"excerpt":{"rendered":"<p>Seg\u00fan la encuesta realizada por AEHM, las reservas en los hoteles de la Comunidad de Madrid prev\u00e9n alcanzar durante la \u00faltima quincena del mes julio el 70%, mientras que en agosto el porcentaje actual de previsi\u00f3n es del 45% \u00a0 Madrid, 14 de julio del 2022.- Los hoteleros madrile\u00f1os prev\u00e9n alcanzar una ocupaci\u00f3n media del [&hellip;]<\/p>\n","protected":false},"author":15,"featured_media":14160,"comment_status":"open","ping_status":"open","sticky":false,"template":"","format":"standard","meta":{"footnotes":""},"categories":[1],"tags":[],"class_list":["post-14157","post","type-post","status-publish","format-standard","has-post-thumbnail","hentry","category-actualidad-aehm"],"yoast_head":"<!-- This site is optimized with the Yoast SEO plugin v27.5 - https:\/\/yoast.com\/product\/yoast-seo-wordpress\/ -->\n<title>AEHM informa sobre las previsiones de ocupaci\u00f3n hotelera durante la \u00e9poca vacacional - AEHM<\/title>\n<meta name=\"description\" content=\"Seg\u00fan la encuesta realizada por AEHM, las reservas en los hoteles de la Comunidad de Madrid prev\u00e9n alcanzar durante la \u00faltima quincena del mes julio el 70%, mientras que en agosto el porcentaje actual de previsi\u00f3n es del 45%\" \/>\n<meta name=\"robots\" content=\"index, follow, max-snippet:-1, max-image-preview:large, max-video-preview:-1\" \/>\n<link rel=\"canonical\" href=\"https:\/\/aehm.es\/en\/aehm-informa-sobre-las-previsiones-de-ocupacion-hotelera-durante-la-epoca-vacacional\/\" \/>\n<meta property=\"og:locale\" content=\"en_US\" \/>\n<meta property=\"og:type\" content=\"article\" \/>\n<meta property=\"og:title\" content=\"AEHM informa sobre las previsiones de ocupaci\u00f3n hotelera durante la \u00e9poca vacacional\" \/>\n<meta property=\"og:description\" content=\"Seg\u00fan la encuesta realizada por AEHM, las reservas en los hoteles de la Comunidad de Madrid prev\u00e9n alcanzar durante la \u00faltima quincena del mes julio el 70%, mientras que en agosto el porcentaje actual de previsi\u00f3n es del 45%\" \/>\n<meta property=\"og:url\" content=\"https:\/\/aehm.es\/en\/aehm-informa-sobre-las-previsiones-de-ocupacion-hotelera-durante-la-epoca-vacacional\/\" \/>\n<meta property=\"og:site_name\" content=\"AEHM\" \/>\n<meta property=\"article:publisher\" content=\"https:\/\/www.instagram.com\/hotelesdemadrid\/\" \/>\n<meta property=\"article:published_time\" content=\"2022-07-14T10:05:54+00:00\" \/>\n<meta property=\"article:modified_time\" content=\"2022-07-14T11:41:12+00:00\" \/>\n<meta property=\"og:image\" content=\"https:\/\/aehm.es\/wp-content\/uploads\/2022\/07\/Imagen-destacada-AEHM_MIVC-1.png\" \/>\n\t<meta property=\"og:image:width\" content=\"1600\" \/>\n\t<meta property=\"og:image:height\" content=\"900\" \/>\n\t<meta property=\"og:image:type\" content=\"image\/png\" \/>\n<meta name=\"author\" content=\"Daniel\" \/>\n<meta name=\"twitter:card\" content=\"summary_large_image\" \/>\n<meta name=\"twitter:title\" content=\"AEHM informa sobre las previsiones de ocupaci\u00f3n hotelera durante la \u00e9poca vacacional\" \/>\n<meta name=\"twitter:description\" content=\"Seg\u00fan la encuesta realizada por AEHM, las reservas en los hoteles de la Comunidad de Madrid prev\u00e9n alcanzar durante la \u00faltima quincena del mes julio el 70%, mientras que en agosto el porcentaje actual de previsi\u00f3n es del 45%\" \/>\n<meta name=\"twitter:image\" content=\"https:\/\/aehm.es\/wp-content\/uploads\/2022\/07\/Imagen-destacada-AEHM_MIVC-1.png\" \/>\n<meta name=\"twitter:creator\" content=\"@HotelesAEHM\" \/>\n<meta name=\"twitter:site\" content=\"@HotelesAEHM\" \/>\n<meta name=\"twitter:label1\" content=\"Written by\" \/>\n\t<meta name=\"twitter:data1\" content=\"Daniel\" \/>\n\t<meta name=\"twitter:label2\" content=\"Est. reading time\" \/>\n\t<meta name=\"twitter:data2\" content=\"1 minute\" \/>\n<script type=\"application\/ld+json\" class=\"yoast-schema-graph\">{\"@context\":\"https:\\\/\\\/schema.org\",\"@graph\":[{\"@type\":\"Article\",\"@id\":\"https:\\\/\\\/aehm.es\\\/en\\\/aehm-informa-sobre-las-previsiones-de-ocupacion-hotelera-durante-la-epoca-vacacional\\\/#article\",\"isPartOf\":{\"@id\":\"https:\\\/\\\/aehm.es\\\/en\\\/aehm-informa-sobre-las-previsiones-de-ocupacion-hotelera-durante-la-epoca-vacacional\\\/\"},\"author\":{\"name\":\"Daniel\",\"@id\":\"https:\\\/\\\/aehm.es\\\/#\\\/schema\\\/person\\\/60c7fea5d55536f98119963377461ad7\"},\"headline\":\"AEHM informa sobre las previsiones de ocupaci\u00f3n hotelera durante la \u00e9poca vacacional\",\"datePublished\":\"2022-07-14T10:05:54+00:00\",\"dateModified\":\"2022-07-14T11:41:12+00:00\",\"mainEntityOfPage\":{\"@id\":\"https:\\\/\\\/aehm.es\\\/en\\\/aehm-informa-sobre-las-previsiones-de-ocupacion-hotelera-durante-la-epoca-vacacional\\\/\"},\"wordCount\":190,\"commentCount\":0,\"publisher\":{\"@id\":\"https:\\\/\\\/aehm.es\\\/#organization\"},\"image\":{\"@id\":\"https:\\\/\\\/aehm.es\\\/en\\\/aehm-informa-sobre-las-previsiones-de-ocupacion-hotelera-durante-la-epoca-vacacional\\\/#primaryimage\"},\"thumbnailUrl\":\"https:\\\/\\\/aehm.es\\\/wp-content\\\/uploads\\\/2022\\\/07\\\/mercado_de_san_miguel.jpg\",\"articleSection\":[\"Actualidad AEHM\"],\"inLanguage\":\"en-US\",\"potentialAction\":[{\"@type\":\"CommentAction\",\"name\":\"Comment\",\"target\":[\"https:\\\/\\\/aehm.es\\\/en\\\/aehm-informa-sobre-las-previsiones-de-ocupacion-hotelera-durante-la-epoca-vacacional\\\/#respond\"]}]},{\"@type\":\"WebPage\",\"@id\":\"https:\\\/\\\/aehm.es\\\/en\\\/aehm-informa-sobre-las-previsiones-de-ocupacion-hotelera-durante-la-epoca-vacacional\\\/\",\"url\":\"https:\\\/\\\/aehm.es\\\/en\\\/aehm-informa-sobre-las-previsiones-de-ocupacion-hotelera-durante-la-epoca-vacacional\\\/\",\"name\":\"AEHM informa sobre las previsiones de ocupaci\u00f3n hotelera durante la \u00e9poca vacacional - AEHM\",\"isPartOf\":{\"@id\":\"https:\\\/\\\/aehm.es\\\/#website\"},\"primaryImageOfPage\":{\"@id\":\"https:\\\/\\\/aehm.es\\\/en\\\/aehm-informa-sobre-las-previsiones-de-ocupacion-hotelera-durante-la-epoca-vacacional\\\/#primaryimage\"},\"image\":{\"@id\":\"https:\\\/\\\/aehm.es\\\/en\\\/aehm-informa-sobre-las-previsiones-de-ocupacion-hotelera-durante-la-epoca-vacacional\\\/#primaryimage\"},\"thumbnailUrl\":\"https:\\\/\\\/aehm.es\\\/wp-content\\\/uploads\\\/2022\\\/07\\\/mercado_de_san_miguel.jpg\",\"datePublished\":\"2022-07-14T10:05:54+00:00\",\"dateModified\":\"2022-07-14T11:41:12+00:00\",\"description\":\"Seg\u00fan la encuesta realizada por AEHM, las reservas en los hoteles de la Comunidad de Madrid prev\u00e9n alcanzar durante la \u00faltima quincena del mes julio el 70%, mientras que en agosto el porcentaje actual de previsi\u00f3n es del 45%\",\"breadcrumb\":{\"@id\":\"https:\\\/\\\/aehm.es\\\/en\\\/aehm-informa-sobre-las-previsiones-de-ocupacion-hotelera-durante-la-epoca-vacacional\\\/#breadcrumb\"},\"inLanguage\":\"en-US\",\"potentialAction\":[{\"@type\":\"ReadAction\",\"target\":[\"https:\\\/\\\/aehm.es\\\/en\\\/aehm-informa-sobre-las-previsiones-de-ocupacion-hotelera-durante-la-epoca-vacacional\\\/\"]}]},{\"@type\":\"ImageObject\",\"inLanguage\":\"en-US\",\"@id\":\"https:\\\/\\\/aehm.es\\\/en\\\/aehm-informa-sobre-las-previsiones-de-ocupacion-hotelera-durante-la-epoca-vacacional\\\/#primaryimage\",\"url\":\"https:\\\/\\\/aehm.es\\\/wp-content\\\/uploads\\\/2022\\\/07\\\/mercado_de_san_miguel.jpg\",\"contentUrl\":\"https:\\\/\\\/aehm.es\\\/wp-content\\\/uploads\\\/2022\\\/07\\\/mercado_de_san_miguel.jpg\",\"width\":1261,\"height\":782},{\"@type\":\"BreadcrumbList\",\"@id\":\"https:\\\/\\\/aehm.es\\\/en\\\/aehm-informa-sobre-las-previsiones-de-ocupacion-hotelera-durante-la-epoca-vacacional\\\/#breadcrumb\",\"itemListElement\":[{\"@type\":\"ListItem\",\"position\":1,\"name\":\"Portada\",\"item\":\"https:\\\/\\\/aehm.es\\\/en\\\/\"},{\"@type\":\"ListItem\",\"position\":2,\"name\":\"AEHM informa sobre las previsiones de ocupaci\u00f3n hotelera durante la \u00e9poca vacacional\"}]},{\"@type\":\"WebSite\",\"@id\":\"https:\\\/\\\/aehm.es\\\/#website\",\"url\":\"https:\\\/\\\/aehm.es\\\/\",\"name\":\"Asociaci\u00f3n Empresarial Hotelera de Madrid\",\"description\":\"La Asociaci\u00f3n Empresarial Hotelera Madrid est\u00e1 formada por m\u00e1s de 300 establecimientos de todas las categor\u00edas y tipolog\u00edas (hoteles, hostales, hostels, apartamentos\u2026) que suman m\u00e1s de 75.000 plazas de alojamiento.\",\"publisher\":{\"@id\":\"https:\\\/\\\/aehm.es\\\/#organization\"},\"alternateName\":\"AEHM\",\"potentialAction\":[{\"@type\":\"SearchAction\",\"target\":{\"@type\":\"EntryPoint\",\"urlTemplate\":\"https:\\\/\\\/aehm.es\\\/?s={search_term_string}\"},\"query-input\":{\"@type\":\"PropertyValueSpecification\",\"valueRequired\":true,\"valueName\":\"search_term_string\"}}],\"inLanguage\":\"en-US\"},{\"@type\":\"Organization\",\"@id\":\"https:\\\/\\\/aehm.es\\\/#organization\",\"name\":\"Asociaci\u00f3n Empresarial Hotelera de Madrid\",\"url\":\"https:\\\/\\\/aehm.es\\\/\",\"logo\":{\"@type\":\"ImageObject\",\"inLanguage\":\"en-US\",\"@id\":\"https:\\\/\\\/aehm.es\\\/#\\\/schema\\\/logo\\\/image\\\/\",\"url\":\"https:\\\/\\\/aehm.es\\\/wp-content\\\/uploads\\\/2021\\\/11\\\/Logo_AEHM_Horiz.png\",\"contentUrl\":\"https:\\\/\\\/aehm.es\\\/wp-content\\\/uploads\\\/2021\\\/11\\\/Logo_AEHM_Horiz.png\",\"width\":600,\"height\":182,\"caption\":\"Asociaci\u00f3n Empresarial Hotelera de Madrid\"},\"image\":{\"@id\":\"https:\\\/\\\/aehm.es\\\/#\\\/schema\\\/logo\\\/image\\\/\"},\"sameAs\":[\"https:\\\/\\\/www.instagram.com\\\/hotelesdemadrid\\\/\",\"https:\\\/\\\/x.com\\\/HotelesAEHM\",\"https:\\\/\\\/www.linkedin.com\\\/company\\\/11166072\\\/\"]},{\"@type\":\"Person\",\"@id\":\"https:\\\/\\\/aehm.es\\\/#\\\/schema\\\/person\\\/60c7fea5d55536f98119963377461ad7\",\"name\":\"Daniel\",\"image\":{\"@type\":\"ImageObject\",\"inLanguage\":\"en-US\",\"@id\":\"https:\\\/\\\/secure.gravatar.com\\\/avatar\\\/0dfa18ec31ea113dd108a1bc201fd87f32db5c9472715e667fe4ec16906239d0?s=96&d=mm&r=g\",\"url\":\"https:\\\/\\\/secure.gravatar.com\\\/avatar\\\/0dfa18ec31ea113dd108a1bc201fd87f32db5c9472715e667fe4ec16906239d0?s=96&d=mm&r=g\",\"contentUrl\":\"https:\\\/\\\/secure.gravatar.com\\\/avatar\\\/0dfa18ec31ea113dd108a1bc201fd87f32db5c9472715e667fe4ec16906239d0?s=96&d=mm&r=g\",\"caption\":\"Daniel\"},\"url\":\"https:\\\/\\\/aehm.es\\\/en\\\/author\\\/daniel\\\/\"}]}<\/script>\n<!-- \/ Yoast SEO plugin. -->","yoast_head_json":{"title":"AEHM informa sobre las previsiones de ocupaci\u00f3n hotelera durante la \u00e9poca vacacional - AEHM","description":"Seg\u00fan la encuesta realizada por AEHM, las reservas en los hoteles de la Comunidad de Madrid prev\u00e9n alcanzar durante la \u00faltima quincena del mes julio el 70%, mientras que en agosto el porcentaje actual de previsi\u00f3n es del 45%","robots":{"index":"index","follow":"follow","max-snippet":"max-snippet:-1","max-image-preview":"max-image-preview:large","max-video-preview":"max-video-preview:-1"},"canonical":"https:\/\/aehm.es\/en\/aehm-informa-sobre-las-previsiones-de-ocupacion-hotelera-durante-la-epoca-vacacional\/","og_locale":"en_US","og_type":"article","og_title":"AEHM informa sobre las previsiones de ocupaci\u00f3n hotelera durante la \u00e9poca vacacional","og_description":"Seg\u00fan la encuesta realizada por AEHM, las reservas en los hoteles de la Comunidad de Madrid prev\u00e9n alcanzar durante la \u00faltima quincena del mes julio el 70%, mientras que en agosto el porcentaje actual de previsi\u00f3n es del 45%","og_url":"https:\/\/aehm.es\/en\/aehm-informa-sobre-las-previsiones-de-ocupacion-hotelera-durante-la-epoca-vacacional\/","og_site_name":"AEHM","article_publisher":"https:\/\/www.instagram.com\/hotelesdemadrid\/","article_published_time":"2022-07-14T10:05:54+00:00","article_modified_time":"2022-07-14T11:41:12+00:00","og_image":[{"width":1600,"height":900,"url":"https:\/\/aehm.es\/wp-content\/uploads\/2022\/07\/Imagen-destacada-AEHM_MIVC-1.png","type":"image\/png"}],"author":"Daniel","twitter_card":"summary_large_image","twitter_title":"AEHM informa sobre las previsiones de ocupaci\u00f3n hotelera durante la \u00e9poca vacacional","twitter_description":"Seg\u00fan la encuesta realizada por AEHM, las reservas en los hoteles de la Comunidad de Madrid prev\u00e9n alcanzar durante la \u00faltima quincena del mes julio el 70%, mientras que en agosto el porcentaje actual de previsi\u00f3n es del 45%","twitter_image":"https:\/\/aehm.es\/wp-content\/uploads\/2022\/07\/Imagen-destacada-AEHM_MIVC-1.png","twitter_creator":"@HotelesAEHM","twitter_site":"@HotelesAEHM","twitter_misc":{"Written by":"Daniel","Est. reading time":"1 minute"},"schema":{"@context":"https:\/\/schema.org","@graph":[{"@type":"Article","@id":"https:\/\/aehm.es\/en\/aehm-informa-sobre-las-previsiones-de-ocupacion-hotelera-durante-la-epoca-vacacional\/#article","isPartOf":{"@id":"https:\/\/aehm.es\/en\/aehm-informa-sobre-las-previsiones-de-ocupacion-hotelera-durante-la-epoca-vacacional\/"},"author":{"name":"Daniel","@id":"https:\/\/aehm.es\/#\/schema\/person\/60c7fea5d55536f98119963377461ad7"},"headline":"AEHM informa sobre las previsiones de ocupaci\u00f3n hotelera durante la \u00e9poca vacacional","datePublished":"2022-07-14T10:05:54+00:00","dateModified":"2022-07-14T11:41:12+00:00","mainEntityOfPage":{"@id":"https:\/\/aehm.es\/en\/aehm-informa-sobre-las-previsiones-de-ocupacion-hotelera-durante-la-epoca-vacacional\/"},"wordCount":190,"commentCount":0,"publisher":{"@id":"https:\/\/aehm.es\/#organization"},"image":{"@id":"https:\/\/aehm.es\/en\/aehm-informa-sobre-las-previsiones-de-ocupacion-hotelera-durante-la-epoca-vacacional\/#primaryimage"},"thumbnailUrl":"https:\/\/aehm.es\/wp-content\/uploads\/2022\/07\/mercado_de_san_miguel.jpg","articleSection":["Actualidad AEHM"],"inLanguage":"en-US","potentialAction":[{"@type":"CommentAction","name":"Comment","target":["https:\/\/aehm.es\/en\/aehm-informa-sobre-las-previsiones-de-ocupacion-hotelera-durante-la-epoca-vacacional\/#respond"]}]},{"@type":"WebPage","@id":"https:\/\/aehm.es\/en\/aehm-informa-sobre-las-previsiones-de-ocupacion-hotelera-durante-la-epoca-vacacional\/","url":"https:\/\/aehm.es\/en\/aehm-informa-sobre-las-previsiones-de-ocupacion-hotelera-durante-la-epoca-vacacional\/","name":"AEHM informa sobre las previsiones de ocupaci\u00f3n hotelera durante la \u00e9poca vacacional - AEHM","isPartOf":{"@id":"https:\/\/aehm.es\/#website"},"primaryImageOfPage":{"@id":"https:\/\/aehm.es\/en\/aehm-informa-sobre-las-previsiones-de-ocupacion-hotelera-durante-la-epoca-vacacional\/#primaryimage"},"image":{"@id":"https:\/\/aehm.es\/en\/aehm-informa-sobre-las-previsiones-de-ocupacion-hotelera-durante-la-epoca-vacacional\/#primaryimage"},"thumbnailUrl":"https:\/\/aehm.es\/wp-content\/uploads\/2022\/07\/mercado_de_san_miguel.jpg","datePublished":"2022-07-14T10:05:54+00:00","dateModified":"2022-07-14T11:41:12+00:00","description":"Seg\u00fan la encuesta realizada por AEHM, las reservas en los hoteles de la Comunidad de Madrid prev\u00e9n alcanzar durante la \u00faltima quincena del mes julio el 70%, mientras que en agosto el porcentaje actual de previsi\u00f3n es del 45%","breadcrumb":{"@id":"https:\/\/aehm.es\/en\/aehm-informa-sobre-las-previsiones-de-ocupacion-hotelera-durante-la-epoca-vacacional\/#breadcrumb"},"inLanguage":"en-US","potentialAction":[{"@type":"ReadAction","target":["https:\/\/aehm.es\/en\/aehm-informa-sobre-las-previsiones-de-ocupacion-hotelera-durante-la-epoca-vacacional\/"]}]},{"@type":"ImageObject","inLanguage":"en-US","@id":"https:\/\/aehm.es\/en\/aehm-informa-sobre-las-previsiones-de-ocupacion-hotelera-durante-la-epoca-vacacional\/#primaryimage","url":"https:\/\/aehm.es\/wp-content\/uploads\/2022\/07\/mercado_de_san_miguel.jpg","contentUrl":"https:\/\/aehm.es\/wp-content\/uploads\/2022\/07\/mercado_de_san_miguel.jpg","width":1261,"height":782},{"@type":"BreadcrumbList","@id":"https:\/\/aehm.es\/en\/aehm-informa-sobre-las-previsiones-de-ocupacion-hotelera-durante-la-epoca-vacacional\/#breadcrumb","itemListElement":[{"@type":"ListItem","position":1,"name":"Portada","item":"https:\/\/aehm.es\/en\/"},{"@type":"ListItem","position":2,"name":"AEHM informa sobre las previsiones de ocupaci\u00f3n hotelera durante la \u00e9poca vacacional"}]},{"@type":"WebSite","@id":"https:\/\/aehm.es\/#website","url":"https:\/\/aehm.es\/","name":"Asociaci\u00f3n Empresarial Hotelera de Madrid","description":"La Asociaci\u00f3n Empresarial Hotelera Madrid est\u00e1 formada por m\u00e1s de 300 establecimientos de todas las categor\u00edas y tipolog\u00edas (hoteles, hostales, hostels, apartamentos\u2026) que suman m\u00e1s de 75.000 plazas de alojamiento.","publisher":{"@id":"https:\/\/aehm.es\/#organization"},"alternateName":"AEHM","potentialAction":[{"@type":"SearchAction","target":{"@type":"EntryPoint","urlTemplate":"https:\/\/aehm.es\/?s={search_term_string}"},"query-input":{"@type":"PropertyValueSpecification","valueRequired":true,"valueName":"search_term_string"}}],"inLanguage":"en-US"},{"@type":"Organization","@id":"https:\/\/aehm.es\/#organization","name":"Asociaci\u00f3n Empresarial Hotelera de Madrid","url":"https:\/\/aehm.es\/","logo":{"@type":"ImageObject","inLanguage":"en-US","@id":"https:\/\/aehm.es\/#\/schema\/logo\/image\/","url":"https:\/\/aehm.es\/wp-content\/uploads\/2021\/11\/Logo_AEHM_Horiz.png","contentUrl":"https:\/\/aehm.es\/wp-content\/uploads\/2021\/11\/Logo_AEHM_Horiz.png","width":600,"height":182,"caption":"Asociaci\u00f3n Empresarial Hotelera de Madrid"},"image":{"@id":"https:\/\/aehm.es\/#\/schema\/logo\/image\/"},"sameAs":["https:\/\/www.instagram.com\/hotelesdemadrid\/","https:\/\/x.com\/HotelesAEHM","https:\/\/www.linkedin.com\/company\/11166072\/"]},{"@type":"Person","@id":"https:\/\/aehm.es\/#\/schema\/person\/60c7fea5d55536f98119963377461ad7","name":"Daniel","image":{"@type":"ImageObject","inLanguage":"en-US","@id":"https:\/\/secure.gravatar.com\/avatar\/0dfa18ec31ea113dd108a1bc201fd87f32db5c9472715e667fe4ec16906239d0?s=96&d=mm&r=g","url":"https:\/\/secure.gravatar.com\/avatar\/0dfa18ec31ea113dd108a1bc201fd87f32db5c9472715e667fe4ec16906239d0?s=96&d=mm&r=g","contentUrl":"https:\/\/secure.gravatar.com\/avatar\/0dfa18ec31ea113dd108a1bc201fd87f32db5c9472715e667fe4ec16906239d0?s=96&d=mm&r=g","caption":"Daniel"},"url":"https:\/\/aehm.es\/en\/author\/daniel\/"}]}},"_links":{"self":[{"href":"https:\/\/aehm.es\/en\/wp-json\/wp\/v2\/posts\/14157","targetHints":{"allow":["GET"]}}],"collection":[{"href":"https:\/\/aehm.es\/en\/wp-json\/wp\/v2\/posts"}],"about":[{"href":"https:\/\/aehm.es\/en\/wp-json\/wp\/v2\/types\/post"}],"author":[{"embeddable":true,"href":"https:\/\/aehm.es\/en\/wp-json\/wp\/v2\/users\/15"}],"replies":[{"embeddable":true,"href":"https:\/\/aehm.es\/en\/wp-json\/wp\/v2\/comments?post=14157"}],"version-history":[{"count":0,"href":"https:\/\/aehm.es\/en\/wp-json\/wp\/v2\/posts\/14157\/revisions"}],"wp:featuredmedia":[{"embeddable":true,"href":"https:\/\/aehm.es\/en\/wp-json\/wp\/v2\/media\/14160"}],"wp:attachment":[{"href":"https:\/\/aehm.es\/en\/wp-json\/wp\/v2\/media?parent=14157"}],"wp:term":[{"taxonomy":"category","embeddable":true,"href":"https:\/\/aehm.es\/en\/wp-json\/wp\/v2\/categories?post=14157"},{"taxonomy":"post_tag","embeddable":true,"href":"https:\/\/aehm.es\/en\/wp-json\/wp\/v2\/tags?post=14157"}],"curies":[{"name":"wp","href":"https:\/\/api.w.org\/{rel}","templated":true}]}}