{"id":14053,"date":"2022-06-21T09:44:43","date_gmt":"2022-06-21T09:44:43","guid":{"rendered":"https:\/\/aehm.es\/?p=14053"},"modified":"2022-06-21T16:28:52","modified_gmt":"2022-06-21T16:28:52","slug":"los-hoteleros-madrilenos-preven-un-nivel-de-reservas-del-70-durante-la-semana-de-la-cumbre-de-la-otan","status":"publish","type":"post","link":"https:\/\/aehm.es\/en\/los-hoteleros-madrilenos-preven-un-nivel-de-reservas-del-70-durante-la-semana-de-la-cumbre-de-la-otan\/","title":{"rendered":"Los hoteleros madrile\u00f1os prev\u00e9n un nivel de reservas del 70% durante la semana de la Cumbre de la OTAN"},"content":{"rendered":"<ul>\n<li>La Asociaci\u00f3n prev\u00e9 que la ocupaci\u00f3n de la planta hotelera de la ciudad de Madrid registre puntos m\u00e1s \u00e1lgidos en el volumen de reservas tanto el martes 28, como el mi\u00e9rcoles 29 con un 75%<\/li>\n<li>Seg\u00fan la vicepresidenta ejecutiva de AEHM, Mar de Miguel \u201cestos acontecimientos tienen una gran repercusi\u00f3n para la proyecci\u00f3n de la ciudad\u201d. \u201cNo obstante, esta gran resonancia conlleva a que muchos turistas no visiten Madrid por miedo a no encontrar plazas hoteleras\u201d, ha destacado<\/li>\n<\/ul>\n<p>&nbsp;<\/p>\n<p class=\"p6\"><strong>Madrid, 21 de junio de 2022.-<\/strong> <span class=\"s2\">Los hoteles de la Comunidad de Madrid prev\u00e9n alcanzar una <strong>ocupaci\u00f3n media del 70% durante la semana de la Cumbre de la OTAN, seg\u00fan una encuesta realizada por la Asociaci\u00f3n Empresarial Hotelera de Madrid (AEHM).<\/strong><\/span><strong><span class=\"Apple-converted-space\">\u00a0<\/span><\/strong><\/p>\n<p class=\"p6\"><strong>As\u00ed, desde la Asociaci\u00f3n se prev\u00e9 que la ocupaci\u00f3n de la planta hotelera de la ciudad de Madrid registre puntos m\u00e1s \u00e1lgidos en el volumen de reservas tanto el martes 28 como el mi\u00e9rcoles 29 de junio, con un 75%.<\/strong><\/p>\n<p class=\"p6\">Si bien la Cumbre de la OTAN contribuir\u00e1 en buena medida a ocupar parte de los hoteles m\u00e1s representativos de la capital, desde AEHM destacan que la totalidad de las plazas no se ver\u00e1 ocupada por los asistentes a la celebraci\u00f3n. Adem\u00e1s, desde la Asociaci\u00f3n advierten las previsiones m\u00e1s optimistas en torno a la cumbre no deber\u00edan frenar el n\u00famero de reservas.<\/p>\n<audio class=\"wp-audio-shortcode\" id=\"audio-14053-1\" preload=\"none\" style=\"width: 100%;\" controls=\"controls\"><source type=\"audio\/mpeg\" src=\"https:\/\/aehm.es\/wp-content\/uploads\/2022\/06\/Audio-Mar-de-Miguel-vicepresidenta-ejecutiva-AEHM.mp3?_=1\" \/><a href=\"https:\/\/aehm.es\/wp-content\/uploads\/2022\/06\/Audio-Mar-de-Miguel-vicepresidenta-ejecutiva-AEHM.mp3\">https:\/\/aehm.es\/wp-content\/uploads\/2022\/06\/Audio-Mar-de-Miguel-vicepresidenta-ejecutiva-AEHM.mp3<\/a><\/audio>\n<p class=\"p6\">Seg\u00fan la <strong>vicepresidenta ejecutiva de AEHM, Mar de Miguel, <\/strong>\u201cestos acontecimientos tienen una gran repercusi\u00f3n para la proyecci\u00f3n de la ciudad\u201d. \u201cNo obstante, esta gran resonancia conlleva a que muchos turistas no visiten Madrid por miedo a no encontrar plazas hoteleras\u201d, ha destacado.<\/p>\n<p>&nbsp;<\/p>\n","protected":false},"excerpt":{"rendered":"<p>La Asociaci\u00f3n prev\u00e9 que la ocupaci\u00f3n de la planta hotelera de la ciudad de Madrid registre puntos m\u00e1s \u00e1lgidos en el volumen de reservas tanto el martes 28, como el mi\u00e9rcoles 29 con un 75% Seg\u00fan la vicepresidenta ejecutiva de AEHM, Mar de Miguel \u201cestos acontecimientos tienen una gran repercusi\u00f3n para la proyecci\u00f3n de la [&hellip;]<\/p>\n","protected":false},"author":1,"featured_media":14056,"comment_status":"open","ping_status":"open","sticky":false,"template":"","format":"standard","meta":{"footnotes":""},"categories":[1],"tags":[],"class_list":["post-14053","post","type-post","status-publish","format-standard","has-post-thumbnail","hentry","category-actualidad-aehm"],"yoast_head":"<!-- This site is optimized with the Yoast SEO plugin v27.5 - https:\/\/yoast.com\/product\/yoast-seo-wordpress\/ -->\n<title>Los hoteleros madrile\u00f1os prev\u00e9n un nivel de reservas del 70% durante la semana de la Cumbre de la OTAN - AEHM<\/title>\n<meta name=\"description\" content=\"AEHM prev\u00e9 que la ocupaci\u00f3n de la planta hotelera de la ciudad de Madrid registre puntos m\u00e1s \u00e1lgidos en el volumen de reservas tanto el martes 28\" \/>\n<meta name=\"robots\" content=\"index, follow, max-snippet:-1, max-image-preview:large, max-video-preview:-1\" \/>\n<link rel=\"canonical\" href=\"https:\/\/aehm.es\/los-hoteleros-madrilenos-preven-un-nivel-de-reservas-del-70-durante-la-semana-de-la-cumbre-de-la-otan\/\" \/>\n<meta property=\"og:locale\" content=\"en_US\" \/>\n<meta property=\"og:type\" content=\"article\" \/>\n<meta property=\"og:title\" content=\"Los hoteleros madrile\u00f1os prev\u00e9n un nivel de reservas del 70% durante la semana de la Cumbre de la OTAN - AEHM\" \/>\n<meta property=\"og:description\" content=\"AEHM prev\u00e9 que la ocupaci\u00f3n de la planta hotelera de la ciudad de Madrid registre puntos m\u00e1s \u00e1lgidos en el volumen de reservas tanto el martes 28\" \/>\n<meta property=\"og:url\" content=\"https:\/\/aehm.es\/los-hoteleros-madrilenos-preven-un-nivel-de-reservas-del-70-durante-la-semana-de-la-cumbre-de-la-otan\/\" \/>\n<meta property=\"og:site_name\" content=\"AEHM\" \/>\n<meta property=\"article:publisher\" content=\"https:\/\/www.instagram.com\/hotelesdemadrid\/\" \/>\n<meta property=\"article:published_time\" content=\"2022-06-21T09:44:43+00:00\" \/>\n<meta property=\"article:modified_time\" content=\"2022-06-21T16:28:52+00:00\" \/>\n<meta property=\"og:image\" content=\"https:\/\/aehm.es\/wp-content\/uploads\/2022\/06\/Ocupacion-70-durante-la-semana-de-la-Cumbre-de-la-OTAN-AEHM.jpg\" \/>\n\t<meta property=\"og:image:width\" content=\"1600\" \/>\n\t<meta property=\"og:image:height\" content=\"900\" \/>\n\t<meta property=\"og:image:type\" content=\"image\/jpeg\" \/>\n<meta name=\"author\" content=\"richard\" \/>\n<meta name=\"twitter:card\" content=\"summary_large_image\" \/>\n<meta name=\"twitter:image\" content=\"https:\/\/aehm.es\/wp-content\/uploads\/2022\/06\/Ocupacion-70-durante-la-semana-de-la-Cumbre-de-la-OTAN-AEHM.jpg\" \/>\n<meta name=\"twitter:creator\" content=\"@HotelesAEHM\" \/>\n<meta name=\"twitter:site\" content=\"@HotelesAEHM\" \/>\n<meta name=\"twitter:label1\" content=\"Written by\" \/>\n\t<meta name=\"twitter:data1\" content=\"richard\" \/>\n\t<meta name=\"twitter:label2\" content=\"Est. reading time\" \/>\n\t<meta name=\"twitter:data2\" content=\"2 minutes\" \/>\n<script type=\"application\/ld+json\" class=\"yoast-schema-graph\">{\"@context\":\"https:\\\/\\\/schema.org\",\"@graph\":[{\"@type\":\"Article\",\"@id\":\"https:\\\/\\\/aehm.es\\\/los-hoteleros-madrilenos-preven-un-nivel-de-reservas-del-70-durante-la-semana-de-la-cumbre-de-la-otan\\\/#article\",\"isPartOf\":{\"@id\":\"https:\\\/\\\/aehm.es\\\/los-hoteleros-madrilenos-preven-un-nivel-de-reservas-del-70-durante-la-semana-de-la-cumbre-de-la-otan\\\/\"},\"author\":{\"name\":\"richard\",\"@id\":\"https:\\\/\\\/aehm.es\\\/#\\\/schema\\\/person\\\/ca1397f4b0bcee246b58a0278b67a95f\"},\"headline\":\"Los hoteleros madrile\u00f1os prev\u00e9n un nivel de reservas del 70% durante la semana de la Cumbre de la OTAN\",\"datePublished\":\"2022-06-21T09:44:43+00:00\",\"dateModified\":\"2022-06-21T16:28:52+00:00\",\"mainEntityOfPage\":{\"@id\":\"https:\\\/\\\/aehm.es\\\/los-hoteleros-madrilenos-preven-un-nivel-de-reservas-del-70-durante-la-semana-de-la-cumbre-de-la-otan\\\/\"},\"wordCount\":313,\"commentCount\":0,\"publisher\":{\"@id\":\"https:\\\/\\\/aehm.es\\\/#organization\"},\"image\":{\"@id\":\"https:\\\/\\\/aehm.es\\\/los-hoteleros-madrilenos-preven-un-nivel-de-reservas-del-70-durante-la-semana-de-la-cumbre-de-la-otan\\\/#primaryimage\"},\"thumbnailUrl\":\"https:\\\/\\\/aehm.es\\\/wp-content\\\/uploads\\\/2022\\\/06\\\/hotel-room-2021-09-04-13-26-32-utc-scaled-e1655804672433.jpeg\",\"articleSection\":[\"Actualidad AEHM\"],\"inLanguage\":\"en-US\",\"potentialAction\":[{\"@type\":\"CommentAction\",\"name\":\"Comment\",\"target\":[\"https:\\\/\\\/aehm.es\\\/los-hoteleros-madrilenos-preven-un-nivel-de-reservas-del-70-durante-la-semana-de-la-cumbre-de-la-otan\\\/#respond\"]}]},{\"@type\":\"WebPage\",\"@id\":\"https:\\\/\\\/aehm.es\\\/los-hoteleros-madrilenos-preven-un-nivel-de-reservas-del-70-durante-la-semana-de-la-cumbre-de-la-otan\\\/\",\"url\":\"https:\\\/\\\/aehm.es\\\/los-hoteleros-madrilenos-preven-un-nivel-de-reservas-del-70-durante-la-semana-de-la-cumbre-de-la-otan\\\/\",\"name\":\"Los hoteleros madrile\u00f1os prev\u00e9n un nivel de reservas del 70% durante la semana de la Cumbre de la OTAN - AEHM\",\"isPartOf\":{\"@id\":\"https:\\\/\\\/aehm.es\\\/#website\"},\"primaryImageOfPage\":{\"@id\":\"https:\\\/\\\/aehm.es\\\/los-hoteleros-madrilenos-preven-un-nivel-de-reservas-del-70-durante-la-semana-de-la-cumbre-de-la-otan\\\/#primaryimage\"},\"image\":{\"@id\":\"https:\\\/\\\/aehm.es\\\/los-hoteleros-madrilenos-preven-un-nivel-de-reservas-del-70-durante-la-semana-de-la-cumbre-de-la-otan\\\/#primaryimage\"},\"thumbnailUrl\":\"https:\\\/\\\/aehm.es\\\/wp-content\\\/uploads\\\/2022\\\/06\\\/hotel-room-2021-09-04-13-26-32-utc-scaled-e1655804672433.jpeg\",\"datePublished\":\"2022-06-21T09:44:43+00:00\",\"dateModified\":\"2022-06-21T16:28:52+00:00\",\"description\":\"AEHM prev\u00e9 que la ocupaci\u00f3n de la planta hotelera de la ciudad de Madrid registre puntos m\u00e1s \u00e1lgidos en el volumen de reservas tanto el martes 28\",\"breadcrumb\":{\"@id\":\"https:\\\/\\\/aehm.es\\\/los-hoteleros-madrilenos-preven-un-nivel-de-reservas-del-70-durante-la-semana-de-la-cumbre-de-la-otan\\\/#breadcrumb\"},\"inLanguage\":\"en-US\",\"potentialAction\":[{\"@type\":\"ReadAction\",\"target\":[\"https:\\\/\\\/aehm.es\\\/los-hoteleros-madrilenos-preven-un-nivel-de-reservas-del-70-durante-la-semana-de-la-cumbre-de-la-otan\\\/\"]}]},{\"@type\":\"ImageObject\",\"inLanguage\":\"en-US\",\"@id\":\"https:\\\/\\\/aehm.es\\\/los-hoteleros-madrilenos-preven-un-nivel-de-reservas-del-70-durante-la-semana-de-la-cumbre-de-la-otan\\\/#primaryimage\",\"url\":\"https:\\\/\\\/aehm.es\\\/wp-content\\\/uploads\\\/2022\\\/06\\\/hotel-room-2021-09-04-13-26-32-utc-scaled-e1655804672433.jpeg\",\"contentUrl\":\"https:\\\/\\\/aehm.es\\\/wp-content\\\/uploads\\\/2022\\\/06\\\/hotel-room-2021-09-04-13-26-32-utc-scaled-e1655804672433.jpeg\",\"width\":900,\"height\":600},{\"@type\":\"BreadcrumbList\",\"@id\":\"https:\\\/\\\/aehm.es\\\/los-hoteleros-madrilenos-preven-un-nivel-de-reservas-del-70-durante-la-semana-de-la-cumbre-de-la-otan\\\/#breadcrumb\",\"itemListElement\":[{\"@type\":\"ListItem\",\"position\":1,\"name\":\"Portada\",\"item\":\"https:\\\/\\\/aehm.es\\\/en\\\/\"},{\"@type\":\"ListItem\",\"position\":2,\"name\":\"Los hoteleros madrile\u00f1os prev\u00e9n un nivel de reservas del 70% durante la semana de la Cumbre de la OTAN\"}]},{\"@type\":\"WebSite\",\"@id\":\"https:\\\/\\\/aehm.es\\\/#website\",\"url\":\"https:\\\/\\\/aehm.es\\\/\",\"name\":\"Asociaci\u00f3n Empresarial Hotelera de Madrid\",\"description\":\"La Asociaci\u00f3n Empresarial Hotelera Madrid est\u00e1 formada por m\u00e1s de 300 establecimientos de todas las categor\u00edas y tipolog\u00edas (hoteles, hostales, hostels, apartamentos\u2026) que suman m\u00e1s de 75.000 plazas de alojamiento.\",\"publisher\":{\"@id\":\"https:\\\/\\\/aehm.es\\\/#organization\"},\"alternateName\":\"AEHM\",\"potentialAction\":[{\"@type\":\"SearchAction\",\"target\":{\"@type\":\"EntryPoint\",\"urlTemplate\":\"https:\\\/\\\/aehm.es\\\/?s={search_term_string}\"},\"query-input\":{\"@type\":\"PropertyValueSpecification\",\"valueRequired\":true,\"valueName\":\"search_term_string\"}}],\"inLanguage\":\"en-US\"},{\"@type\":\"Organization\",\"@id\":\"https:\\\/\\\/aehm.es\\\/#organization\",\"name\":\"Asociaci\u00f3n Empresarial Hotelera de Madrid\",\"url\":\"https:\\\/\\\/aehm.es\\\/\",\"logo\":{\"@type\":\"ImageObject\",\"inLanguage\":\"en-US\",\"@id\":\"https:\\\/\\\/aehm.es\\\/#\\\/schema\\\/logo\\\/image\\\/\",\"url\":\"https:\\\/\\\/aehm.es\\\/wp-content\\\/uploads\\\/2021\\\/11\\\/Logo_AEHM_Horiz.png\",\"contentUrl\":\"https:\\\/\\\/aehm.es\\\/wp-content\\\/uploads\\\/2021\\\/11\\\/Logo_AEHM_Horiz.png\",\"width\":600,\"height\":182,\"caption\":\"Asociaci\u00f3n Empresarial Hotelera de Madrid\"},\"image\":{\"@id\":\"https:\\\/\\\/aehm.es\\\/#\\\/schema\\\/logo\\\/image\\\/\"},\"sameAs\":[\"https:\\\/\\\/www.instagram.com\\\/hotelesdemadrid\\\/\",\"https:\\\/\\\/x.com\\\/HotelesAEHM\",\"https:\\\/\\\/www.linkedin.com\\\/company\\\/11166072\\\/\"]},{\"@type\":\"Person\",\"@id\":\"https:\\\/\\\/aehm.es\\\/#\\\/schema\\\/person\\\/ca1397f4b0bcee246b58a0278b67a95f\",\"name\":\"richard\",\"image\":{\"@type\":\"ImageObject\",\"inLanguage\":\"en-US\",\"@id\":\"https:\\\/\\\/secure.gravatar.com\\\/avatar\\\/dd2486a811ecc34bf766b7d8b17d0ea76674186c415867af39660e429e20e1a0?s=96&d=mm&r=g\",\"url\":\"https:\\\/\\\/secure.gravatar.com\\\/avatar\\\/dd2486a811ecc34bf766b7d8b17d0ea76674186c415867af39660e429e20e1a0?s=96&d=mm&r=g\",\"contentUrl\":\"https:\\\/\\\/secure.gravatar.com\\\/avatar\\\/dd2486a811ecc34bf766b7d8b17d0ea76674186c415867af39660e429e20e1a0?s=96&d=mm&r=g\",\"caption\":\"richard\"},\"url\":\"https:\\\/\\\/aehm.es\\\/en\\\/author\\\/richard\\\/\"}]}<\/script>\n<!-- \/ Yoast SEO plugin. -->","yoast_head_json":{"title":"Los hoteleros madrile\u00f1os prev\u00e9n un nivel de reservas del 70% durante la semana de la Cumbre de la OTAN - AEHM","description":"AEHM prev\u00e9 que la ocupaci\u00f3n de la planta hotelera de la ciudad de Madrid registre puntos m\u00e1s \u00e1lgidos en el volumen de reservas tanto el martes 28","robots":{"index":"index","follow":"follow","max-snippet":"max-snippet:-1","max-image-preview":"max-image-preview:large","max-video-preview":"max-video-preview:-1"},"canonical":"https:\/\/aehm.es\/los-hoteleros-madrilenos-preven-un-nivel-de-reservas-del-70-durante-la-semana-de-la-cumbre-de-la-otan\/","og_locale":"en_US","og_type":"article","og_title":"Los hoteleros madrile\u00f1os prev\u00e9n un nivel de reservas del 70% durante la semana de la Cumbre de la OTAN - AEHM","og_description":"AEHM prev\u00e9 que la ocupaci\u00f3n de la planta hotelera de la ciudad de Madrid registre puntos m\u00e1s \u00e1lgidos en el volumen de reservas tanto el martes 28","og_url":"https:\/\/aehm.es\/los-hoteleros-madrilenos-preven-un-nivel-de-reservas-del-70-durante-la-semana-de-la-cumbre-de-la-otan\/","og_site_name":"AEHM","article_publisher":"https:\/\/www.instagram.com\/hotelesdemadrid\/","article_published_time":"2022-06-21T09:44:43+00:00","article_modified_time":"2022-06-21T16:28:52+00:00","og_image":[{"width":1600,"height":900,"url":"https:\/\/aehm.es\/wp-content\/uploads\/2022\/06\/Ocupacion-70-durante-la-semana-de-la-Cumbre-de-la-OTAN-AEHM.jpg","type":"image\/jpeg"}],"author":"richard","twitter_card":"summary_large_image","twitter_image":"https:\/\/aehm.es\/wp-content\/uploads\/2022\/06\/Ocupacion-70-durante-la-semana-de-la-Cumbre-de-la-OTAN-AEHM.jpg","twitter_creator":"@HotelesAEHM","twitter_site":"@HotelesAEHM","twitter_misc":{"Written by":"richard","Est. reading time":"2 minutes"},"schema":{"@context":"https:\/\/schema.org","@graph":[{"@type":"Article","@id":"https:\/\/aehm.es\/los-hoteleros-madrilenos-preven-un-nivel-de-reservas-del-70-durante-la-semana-de-la-cumbre-de-la-otan\/#article","isPartOf":{"@id":"https:\/\/aehm.es\/los-hoteleros-madrilenos-preven-un-nivel-de-reservas-del-70-durante-la-semana-de-la-cumbre-de-la-otan\/"},"author":{"name":"richard","@id":"https:\/\/aehm.es\/#\/schema\/person\/ca1397f4b0bcee246b58a0278b67a95f"},"headline":"Los hoteleros madrile\u00f1os prev\u00e9n un nivel de reservas del 70% durante la semana de la Cumbre de la OTAN","datePublished":"2022-06-21T09:44:43+00:00","dateModified":"2022-06-21T16:28:52+00:00","mainEntityOfPage":{"@id":"https:\/\/aehm.es\/los-hoteleros-madrilenos-preven-un-nivel-de-reservas-del-70-durante-la-semana-de-la-cumbre-de-la-otan\/"},"wordCount":313,"commentCount":0,"publisher":{"@id":"https:\/\/aehm.es\/#organization"},"image":{"@id":"https:\/\/aehm.es\/los-hoteleros-madrilenos-preven-un-nivel-de-reservas-del-70-durante-la-semana-de-la-cumbre-de-la-otan\/#primaryimage"},"thumbnailUrl":"https:\/\/aehm.es\/wp-content\/uploads\/2022\/06\/hotel-room-2021-09-04-13-26-32-utc-scaled-e1655804672433.jpeg","articleSection":["Actualidad AEHM"],"inLanguage":"en-US","potentialAction":[{"@type":"CommentAction","name":"Comment","target":["https:\/\/aehm.es\/los-hoteleros-madrilenos-preven-un-nivel-de-reservas-del-70-durante-la-semana-de-la-cumbre-de-la-otan\/#respond"]}]},{"@type":"WebPage","@id":"https:\/\/aehm.es\/los-hoteleros-madrilenos-preven-un-nivel-de-reservas-del-70-durante-la-semana-de-la-cumbre-de-la-otan\/","url":"https:\/\/aehm.es\/los-hoteleros-madrilenos-preven-un-nivel-de-reservas-del-70-durante-la-semana-de-la-cumbre-de-la-otan\/","name":"Los hoteleros madrile\u00f1os prev\u00e9n un nivel de reservas del 70% durante la semana de la Cumbre de la OTAN - AEHM","isPartOf":{"@id":"https:\/\/aehm.es\/#website"},"primaryImageOfPage":{"@id":"https:\/\/aehm.es\/los-hoteleros-madrilenos-preven-un-nivel-de-reservas-del-70-durante-la-semana-de-la-cumbre-de-la-otan\/#primaryimage"},"image":{"@id":"https:\/\/aehm.es\/los-hoteleros-madrilenos-preven-un-nivel-de-reservas-del-70-durante-la-semana-de-la-cumbre-de-la-otan\/#primaryimage"},"thumbnailUrl":"https:\/\/aehm.es\/wp-content\/uploads\/2022\/06\/hotel-room-2021-09-04-13-26-32-utc-scaled-e1655804672433.jpeg","datePublished":"2022-06-21T09:44:43+00:00","dateModified":"2022-06-21T16:28:52+00:00","description":"AEHM prev\u00e9 que la ocupaci\u00f3n de la planta hotelera de la ciudad de Madrid registre puntos m\u00e1s \u00e1lgidos en el volumen de reservas tanto el martes 28","breadcrumb":{"@id":"https:\/\/aehm.es\/los-hoteleros-madrilenos-preven-un-nivel-de-reservas-del-70-durante-la-semana-de-la-cumbre-de-la-otan\/#breadcrumb"},"inLanguage":"en-US","potentialAction":[{"@type":"ReadAction","target":["https:\/\/aehm.es\/los-hoteleros-madrilenos-preven-un-nivel-de-reservas-del-70-durante-la-semana-de-la-cumbre-de-la-otan\/"]}]},{"@type":"ImageObject","inLanguage":"en-US","@id":"https:\/\/aehm.es\/los-hoteleros-madrilenos-preven-un-nivel-de-reservas-del-70-durante-la-semana-de-la-cumbre-de-la-otan\/#primaryimage","url":"https:\/\/aehm.es\/wp-content\/uploads\/2022\/06\/hotel-room-2021-09-04-13-26-32-utc-scaled-e1655804672433.jpeg","contentUrl":"https:\/\/aehm.es\/wp-content\/uploads\/2022\/06\/hotel-room-2021-09-04-13-26-32-utc-scaled-e1655804672433.jpeg","width":900,"height":600},{"@type":"BreadcrumbList","@id":"https:\/\/aehm.es\/los-hoteleros-madrilenos-preven-un-nivel-de-reservas-del-70-durante-la-semana-de-la-cumbre-de-la-otan\/#breadcrumb","itemListElement":[{"@type":"ListItem","position":1,"name":"Portada","item":"https:\/\/aehm.es\/en\/"},{"@type":"ListItem","position":2,"name":"Los hoteleros madrile\u00f1os prev\u00e9n un nivel de reservas del 70% durante la semana de la Cumbre de la OTAN"}]},{"@type":"WebSite","@id":"https:\/\/aehm.es\/#website","url":"https:\/\/aehm.es\/","name":"Asociaci\u00f3n Empresarial Hotelera de Madrid","description":"La Asociaci\u00f3n Empresarial Hotelera Madrid est\u00e1 formada por m\u00e1s de 300 establecimientos de todas las categor\u00edas y tipolog\u00edas (hoteles, hostales, hostels, apartamentos\u2026) que suman m\u00e1s de 75.000 plazas de alojamiento.","publisher":{"@id":"https:\/\/aehm.es\/#organization"},"alternateName":"AEHM","potentialAction":[{"@type":"SearchAction","target":{"@type":"EntryPoint","urlTemplate":"https:\/\/aehm.es\/?s={search_term_string}"},"query-input":{"@type":"PropertyValueSpecification","valueRequired":true,"valueName":"search_term_string"}}],"inLanguage":"en-US"},{"@type":"Organization","@id":"https:\/\/aehm.es\/#organization","name":"Asociaci\u00f3n Empresarial Hotelera de Madrid","url":"https:\/\/aehm.es\/","logo":{"@type":"ImageObject","inLanguage":"en-US","@id":"https:\/\/aehm.es\/#\/schema\/logo\/image\/","url":"https:\/\/aehm.es\/wp-content\/uploads\/2021\/11\/Logo_AEHM_Horiz.png","contentUrl":"https:\/\/aehm.es\/wp-content\/uploads\/2021\/11\/Logo_AEHM_Horiz.png","width":600,"height":182,"caption":"Asociaci\u00f3n Empresarial Hotelera de Madrid"},"image":{"@id":"https:\/\/aehm.es\/#\/schema\/logo\/image\/"},"sameAs":["https:\/\/www.instagram.com\/hotelesdemadrid\/","https:\/\/x.com\/HotelesAEHM","https:\/\/www.linkedin.com\/company\/11166072\/"]},{"@type":"Person","@id":"https:\/\/aehm.es\/#\/schema\/person\/ca1397f4b0bcee246b58a0278b67a95f","name":"richard","image":{"@type":"ImageObject","inLanguage":"en-US","@id":"https:\/\/secure.gravatar.com\/avatar\/dd2486a811ecc34bf766b7d8b17d0ea76674186c415867af39660e429e20e1a0?s=96&d=mm&r=g","url":"https:\/\/secure.gravatar.com\/avatar\/dd2486a811ecc34bf766b7d8b17d0ea76674186c415867af39660e429e20e1a0?s=96&d=mm&r=g","contentUrl":"https:\/\/secure.gravatar.com\/avatar\/dd2486a811ecc34bf766b7d8b17d0ea76674186c415867af39660e429e20e1a0?s=96&d=mm&r=g","caption":"richard"},"url":"https:\/\/aehm.es\/en\/author\/richard\/"}]}},"_links":{"self":[{"href":"https:\/\/aehm.es\/en\/wp-json\/wp\/v2\/posts\/14053","targetHints":{"allow":["GET"]}}],"collection":[{"href":"https:\/\/aehm.es\/en\/wp-json\/wp\/v2\/posts"}],"about":[{"href":"https:\/\/aehm.es\/en\/wp-json\/wp\/v2\/types\/post"}],"author":[{"embeddable":true,"href":"https:\/\/aehm.es\/en\/wp-json\/wp\/v2\/users\/1"}],"replies":[{"embeddable":true,"href":"https:\/\/aehm.es\/en\/wp-json\/wp\/v2\/comments?post=14053"}],"version-history":[{"count":0,"href":"https:\/\/aehm.es\/en\/wp-json\/wp\/v2\/posts\/14053\/revisions"}],"wp:featuredmedia":[{"embeddable":true,"href":"https:\/\/aehm.es\/en\/wp-json\/wp\/v2\/media\/14056"}],"wp:attachment":[{"href":"https:\/\/aehm.es\/en\/wp-json\/wp\/v2\/media?parent=14053"}],"wp:term":[{"taxonomy":"category","embeddable":true,"href":"https:\/\/aehm.es\/en\/wp-json\/wp\/v2\/categories?post=14053"},{"taxonomy":"post_tag","embeddable":true,"href":"https:\/\/aehm.es\/en\/wp-json\/wp\/v2\/tags?post=14053"}],"curies":[{"name":"wp","href":"https:\/\/api.w.org\/{rel}","templated":true}]}}