{"id":13501,"date":"2022-01-31T12:11:17","date_gmt":"2022-01-31T12:11:17","guid":{"rendered":"https:\/\/aehm.es\/?p=13501"},"modified":"2022-01-31T12:12:05","modified_gmt":"2022-01-31T12:12:05","slug":"san-valentin-en-los-hoteles-de-madrid","status":"publish","type":"post","link":"https:\/\/aehm.es\/en\/san-valentin-en-los-hoteles-de-madrid\/","title":{"rendered":"San Valent\u00edn en los hoteles de Madrid"},"content":{"rendered":"<ul>\n<li><strong>La Asociaci\u00f3n Empresarial Hotelera de Madrid (AEHM), un a\u00f1o m\u00e1s, invita a todos los madrile\u00f1os y visitantes a celebrar San Valent\u00edn 2022 en los hoteles de la regi\u00f3n<\/strong><\/li>\n<li><strong>Las actividades no son solo exclusivas las noches del viernes 11, s\u00e1bado 12, domingo 13 y lunes 14 de febrero, sino que en algunos establecimientos hoteleros se mantendr\u00e1 a lo largo del mes de febrero<\/strong><\/li>\n<\/ul>\n<p><strong>\u00a0<\/strong><\/p>\n<p><strong>Madrid, 31 de enero del 2022.- <\/strong>Cada vez falta menos para que llegue el d\u00eda de los enamorados, una de las \u00e9pocas del a\u00f1o en las que compartir momentos y disfrutar de experiencias juntos es imprescindible. Por ello, La Asociaci\u00f3n Empresarial Hotelera de Madrid (AEHM), un a\u00f1o m\u00e1s, invita a todos los madrile\u00f1os y visitantes a celebrar San Valent\u00edn en los hoteles de la regi\u00f3n.<\/p>\n<p>La Asociaci\u00f3n anima a los madrile\u00f1os a que se sientan turistas en su propia ciudad aloj\u00e1ndose en sus hoteles, donde descubrir\u00e1n que son mucho m\u00e1s que lugares donde pasar la noche y en los que podr\u00e1n disfrutar en pareja de experiencias rom\u00e1nticas inolvidables, actividades, ofertas especiales y de su servicio de calidad en un ambiente exclusivo.<\/p>\n<p>Con esta alternativa, los hoteles madrile\u00f1os han preparado experiencias especiales como degustaciones gastron\u00f3micas al atardecer, recetas de reconocidos chefs, actuaciones musicales en directo, circuitos de spa y masajes. Todo este amplio programa de actividades se realizar\u00e1 en hoteles que combinan encanto, modernidad y glamour en Madrid.<\/p>\n<p>Adem\u00e1s, estas actividades no son solo exclusivas las noches del viernes 11, s\u00e1bado 12, domingo 13 y lunes 14 de febrero, sino que en algunos establecimientos hoteleros se mantendr\u00e1n a lo largo del mes de febrero.<\/p>\n<p>Se puede acceder a toda la informaci\u00f3n a trav\u00e9s de: <a href=\"https:\/\/eur03.safelinks.protection.outlook.com\/?url=https%3A%2F%2Faehm.es%2Feventos%2Fsan-valentin-en-los-hoteles-de-madrid%2F&amp;data=04%7C01%7Cblazaro%40ilunion.com%7C97d28355298e41aeda7b08d9e4ad69c1%7Cbab5b22cd82b452e9cad04f9708f4bbd%7C0%7C0%7C637792255727692338%7CUnknown%7CTWFpbGZsb3d8eyJWIjoiMC4wLjAwMDAiLCJQIjoiV2luMzIiLCJBTiI6Ik1haWwiLCJXVCI6Mn0%3D%7C3000&amp;sdata=hBcUcUKTyMifQoFsCwcsCp%2FbT4Rk7mxOOFACKtfUBn8%3D&amp;reserved=0\">https:\/\/aehm.es\/eventos\/san-valentin-en-los-hoteles-de-madrid\/<\/a><\/p>\n","protected":false},"excerpt":{"rendered":"<p>La Asociaci\u00f3n Empresarial Hotelera de Madrid (AEHM), un a\u00f1o m\u00e1s, invita a todos los madrile\u00f1os y visitantes a celebrar San Valent\u00edn 2022 en los hoteles de la regi\u00f3n Las actividades no son solo exclusivas las noches del viernes 11, s\u00e1bado 12, domingo 13 y lunes 14 de febrero, sino que en algunos establecimientos hoteleros se [&hellip;]<\/p>\n","protected":false},"author":15,"featured_media":13502,"comment_status":"open","ping_status":"open","sticky":false,"template":"","format":"standard","meta":{"footnotes":""},"categories":[1],"tags":[],"class_list":["post-13501","post","type-post","status-publish","format-standard","has-post-thumbnail","hentry","category-actualidad-aehm"],"yoast_head":"<!-- This site is optimized with the Yoast SEO plugin v27.5 - https:\/\/yoast.com\/product\/yoast-seo-wordpress\/ -->\n<title>San Valent\u00edn en los hoteles de Madrid - AEHM<\/title>\n<meta name=\"description\" content=\"La Asociaci\u00f3n Empresarial Hotelera de Madrid (AEHM), un a\u00f1o m\u00e1s, invita a todos los madrile\u00f1os y visitantes a celebrar San Valent\u00edn 2022 en los hoteles de la regi\u00f3n\" \/>\n<meta name=\"robots\" content=\"index, follow, max-snippet:-1, max-image-preview:large, max-video-preview:-1\" \/>\n<link rel=\"canonical\" href=\"https:\/\/aehm.es\/san-valentin-en-los-hoteles-de-madrid\/\" \/>\n<meta property=\"og:locale\" content=\"en_US\" \/>\n<meta property=\"og:type\" content=\"article\" \/>\n<meta property=\"og:title\" content=\"San Valent\u00edn en los hoteles de Madrid\" \/>\n<meta property=\"og:description\" content=\"La Asociaci\u00f3n Empresarial Hotelera de Madrid (AEHM), un a\u00f1o m\u00e1s, invita a todos los madrile\u00f1os y visitantes a celebrar San Valent\u00edn 2022 en los hoteles de la regi\u00f3n\" \/>\n<meta property=\"og:url\" content=\"https:\/\/aehm.es\/san-valentin-en-los-hoteles-de-madrid\/\" \/>\n<meta property=\"og:site_name\" content=\"AEHM\" \/>\n<meta property=\"article:publisher\" content=\"https:\/\/www.instagram.com\/hotelesdemadrid\/\" \/>\n<meta property=\"article:published_time\" content=\"2022-01-31T12:11:17+00:00\" \/>\n<meta property=\"article:modified_time\" content=\"2022-01-31T12:12:05+00:00\" \/>\n<meta property=\"og:image\" content=\"https:\/\/aehm.es\/wp-content\/uploads\/2022\/01\/Imagen-destacada-AEHM_MIVC.png\" \/>\n\t<meta property=\"og:image:width\" content=\"1600\" \/>\n\t<meta property=\"og:image:height\" content=\"900\" \/>\n\t<meta property=\"og:image:type\" content=\"image\/png\" \/>\n<meta name=\"author\" content=\"Daniel\" \/>\n<meta name=\"twitter:card\" content=\"summary_large_image\" \/>\n<meta name=\"twitter:title\" content=\"San Valent\u00edn en los hoteles de Madrid\" \/>\n<meta name=\"twitter:description\" content=\"La Asociaci\u00f3n Empresarial Hotelera de Madrid (AEHM), un a\u00f1o m\u00e1s, invita a todos los madrile\u00f1os y visitantes a celebrar San Valent\u00edn 2022 en los hoteles de la regi\u00f3n\" \/>\n<meta name=\"twitter:image\" content=\"https:\/\/aehm.es\/wp-content\/uploads\/2022\/01\/Imagen-destacada-AEHM_MIVC.png\" \/>\n<meta name=\"twitter:creator\" content=\"@HotelesAEHM\" \/>\n<meta name=\"twitter:site\" content=\"@HotelesAEHM\" \/>\n<meta name=\"twitter:label1\" content=\"Written by\" \/>\n\t<meta name=\"twitter:data1\" content=\"Daniel\" \/>\n\t<meta name=\"twitter:label2\" content=\"Est. reading time\" \/>\n\t<meta name=\"twitter:data2\" content=\"2 minutes\" \/>\n<script type=\"application\/ld+json\" class=\"yoast-schema-graph\">{\"@context\":\"https:\\\/\\\/schema.org\",\"@graph\":[{\"@type\":\"Article\",\"@id\":\"https:\\\/\\\/aehm.es\\\/san-valentin-en-los-hoteles-de-madrid\\\/#article\",\"isPartOf\":{\"@id\":\"https:\\\/\\\/aehm.es\\\/san-valentin-en-los-hoteles-de-madrid\\\/\"},\"author\":{\"name\":\"Daniel\",\"@id\":\"https:\\\/\\\/aehm.es\\\/#\\\/schema\\\/person\\\/60c7fea5d55536f98119963377461ad7\"},\"headline\":\"San Valent\u00edn en los hoteles de Madrid\",\"datePublished\":\"2022-01-31T12:11:17+00:00\",\"dateModified\":\"2022-01-31T12:12:05+00:00\",\"mainEntityOfPage\":{\"@id\":\"https:\\\/\\\/aehm.es\\\/san-valentin-en-los-hoteles-de-madrid\\\/\"},\"wordCount\":308,\"commentCount\":0,\"publisher\":{\"@id\":\"https:\\\/\\\/aehm.es\\\/#organization\"},\"image\":{\"@id\":\"https:\\\/\\\/aehm.es\\\/san-valentin-en-los-hoteles-de-madrid\\\/#primaryimage\"},\"thumbnailUrl\":\"https:\\\/\\\/aehm.es\\\/wp-content\\\/uploads\\\/2022\\\/01\\\/love.jpg\",\"articleSection\":[\"Actualidad AEHM\"],\"inLanguage\":\"en-US\",\"potentialAction\":[{\"@type\":\"CommentAction\",\"name\":\"Comment\",\"target\":[\"https:\\\/\\\/aehm.es\\\/san-valentin-en-los-hoteles-de-madrid\\\/#respond\"]}]},{\"@type\":\"WebPage\",\"@id\":\"https:\\\/\\\/aehm.es\\\/san-valentin-en-los-hoteles-de-madrid\\\/\",\"url\":\"https:\\\/\\\/aehm.es\\\/san-valentin-en-los-hoteles-de-madrid\\\/\",\"name\":\"San Valent\u00edn en los hoteles de Madrid - AEHM\",\"isPartOf\":{\"@id\":\"https:\\\/\\\/aehm.es\\\/#website\"},\"primaryImageOfPage\":{\"@id\":\"https:\\\/\\\/aehm.es\\\/san-valentin-en-los-hoteles-de-madrid\\\/#primaryimage\"},\"image\":{\"@id\":\"https:\\\/\\\/aehm.es\\\/san-valentin-en-los-hoteles-de-madrid\\\/#primaryimage\"},\"thumbnailUrl\":\"https:\\\/\\\/aehm.es\\\/wp-content\\\/uploads\\\/2022\\\/01\\\/love.jpg\",\"datePublished\":\"2022-01-31T12:11:17+00:00\",\"dateModified\":\"2022-01-31T12:12:05+00:00\",\"description\":\"La Asociaci\u00f3n Empresarial Hotelera de Madrid (AEHM), un a\u00f1o m\u00e1s, invita a todos los madrile\u00f1os y visitantes a celebrar San Valent\u00edn 2022 en los hoteles de la regi\u00f3n\",\"breadcrumb\":{\"@id\":\"https:\\\/\\\/aehm.es\\\/san-valentin-en-los-hoteles-de-madrid\\\/#breadcrumb\"},\"inLanguage\":\"en-US\",\"potentialAction\":[{\"@type\":\"ReadAction\",\"target\":[\"https:\\\/\\\/aehm.es\\\/san-valentin-en-los-hoteles-de-madrid\\\/\"]}]},{\"@type\":\"ImageObject\",\"inLanguage\":\"en-US\",\"@id\":\"https:\\\/\\\/aehm.es\\\/san-valentin-en-los-hoteles-de-madrid\\\/#primaryimage\",\"url\":\"https:\\\/\\\/aehm.es\\\/wp-content\\\/uploads\\\/2022\\\/01\\\/love.jpg\",\"contentUrl\":\"https:\\\/\\\/aehm.es\\\/wp-content\\\/uploads\\\/2022\\\/01\\\/love.jpg\",\"width\":822,\"height\":602},{\"@type\":\"BreadcrumbList\",\"@id\":\"https:\\\/\\\/aehm.es\\\/san-valentin-en-los-hoteles-de-madrid\\\/#breadcrumb\",\"itemListElement\":[{\"@type\":\"ListItem\",\"position\":1,\"name\":\"Portada\",\"item\":\"https:\\\/\\\/aehm.es\\\/en\\\/\"},{\"@type\":\"ListItem\",\"position\":2,\"name\":\"San Valent\u00edn en los hoteles de Madrid\"}]},{\"@type\":\"WebSite\",\"@id\":\"https:\\\/\\\/aehm.es\\\/#website\",\"url\":\"https:\\\/\\\/aehm.es\\\/\",\"name\":\"Asociaci\u00f3n Empresarial Hotelera de Madrid\",\"description\":\"La Asociaci\u00f3n Empresarial Hotelera Madrid est\u00e1 formada por m\u00e1s de 300 establecimientos de todas las categor\u00edas y tipolog\u00edas (hoteles, hostales, hostels, apartamentos\u2026) que suman m\u00e1s de 75.000 plazas de alojamiento.\",\"publisher\":{\"@id\":\"https:\\\/\\\/aehm.es\\\/#organization\"},\"alternateName\":\"AEHM\",\"potentialAction\":[{\"@type\":\"SearchAction\",\"target\":{\"@type\":\"EntryPoint\",\"urlTemplate\":\"https:\\\/\\\/aehm.es\\\/?s={search_term_string}\"},\"query-input\":{\"@type\":\"PropertyValueSpecification\",\"valueRequired\":true,\"valueName\":\"search_term_string\"}}],\"inLanguage\":\"en-US\"},{\"@type\":\"Organization\",\"@id\":\"https:\\\/\\\/aehm.es\\\/#organization\",\"name\":\"Asociaci\u00f3n Empresarial Hotelera de Madrid\",\"url\":\"https:\\\/\\\/aehm.es\\\/\",\"logo\":{\"@type\":\"ImageObject\",\"inLanguage\":\"en-US\",\"@id\":\"https:\\\/\\\/aehm.es\\\/#\\\/schema\\\/logo\\\/image\\\/\",\"url\":\"https:\\\/\\\/aehm.es\\\/wp-content\\\/uploads\\\/2021\\\/11\\\/Logo_AEHM_Horiz.png\",\"contentUrl\":\"https:\\\/\\\/aehm.es\\\/wp-content\\\/uploads\\\/2021\\\/11\\\/Logo_AEHM_Horiz.png\",\"width\":600,\"height\":182,\"caption\":\"Asociaci\u00f3n Empresarial Hotelera de Madrid\"},\"image\":{\"@id\":\"https:\\\/\\\/aehm.es\\\/#\\\/schema\\\/logo\\\/image\\\/\"},\"sameAs\":[\"https:\\\/\\\/www.instagram.com\\\/hotelesdemadrid\\\/\",\"https:\\\/\\\/x.com\\\/HotelesAEHM\",\"https:\\\/\\\/www.linkedin.com\\\/company\\\/11166072\\\/\"]},{\"@type\":\"Person\",\"@id\":\"https:\\\/\\\/aehm.es\\\/#\\\/schema\\\/person\\\/60c7fea5d55536f98119963377461ad7\",\"name\":\"Daniel\",\"image\":{\"@type\":\"ImageObject\",\"inLanguage\":\"en-US\",\"@id\":\"https:\\\/\\\/secure.gravatar.com\\\/avatar\\\/0dfa18ec31ea113dd108a1bc201fd87f32db5c9472715e667fe4ec16906239d0?s=96&d=mm&r=g\",\"url\":\"https:\\\/\\\/secure.gravatar.com\\\/avatar\\\/0dfa18ec31ea113dd108a1bc201fd87f32db5c9472715e667fe4ec16906239d0?s=96&d=mm&r=g\",\"contentUrl\":\"https:\\\/\\\/secure.gravatar.com\\\/avatar\\\/0dfa18ec31ea113dd108a1bc201fd87f32db5c9472715e667fe4ec16906239d0?s=96&d=mm&r=g\",\"caption\":\"Daniel\"},\"url\":\"https:\\\/\\\/aehm.es\\\/en\\\/author\\\/daniel\\\/\"}]}<\/script>\n<!-- \/ Yoast SEO plugin. -->","yoast_head_json":{"title":"San Valent\u00edn en los hoteles de Madrid - AEHM","description":"La Asociaci\u00f3n Empresarial Hotelera de Madrid (AEHM), un a\u00f1o m\u00e1s, invita a todos los madrile\u00f1os y visitantes a celebrar San Valent\u00edn 2022 en los hoteles de la regi\u00f3n","robots":{"index":"index","follow":"follow","max-snippet":"max-snippet:-1","max-image-preview":"max-image-preview:large","max-video-preview":"max-video-preview:-1"},"canonical":"https:\/\/aehm.es\/san-valentin-en-los-hoteles-de-madrid\/","og_locale":"en_US","og_type":"article","og_title":"San Valent\u00edn en los hoteles de Madrid","og_description":"La Asociaci\u00f3n Empresarial Hotelera de Madrid (AEHM), un a\u00f1o m\u00e1s, invita a todos los madrile\u00f1os y visitantes a celebrar San Valent\u00edn 2022 en los hoteles de la regi\u00f3n","og_url":"https:\/\/aehm.es\/san-valentin-en-los-hoteles-de-madrid\/","og_site_name":"AEHM","article_publisher":"https:\/\/www.instagram.com\/hotelesdemadrid\/","article_published_time":"2022-01-31T12:11:17+00:00","article_modified_time":"2022-01-31T12:12:05+00:00","og_image":[{"width":1600,"height":900,"url":"https:\/\/aehm.es\/wp-content\/uploads\/2022\/01\/Imagen-destacada-AEHM_MIVC.png","type":"image\/png"}],"author":"Daniel","twitter_card":"summary_large_image","twitter_title":"San Valent\u00edn en los hoteles de Madrid","twitter_description":"La Asociaci\u00f3n Empresarial Hotelera de Madrid (AEHM), un a\u00f1o m\u00e1s, invita a todos los madrile\u00f1os y visitantes a celebrar San Valent\u00edn 2022 en los hoteles de la regi\u00f3n","twitter_image":"https:\/\/aehm.es\/wp-content\/uploads\/2022\/01\/Imagen-destacada-AEHM_MIVC.png","twitter_creator":"@HotelesAEHM","twitter_site":"@HotelesAEHM","twitter_misc":{"Written by":"Daniel","Est. reading time":"2 minutes"},"schema":{"@context":"https:\/\/schema.org","@graph":[{"@type":"Article","@id":"https:\/\/aehm.es\/san-valentin-en-los-hoteles-de-madrid\/#article","isPartOf":{"@id":"https:\/\/aehm.es\/san-valentin-en-los-hoteles-de-madrid\/"},"author":{"name":"Daniel","@id":"https:\/\/aehm.es\/#\/schema\/person\/60c7fea5d55536f98119963377461ad7"},"headline":"San Valent\u00edn en los hoteles de Madrid","datePublished":"2022-01-31T12:11:17+00:00","dateModified":"2022-01-31T12:12:05+00:00","mainEntityOfPage":{"@id":"https:\/\/aehm.es\/san-valentin-en-los-hoteles-de-madrid\/"},"wordCount":308,"commentCount":0,"publisher":{"@id":"https:\/\/aehm.es\/#organization"},"image":{"@id":"https:\/\/aehm.es\/san-valentin-en-los-hoteles-de-madrid\/#primaryimage"},"thumbnailUrl":"https:\/\/aehm.es\/wp-content\/uploads\/2022\/01\/love.jpg","articleSection":["Actualidad AEHM"],"inLanguage":"en-US","potentialAction":[{"@type":"CommentAction","name":"Comment","target":["https:\/\/aehm.es\/san-valentin-en-los-hoteles-de-madrid\/#respond"]}]},{"@type":"WebPage","@id":"https:\/\/aehm.es\/san-valentin-en-los-hoteles-de-madrid\/","url":"https:\/\/aehm.es\/san-valentin-en-los-hoteles-de-madrid\/","name":"San Valent\u00edn en los hoteles de Madrid - AEHM","isPartOf":{"@id":"https:\/\/aehm.es\/#website"},"primaryImageOfPage":{"@id":"https:\/\/aehm.es\/san-valentin-en-los-hoteles-de-madrid\/#primaryimage"},"image":{"@id":"https:\/\/aehm.es\/san-valentin-en-los-hoteles-de-madrid\/#primaryimage"},"thumbnailUrl":"https:\/\/aehm.es\/wp-content\/uploads\/2022\/01\/love.jpg","datePublished":"2022-01-31T12:11:17+00:00","dateModified":"2022-01-31T12:12:05+00:00","description":"La Asociaci\u00f3n Empresarial Hotelera de Madrid (AEHM), un a\u00f1o m\u00e1s, invita a todos los madrile\u00f1os y visitantes a celebrar San Valent\u00edn 2022 en los hoteles de la regi\u00f3n","breadcrumb":{"@id":"https:\/\/aehm.es\/san-valentin-en-los-hoteles-de-madrid\/#breadcrumb"},"inLanguage":"en-US","potentialAction":[{"@type":"ReadAction","target":["https:\/\/aehm.es\/san-valentin-en-los-hoteles-de-madrid\/"]}]},{"@type":"ImageObject","inLanguage":"en-US","@id":"https:\/\/aehm.es\/san-valentin-en-los-hoteles-de-madrid\/#primaryimage","url":"https:\/\/aehm.es\/wp-content\/uploads\/2022\/01\/love.jpg","contentUrl":"https:\/\/aehm.es\/wp-content\/uploads\/2022\/01\/love.jpg","width":822,"height":602},{"@type":"BreadcrumbList","@id":"https:\/\/aehm.es\/san-valentin-en-los-hoteles-de-madrid\/#breadcrumb","itemListElement":[{"@type":"ListItem","position":1,"name":"Portada","item":"https:\/\/aehm.es\/en\/"},{"@type":"ListItem","position":2,"name":"San Valent\u00edn en los hoteles de Madrid"}]},{"@type":"WebSite","@id":"https:\/\/aehm.es\/#website","url":"https:\/\/aehm.es\/","name":"Asociaci\u00f3n Empresarial Hotelera de Madrid","description":"La Asociaci\u00f3n Empresarial Hotelera Madrid est\u00e1 formada por m\u00e1s de 300 establecimientos de todas las categor\u00edas y tipolog\u00edas (hoteles, hostales, hostels, apartamentos\u2026) que suman m\u00e1s de 75.000 plazas de alojamiento.","publisher":{"@id":"https:\/\/aehm.es\/#organization"},"alternateName":"AEHM","potentialAction":[{"@type":"SearchAction","target":{"@type":"EntryPoint","urlTemplate":"https:\/\/aehm.es\/?s={search_term_string}"},"query-input":{"@type":"PropertyValueSpecification","valueRequired":true,"valueName":"search_term_string"}}],"inLanguage":"en-US"},{"@type":"Organization","@id":"https:\/\/aehm.es\/#organization","name":"Asociaci\u00f3n Empresarial Hotelera de Madrid","url":"https:\/\/aehm.es\/","logo":{"@type":"ImageObject","inLanguage":"en-US","@id":"https:\/\/aehm.es\/#\/schema\/logo\/image\/","url":"https:\/\/aehm.es\/wp-content\/uploads\/2021\/11\/Logo_AEHM_Horiz.png","contentUrl":"https:\/\/aehm.es\/wp-content\/uploads\/2021\/11\/Logo_AEHM_Horiz.png","width":600,"height":182,"caption":"Asociaci\u00f3n Empresarial Hotelera de Madrid"},"image":{"@id":"https:\/\/aehm.es\/#\/schema\/logo\/image\/"},"sameAs":["https:\/\/www.instagram.com\/hotelesdemadrid\/","https:\/\/x.com\/HotelesAEHM","https:\/\/www.linkedin.com\/company\/11166072\/"]},{"@type":"Person","@id":"https:\/\/aehm.es\/#\/schema\/person\/60c7fea5d55536f98119963377461ad7","name":"Daniel","image":{"@type":"ImageObject","inLanguage":"en-US","@id":"https:\/\/secure.gravatar.com\/avatar\/0dfa18ec31ea113dd108a1bc201fd87f32db5c9472715e667fe4ec16906239d0?s=96&d=mm&r=g","url":"https:\/\/secure.gravatar.com\/avatar\/0dfa18ec31ea113dd108a1bc201fd87f32db5c9472715e667fe4ec16906239d0?s=96&d=mm&r=g","contentUrl":"https:\/\/secure.gravatar.com\/avatar\/0dfa18ec31ea113dd108a1bc201fd87f32db5c9472715e667fe4ec16906239d0?s=96&d=mm&r=g","caption":"Daniel"},"url":"https:\/\/aehm.es\/en\/author\/daniel\/"}]}},"_links":{"self":[{"href":"https:\/\/aehm.es\/en\/wp-json\/wp\/v2\/posts\/13501","targetHints":{"allow":["GET"]}}],"collection":[{"href":"https:\/\/aehm.es\/en\/wp-json\/wp\/v2\/posts"}],"about":[{"href":"https:\/\/aehm.es\/en\/wp-json\/wp\/v2\/types\/post"}],"author":[{"embeddable":true,"href":"https:\/\/aehm.es\/en\/wp-json\/wp\/v2\/users\/15"}],"replies":[{"embeddable":true,"href":"https:\/\/aehm.es\/en\/wp-json\/wp\/v2\/comments?post=13501"}],"version-history":[{"count":0,"href":"https:\/\/aehm.es\/en\/wp-json\/wp\/v2\/posts\/13501\/revisions"}],"wp:featuredmedia":[{"embeddable":true,"href":"https:\/\/aehm.es\/en\/wp-json\/wp\/v2\/media\/13502"}],"wp:attachment":[{"href":"https:\/\/aehm.es\/en\/wp-json\/wp\/v2\/media?parent=13501"}],"wp:term":[{"taxonomy":"category","embeddable":true,"href":"https:\/\/aehm.es\/en\/wp-json\/wp\/v2\/categories?post=13501"},{"taxonomy":"post_tag","embeddable":true,"href":"https:\/\/aehm.es\/en\/wp-json\/wp\/v2\/tags?post=13501"}],"curies":[{"name":"wp","href":"https:\/\/api.w.org\/{rel}","templated":true}]}}