{"id":13331,"date":"2022-01-20T15:35:24","date_gmt":"2022-01-20T15:35:24","guid":{"rendered":"https:\/\/aehm.es\/?p=13331"},"modified":"2022-01-20T16:08:36","modified_gmt":"2022-01-20T16:08:36","slug":"la-asociacion-empresarial-hotelera-de-madrid-presidira-a-los-miembros-afiliados-de-la-omt","status":"publish","type":"post","link":"https:\/\/aehm.es\/en\/la-asociacion-empresarial-hotelera-de-madrid-presidira-a-los-miembros-afiliados-de-la-omt\/","title":{"rendered":"La Asociaci\u00f3n Empresarial Hotelera de Madrid presidir\u00e1 a los Miembros Afiliados de la OMT"},"content":{"rendered":"<ul>\n<li><strong>Mar de Miguel, vicepresidenta ejecutiva de la AEHM, presidir\u00e1 durante los pr\u00f3ximos cuatro a\u00f1os los Miembros Afiliados de la OMT en representaci\u00f3n de la Asociaci\u00f3n.<\/strong><\/li>\n<\/ul>\n<p><strong>\u00a0<\/strong><\/p>\n<ul>\n<li><strong>La AEHM renov\u00f3 su permanencia en la Junta Directiva de los Miembros Afiliados el pasado diciembre y ha obtenido ahora la confianza de la mayor\u00eda de sus miembros.<\/strong><\/li>\n<\/ul>\n<p>&nbsp;<\/p>\n<p>Madrid, 20 de enero de 2022. &#8211; La <strong>vicepresidenta ejecutiva de la Asociaci\u00f3n Empresarial Hotelera de Madrid (AEHM), Mar de Miguel, ha sido elegida presidenta de la Junta Directiva de los Miembros Afiliados de la Organizaci\u00f3n Mundial del Turismo (OMT)<\/strong>, por un periodo de cuatro a\u00f1os, en representaci\u00f3n de la AEHM.<\/p>\n<p>La decisi\u00f3n se ha tomado en la <strong>55\u00aa Reuni\u00f3n de la Junta Directiva<\/strong> de los Miembros Afiliados, que ha tenido lugar durante el <strong>segundo d\u00eda de FITUR<\/strong>, donde tambi\u00e9n se han nombrado las dos Vicepresidencias, que han reca\u00eddo en <strong>el presidente de la C\u00e1mara Argentina de Turismo (CAT), Gustavo Hani; y el CEO de Chamelon Strategies, Jens Thraenhart.<\/strong><\/p>\n<p>La candidatura de <strong>Mar de Miguel<\/strong> ya super\u00f3 la elecci\u00f3n para la Junta Directiva el pasado diciembre.<\/p>\n<p>La AEHM entr\u00f3 a formar parte de la Junta Directiva de Miembros Afiliados de la OMT en el a\u00f1o 2019 con el <strong>reto de llevar a cabo estrategias del sector privado alineadas con los valores de esta organizaci\u00f3n y los Objetivos de Desarrollo Sostenible de Naciones Unidas<\/strong>, adem\u00e1s de trabajar de manera conjunta por desarrollar el sector e impulsar su crecimiento.<\/p>\n<p>La OMT est\u00e1 integrada por 159 Estados Miembros, 6 Miembros Asociados y m\u00e1s de 500 Miembros Afiliados que representan al sector privado, a instituciones de ense\u00f1anza, a asociaciones tur\u00edsticas y a autoridades locales de turismo. La Junta Directiva de Miembros Afiliados est\u00e1 formada por 22 entidades de 426, incluyendo las que ostentan la Presidencia y las dos Vicepresidencias.<\/p>\n<p><strong>Un turismo responsable, equilibrado y medioambientalmente sostenible<\/strong><\/p>\n<p>Tras su elecci\u00f3n, <strong>Mar de Miguel <\/strong>declar\u00f3 que \u201cestar al frente de la presidencia es un nuevo reto y una gran responsabilidad, adem\u00e1s de todo <strong>un honor al poder seguir contribuyendo a mejorar la sociedad a trav\u00e9s de un turismo<\/strong> responsable, equilibrado y medioambientalmente sostenible\u201d. De Miguel tambi\u00e9n puso en valor el trabajo de la hasta ahora presidenta, <strong>Ana Larra\u00f1aga<\/strong>, as\u00ed como del director de los Miembros Afiliados, <strong>Ion Vilcu<\/strong>: \u201chemos <strong>superado dos a\u00f1os realmente dif\u00edciles,<\/strong> pero tambi\u00e9n hemos podido demostrar al mundo el verdadero papel estrat\u00e9gico que el turismo tiene para la econom\u00eda y el desarrollo. Los Miembros Afiliados, con Ana Larra\u00f1aga e Ion Vilcu a la cabeza, han ayudado a liderar la gesti\u00f3n de esta crisis y su recuperaci\u00f3n. <strong>Sin duda, han estado m\u00e1s que a la altura de las circunstancias<\/strong>\u201d.<\/p>\n<p>Entre los objetivos del nuevo cargo, Mar de Miguel ser\u00e1 la encargada de alinear las estrategias <strong>d<\/strong><strong>el sector p\u00fablico y privado, adem\u00e1s de fortalecer los canales de comunicaci\u00f3n entre la empresa y las administraciones p\u00fablicas, generar nuevos espacios de dialogo y promover acuerdos y proyectos que configuren el futuro del turismo a nivel mundial<\/strong>.<\/p>\n<p>\u201cDebemos trabajar unidos para asegurar una verdadera recuperaci\u00f3n a nivel mundial. <strong>Se ha evidenciado el papel que tiene el Turismo como uno de los principales motores de cambio, innovaci\u00f3n y bienestar a nivel global<\/strong>\u201d, declar\u00f3 Mar tras su elecci\u00f3n. \u201cEntender nuestras diferencias nos ha ayudado a encontrar nuestras verdaderas fortalezas, <strong>ayudando a seguir en el camino de la recuperaci\u00f3n a aquellas regiones que puedan estar encontrando mayores dificultades<\/strong> y asegurando una verdadera consolidaci\u00f3n del modelo de calidad tur\u00edstica\u201d.<\/p>\n<p>Seg\u00fan se ha expuesto a lo largo de la jornada, el nuevo equipo trabajar\u00e1 en los pr\u00f3ximos meses en un <strong>nuevo plan de trabajo que guiar\u00e1 a la Presidencia los pr\u00f3ximos cuatro a\u00f1os<\/strong>.<\/p>\n<p><strong>Miembros Afiliados <\/strong>es una <strong>plataforma internacional<\/strong> formada por m\u00e1s de 400 empresas, instituciones educativas y de investigaci\u00f3n, destinos y ONG, que ofrece un espacio para que los miembros compartan informaci\u00f3n y tomen medidas conjuntas. Su principal misi\u00f3n es <strong>fomentar las sinergias<\/strong> entre los Miembros Afiliados y los Estados Miembros y promover el <strong>intercambio de conocimientos<\/strong> para contribuir a la promoci\u00f3n de los Objetivos de Desarrollo Sostenible de las Naciones Unidas.<\/p>\n","protected":false},"excerpt":{"rendered":"<p>Mar de Miguel, vicepresidenta ejecutiva de la AEHM, presidir\u00e1 durante los pr\u00f3ximos cuatro a\u00f1os los Miembros Afiliados de la OMT en representaci\u00f3n de la Asociaci\u00f3n. \u00a0 La AEHM renov\u00f3 su permanencia en la Junta Directiva de los Miembros Afiliados el pasado diciembre y ha obtenido ahora la confianza de la mayor\u00eda de sus miembros. &nbsp; [&hellip;]<\/p>\n","protected":false},"author":15,"featured_media":13332,"comment_status":"open","ping_status":"open","sticky":false,"template":"","format":"standard","meta":{"footnotes":""},"categories":[1],"tags":[138],"class_list":["post-13331","post","type-post","status-publish","format-standard","has-post-thumbnail","hentry","category-actualidad-aehm","tag-fitur-2022"],"yoast_head":"<!-- This site is optimized with the Yoast SEO plugin v27.5 - https:\/\/yoast.com\/product\/yoast-seo-wordpress\/ -->\n<title>La Asociaci\u00f3n Empresarial Hotelera de Madrid presidir\u00e1 a los Miembros Afiliados de la OMT - AEHM<\/title>\n<meta name=\"description\" content=\"Mar de Miguel, vicepresidenta ejecutiva de la AEHM, presidir\u00e1 durante los pr\u00f3ximos cuatro a\u00f1os los Miembros Afiliados de la OMT en representaci\u00f3n de la Asociaci\u00f3n.\" \/>\n<meta name=\"robots\" content=\"index, follow, max-snippet:-1, max-image-preview:large, max-video-preview:-1\" \/>\n<link rel=\"canonical\" href=\"https:\/\/aehm.es\/la-asociacion-empresarial-hotelera-de-madrid-presidira-a-los-miembros-afiliados-de-la-omt\/\" \/>\n<meta property=\"og:locale\" content=\"en_US\" \/>\n<meta property=\"og:type\" content=\"article\" \/>\n<meta property=\"og:title\" content=\"La Asociaci\u00f3n Empresarial Hotelera de Madrid presidir\u00e1 a los Miembros Afiliados de la OMT\" \/>\n<meta property=\"og:description\" content=\"Mar de Miguel, vicepresidenta ejecutiva de la AEHM, presidir\u00e1 durante los pr\u00f3ximos cuatro a\u00f1os los Miembros Afiliados de la OMT en representaci\u00f3n de la Asociaci\u00f3n.\" \/>\n<meta property=\"og:url\" content=\"https:\/\/aehm.es\/la-asociacion-empresarial-hotelera-de-madrid-presidira-a-los-miembros-afiliados-de-la-omt\/\" \/>\n<meta property=\"og:site_name\" content=\"AEHM\" \/>\n<meta property=\"article:publisher\" content=\"https:\/\/www.instagram.com\/hotelesdemadrid\/\" \/>\n<meta property=\"article:published_time\" content=\"2022-01-20T15:35:24+00:00\" \/>\n<meta property=\"article:modified_time\" content=\"2022-01-20T16:08:36+00:00\" \/>\n<meta property=\"og:image\" content=\"https:\/\/aehm.es\/wp-content\/uploads\/2022\/01\/Imagen-destacada-AEHM_MIVC-6.jpg\" \/>\n\t<meta property=\"og:image:width\" content=\"1600\" \/>\n\t<meta property=\"og:image:height\" content=\"900\" \/>\n\t<meta property=\"og:image:type\" content=\"image\/jpeg\" \/>\n<meta name=\"author\" content=\"Daniel\" \/>\n<meta name=\"twitter:card\" content=\"summary_large_image\" \/>\n<meta name=\"twitter:title\" content=\"La Asociaci\u00f3n Empresarial Hotelera de Madrid presidir\u00e1 a los Miembros Afiliados de la OMT\" \/>\n<meta name=\"twitter:description\" content=\"Mar de Miguel, vicepresidenta ejecutiva de la AEHM, presidir\u00e1 durante los pr\u00f3ximos cuatro a\u00f1os los Miembros Afiliados de la OMT en representaci\u00f3n de la Asociaci\u00f3n.\" \/>\n<meta name=\"twitter:image\" content=\"https:\/\/aehm.es\/wp-content\/uploads\/2022\/01\/Imagen-destacada-AEHM_MIVC-6.jpg\" \/>\n<meta name=\"twitter:creator\" content=\"@HotelesAEHM\" \/>\n<meta name=\"twitter:site\" content=\"@HotelesAEHM\" \/>\n<meta name=\"twitter:label1\" content=\"Written by\" \/>\n\t<meta name=\"twitter:data1\" content=\"Daniel\" \/>\n\t<meta name=\"twitter:label2\" content=\"Est. reading time\" \/>\n\t<meta name=\"twitter:data2\" content=\"4 minutes\" \/>\n<script type=\"application\/ld+json\" class=\"yoast-schema-graph\">{\"@context\":\"https:\\\/\\\/schema.org\",\"@graph\":[{\"@type\":\"Article\",\"@id\":\"https:\\\/\\\/aehm.es\\\/la-asociacion-empresarial-hotelera-de-madrid-presidira-a-los-miembros-afiliados-de-la-omt\\\/#article\",\"isPartOf\":{\"@id\":\"https:\\\/\\\/aehm.es\\\/la-asociacion-empresarial-hotelera-de-madrid-presidira-a-los-miembros-afiliados-de-la-omt\\\/\"},\"author\":{\"name\":\"Daniel\",\"@id\":\"https:\\\/\\\/aehm.es\\\/#\\\/schema\\\/person\\\/60c7fea5d55536f98119963377461ad7\"},\"headline\":\"La Asociaci\u00f3n Empresarial Hotelera de Madrid presidir\u00e1 a los Miembros Afiliados de la OMT\",\"datePublished\":\"2022-01-20T15:35:24+00:00\",\"dateModified\":\"2022-01-20T16:08:36+00:00\",\"mainEntityOfPage\":{\"@id\":\"https:\\\/\\\/aehm.es\\\/la-asociacion-empresarial-hotelera-de-madrid-presidira-a-los-miembros-afiliados-de-la-omt\\\/\"},\"wordCount\":735,\"commentCount\":0,\"publisher\":{\"@id\":\"https:\\\/\\\/aehm.es\\\/#organization\"},\"image\":{\"@id\":\"https:\\\/\\\/aehm.es\\\/la-asociacion-empresarial-hotelera-de-madrid-presidira-a-los-miembros-afiliados-de-la-omt\\\/#primaryimage\"},\"thumbnailUrl\":\"https:\\\/\\\/aehm.es\\\/wp-content\\\/uploads\\\/2022\\\/01\\\/Presidencia-de-la-Junta-de-los-Miembros-Afiliados-de-la-OMT-II.jpg\",\"keywords\":[\"Fitur 2022\"],\"articleSection\":[\"Actualidad AEHM\"],\"inLanguage\":\"en-US\",\"potentialAction\":[{\"@type\":\"CommentAction\",\"name\":\"Comment\",\"target\":[\"https:\\\/\\\/aehm.es\\\/la-asociacion-empresarial-hotelera-de-madrid-presidira-a-los-miembros-afiliados-de-la-omt\\\/#respond\"]}]},{\"@type\":\"WebPage\",\"@id\":\"https:\\\/\\\/aehm.es\\\/la-asociacion-empresarial-hotelera-de-madrid-presidira-a-los-miembros-afiliados-de-la-omt\\\/\",\"url\":\"https:\\\/\\\/aehm.es\\\/la-asociacion-empresarial-hotelera-de-madrid-presidira-a-los-miembros-afiliados-de-la-omt\\\/\",\"name\":\"La Asociaci\u00f3n Empresarial Hotelera de Madrid presidir\u00e1 a los Miembros Afiliados de la OMT - AEHM\",\"isPartOf\":{\"@id\":\"https:\\\/\\\/aehm.es\\\/#website\"},\"primaryImageOfPage\":{\"@id\":\"https:\\\/\\\/aehm.es\\\/la-asociacion-empresarial-hotelera-de-madrid-presidira-a-los-miembros-afiliados-de-la-omt\\\/#primaryimage\"},\"image\":{\"@id\":\"https:\\\/\\\/aehm.es\\\/la-asociacion-empresarial-hotelera-de-madrid-presidira-a-los-miembros-afiliados-de-la-omt\\\/#primaryimage\"},\"thumbnailUrl\":\"https:\\\/\\\/aehm.es\\\/wp-content\\\/uploads\\\/2022\\\/01\\\/Presidencia-de-la-Junta-de-los-Miembros-Afiliados-de-la-OMT-II.jpg\",\"datePublished\":\"2022-01-20T15:35:24+00:00\",\"dateModified\":\"2022-01-20T16:08:36+00:00\",\"description\":\"Mar de Miguel, vicepresidenta ejecutiva de la AEHM, presidir\u00e1 durante los pr\u00f3ximos cuatro a\u00f1os los Miembros Afiliados de la OMT en representaci\u00f3n de la Asociaci\u00f3n.\",\"breadcrumb\":{\"@id\":\"https:\\\/\\\/aehm.es\\\/la-asociacion-empresarial-hotelera-de-madrid-presidira-a-los-miembros-afiliados-de-la-omt\\\/#breadcrumb\"},\"inLanguage\":\"en-US\",\"potentialAction\":[{\"@type\":\"ReadAction\",\"target\":[\"https:\\\/\\\/aehm.es\\\/la-asociacion-empresarial-hotelera-de-madrid-presidira-a-los-miembros-afiliados-de-la-omt\\\/\"]}]},{\"@type\":\"ImageObject\",\"inLanguage\":\"en-US\",\"@id\":\"https:\\\/\\\/aehm.es\\\/la-asociacion-empresarial-hotelera-de-madrid-presidira-a-los-miembros-afiliados-de-la-omt\\\/#primaryimage\",\"url\":\"https:\\\/\\\/aehm.es\\\/wp-content\\\/uploads\\\/2022\\\/01\\\/Presidencia-de-la-Junta-de-los-Miembros-Afiliados-de-la-OMT-II.jpg\",\"contentUrl\":\"https:\\\/\\\/aehm.es\\\/wp-content\\\/uploads\\\/2022\\\/01\\\/Presidencia-de-la-Junta-de-los-Miembros-Afiliados-de-la-OMT-II.jpg\",\"width\":1024,\"height\":768},{\"@type\":\"BreadcrumbList\",\"@id\":\"https:\\\/\\\/aehm.es\\\/la-asociacion-empresarial-hotelera-de-madrid-presidira-a-los-miembros-afiliados-de-la-omt\\\/#breadcrumb\",\"itemListElement\":[{\"@type\":\"ListItem\",\"position\":1,\"name\":\"Portada\",\"item\":\"https:\\\/\\\/aehm.es\\\/en\\\/\"},{\"@type\":\"ListItem\",\"position\":2,\"name\":\"La Asociaci\u00f3n Empresarial Hotelera de Madrid presidir\u00e1 a los Miembros Afiliados de la OMT\"}]},{\"@type\":\"WebSite\",\"@id\":\"https:\\\/\\\/aehm.es\\\/#website\",\"url\":\"https:\\\/\\\/aehm.es\\\/\",\"name\":\"Asociaci\u00f3n Empresarial Hotelera de Madrid\",\"description\":\"La Asociaci\u00f3n Empresarial Hotelera Madrid est\u00e1 formada por m\u00e1s de 300 establecimientos de todas las categor\u00edas y tipolog\u00edas (hoteles, hostales, hostels, apartamentos\u2026) que suman m\u00e1s de 75.000 plazas de alojamiento.\",\"publisher\":{\"@id\":\"https:\\\/\\\/aehm.es\\\/#organization\"},\"alternateName\":\"AEHM\",\"potentialAction\":[{\"@type\":\"SearchAction\",\"target\":{\"@type\":\"EntryPoint\",\"urlTemplate\":\"https:\\\/\\\/aehm.es\\\/?s={search_term_string}\"},\"query-input\":{\"@type\":\"PropertyValueSpecification\",\"valueRequired\":true,\"valueName\":\"search_term_string\"}}],\"inLanguage\":\"en-US\"},{\"@type\":\"Organization\",\"@id\":\"https:\\\/\\\/aehm.es\\\/#organization\",\"name\":\"Asociaci\u00f3n Empresarial Hotelera de Madrid\",\"url\":\"https:\\\/\\\/aehm.es\\\/\",\"logo\":{\"@type\":\"ImageObject\",\"inLanguage\":\"en-US\",\"@id\":\"https:\\\/\\\/aehm.es\\\/#\\\/schema\\\/logo\\\/image\\\/\",\"url\":\"https:\\\/\\\/aehm.es\\\/wp-content\\\/uploads\\\/2021\\\/11\\\/Logo_AEHM_Horiz.png\",\"contentUrl\":\"https:\\\/\\\/aehm.es\\\/wp-content\\\/uploads\\\/2021\\\/11\\\/Logo_AEHM_Horiz.png\",\"width\":600,\"height\":182,\"caption\":\"Asociaci\u00f3n Empresarial Hotelera de Madrid\"},\"image\":{\"@id\":\"https:\\\/\\\/aehm.es\\\/#\\\/schema\\\/logo\\\/image\\\/\"},\"sameAs\":[\"https:\\\/\\\/www.instagram.com\\\/hotelesdemadrid\\\/\",\"https:\\\/\\\/x.com\\\/HotelesAEHM\",\"https:\\\/\\\/www.linkedin.com\\\/company\\\/11166072\\\/\"]},{\"@type\":\"Person\",\"@id\":\"https:\\\/\\\/aehm.es\\\/#\\\/schema\\\/person\\\/60c7fea5d55536f98119963377461ad7\",\"name\":\"Daniel\",\"image\":{\"@type\":\"ImageObject\",\"inLanguage\":\"en-US\",\"@id\":\"https:\\\/\\\/secure.gravatar.com\\\/avatar\\\/0dfa18ec31ea113dd108a1bc201fd87f32db5c9472715e667fe4ec16906239d0?s=96&d=mm&r=g\",\"url\":\"https:\\\/\\\/secure.gravatar.com\\\/avatar\\\/0dfa18ec31ea113dd108a1bc201fd87f32db5c9472715e667fe4ec16906239d0?s=96&d=mm&r=g\",\"contentUrl\":\"https:\\\/\\\/secure.gravatar.com\\\/avatar\\\/0dfa18ec31ea113dd108a1bc201fd87f32db5c9472715e667fe4ec16906239d0?s=96&d=mm&r=g\",\"caption\":\"Daniel\"},\"url\":\"https:\\\/\\\/aehm.es\\\/en\\\/author\\\/daniel\\\/\"}]}<\/script>\n<!-- \/ Yoast SEO plugin. -->","yoast_head_json":{"title":"La Asociaci\u00f3n Empresarial Hotelera de Madrid presidir\u00e1 a los Miembros Afiliados de la OMT - AEHM","description":"Mar de Miguel, vicepresidenta ejecutiva de la AEHM, presidir\u00e1 durante los pr\u00f3ximos cuatro a\u00f1os los Miembros Afiliados de la OMT en representaci\u00f3n de la Asociaci\u00f3n.","robots":{"index":"index","follow":"follow","max-snippet":"max-snippet:-1","max-image-preview":"max-image-preview:large","max-video-preview":"max-video-preview:-1"},"canonical":"https:\/\/aehm.es\/la-asociacion-empresarial-hotelera-de-madrid-presidira-a-los-miembros-afiliados-de-la-omt\/","og_locale":"en_US","og_type":"article","og_title":"La Asociaci\u00f3n Empresarial Hotelera de Madrid presidir\u00e1 a los Miembros Afiliados de la OMT","og_description":"Mar de Miguel, vicepresidenta ejecutiva de la AEHM, presidir\u00e1 durante los pr\u00f3ximos cuatro a\u00f1os los Miembros Afiliados de la OMT en representaci\u00f3n de la Asociaci\u00f3n.","og_url":"https:\/\/aehm.es\/la-asociacion-empresarial-hotelera-de-madrid-presidira-a-los-miembros-afiliados-de-la-omt\/","og_site_name":"AEHM","article_publisher":"https:\/\/www.instagram.com\/hotelesdemadrid\/","article_published_time":"2022-01-20T15:35:24+00:00","article_modified_time":"2022-01-20T16:08:36+00:00","og_image":[{"width":1600,"height":900,"url":"https:\/\/aehm.es\/wp-content\/uploads\/2022\/01\/Imagen-destacada-AEHM_MIVC-6.jpg","type":"image\/jpeg"}],"author":"Daniel","twitter_card":"summary_large_image","twitter_title":"La Asociaci\u00f3n Empresarial Hotelera de Madrid presidir\u00e1 a los Miembros Afiliados de la OMT","twitter_description":"Mar de Miguel, vicepresidenta ejecutiva de la AEHM, presidir\u00e1 durante los pr\u00f3ximos cuatro a\u00f1os los Miembros Afiliados de la OMT en representaci\u00f3n de la Asociaci\u00f3n.","twitter_image":"https:\/\/aehm.es\/wp-content\/uploads\/2022\/01\/Imagen-destacada-AEHM_MIVC-6.jpg","twitter_creator":"@HotelesAEHM","twitter_site":"@HotelesAEHM","twitter_misc":{"Written by":"Daniel","Est. reading time":"4 minutes"},"schema":{"@context":"https:\/\/schema.org","@graph":[{"@type":"Article","@id":"https:\/\/aehm.es\/la-asociacion-empresarial-hotelera-de-madrid-presidira-a-los-miembros-afiliados-de-la-omt\/#article","isPartOf":{"@id":"https:\/\/aehm.es\/la-asociacion-empresarial-hotelera-de-madrid-presidira-a-los-miembros-afiliados-de-la-omt\/"},"author":{"name":"Daniel","@id":"https:\/\/aehm.es\/#\/schema\/person\/60c7fea5d55536f98119963377461ad7"},"headline":"La Asociaci\u00f3n Empresarial Hotelera de Madrid presidir\u00e1 a los Miembros Afiliados de la OMT","datePublished":"2022-01-20T15:35:24+00:00","dateModified":"2022-01-20T16:08:36+00:00","mainEntityOfPage":{"@id":"https:\/\/aehm.es\/la-asociacion-empresarial-hotelera-de-madrid-presidira-a-los-miembros-afiliados-de-la-omt\/"},"wordCount":735,"commentCount":0,"publisher":{"@id":"https:\/\/aehm.es\/#organization"},"image":{"@id":"https:\/\/aehm.es\/la-asociacion-empresarial-hotelera-de-madrid-presidira-a-los-miembros-afiliados-de-la-omt\/#primaryimage"},"thumbnailUrl":"https:\/\/aehm.es\/wp-content\/uploads\/2022\/01\/Presidencia-de-la-Junta-de-los-Miembros-Afiliados-de-la-OMT-II.jpg","keywords":["Fitur 2022"],"articleSection":["Actualidad AEHM"],"inLanguage":"en-US","potentialAction":[{"@type":"CommentAction","name":"Comment","target":["https:\/\/aehm.es\/la-asociacion-empresarial-hotelera-de-madrid-presidira-a-los-miembros-afiliados-de-la-omt\/#respond"]}]},{"@type":"WebPage","@id":"https:\/\/aehm.es\/la-asociacion-empresarial-hotelera-de-madrid-presidira-a-los-miembros-afiliados-de-la-omt\/","url":"https:\/\/aehm.es\/la-asociacion-empresarial-hotelera-de-madrid-presidira-a-los-miembros-afiliados-de-la-omt\/","name":"La Asociaci\u00f3n Empresarial Hotelera de Madrid presidir\u00e1 a los Miembros Afiliados de la OMT - AEHM","isPartOf":{"@id":"https:\/\/aehm.es\/#website"},"primaryImageOfPage":{"@id":"https:\/\/aehm.es\/la-asociacion-empresarial-hotelera-de-madrid-presidira-a-los-miembros-afiliados-de-la-omt\/#primaryimage"},"image":{"@id":"https:\/\/aehm.es\/la-asociacion-empresarial-hotelera-de-madrid-presidira-a-los-miembros-afiliados-de-la-omt\/#primaryimage"},"thumbnailUrl":"https:\/\/aehm.es\/wp-content\/uploads\/2022\/01\/Presidencia-de-la-Junta-de-los-Miembros-Afiliados-de-la-OMT-II.jpg","datePublished":"2022-01-20T15:35:24+00:00","dateModified":"2022-01-20T16:08:36+00:00","description":"Mar de Miguel, vicepresidenta ejecutiva de la AEHM, presidir\u00e1 durante los pr\u00f3ximos cuatro a\u00f1os los Miembros Afiliados de la OMT en representaci\u00f3n de la Asociaci\u00f3n.","breadcrumb":{"@id":"https:\/\/aehm.es\/la-asociacion-empresarial-hotelera-de-madrid-presidira-a-los-miembros-afiliados-de-la-omt\/#breadcrumb"},"inLanguage":"en-US","potentialAction":[{"@type":"ReadAction","target":["https:\/\/aehm.es\/la-asociacion-empresarial-hotelera-de-madrid-presidira-a-los-miembros-afiliados-de-la-omt\/"]}]},{"@type":"ImageObject","inLanguage":"en-US","@id":"https:\/\/aehm.es\/la-asociacion-empresarial-hotelera-de-madrid-presidira-a-los-miembros-afiliados-de-la-omt\/#primaryimage","url":"https:\/\/aehm.es\/wp-content\/uploads\/2022\/01\/Presidencia-de-la-Junta-de-los-Miembros-Afiliados-de-la-OMT-II.jpg","contentUrl":"https:\/\/aehm.es\/wp-content\/uploads\/2022\/01\/Presidencia-de-la-Junta-de-los-Miembros-Afiliados-de-la-OMT-II.jpg","width":1024,"height":768},{"@type":"BreadcrumbList","@id":"https:\/\/aehm.es\/la-asociacion-empresarial-hotelera-de-madrid-presidira-a-los-miembros-afiliados-de-la-omt\/#breadcrumb","itemListElement":[{"@type":"ListItem","position":1,"name":"Portada","item":"https:\/\/aehm.es\/en\/"},{"@type":"ListItem","position":2,"name":"La Asociaci\u00f3n Empresarial Hotelera de Madrid presidir\u00e1 a los Miembros Afiliados de la OMT"}]},{"@type":"WebSite","@id":"https:\/\/aehm.es\/#website","url":"https:\/\/aehm.es\/","name":"Asociaci\u00f3n Empresarial Hotelera de Madrid","description":"La Asociaci\u00f3n Empresarial Hotelera Madrid est\u00e1 formada por m\u00e1s de 300 establecimientos de todas las categor\u00edas y tipolog\u00edas (hoteles, hostales, hostels, apartamentos\u2026) que suman m\u00e1s de 75.000 plazas de alojamiento.","publisher":{"@id":"https:\/\/aehm.es\/#organization"},"alternateName":"AEHM","potentialAction":[{"@type":"SearchAction","target":{"@type":"EntryPoint","urlTemplate":"https:\/\/aehm.es\/?s={search_term_string}"},"query-input":{"@type":"PropertyValueSpecification","valueRequired":true,"valueName":"search_term_string"}}],"inLanguage":"en-US"},{"@type":"Organization","@id":"https:\/\/aehm.es\/#organization","name":"Asociaci\u00f3n Empresarial Hotelera de Madrid","url":"https:\/\/aehm.es\/","logo":{"@type":"ImageObject","inLanguage":"en-US","@id":"https:\/\/aehm.es\/#\/schema\/logo\/image\/","url":"https:\/\/aehm.es\/wp-content\/uploads\/2021\/11\/Logo_AEHM_Horiz.png","contentUrl":"https:\/\/aehm.es\/wp-content\/uploads\/2021\/11\/Logo_AEHM_Horiz.png","width":600,"height":182,"caption":"Asociaci\u00f3n Empresarial Hotelera de Madrid"},"image":{"@id":"https:\/\/aehm.es\/#\/schema\/logo\/image\/"},"sameAs":["https:\/\/www.instagram.com\/hotelesdemadrid\/","https:\/\/x.com\/HotelesAEHM","https:\/\/www.linkedin.com\/company\/11166072\/"]},{"@type":"Person","@id":"https:\/\/aehm.es\/#\/schema\/person\/60c7fea5d55536f98119963377461ad7","name":"Daniel","image":{"@type":"ImageObject","inLanguage":"en-US","@id":"https:\/\/secure.gravatar.com\/avatar\/0dfa18ec31ea113dd108a1bc201fd87f32db5c9472715e667fe4ec16906239d0?s=96&d=mm&r=g","url":"https:\/\/secure.gravatar.com\/avatar\/0dfa18ec31ea113dd108a1bc201fd87f32db5c9472715e667fe4ec16906239d0?s=96&d=mm&r=g","contentUrl":"https:\/\/secure.gravatar.com\/avatar\/0dfa18ec31ea113dd108a1bc201fd87f32db5c9472715e667fe4ec16906239d0?s=96&d=mm&r=g","caption":"Daniel"},"url":"https:\/\/aehm.es\/en\/author\/daniel\/"}]}},"_links":{"self":[{"href":"https:\/\/aehm.es\/en\/wp-json\/wp\/v2\/posts\/13331","targetHints":{"allow":["GET"]}}],"collection":[{"href":"https:\/\/aehm.es\/en\/wp-json\/wp\/v2\/posts"}],"about":[{"href":"https:\/\/aehm.es\/en\/wp-json\/wp\/v2\/types\/post"}],"author":[{"embeddable":true,"href":"https:\/\/aehm.es\/en\/wp-json\/wp\/v2\/users\/15"}],"replies":[{"embeddable":true,"href":"https:\/\/aehm.es\/en\/wp-json\/wp\/v2\/comments?post=13331"}],"version-history":[{"count":0,"href":"https:\/\/aehm.es\/en\/wp-json\/wp\/v2\/posts\/13331\/revisions"}],"wp:featuredmedia":[{"embeddable":true,"href":"https:\/\/aehm.es\/en\/wp-json\/wp\/v2\/media\/13332"}],"wp:attachment":[{"href":"https:\/\/aehm.es\/en\/wp-json\/wp\/v2\/media?parent=13331"}],"wp:term":[{"taxonomy":"category","embeddable":true,"href":"https:\/\/aehm.es\/en\/wp-json\/wp\/v2\/categories?post=13331"},{"taxonomy":"post_tag","embeddable":true,"href":"https:\/\/aehm.es\/en\/wp-json\/wp\/v2\/tags?post=13331"}],"curies":[{"name":"wp","href":"https:\/\/api.w.org\/{rel}","templated":true}]}}