{"id":11524,"date":"2015-02-02T16:49:57","date_gmt":"2015-02-02T16:49:57","guid":{"rendered":"http:\/\/www.aehm.es\/?p=492"},"modified":"2015-02-02T16:49:57","modified_gmt":"2015-02-02T16:49:57","slug":"la-asociacion-en-fitur-2015","status":"publish","type":"post","link":"https:\/\/aehm.es\/en\/la-asociacion-en-fitur-2015\/","title":{"rendered":"La Asociaci\u00f3n en FITUR 2015"},"content":{"rendered":"<p style=\"text-align: center;\"><strong>La AEHM ha estado presente un a\u00f1o m\u00e1s en FITUR. Ya son 35 ediciones represent\u00e1ndote.<\/strong><\/p>\n<p>Este a\u00f1o, gracias a la inestimable colaboraci\u00f3n de GLOBE, el Stand ha experimentado una importante transformaci\u00f3n ganando enormemente en calidad, lo que unido a su ubicaci\u00f3n, frente al de Globalia, nos ha permitido destacar en el Pabell\u00f3n 10 entre las principales empresas tur\u00edsticas espa\u00f1olas.<\/p>\n<p>Una vez m\u00e1s, los alumnos de la Escuela \u00c1BACO se encargaron de la atenci\u00f3n a nuestros visitantes con el apoyo el viernes 30 de camareros\/as alumnos de la Escuela de Hosteler\u00eda, coordinados por un camarero profesional proporcionado por SHERCO.<\/p>\n<p>El d\u00eda 30 ofrecimos el ya tradicional c\u00f3ctel en el que contamos, como siempre, con la presencia del Presidente de la Junta Rectora de IFEMA, Jos\u00e9 Mar\u00eda \u00c1lvarez del Manzano, y de numerosas personalidades del mundo empresarial encabezadas por los nuevos presidente y secretario general de CEIM, Juan Pablo L\u00e1zaro y Miguel Garrido respectivamente y los de nuestra Confederaci\u00f3n CEHAT, Joan Molas, Ram\u00f3n Estalella y Valent\u00edn Ugalde.<\/p>\n<p>Asimismo contamos con la presencia de Mar de Miguel, representando al Ayuntamiento de Madrid.<\/p>\n<p>Como siempre la asistencia de asociados, amigos y colaboradores, fue numeros\u00edsima pudiendo degustar los embutidos de HACIENDA MAR\u00cdA, los vinos de MARQU\u00c9S DE C\u00c1CERES y TORRES, la cerveza de MAHOU, el agua mineral de SOLAN DE CABRAS, el cava de FREIXENET y el caf\u00e9 de BAQU\u00c9. A todos ellos, en tu nombre, les hemos dado las gracias.<\/p>\n<p>Terminamos muy satisfechos de haber representado dignamente al hospedaje madrile\u00f1o y dispuestos para preparar desde este momento FITUR 2016.<\/p>\n","protected":false},"excerpt":{"rendered":"<p>La AEHM ha estado presente un a\u00f1o m\u00e1s en FITUR. Ya son 35 ediciones represent\u00e1ndote. Este a\u00f1o, gracias a la inestimable colaboraci\u00f3n de GLOBE, el Stand ha experimentado una importante transformaci\u00f3n ganando enormemente en calidad, lo que unido a su ubicaci\u00f3n, frente al de Globalia, nos ha permitido destacar en el Pabell\u00f3n 10 entre las [&hellip;]<\/p>\n","protected":false},"author":1,"featured_media":10193,"comment_status":"open","ping_status":"open","sticky":false,"template":"","format":"standard","meta":{"footnotes":""},"categories":[1],"tags":[],"class_list":["post-11524","post","type-post","status-publish","format-standard","has-post-thumbnail","hentry","category-actualidad-aehm"],"yoast_head":"<!-- This site is optimized with the Yoast SEO plugin v27.5 - https:\/\/yoast.com\/product\/yoast-seo-wordpress\/ -->\n<title>La Asociaci\u00f3n en FITUR 2015 - AEHM<\/title>\n<meta name=\"robots\" content=\"index, follow, max-snippet:-1, max-image-preview:large, max-video-preview:-1\" \/>\n<link rel=\"canonical\" href=\"https:\/\/aehm.es\/la-asociacion-en-fitur-2015\/\" \/>\n<meta property=\"og:locale\" content=\"en_US\" \/>\n<meta property=\"og:type\" content=\"article\" \/>\n<meta property=\"og:title\" content=\"La Asociaci\u00f3n en FITUR 2015 - AEHM\" \/>\n<meta property=\"og:description\" content=\"La AEHM ha estado presente un a\u00f1o m\u00e1s en FITUR. Ya son 35 ediciones represent\u00e1ndote. Este a\u00f1o, gracias a la inestimable colaboraci\u00f3n de GLOBE, el Stand ha experimentado una importante transformaci\u00f3n ganando enormemente en calidad, lo que unido a su ubicaci\u00f3n, frente al de Globalia, nos ha permitido destacar en el Pabell\u00f3n 10 entre las [&hellip;]\" \/>\n<meta property=\"og:url\" content=\"https:\/\/aehm.es\/la-asociacion-en-fitur-2015\/\" \/>\n<meta property=\"og:site_name\" content=\"AEHM\" \/>\n<meta property=\"article:publisher\" content=\"https:\/\/www.instagram.com\/hotelesdemadrid\/\" \/>\n<meta property=\"article:published_time\" content=\"2015-02-02T16:49:57+00:00\" \/>\n<meta property=\"og:image\" content=\"https:\/\/aehm.es\/wp-content\/uploads\/2017\/06\/La-AEHM-en-FITUR-2015-1.jpg\" \/>\n\t<meta property=\"og:image:width\" content=\"1700\" \/>\n\t<meta property=\"og:image:height\" content=\"843\" \/>\n\t<meta property=\"og:image:type\" content=\"image\/jpeg\" \/>\n<meta name=\"author\" content=\"richard\" \/>\n<meta name=\"twitter:card\" content=\"summary_large_image\" \/>\n<meta name=\"twitter:creator\" content=\"@HotelesAEHM\" \/>\n<meta name=\"twitter:site\" content=\"@HotelesAEHM\" \/>\n<meta name=\"twitter:label1\" content=\"Written by\" \/>\n\t<meta name=\"twitter:data1\" content=\"richard\" \/>\n\t<meta name=\"twitter:label2\" content=\"Est. reading time\" \/>\n\t<meta name=\"twitter:data2\" content=\"1 minute\" \/>\n<script type=\"application\/ld+json\" class=\"yoast-schema-graph\">{\"@context\":\"https:\\\/\\\/schema.org\",\"@graph\":[{\"@type\":\"Article\",\"@id\":\"https:\\\/\\\/aehm.es\\\/la-asociacion-en-fitur-2015\\\/#article\",\"isPartOf\":{\"@id\":\"https:\\\/\\\/aehm.es\\\/la-asociacion-en-fitur-2015\\\/\"},\"author\":{\"name\":\"richard\",\"@id\":\"https:\\\/\\\/aehm.es\\\/#\\\/schema\\\/person\\\/ca1397f4b0bcee246b58a0278b67a95f\"},\"headline\":\"La Asociaci\u00f3n en FITUR 2015\",\"datePublished\":\"2015-02-02T16:49:57+00:00\",\"mainEntityOfPage\":{\"@id\":\"https:\\\/\\\/aehm.es\\\/la-asociacion-en-fitur-2015\\\/\"},\"wordCount\":281,\"commentCount\":0,\"publisher\":{\"@id\":\"https:\\\/\\\/aehm.es\\\/#organization\"},\"image\":{\"@id\":\"https:\\\/\\\/aehm.es\\\/la-asociacion-en-fitur-2015\\\/#primaryimage\"},\"thumbnailUrl\":\"https:\\\/\\\/aehm.es\\\/wp-content\\\/uploads\\\/2017\\\/06\\\/La-AEHM-en-FITUR-2015-1.jpg\",\"articleSection\":[\"Actualidad AEHM\"],\"inLanguage\":\"en-US\",\"potentialAction\":[{\"@type\":\"CommentAction\",\"name\":\"Comment\",\"target\":[\"https:\\\/\\\/aehm.es\\\/la-asociacion-en-fitur-2015\\\/#respond\"]}]},{\"@type\":\"WebPage\",\"@id\":\"https:\\\/\\\/aehm.es\\\/la-asociacion-en-fitur-2015\\\/\",\"url\":\"https:\\\/\\\/aehm.es\\\/la-asociacion-en-fitur-2015\\\/\",\"name\":\"La Asociaci\u00f3n en FITUR 2015 - AEHM\",\"isPartOf\":{\"@id\":\"https:\\\/\\\/aehm.es\\\/#website\"},\"primaryImageOfPage\":{\"@id\":\"https:\\\/\\\/aehm.es\\\/la-asociacion-en-fitur-2015\\\/#primaryimage\"},\"image\":{\"@id\":\"https:\\\/\\\/aehm.es\\\/la-asociacion-en-fitur-2015\\\/#primaryimage\"},\"thumbnailUrl\":\"https:\\\/\\\/aehm.es\\\/wp-content\\\/uploads\\\/2017\\\/06\\\/La-AEHM-en-FITUR-2015-1.jpg\",\"datePublished\":\"2015-02-02T16:49:57+00:00\",\"breadcrumb\":{\"@id\":\"https:\\\/\\\/aehm.es\\\/la-asociacion-en-fitur-2015\\\/#breadcrumb\"},\"inLanguage\":\"en-US\",\"potentialAction\":[{\"@type\":\"ReadAction\",\"target\":[\"https:\\\/\\\/aehm.es\\\/la-asociacion-en-fitur-2015\\\/\"]}]},{\"@type\":\"ImageObject\",\"inLanguage\":\"en-US\",\"@id\":\"https:\\\/\\\/aehm.es\\\/la-asociacion-en-fitur-2015\\\/#primaryimage\",\"url\":\"https:\\\/\\\/aehm.es\\\/wp-content\\\/uploads\\\/2017\\\/06\\\/La-AEHM-en-FITUR-2015-1.jpg\",\"contentUrl\":\"https:\\\/\\\/aehm.es\\\/wp-content\\\/uploads\\\/2017\\\/06\\\/La-AEHM-en-FITUR-2015-1.jpg\",\"width\":1700,\"height\":843},{\"@type\":\"BreadcrumbList\",\"@id\":\"https:\\\/\\\/aehm.es\\\/la-asociacion-en-fitur-2015\\\/#breadcrumb\",\"itemListElement\":[{\"@type\":\"ListItem\",\"position\":1,\"name\":\"Portada\",\"item\":\"https:\\\/\\\/aehm.es\\\/en\\\/\"},{\"@type\":\"ListItem\",\"position\":2,\"name\":\"La Asociaci\u00f3n en FITUR 2015\"}]},{\"@type\":\"WebSite\",\"@id\":\"https:\\\/\\\/aehm.es\\\/#website\",\"url\":\"https:\\\/\\\/aehm.es\\\/\",\"name\":\"Asociaci\u00f3n Empresarial Hotelera de Madrid\",\"description\":\"La Asociaci\u00f3n Empresarial Hotelera Madrid est\u00e1 formada por m\u00e1s de 300 establecimientos de todas las categor\u00edas y tipolog\u00edas (hoteles, hostales, hostels, apartamentos\u2026) que suman m\u00e1s de 75.000 plazas de alojamiento.\",\"publisher\":{\"@id\":\"https:\\\/\\\/aehm.es\\\/#organization\"},\"alternateName\":\"AEHM\",\"potentialAction\":[{\"@type\":\"SearchAction\",\"target\":{\"@type\":\"EntryPoint\",\"urlTemplate\":\"https:\\\/\\\/aehm.es\\\/?s={search_term_string}\"},\"query-input\":{\"@type\":\"PropertyValueSpecification\",\"valueRequired\":true,\"valueName\":\"search_term_string\"}}],\"inLanguage\":\"en-US\"},{\"@type\":\"Organization\",\"@id\":\"https:\\\/\\\/aehm.es\\\/#organization\",\"name\":\"Asociaci\u00f3n Empresarial Hotelera de Madrid\",\"url\":\"https:\\\/\\\/aehm.es\\\/\",\"logo\":{\"@type\":\"ImageObject\",\"inLanguage\":\"en-US\",\"@id\":\"https:\\\/\\\/aehm.es\\\/#\\\/schema\\\/logo\\\/image\\\/\",\"url\":\"https:\\\/\\\/aehm.es\\\/wp-content\\\/uploads\\\/2021\\\/11\\\/Logo_AEHM_Horiz.png\",\"contentUrl\":\"https:\\\/\\\/aehm.es\\\/wp-content\\\/uploads\\\/2021\\\/11\\\/Logo_AEHM_Horiz.png\",\"width\":600,\"height\":182,\"caption\":\"Asociaci\u00f3n Empresarial Hotelera de Madrid\"},\"image\":{\"@id\":\"https:\\\/\\\/aehm.es\\\/#\\\/schema\\\/logo\\\/image\\\/\"},\"sameAs\":[\"https:\\\/\\\/www.instagram.com\\\/hotelesdemadrid\\\/\",\"https:\\\/\\\/x.com\\\/HotelesAEHM\",\"https:\\\/\\\/www.linkedin.com\\\/company\\\/11166072\\\/\"]},{\"@type\":\"Person\",\"@id\":\"https:\\\/\\\/aehm.es\\\/#\\\/schema\\\/person\\\/ca1397f4b0bcee246b58a0278b67a95f\",\"name\":\"richard\",\"image\":{\"@type\":\"ImageObject\",\"inLanguage\":\"en-US\",\"@id\":\"https:\\\/\\\/secure.gravatar.com\\\/avatar\\\/dd2486a811ecc34bf766b7d8b17d0ea76674186c415867af39660e429e20e1a0?s=96&d=mm&r=g\",\"url\":\"https:\\\/\\\/secure.gravatar.com\\\/avatar\\\/dd2486a811ecc34bf766b7d8b17d0ea76674186c415867af39660e429e20e1a0?s=96&d=mm&r=g\",\"contentUrl\":\"https:\\\/\\\/secure.gravatar.com\\\/avatar\\\/dd2486a811ecc34bf766b7d8b17d0ea76674186c415867af39660e429e20e1a0?s=96&d=mm&r=g\",\"caption\":\"richard\"},\"url\":\"https:\\\/\\\/aehm.es\\\/en\\\/author\\\/richard\\\/\"}]}<\/script>\n<!-- \/ Yoast SEO plugin. -->","yoast_head_json":{"title":"La Asociaci\u00f3n en FITUR 2015 - AEHM","robots":{"index":"index","follow":"follow","max-snippet":"max-snippet:-1","max-image-preview":"max-image-preview:large","max-video-preview":"max-video-preview:-1"},"canonical":"https:\/\/aehm.es\/la-asociacion-en-fitur-2015\/","og_locale":"en_US","og_type":"article","og_title":"La Asociaci\u00f3n en FITUR 2015 - AEHM","og_description":"La AEHM ha estado presente un a\u00f1o m\u00e1s en FITUR. Ya son 35 ediciones represent\u00e1ndote. Este a\u00f1o, gracias a la inestimable colaboraci\u00f3n de GLOBE, el Stand ha experimentado una importante transformaci\u00f3n ganando enormemente en calidad, lo que unido a su ubicaci\u00f3n, frente al de Globalia, nos ha permitido destacar en el Pabell\u00f3n 10 entre las [&hellip;]","og_url":"https:\/\/aehm.es\/la-asociacion-en-fitur-2015\/","og_site_name":"AEHM","article_publisher":"https:\/\/www.instagram.com\/hotelesdemadrid\/","article_published_time":"2015-02-02T16:49:57+00:00","og_image":[{"width":1700,"height":843,"url":"https:\/\/aehm.es\/wp-content\/uploads\/2017\/06\/La-AEHM-en-FITUR-2015-1.jpg","type":"image\/jpeg"}],"author":"richard","twitter_card":"summary_large_image","twitter_creator":"@HotelesAEHM","twitter_site":"@HotelesAEHM","twitter_misc":{"Written by":"richard","Est. reading time":"1 minute"},"schema":{"@context":"https:\/\/schema.org","@graph":[{"@type":"Article","@id":"https:\/\/aehm.es\/la-asociacion-en-fitur-2015\/#article","isPartOf":{"@id":"https:\/\/aehm.es\/la-asociacion-en-fitur-2015\/"},"author":{"name":"richard","@id":"https:\/\/aehm.es\/#\/schema\/person\/ca1397f4b0bcee246b58a0278b67a95f"},"headline":"La Asociaci\u00f3n en FITUR 2015","datePublished":"2015-02-02T16:49:57+00:00","mainEntityOfPage":{"@id":"https:\/\/aehm.es\/la-asociacion-en-fitur-2015\/"},"wordCount":281,"commentCount":0,"publisher":{"@id":"https:\/\/aehm.es\/#organization"},"image":{"@id":"https:\/\/aehm.es\/la-asociacion-en-fitur-2015\/#primaryimage"},"thumbnailUrl":"https:\/\/aehm.es\/wp-content\/uploads\/2017\/06\/La-AEHM-en-FITUR-2015-1.jpg","articleSection":["Actualidad AEHM"],"inLanguage":"en-US","potentialAction":[{"@type":"CommentAction","name":"Comment","target":["https:\/\/aehm.es\/la-asociacion-en-fitur-2015\/#respond"]}]},{"@type":"WebPage","@id":"https:\/\/aehm.es\/la-asociacion-en-fitur-2015\/","url":"https:\/\/aehm.es\/la-asociacion-en-fitur-2015\/","name":"La Asociaci\u00f3n en FITUR 2015 - AEHM","isPartOf":{"@id":"https:\/\/aehm.es\/#website"},"primaryImageOfPage":{"@id":"https:\/\/aehm.es\/la-asociacion-en-fitur-2015\/#primaryimage"},"image":{"@id":"https:\/\/aehm.es\/la-asociacion-en-fitur-2015\/#primaryimage"},"thumbnailUrl":"https:\/\/aehm.es\/wp-content\/uploads\/2017\/06\/La-AEHM-en-FITUR-2015-1.jpg","datePublished":"2015-02-02T16:49:57+00:00","breadcrumb":{"@id":"https:\/\/aehm.es\/la-asociacion-en-fitur-2015\/#breadcrumb"},"inLanguage":"en-US","potentialAction":[{"@type":"ReadAction","target":["https:\/\/aehm.es\/la-asociacion-en-fitur-2015\/"]}]},{"@type":"ImageObject","inLanguage":"en-US","@id":"https:\/\/aehm.es\/la-asociacion-en-fitur-2015\/#primaryimage","url":"https:\/\/aehm.es\/wp-content\/uploads\/2017\/06\/La-AEHM-en-FITUR-2015-1.jpg","contentUrl":"https:\/\/aehm.es\/wp-content\/uploads\/2017\/06\/La-AEHM-en-FITUR-2015-1.jpg","width":1700,"height":843},{"@type":"BreadcrumbList","@id":"https:\/\/aehm.es\/la-asociacion-en-fitur-2015\/#breadcrumb","itemListElement":[{"@type":"ListItem","position":1,"name":"Portada","item":"https:\/\/aehm.es\/en\/"},{"@type":"ListItem","position":2,"name":"La Asociaci\u00f3n en FITUR 2015"}]},{"@type":"WebSite","@id":"https:\/\/aehm.es\/#website","url":"https:\/\/aehm.es\/","name":"Asociaci\u00f3n Empresarial Hotelera de Madrid","description":"La Asociaci\u00f3n Empresarial Hotelera Madrid est\u00e1 formada por m\u00e1s de 300 establecimientos de todas las categor\u00edas y tipolog\u00edas (hoteles, hostales, hostels, apartamentos\u2026) que suman m\u00e1s de 75.000 plazas de alojamiento.","publisher":{"@id":"https:\/\/aehm.es\/#organization"},"alternateName":"AEHM","potentialAction":[{"@type":"SearchAction","target":{"@type":"EntryPoint","urlTemplate":"https:\/\/aehm.es\/?s={search_term_string}"},"query-input":{"@type":"PropertyValueSpecification","valueRequired":true,"valueName":"search_term_string"}}],"inLanguage":"en-US"},{"@type":"Organization","@id":"https:\/\/aehm.es\/#organization","name":"Asociaci\u00f3n Empresarial Hotelera de Madrid","url":"https:\/\/aehm.es\/","logo":{"@type":"ImageObject","inLanguage":"en-US","@id":"https:\/\/aehm.es\/#\/schema\/logo\/image\/","url":"https:\/\/aehm.es\/wp-content\/uploads\/2021\/11\/Logo_AEHM_Horiz.png","contentUrl":"https:\/\/aehm.es\/wp-content\/uploads\/2021\/11\/Logo_AEHM_Horiz.png","width":600,"height":182,"caption":"Asociaci\u00f3n Empresarial Hotelera de Madrid"},"image":{"@id":"https:\/\/aehm.es\/#\/schema\/logo\/image\/"},"sameAs":["https:\/\/www.instagram.com\/hotelesdemadrid\/","https:\/\/x.com\/HotelesAEHM","https:\/\/www.linkedin.com\/company\/11166072\/"]},{"@type":"Person","@id":"https:\/\/aehm.es\/#\/schema\/person\/ca1397f4b0bcee246b58a0278b67a95f","name":"richard","image":{"@type":"ImageObject","inLanguage":"en-US","@id":"https:\/\/secure.gravatar.com\/avatar\/dd2486a811ecc34bf766b7d8b17d0ea76674186c415867af39660e429e20e1a0?s=96&d=mm&r=g","url":"https:\/\/secure.gravatar.com\/avatar\/dd2486a811ecc34bf766b7d8b17d0ea76674186c415867af39660e429e20e1a0?s=96&d=mm&r=g","contentUrl":"https:\/\/secure.gravatar.com\/avatar\/dd2486a811ecc34bf766b7d8b17d0ea76674186c415867af39660e429e20e1a0?s=96&d=mm&r=g","caption":"richard"},"url":"https:\/\/aehm.es\/en\/author\/richard\/"}]}},"_links":{"self":[{"href":"https:\/\/aehm.es\/en\/wp-json\/wp\/v2\/posts\/11524","targetHints":{"allow":["GET"]}}],"collection":[{"href":"https:\/\/aehm.es\/en\/wp-json\/wp\/v2\/posts"}],"about":[{"href":"https:\/\/aehm.es\/en\/wp-json\/wp\/v2\/types\/post"}],"author":[{"embeddable":true,"href":"https:\/\/aehm.es\/en\/wp-json\/wp\/v2\/users\/1"}],"replies":[{"embeddable":true,"href":"https:\/\/aehm.es\/en\/wp-json\/wp\/v2\/comments?post=11524"}],"version-history":[{"count":0,"href":"https:\/\/aehm.es\/en\/wp-json\/wp\/v2\/posts\/11524\/revisions"}],"wp:featuredmedia":[{"embeddable":true,"href":"https:\/\/aehm.es\/en\/wp-json\/wp\/v2\/media\/10193"}],"wp:attachment":[{"href":"https:\/\/aehm.es\/en\/wp-json\/wp\/v2\/media?parent=11524"}],"wp:term":[{"taxonomy":"category","embeddable":true,"href":"https:\/\/aehm.es\/en\/wp-json\/wp\/v2\/categories?post=11524"},{"taxonomy":"post_tag","embeddable":true,"href":"https:\/\/aehm.es\/en\/wp-json\/wp\/v2\/tags?post=11524"}],"curies":[{"name":"wp","href":"https:\/\/api.w.org\/{rel}","templated":true}]}}