{"id":11513,"date":"2016-12-13T17:08:18","date_gmt":"2016-12-13T17:08:18","guid":{"rendered":"http:\/\/www.aehm.es\/?p=157"},"modified":"2016-12-13T17:08:18","modified_gmt":"2016-12-13T17:08:18","slug":"mas-de-un-15-de-cancelaciones-en-los-hoteles-del-centro-de-madrid-tras-los-cortes-de-trafico-por-navidad","status":"publish","type":"post","link":"https:\/\/aehm.es\/en\/mas-de-un-15-de-cancelaciones-en-los-hoteles-del-centro-de-madrid-tras-los-cortes-de-trafico-por-navidad\/","title":{"rendered":"M\u00e1s de un 15% de cancelaciones en los hoteles del centro de Madrid tras los cortes de tr\u00e1fico por Navidad"},"content":{"rendered":"<p style=\"text-align: center;\"><strong>La cifra corresponde al 2 al 11 de diciembre, en pleno puente de la Constituci\u00f3n<\/strong><\/p>\n<p style=\"text-align: center;\"><strong>Los establecimientos ubicados en la Calle Gran V\u00eda y alrededores han sido los principales afectados de esta medida<\/strong><\/p>\n<p style=\"text-align: center;\"><strong>La Asociaci\u00f3n Empresarial Hotelera de Madrid considera que la medida se ha tomado de manera precipitada y sin tener en cuenta a los agentes sociales implicados<\/strong><\/p>\n<p>Madrid, 13 de diciembre de 2016.- La Asociaci\u00f3n Empresarial Hotelera de Madrid (AEHM) estima que los cortes de tr\u00e1fico en la almendra de la capital con motivo de la Navidad han provocado m\u00e1s de un 15% de cancelaciones en los establecimientos ubicados en la Calle Gran V\u00eda y alrededores durante el puente de la Constituci\u00f3n.<\/p>\n<p>Estos primeros cierres de circulaci\u00f3n, que tuvieron lugar desde el viernes 2 de diciembre hasta el domingo 11, han afectado directamente a los hoteles y hostales ubicados en la almendra de la capital que han recibido, adem\u00e1s de cancelaciones, quejas y reclamaciones por parte de los turistas que se alojaban en ellos.<\/p>\n<p>Para el presidente de la AEHM, Gabriel Garc\u00eda, esta medida se ha tomado de manera precipitada, sin tener en cuenta a los agentes sociales implicados y sin un consenso \u201clo que ha derivado en un problema para todos nosotros, ya seamos comerciantes, transportistas u hoteleros\u201d, ha indicado.<\/p>\n<p>Sin dejar a un lado el aspecto positivo de esta medida, que funciona con \u00e9xito en otras capitales europeas, el presidente de la AEHM considera que muchos de los \u201ccontratiempos\u201d se podr\u00edan haber evitado si no hubiera tomado esta decisi\u00f3n de forma unilateral. \u201cDeber\u00edan haber llegado a un consenso con el sector hotelero para mitigar los problemas que pudieran surgir y que de hecho, han surgido\u201d, ha matizado.<\/p>\n<h2>La AEHM espera m\u00e1s planificaci\u00f3n<\/h2>\n<p>La Asociaci\u00f3n espera que de cara a las pr\u00f3ximas restricciones de circulaci\u00f3n (del viernes 16 al domingo 18 de diciembre y del viernes 23 de diciembre al domingo 8 de enero de 2017) haya una mayor planificaci\u00f3n y se pongan en marcha \u201ctodas las medidas que sean necesarias para minimizar los da\u00f1os sobre los principales sectores implicados\u201d. De hecho, la AEHM est\u00e1 actualmente en contacto con la Direcci\u00f3n General de Movilidad para hacerles llegar los principales problemas que afectan a los hoteles de la Gran V\u00eda e \u201cintentar facilitar el tr\u00e1nsito de los clientes hacia estos\u201d.<\/p>\n<p>En referencia a las quejas de los servicios discrecionales de autobuses por no poder acercar a los turistas hasta las puertas de los hoteles, Garc\u00eda considera que lo conveniente ser\u00eda establecer un sistema por el cual estos servicios, previa comunicaci\u00f3n a la Direcci\u00f3n General de Movilidad, obtuvieran una autorizaci\u00f3n para descargar a los viajeros en momentos concretos \u201calgo que no perjudicar\u00eda a la medida en general y pero que s\u00ed evitar\u00eda conflictos como los actuales\u201d, ha puntualizado.<\/p>\n<p>De cara a Navidad, la AEHM espera que no se produzcan m\u00e1s cancelaciones como las anteriores y que desde el Ayuntamiento se ejecute un mecanismo articulado que coordine la llegada de turistas y de clientes con maletas con el fin de evitar colapsar las principales v\u00edas de la ciudad.<\/p>\n","protected":false},"excerpt":{"rendered":"<p>La cifra corresponde al 2 al 11 de diciembre, en pleno puente de la Constituci\u00f3n Los establecimientos ubicados en la Calle Gran V\u00eda y alrededores han sido los principales afectados de esta medida La Asociaci\u00f3n Empresarial Hotelera de Madrid considera que la medida se ha tomado de manera precipitada y sin tener en cuenta a [&hellip;]<\/p>\n","protected":false},"author":1,"featured_media":10169,"comment_status":"open","ping_status":"open","sticky":false,"template":"","format":"standard","meta":{"footnotes":""},"categories":[1],"tags":[],"class_list":["post-11513","post","type-post","status-publish","format-standard","has-post-thumbnail","hentry","category-actualidad-aehm"],"yoast_head":"<!-- This site is optimized with the Yoast SEO plugin v27.5 - https:\/\/yoast.com\/product\/yoast-seo-wordpress\/ -->\n<title>M\u00e1s de un 15% de cancelaciones en los hoteles del centro de Madrid tras los cortes de tr\u00e1fico por Navidad - AEHM<\/title>\n<meta name=\"robots\" content=\"index, follow, max-snippet:-1, max-image-preview:large, max-video-preview:-1\" \/>\n<link rel=\"canonical\" href=\"https:\/\/aehm.es\/mas-de-un-15-de-cancelaciones-en-los-hoteles-del-centro-de-madrid-tras-los-cortes-de-trafico-por-navidad\/\" \/>\n<meta property=\"og:locale\" content=\"en_US\" \/>\n<meta property=\"og:type\" content=\"article\" \/>\n<meta property=\"og:title\" content=\"M\u00e1s de un 15% de cancelaciones en los hoteles del centro de Madrid tras los cortes de tr\u00e1fico por Navidad - AEHM\" \/>\n<meta property=\"og:description\" content=\"La cifra corresponde al 2 al 11 de diciembre, en pleno puente de la Constituci\u00f3n Los establecimientos ubicados en la Calle Gran V\u00eda y alrededores han sido los principales afectados de esta medida La Asociaci\u00f3n Empresarial Hotelera de Madrid considera que la medida se ha tomado de manera precipitada y sin tener en cuenta a [&hellip;]\" \/>\n<meta property=\"og:url\" content=\"https:\/\/aehm.es\/mas-de-un-15-de-cancelaciones-en-los-hoteles-del-centro-de-madrid-tras-los-cortes-de-trafico-por-navidad\/\" \/>\n<meta property=\"og:site_name\" content=\"AEHM\" \/>\n<meta property=\"article:publisher\" content=\"https:\/\/www.instagram.com\/hotelesdemadrid\/\" \/>\n<meta property=\"article:published_time\" content=\"2016-12-13T17:08:18+00:00\" \/>\n<meta property=\"og:image\" content=\"https:\/\/aehm.es\/wp-content\/uploads\/2016\/12\/Cancelaciones-en-los-hoteles-del-centro-de-Madrid-tras-los-cortes-de-trafico-de-Gran-Via-segun-datos-de-AEHM.jpg\" \/>\n\t<meta property=\"og:image:width\" content=\"1800\" \/>\n\t<meta property=\"og:image:height\" content=\"652\" \/>\n\t<meta property=\"og:image:type\" content=\"image\/jpeg\" \/>\n<meta name=\"author\" content=\"richard\" \/>\n<meta name=\"twitter:card\" content=\"summary_large_image\" \/>\n<meta name=\"twitter:creator\" content=\"@HotelesAEHM\" \/>\n<meta name=\"twitter:site\" content=\"@HotelesAEHM\" \/>\n<meta name=\"twitter:label1\" content=\"Written by\" \/>\n\t<meta name=\"twitter:data1\" content=\"richard\" \/>\n\t<meta name=\"twitter:label2\" content=\"Est. reading time\" \/>\n\t<meta name=\"twitter:data2\" content=\"3 minutes\" \/>\n<script type=\"application\/ld+json\" class=\"yoast-schema-graph\">{\"@context\":\"https:\\\/\\\/schema.org\",\"@graph\":[{\"@type\":\"Article\",\"@id\":\"https:\\\/\\\/aehm.es\\\/mas-de-un-15-de-cancelaciones-en-los-hoteles-del-centro-de-madrid-tras-los-cortes-de-trafico-por-navidad\\\/#article\",\"isPartOf\":{\"@id\":\"https:\\\/\\\/aehm.es\\\/mas-de-un-15-de-cancelaciones-en-los-hoteles-del-centro-de-madrid-tras-los-cortes-de-trafico-por-navidad\\\/\"},\"author\":{\"name\":\"richard\",\"@id\":\"https:\\\/\\\/aehm.es\\\/#\\\/schema\\\/person\\\/ca1397f4b0bcee246b58a0278b67a95f\"},\"headline\":\"M\u00e1s de un 15% de cancelaciones en los hoteles del centro de Madrid tras los cortes de tr\u00e1fico por Navidad\",\"datePublished\":\"2016-12-13T17:08:18+00:00\",\"mainEntityOfPage\":{\"@id\":\"https:\\\/\\\/aehm.es\\\/mas-de-un-15-de-cancelaciones-en-los-hoteles-del-centro-de-madrid-tras-los-cortes-de-trafico-por-navidad\\\/\"},\"wordCount\":551,\"commentCount\":0,\"publisher\":{\"@id\":\"https:\\\/\\\/aehm.es\\\/#organization\"},\"image\":{\"@id\":\"https:\\\/\\\/aehm.es\\\/mas-de-un-15-de-cancelaciones-en-los-hoteles-del-centro-de-madrid-tras-los-cortes-de-trafico-por-navidad\\\/#primaryimage\"},\"thumbnailUrl\":\"https:\\\/\\\/aehm.es\\\/wp-content\\\/uploads\\\/2016\\\/12\\\/Cancelaciones-en-los-hoteles-del-centro-de-Madrid-tras-los-cortes-de-trafico-de-Gran-Via-segun-datos-de-AEHM.jpg\",\"articleSection\":[\"Actualidad AEHM\"],\"inLanguage\":\"en-US\",\"potentialAction\":[{\"@type\":\"CommentAction\",\"name\":\"Comment\",\"target\":[\"https:\\\/\\\/aehm.es\\\/mas-de-un-15-de-cancelaciones-en-los-hoteles-del-centro-de-madrid-tras-los-cortes-de-trafico-por-navidad\\\/#respond\"]}]},{\"@type\":\"WebPage\",\"@id\":\"https:\\\/\\\/aehm.es\\\/mas-de-un-15-de-cancelaciones-en-los-hoteles-del-centro-de-madrid-tras-los-cortes-de-trafico-por-navidad\\\/\",\"url\":\"https:\\\/\\\/aehm.es\\\/mas-de-un-15-de-cancelaciones-en-los-hoteles-del-centro-de-madrid-tras-los-cortes-de-trafico-por-navidad\\\/\",\"name\":\"M\u00e1s de un 15% de cancelaciones en los hoteles del centro de Madrid tras los cortes de tr\u00e1fico por Navidad - AEHM\",\"isPartOf\":{\"@id\":\"https:\\\/\\\/aehm.es\\\/#website\"},\"primaryImageOfPage\":{\"@id\":\"https:\\\/\\\/aehm.es\\\/mas-de-un-15-de-cancelaciones-en-los-hoteles-del-centro-de-madrid-tras-los-cortes-de-trafico-por-navidad\\\/#primaryimage\"},\"image\":{\"@id\":\"https:\\\/\\\/aehm.es\\\/mas-de-un-15-de-cancelaciones-en-los-hoteles-del-centro-de-madrid-tras-los-cortes-de-trafico-por-navidad\\\/#primaryimage\"},\"thumbnailUrl\":\"https:\\\/\\\/aehm.es\\\/wp-content\\\/uploads\\\/2016\\\/12\\\/Cancelaciones-en-los-hoteles-del-centro-de-Madrid-tras-los-cortes-de-trafico-de-Gran-Via-segun-datos-de-AEHM.jpg\",\"datePublished\":\"2016-12-13T17:08:18+00:00\",\"breadcrumb\":{\"@id\":\"https:\\\/\\\/aehm.es\\\/mas-de-un-15-de-cancelaciones-en-los-hoteles-del-centro-de-madrid-tras-los-cortes-de-trafico-por-navidad\\\/#breadcrumb\"},\"inLanguage\":\"en-US\",\"potentialAction\":[{\"@type\":\"ReadAction\",\"target\":[\"https:\\\/\\\/aehm.es\\\/mas-de-un-15-de-cancelaciones-en-los-hoteles-del-centro-de-madrid-tras-los-cortes-de-trafico-por-navidad\\\/\"]}]},{\"@type\":\"ImageObject\",\"inLanguage\":\"en-US\",\"@id\":\"https:\\\/\\\/aehm.es\\\/mas-de-un-15-de-cancelaciones-en-los-hoteles-del-centro-de-madrid-tras-los-cortes-de-trafico-por-navidad\\\/#primaryimage\",\"url\":\"https:\\\/\\\/aehm.es\\\/wp-content\\\/uploads\\\/2016\\\/12\\\/Cancelaciones-en-los-hoteles-del-centro-de-Madrid-tras-los-cortes-de-trafico-de-Gran-Via-segun-datos-de-AEHM.jpg\",\"contentUrl\":\"https:\\\/\\\/aehm.es\\\/wp-content\\\/uploads\\\/2016\\\/12\\\/Cancelaciones-en-los-hoteles-del-centro-de-Madrid-tras-los-cortes-de-trafico-de-Gran-Via-segun-datos-de-AEHM.jpg\",\"width\":1800,\"height\":652},{\"@type\":\"BreadcrumbList\",\"@id\":\"https:\\\/\\\/aehm.es\\\/mas-de-un-15-de-cancelaciones-en-los-hoteles-del-centro-de-madrid-tras-los-cortes-de-trafico-por-navidad\\\/#breadcrumb\",\"itemListElement\":[{\"@type\":\"ListItem\",\"position\":1,\"name\":\"Portada\",\"item\":\"https:\\\/\\\/aehm.es\\\/en\\\/\"},{\"@type\":\"ListItem\",\"position\":2,\"name\":\"M\u00e1s de un 15% de cancelaciones en los hoteles del centro de Madrid tras los cortes de tr\u00e1fico por Navidad\"}]},{\"@type\":\"WebSite\",\"@id\":\"https:\\\/\\\/aehm.es\\\/#website\",\"url\":\"https:\\\/\\\/aehm.es\\\/\",\"name\":\"Asociaci\u00f3n Empresarial Hotelera de Madrid\",\"description\":\"La Asociaci\u00f3n Empresarial Hotelera Madrid est\u00e1 formada por m\u00e1s de 300 establecimientos de todas las categor\u00edas y tipolog\u00edas (hoteles, hostales, hostels, apartamentos\u2026) que suman m\u00e1s de 75.000 plazas de alojamiento.\",\"publisher\":{\"@id\":\"https:\\\/\\\/aehm.es\\\/#organization\"},\"alternateName\":\"AEHM\",\"potentialAction\":[{\"@type\":\"SearchAction\",\"target\":{\"@type\":\"EntryPoint\",\"urlTemplate\":\"https:\\\/\\\/aehm.es\\\/?s={search_term_string}\"},\"query-input\":{\"@type\":\"PropertyValueSpecification\",\"valueRequired\":true,\"valueName\":\"search_term_string\"}}],\"inLanguage\":\"en-US\"},{\"@type\":\"Organization\",\"@id\":\"https:\\\/\\\/aehm.es\\\/#organization\",\"name\":\"Asociaci\u00f3n Empresarial Hotelera de Madrid\",\"url\":\"https:\\\/\\\/aehm.es\\\/\",\"logo\":{\"@type\":\"ImageObject\",\"inLanguage\":\"en-US\",\"@id\":\"https:\\\/\\\/aehm.es\\\/#\\\/schema\\\/logo\\\/image\\\/\",\"url\":\"https:\\\/\\\/aehm.es\\\/wp-content\\\/uploads\\\/2021\\\/11\\\/Logo_AEHM_Horiz.png\",\"contentUrl\":\"https:\\\/\\\/aehm.es\\\/wp-content\\\/uploads\\\/2021\\\/11\\\/Logo_AEHM_Horiz.png\",\"width\":600,\"height\":182,\"caption\":\"Asociaci\u00f3n Empresarial Hotelera de Madrid\"},\"image\":{\"@id\":\"https:\\\/\\\/aehm.es\\\/#\\\/schema\\\/logo\\\/image\\\/\"},\"sameAs\":[\"https:\\\/\\\/www.instagram.com\\\/hotelesdemadrid\\\/\",\"https:\\\/\\\/x.com\\\/HotelesAEHM\",\"https:\\\/\\\/www.linkedin.com\\\/company\\\/11166072\\\/\"]},{\"@type\":\"Person\",\"@id\":\"https:\\\/\\\/aehm.es\\\/#\\\/schema\\\/person\\\/ca1397f4b0bcee246b58a0278b67a95f\",\"name\":\"richard\",\"image\":{\"@type\":\"ImageObject\",\"inLanguage\":\"en-US\",\"@id\":\"https:\\\/\\\/secure.gravatar.com\\\/avatar\\\/dd2486a811ecc34bf766b7d8b17d0ea76674186c415867af39660e429e20e1a0?s=96&d=mm&r=g\",\"url\":\"https:\\\/\\\/secure.gravatar.com\\\/avatar\\\/dd2486a811ecc34bf766b7d8b17d0ea76674186c415867af39660e429e20e1a0?s=96&d=mm&r=g\",\"contentUrl\":\"https:\\\/\\\/secure.gravatar.com\\\/avatar\\\/dd2486a811ecc34bf766b7d8b17d0ea76674186c415867af39660e429e20e1a0?s=96&d=mm&r=g\",\"caption\":\"richard\"},\"url\":\"https:\\\/\\\/aehm.es\\\/en\\\/author\\\/richard\\\/\"}]}<\/script>\n<!-- \/ Yoast SEO plugin. -->","yoast_head_json":{"title":"M\u00e1s de un 15% de cancelaciones en los hoteles del centro de Madrid tras los cortes de tr\u00e1fico por Navidad - AEHM","robots":{"index":"index","follow":"follow","max-snippet":"max-snippet:-1","max-image-preview":"max-image-preview:large","max-video-preview":"max-video-preview:-1"},"canonical":"https:\/\/aehm.es\/mas-de-un-15-de-cancelaciones-en-los-hoteles-del-centro-de-madrid-tras-los-cortes-de-trafico-por-navidad\/","og_locale":"en_US","og_type":"article","og_title":"M\u00e1s de un 15% de cancelaciones en los hoteles del centro de Madrid tras los cortes de tr\u00e1fico por Navidad - AEHM","og_description":"La cifra corresponde al 2 al 11 de diciembre, en pleno puente de la Constituci\u00f3n Los establecimientos ubicados en la Calle Gran V\u00eda y alrededores han sido los principales afectados de esta medida La Asociaci\u00f3n Empresarial Hotelera de Madrid considera que la medida se ha tomado de manera precipitada y sin tener en cuenta a [&hellip;]","og_url":"https:\/\/aehm.es\/mas-de-un-15-de-cancelaciones-en-los-hoteles-del-centro-de-madrid-tras-los-cortes-de-trafico-por-navidad\/","og_site_name":"AEHM","article_publisher":"https:\/\/www.instagram.com\/hotelesdemadrid\/","article_published_time":"2016-12-13T17:08:18+00:00","og_image":[{"width":1800,"height":652,"url":"https:\/\/aehm.es\/wp-content\/uploads\/2016\/12\/Cancelaciones-en-los-hoteles-del-centro-de-Madrid-tras-los-cortes-de-trafico-de-Gran-Via-segun-datos-de-AEHM.jpg","type":"image\/jpeg"}],"author":"richard","twitter_card":"summary_large_image","twitter_creator":"@HotelesAEHM","twitter_site":"@HotelesAEHM","twitter_misc":{"Written by":"richard","Est. reading time":"3 minutes"},"schema":{"@context":"https:\/\/schema.org","@graph":[{"@type":"Article","@id":"https:\/\/aehm.es\/mas-de-un-15-de-cancelaciones-en-los-hoteles-del-centro-de-madrid-tras-los-cortes-de-trafico-por-navidad\/#article","isPartOf":{"@id":"https:\/\/aehm.es\/mas-de-un-15-de-cancelaciones-en-los-hoteles-del-centro-de-madrid-tras-los-cortes-de-trafico-por-navidad\/"},"author":{"name":"richard","@id":"https:\/\/aehm.es\/#\/schema\/person\/ca1397f4b0bcee246b58a0278b67a95f"},"headline":"M\u00e1s de un 15% de cancelaciones en los hoteles del centro de Madrid tras los cortes de tr\u00e1fico por Navidad","datePublished":"2016-12-13T17:08:18+00:00","mainEntityOfPage":{"@id":"https:\/\/aehm.es\/mas-de-un-15-de-cancelaciones-en-los-hoteles-del-centro-de-madrid-tras-los-cortes-de-trafico-por-navidad\/"},"wordCount":551,"commentCount":0,"publisher":{"@id":"https:\/\/aehm.es\/#organization"},"image":{"@id":"https:\/\/aehm.es\/mas-de-un-15-de-cancelaciones-en-los-hoteles-del-centro-de-madrid-tras-los-cortes-de-trafico-por-navidad\/#primaryimage"},"thumbnailUrl":"https:\/\/aehm.es\/wp-content\/uploads\/2016\/12\/Cancelaciones-en-los-hoteles-del-centro-de-Madrid-tras-los-cortes-de-trafico-de-Gran-Via-segun-datos-de-AEHM.jpg","articleSection":["Actualidad AEHM"],"inLanguage":"en-US","potentialAction":[{"@type":"CommentAction","name":"Comment","target":["https:\/\/aehm.es\/mas-de-un-15-de-cancelaciones-en-los-hoteles-del-centro-de-madrid-tras-los-cortes-de-trafico-por-navidad\/#respond"]}]},{"@type":"WebPage","@id":"https:\/\/aehm.es\/mas-de-un-15-de-cancelaciones-en-los-hoteles-del-centro-de-madrid-tras-los-cortes-de-trafico-por-navidad\/","url":"https:\/\/aehm.es\/mas-de-un-15-de-cancelaciones-en-los-hoteles-del-centro-de-madrid-tras-los-cortes-de-trafico-por-navidad\/","name":"M\u00e1s de un 15% de cancelaciones en los hoteles del centro de Madrid tras los cortes de tr\u00e1fico por Navidad - AEHM","isPartOf":{"@id":"https:\/\/aehm.es\/#website"},"primaryImageOfPage":{"@id":"https:\/\/aehm.es\/mas-de-un-15-de-cancelaciones-en-los-hoteles-del-centro-de-madrid-tras-los-cortes-de-trafico-por-navidad\/#primaryimage"},"image":{"@id":"https:\/\/aehm.es\/mas-de-un-15-de-cancelaciones-en-los-hoteles-del-centro-de-madrid-tras-los-cortes-de-trafico-por-navidad\/#primaryimage"},"thumbnailUrl":"https:\/\/aehm.es\/wp-content\/uploads\/2016\/12\/Cancelaciones-en-los-hoteles-del-centro-de-Madrid-tras-los-cortes-de-trafico-de-Gran-Via-segun-datos-de-AEHM.jpg","datePublished":"2016-12-13T17:08:18+00:00","breadcrumb":{"@id":"https:\/\/aehm.es\/mas-de-un-15-de-cancelaciones-en-los-hoteles-del-centro-de-madrid-tras-los-cortes-de-trafico-por-navidad\/#breadcrumb"},"inLanguage":"en-US","potentialAction":[{"@type":"ReadAction","target":["https:\/\/aehm.es\/mas-de-un-15-de-cancelaciones-en-los-hoteles-del-centro-de-madrid-tras-los-cortes-de-trafico-por-navidad\/"]}]},{"@type":"ImageObject","inLanguage":"en-US","@id":"https:\/\/aehm.es\/mas-de-un-15-de-cancelaciones-en-los-hoteles-del-centro-de-madrid-tras-los-cortes-de-trafico-por-navidad\/#primaryimage","url":"https:\/\/aehm.es\/wp-content\/uploads\/2016\/12\/Cancelaciones-en-los-hoteles-del-centro-de-Madrid-tras-los-cortes-de-trafico-de-Gran-Via-segun-datos-de-AEHM.jpg","contentUrl":"https:\/\/aehm.es\/wp-content\/uploads\/2016\/12\/Cancelaciones-en-los-hoteles-del-centro-de-Madrid-tras-los-cortes-de-trafico-de-Gran-Via-segun-datos-de-AEHM.jpg","width":1800,"height":652},{"@type":"BreadcrumbList","@id":"https:\/\/aehm.es\/mas-de-un-15-de-cancelaciones-en-los-hoteles-del-centro-de-madrid-tras-los-cortes-de-trafico-por-navidad\/#breadcrumb","itemListElement":[{"@type":"ListItem","position":1,"name":"Portada","item":"https:\/\/aehm.es\/en\/"},{"@type":"ListItem","position":2,"name":"M\u00e1s de un 15% de cancelaciones en los hoteles del centro de Madrid tras los cortes de tr\u00e1fico por Navidad"}]},{"@type":"WebSite","@id":"https:\/\/aehm.es\/#website","url":"https:\/\/aehm.es\/","name":"Asociaci\u00f3n Empresarial Hotelera de Madrid","description":"La Asociaci\u00f3n Empresarial Hotelera Madrid est\u00e1 formada por m\u00e1s de 300 establecimientos de todas las categor\u00edas y tipolog\u00edas (hoteles, hostales, hostels, apartamentos\u2026) que suman m\u00e1s de 75.000 plazas de alojamiento.","publisher":{"@id":"https:\/\/aehm.es\/#organization"},"alternateName":"AEHM","potentialAction":[{"@type":"SearchAction","target":{"@type":"EntryPoint","urlTemplate":"https:\/\/aehm.es\/?s={search_term_string}"},"query-input":{"@type":"PropertyValueSpecification","valueRequired":true,"valueName":"search_term_string"}}],"inLanguage":"en-US"},{"@type":"Organization","@id":"https:\/\/aehm.es\/#organization","name":"Asociaci\u00f3n Empresarial Hotelera de Madrid","url":"https:\/\/aehm.es\/","logo":{"@type":"ImageObject","inLanguage":"en-US","@id":"https:\/\/aehm.es\/#\/schema\/logo\/image\/","url":"https:\/\/aehm.es\/wp-content\/uploads\/2021\/11\/Logo_AEHM_Horiz.png","contentUrl":"https:\/\/aehm.es\/wp-content\/uploads\/2021\/11\/Logo_AEHM_Horiz.png","width":600,"height":182,"caption":"Asociaci\u00f3n Empresarial Hotelera de Madrid"},"image":{"@id":"https:\/\/aehm.es\/#\/schema\/logo\/image\/"},"sameAs":["https:\/\/www.instagram.com\/hotelesdemadrid\/","https:\/\/x.com\/HotelesAEHM","https:\/\/www.linkedin.com\/company\/11166072\/"]},{"@type":"Person","@id":"https:\/\/aehm.es\/#\/schema\/person\/ca1397f4b0bcee246b58a0278b67a95f","name":"richard","image":{"@type":"ImageObject","inLanguage":"en-US","@id":"https:\/\/secure.gravatar.com\/avatar\/dd2486a811ecc34bf766b7d8b17d0ea76674186c415867af39660e429e20e1a0?s=96&d=mm&r=g","url":"https:\/\/secure.gravatar.com\/avatar\/dd2486a811ecc34bf766b7d8b17d0ea76674186c415867af39660e429e20e1a0?s=96&d=mm&r=g","contentUrl":"https:\/\/secure.gravatar.com\/avatar\/dd2486a811ecc34bf766b7d8b17d0ea76674186c415867af39660e429e20e1a0?s=96&d=mm&r=g","caption":"richard"},"url":"https:\/\/aehm.es\/en\/author\/richard\/"}]}},"_links":{"self":[{"href":"https:\/\/aehm.es\/en\/wp-json\/wp\/v2\/posts\/11513","targetHints":{"allow":["GET"]}}],"collection":[{"href":"https:\/\/aehm.es\/en\/wp-json\/wp\/v2\/posts"}],"about":[{"href":"https:\/\/aehm.es\/en\/wp-json\/wp\/v2\/types\/post"}],"author":[{"embeddable":true,"href":"https:\/\/aehm.es\/en\/wp-json\/wp\/v2\/users\/1"}],"replies":[{"embeddable":true,"href":"https:\/\/aehm.es\/en\/wp-json\/wp\/v2\/comments?post=11513"}],"version-history":[{"count":0,"href":"https:\/\/aehm.es\/en\/wp-json\/wp\/v2\/posts\/11513\/revisions"}],"wp:featuredmedia":[{"embeddable":true,"href":"https:\/\/aehm.es\/en\/wp-json\/wp\/v2\/media\/10169"}],"wp:attachment":[{"href":"https:\/\/aehm.es\/en\/wp-json\/wp\/v2\/media?parent=11513"}],"wp:term":[{"taxonomy":"category","embeddable":true,"href":"https:\/\/aehm.es\/en\/wp-json\/wp\/v2\/categories?post=11513"},{"taxonomy":"post_tag","embeddable":true,"href":"https:\/\/aehm.es\/en\/wp-json\/wp\/v2\/tags?post=11513"}],"curies":[{"name":"wp","href":"https:\/\/api.w.org\/{rel}","templated":true}]}}