{"id":11511,"date":"2017-01-28T10:15:22","date_gmt":"2017-01-28T10:15:22","guid":{"rendered":"http:\/\/www.aehm.es\/?p=152"},"modified":"2017-01-28T10:15:22","modified_gmt":"2017-01-28T10:15:22","slug":"la-asociacion-en-fitur-2017-37-anos-en-fitur","status":"publish","type":"post","link":"https:\/\/aehm.es\/en\/la-asociacion-en-fitur-2017-37-anos-en-fitur\/","title":{"rendered":"La Asociaci\u00f3n en FITUR 2017 (37 A\u00f1os en FITUR)"},"content":{"rendered":"<p>En su 37\u00aa edici\u00f3n, la AEHM ha estado presente en FITUR 2017 ocupando, dentro del Pabell\u00f3n 10 y junto a las principales empresas tur\u00edsticas hoteleras, un innovador Stand, con casi el doble de espacio, que, un a\u00f1o m\u00e1s, ha patrocinado \u00edntegramente nuestro colaborador GLOBE.<\/p>\n<p>Como viene siendo habitual en las \u00faltimas ediciones, las alumnas de la escuela \u00c1BACO estuvieron a cargo de la atenci\u00f3n del Stand, as\u00ed como una azafata facilitada por IFEMA, junto con camareros\/alumnos de la Escuela Superior de Hosteler\u00eda, dirigidos el d\u00eda del c\u00f3ctel por un profesional proporcionado por SHERCO.<\/p>\n<p>La presencia de asociados, amigos, colaboradores y destacados miembros de las administraciones, fue continua durante los tres d\u00edas de la Feria. El d\u00eda 20, en el transcurso de nuestro tradicional c\u00f3ctel, que un a\u00f1o m\u00e1s bati\u00f3 record de asistencia, nos visitaron, entre otros, \u00a0el Portavoz del Grupo Parlamentario de Ciudadanos en la Asamblea de Madrid, Ignacio Aguado, el Secretario de la Comisi\u00f3n de Cultura y Turismo y Diputado del Grupo Parlamentario de Ciudadanos en la Asamblea de Madrid, Ricardo Meg\u00edas, el Director General de Turismo de la Comunidad de Madrid, Carlos Chaguaceda, el Director General de Turismo del Ayuntamiento de Madrid, Miguel Sanz, el Presidente de CEIM, Juan Pablo L\u00e1zaro, el Presidente de IFEMA, Clemente Gonz\u00e1lez-Soler, el Secretario General de CEIM, Miguel Garrido, la Directora de FITUR, Ana Larra\u00f1aga, el Director de la Divisi\u00f3n de Empresas de El Corte Ingles, Victor Manuel Li\u00f1ero, el Presidente de COCEM, Luis Pacheco, el Vicepresidente de AMER, Antonio Gal\u00e1n, el presidente de AEMAV, C\u00e9sar Guti\u00e9rrez, la Vicepresidenta de AEMAV, Isabel Santamarta, la Chief Strategy Officer de Ctrip, Jenny Wu, la Directora de Spaincares, M\u00f3nica Figuerola, \u2026.<\/p>\n<p>Tambi\u00e9n visitaron nuestro Stand el Secretario General y el Gerente de CEHAT, Ram\u00f3n Estalella y Valent\u00edn Ugalde.<\/p>\n<p>Durante \u00a0el c\u00f3ctel tuvimos la oportunidad de degustar los embutidos de HACIENDA MAR\u00cdA, los vinos de MARQU\u00c9S DE C\u00c1CERES y PERNOD RICARD (v\u00eda COPERAMA), la cerveza de MAHOU, el agua mineral SOL\u00c1N DE CABRAS, el cava de FREIXENET y los magn\u00edficos caf\u00e9s de BAQU\u00c9. El Presidente, Helena, \u00c1ngeles, Mari Carmen y yo misma, estuvimos encantados de atenderos y representaros.<\/p>\n","protected":false},"excerpt":{"rendered":"<p>En su 37\u00aa edici\u00f3n, la AEHM ha estado presente en FITUR 2017 ocupando, dentro del Pabell\u00f3n 10 y junto a las principales empresas tur\u00edsticas hoteleras, un innovador Stand, con casi el doble de espacio, que, un a\u00f1o m\u00e1s, ha patrocinado \u00edntegramente nuestro colaborador GLOBE. Como viene siendo habitual en las \u00faltimas ediciones, las alumnas de [&hellip;]<\/p>\n","protected":false},"author":1,"featured_media":10154,"comment_status":"open","ping_status":"open","sticky":false,"template":"","format":"standard","meta":{"footnotes":""},"categories":[1],"tags":[],"class_list":["post-11511","post","type-post","status-publish","format-standard","has-post-thumbnail","hentry","category-actualidad-aehm"],"yoast_head":"<!-- This site is optimized with the Yoast SEO plugin v27.5 - https:\/\/yoast.com\/product\/yoast-seo-wordpress\/ -->\n<title>La Asociaci\u00f3n en FITUR 2017 (37 A\u00f1os en FITUR) - AEHM<\/title>\n<meta name=\"robots\" content=\"index, follow, max-snippet:-1, max-image-preview:large, max-video-preview:-1\" \/>\n<link rel=\"canonical\" href=\"https:\/\/aehm.es\/la-asociacion-en-fitur-2017-37-anos-en-fitur\/\" \/>\n<meta property=\"og:locale\" content=\"en_US\" \/>\n<meta property=\"og:type\" content=\"article\" \/>\n<meta property=\"og:title\" content=\"La Asociaci\u00f3n en FITUR 2017 (37 A\u00f1os en FITUR) - AEHM\" \/>\n<meta property=\"og:description\" content=\"En su 37\u00aa edici\u00f3n, la AEHM ha estado presente en FITUR 2017 ocupando, dentro del Pabell\u00f3n 10 y junto a las principales empresas tur\u00edsticas hoteleras, un innovador Stand, con casi el doble de espacio, que, un a\u00f1o m\u00e1s, ha patrocinado \u00edntegramente nuestro colaborador GLOBE. Como viene siendo habitual en las \u00faltimas ediciones, las alumnas de [&hellip;]\" \/>\n<meta property=\"og:url\" content=\"https:\/\/aehm.es\/la-asociacion-en-fitur-2017-37-anos-en-fitur\/\" \/>\n<meta property=\"og:site_name\" content=\"AEHM\" \/>\n<meta property=\"article:publisher\" content=\"https:\/\/www.instagram.com\/hotelesdemadrid\/\" \/>\n<meta property=\"article:published_time\" content=\"2017-01-28T10:15:22+00:00\" \/>\n<meta property=\"og:image\" content=\"https:\/\/aehm.es\/wp-content\/uploads\/2017\/06\/La-AEHM-en-Fitur-2017-1.jpg\" \/>\n\t<meta property=\"og:image:width\" content=\"1890\" \/>\n\t<meta property=\"og:image:height\" content=\"1417\" \/>\n\t<meta property=\"og:image:type\" content=\"image\/jpeg\" \/>\n<meta name=\"author\" content=\"richard\" \/>\n<meta name=\"twitter:card\" content=\"summary_large_image\" \/>\n<meta name=\"twitter:creator\" content=\"@HotelesAEHM\" \/>\n<meta name=\"twitter:site\" content=\"@HotelesAEHM\" \/>\n<meta name=\"twitter:label1\" content=\"Written by\" \/>\n\t<meta name=\"twitter:data1\" content=\"richard\" \/>\n\t<meta name=\"twitter:label2\" content=\"Est. reading time\" \/>\n\t<meta name=\"twitter:data2\" content=\"2 minutes\" \/>\n<script type=\"application\/ld+json\" class=\"yoast-schema-graph\">{\"@context\":\"https:\\\/\\\/schema.org\",\"@graph\":[{\"@type\":\"Article\",\"@id\":\"https:\\\/\\\/aehm.es\\\/la-asociacion-en-fitur-2017-37-anos-en-fitur\\\/#article\",\"isPartOf\":{\"@id\":\"https:\\\/\\\/aehm.es\\\/la-asociacion-en-fitur-2017-37-anos-en-fitur\\\/\"},\"author\":{\"name\":\"richard\",\"@id\":\"https:\\\/\\\/aehm.es\\\/#\\\/schema\\\/person\\\/ca1397f4b0bcee246b58a0278b67a95f\"},\"headline\":\"La Asociaci\u00f3n en FITUR 2017 (37 A\u00f1os en FITUR)\",\"datePublished\":\"2017-01-28T10:15:22+00:00\",\"mainEntityOfPage\":{\"@id\":\"https:\\\/\\\/aehm.es\\\/la-asociacion-en-fitur-2017-37-anos-en-fitur\\\/\"},\"wordCount\":392,\"commentCount\":0,\"publisher\":{\"@id\":\"https:\\\/\\\/aehm.es\\\/#organization\"},\"image\":{\"@id\":\"https:\\\/\\\/aehm.es\\\/la-asociacion-en-fitur-2017-37-anos-en-fitur\\\/#primaryimage\"},\"thumbnailUrl\":\"https:\\\/\\\/aehm.es\\\/wp-content\\\/uploads\\\/2017\\\/06\\\/La-AEHM-en-Fitur-2017-1.jpg\",\"articleSection\":[\"Actualidad AEHM\"],\"inLanguage\":\"en-US\",\"potentialAction\":[{\"@type\":\"CommentAction\",\"name\":\"Comment\",\"target\":[\"https:\\\/\\\/aehm.es\\\/la-asociacion-en-fitur-2017-37-anos-en-fitur\\\/#respond\"]}]},{\"@type\":\"WebPage\",\"@id\":\"https:\\\/\\\/aehm.es\\\/la-asociacion-en-fitur-2017-37-anos-en-fitur\\\/\",\"url\":\"https:\\\/\\\/aehm.es\\\/la-asociacion-en-fitur-2017-37-anos-en-fitur\\\/\",\"name\":\"La Asociaci\u00f3n en FITUR 2017 (37 A\u00f1os en FITUR) - AEHM\",\"isPartOf\":{\"@id\":\"https:\\\/\\\/aehm.es\\\/#website\"},\"primaryImageOfPage\":{\"@id\":\"https:\\\/\\\/aehm.es\\\/la-asociacion-en-fitur-2017-37-anos-en-fitur\\\/#primaryimage\"},\"image\":{\"@id\":\"https:\\\/\\\/aehm.es\\\/la-asociacion-en-fitur-2017-37-anos-en-fitur\\\/#primaryimage\"},\"thumbnailUrl\":\"https:\\\/\\\/aehm.es\\\/wp-content\\\/uploads\\\/2017\\\/06\\\/La-AEHM-en-Fitur-2017-1.jpg\",\"datePublished\":\"2017-01-28T10:15:22+00:00\",\"breadcrumb\":{\"@id\":\"https:\\\/\\\/aehm.es\\\/la-asociacion-en-fitur-2017-37-anos-en-fitur\\\/#breadcrumb\"},\"inLanguage\":\"en-US\",\"potentialAction\":[{\"@type\":\"ReadAction\",\"target\":[\"https:\\\/\\\/aehm.es\\\/la-asociacion-en-fitur-2017-37-anos-en-fitur\\\/\"]}]},{\"@type\":\"ImageObject\",\"inLanguage\":\"en-US\",\"@id\":\"https:\\\/\\\/aehm.es\\\/la-asociacion-en-fitur-2017-37-anos-en-fitur\\\/#primaryimage\",\"url\":\"https:\\\/\\\/aehm.es\\\/wp-content\\\/uploads\\\/2017\\\/06\\\/La-AEHM-en-Fitur-2017-1.jpg\",\"contentUrl\":\"https:\\\/\\\/aehm.es\\\/wp-content\\\/uploads\\\/2017\\\/06\\\/La-AEHM-en-Fitur-2017-1.jpg\",\"width\":1890,\"height\":1417},{\"@type\":\"BreadcrumbList\",\"@id\":\"https:\\\/\\\/aehm.es\\\/la-asociacion-en-fitur-2017-37-anos-en-fitur\\\/#breadcrumb\",\"itemListElement\":[{\"@type\":\"ListItem\",\"position\":1,\"name\":\"Portada\",\"item\":\"https:\\\/\\\/aehm.es\\\/en\\\/\"},{\"@type\":\"ListItem\",\"position\":2,\"name\":\"La Asociaci\u00f3n en FITUR 2017 (37 A\u00f1os en FITUR)\"}]},{\"@type\":\"WebSite\",\"@id\":\"https:\\\/\\\/aehm.es\\\/#website\",\"url\":\"https:\\\/\\\/aehm.es\\\/\",\"name\":\"Asociaci\u00f3n Empresarial Hotelera de Madrid\",\"description\":\"La Asociaci\u00f3n Empresarial Hotelera Madrid est\u00e1 formada por m\u00e1s de 300 establecimientos de todas las categor\u00edas y tipolog\u00edas (hoteles, hostales, hostels, apartamentos\u2026) que suman m\u00e1s de 75.000 plazas de alojamiento.\",\"publisher\":{\"@id\":\"https:\\\/\\\/aehm.es\\\/#organization\"},\"alternateName\":\"AEHM\",\"potentialAction\":[{\"@type\":\"SearchAction\",\"target\":{\"@type\":\"EntryPoint\",\"urlTemplate\":\"https:\\\/\\\/aehm.es\\\/?s={search_term_string}\"},\"query-input\":{\"@type\":\"PropertyValueSpecification\",\"valueRequired\":true,\"valueName\":\"search_term_string\"}}],\"inLanguage\":\"en-US\"},{\"@type\":\"Organization\",\"@id\":\"https:\\\/\\\/aehm.es\\\/#organization\",\"name\":\"Asociaci\u00f3n Empresarial Hotelera de Madrid\",\"url\":\"https:\\\/\\\/aehm.es\\\/\",\"logo\":{\"@type\":\"ImageObject\",\"inLanguage\":\"en-US\",\"@id\":\"https:\\\/\\\/aehm.es\\\/#\\\/schema\\\/logo\\\/image\\\/\",\"url\":\"https:\\\/\\\/aehm.es\\\/wp-content\\\/uploads\\\/2021\\\/11\\\/Logo_AEHM_Horiz.png\",\"contentUrl\":\"https:\\\/\\\/aehm.es\\\/wp-content\\\/uploads\\\/2021\\\/11\\\/Logo_AEHM_Horiz.png\",\"width\":600,\"height\":182,\"caption\":\"Asociaci\u00f3n Empresarial Hotelera de Madrid\"},\"image\":{\"@id\":\"https:\\\/\\\/aehm.es\\\/#\\\/schema\\\/logo\\\/image\\\/\"},\"sameAs\":[\"https:\\\/\\\/www.instagram.com\\\/hotelesdemadrid\\\/\",\"https:\\\/\\\/x.com\\\/HotelesAEHM\",\"https:\\\/\\\/www.linkedin.com\\\/company\\\/11166072\\\/\"]},{\"@type\":\"Person\",\"@id\":\"https:\\\/\\\/aehm.es\\\/#\\\/schema\\\/person\\\/ca1397f4b0bcee246b58a0278b67a95f\",\"name\":\"richard\",\"image\":{\"@type\":\"ImageObject\",\"inLanguage\":\"en-US\",\"@id\":\"https:\\\/\\\/secure.gravatar.com\\\/avatar\\\/dd2486a811ecc34bf766b7d8b17d0ea76674186c415867af39660e429e20e1a0?s=96&d=mm&r=g\",\"url\":\"https:\\\/\\\/secure.gravatar.com\\\/avatar\\\/dd2486a811ecc34bf766b7d8b17d0ea76674186c415867af39660e429e20e1a0?s=96&d=mm&r=g\",\"contentUrl\":\"https:\\\/\\\/secure.gravatar.com\\\/avatar\\\/dd2486a811ecc34bf766b7d8b17d0ea76674186c415867af39660e429e20e1a0?s=96&d=mm&r=g\",\"caption\":\"richard\"},\"url\":\"https:\\\/\\\/aehm.es\\\/en\\\/author\\\/richard\\\/\"}]}<\/script>\n<!-- \/ Yoast SEO plugin. -->","yoast_head_json":{"title":"La Asociaci\u00f3n en FITUR 2017 (37 A\u00f1os en FITUR) - AEHM","robots":{"index":"index","follow":"follow","max-snippet":"max-snippet:-1","max-image-preview":"max-image-preview:large","max-video-preview":"max-video-preview:-1"},"canonical":"https:\/\/aehm.es\/la-asociacion-en-fitur-2017-37-anos-en-fitur\/","og_locale":"en_US","og_type":"article","og_title":"La Asociaci\u00f3n en FITUR 2017 (37 A\u00f1os en FITUR) - AEHM","og_description":"En su 37\u00aa edici\u00f3n, la AEHM ha estado presente en FITUR 2017 ocupando, dentro del Pabell\u00f3n 10 y junto a las principales empresas tur\u00edsticas hoteleras, un innovador Stand, con casi el doble de espacio, que, un a\u00f1o m\u00e1s, ha patrocinado \u00edntegramente nuestro colaborador GLOBE. Como viene siendo habitual en las \u00faltimas ediciones, las alumnas de [&hellip;]","og_url":"https:\/\/aehm.es\/la-asociacion-en-fitur-2017-37-anos-en-fitur\/","og_site_name":"AEHM","article_publisher":"https:\/\/www.instagram.com\/hotelesdemadrid\/","article_published_time":"2017-01-28T10:15:22+00:00","og_image":[{"width":1890,"height":1417,"url":"https:\/\/aehm.es\/wp-content\/uploads\/2017\/06\/La-AEHM-en-Fitur-2017-1.jpg","type":"image\/jpeg"}],"author":"richard","twitter_card":"summary_large_image","twitter_creator":"@HotelesAEHM","twitter_site":"@HotelesAEHM","twitter_misc":{"Written by":"richard","Est. reading time":"2 minutes"},"schema":{"@context":"https:\/\/schema.org","@graph":[{"@type":"Article","@id":"https:\/\/aehm.es\/la-asociacion-en-fitur-2017-37-anos-en-fitur\/#article","isPartOf":{"@id":"https:\/\/aehm.es\/la-asociacion-en-fitur-2017-37-anos-en-fitur\/"},"author":{"name":"richard","@id":"https:\/\/aehm.es\/#\/schema\/person\/ca1397f4b0bcee246b58a0278b67a95f"},"headline":"La Asociaci\u00f3n en FITUR 2017 (37 A\u00f1os en FITUR)","datePublished":"2017-01-28T10:15:22+00:00","mainEntityOfPage":{"@id":"https:\/\/aehm.es\/la-asociacion-en-fitur-2017-37-anos-en-fitur\/"},"wordCount":392,"commentCount":0,"publisher":{"@id":"https:\/\/aehm.es\/#organization"},"image":{"@id":"https:\/\/aehm.es\/la-asociacion-en-fitur-2017-37-anos-en-fitur\/#primaryimage"},"thumbnailUrl":"https:\/\/aehm.es\/wp-content\/uploads\/2017\/06\/La-AEHM-en-Fitur-2017-1.jpg","articleSection":["Actualidad AEHM"],"inLanguage":"en-US","potentialAction":[{"@type":"CommentAction","name":"Comment","target":["https:\/\/aehm.es\/la-asociacion-en-fitur-2017-37-anos-en-fitur\/#respond"]}]},{"@type":"WebPage","@id":"https:\/\/aehm.es\/la-asociacion-en-fitur-2017-37-anos-en-fitur\/","url":"https:\/\/aehm.es\/la-asociacion-en-fitur-2017-37-anos-en-fitur\/","name":"La Asociaci\u00f3n en FITUR 2017 (37 A\u00f1os en FITUR) - AEHM","isPartOf":{"@id":"https:\/\/aehm.es\/#website"},"primaryImageOfPage":{"@id":"https:\/\/aehm.es\/la-asociacion-en-fitur-2017-37-anos-en-fitur\/#primaryimage"},"image":{"@id":"https:\/\/aehm.es\/la-asociacion-en-fitur-2017-37-anos-en-fitur\/#primaryimage"},"thumbnailUrl":"https:\/\/aehm.es\/wp-content\/uploads\/2017\/06\/La-AEHM-en-Fitur-2017-1.jpg","datePublished":"2017-01-28T10:15:22+00:00","breadcrumb":{"@id":"https:\/\/aehm.es\/la-asociacion-en-fitur-2017-37-anos-en-fitur\/#breadcrumb"},"inLanguage":"en-US","potentialAction":[{"@type":"ReadAction","target":["https:\/\/aehm.es\/la-asociacion-en-fitur-2017-37-anos-en-fitur\/"]}]},{"@type":"ImageObject","inLanguage":"en-US","@id":"https:\/\/aehm.es\/la-asociacion-en-fitur-2017-37-anos-en-fitur\/#primaryimage","url":"https:\/\/aehm.es\/wp-content\/uploads\/2017\/06\/La-AEHM-en-Fitur-2017-1.jpg","contentUrl":"https:\/\/aehm.es\/wp-content\/uploads\/2017\/06\/La-AEHM-en-Fitur-2017-1.jpg","width":1890,"height":1417},{"@type":"BreadcrumbList","@id":"https:\/\/aehm.es\/la-asociacion-en-fitur-2017-37-anos-en-fitur\/#breadcrumb","itemListElement":[{"@type":"ListItem","position":1,"name":"Portada","item":"https:\/\/aehm.es\/en\/"},{"@type":"ListItem","position":2,"name":"La Asociaci\u00f3n en FITUR 2017 (37 A\u00f1os en FITUR)"}]},{"@type":"WebSite","@id":"https:\/\/aehm.es\/#website","url":"https:\/\/aehm.es\/","name":"Asociaci\u00f3n Empresarial Hotelera de Madrid","description":"La Asociaci\u00f3n Empresarial Hotelera Madrid est\u00e1 formada por m\u00e1s de 300 establecimientos de todas las categor\u00edas y tipolog\u00edas (hoteles, hostales, hostels, apartamentos\u2026) que suman m\u00e1s de 75.000 plazas de alojamiento.","publisher":{"@id":"https:\/\/aehm.es\/#organization"},"alternateName":"AEHM","potentialAction":[{"@type":"SearchAction","target":{"@type":"EntryPoint","urlTemplate":"https:\/\/aehm.es\/?s={search_term_string}"},"query-input":{"@type":"PropertyValueSpecification","valueRequired":true,"valueName":"search_term_string"}}],"inLanguage":"en-US"},{"@type":"Organization","@id":"https:\/\/aehm.es\/#organization","name":"Asociaci\u00f3n Empresarial Hotelera de Madrid","url":"https:\/\/aehm.es\/","logo":{"@type":"ImageObject","inLanguage":"en-US","@id":"https:\/\/aehm.es\/#\/schema\/logo\/image\/","url":"https:\/\/aehm.es\/wp-content\/uploads\/2021\/11\/Logo_AEHM_Horiz.png","contentUrl":"https:\/\/aehm.es\/wp-content\/uploads\/2021\/11\/Logo_AEHM_Horiz.png","width":600,"height":182,"caption":"Asociaci\u00f3n Empresarial Hotelera de Madrid"},"image":{"@id":"https:\/\/aehm.es\/#\/schema\/logo\/image\/"},"sameAs":["https:\/\/www.instagram.com\/hotelesdemadrid\/","https:\/\/x.com\/HotelesAEHM","https:\/\/www.linkedin.com\/company\/11166072\/"]},{"@type":"Person","@id":"https:\/\/aehm.es\/#\/schema\/person\/ca1397f4b0bcee246b58a0278b67a95f","name":"richard","image":{"@type":"ImageObject","inLanguage":"en-US","@id":"https:\/\/secure.gravatar.com\/avatar\/dd2486a811ecc34bf766b7d8b17d0ea76674186c415867af39660e429e20e1a0?s=96&d=mm&r=g","url":"https:\/\/secure.gravatar.com\/avatar\/dd2486a811ecc34bf766b7d8b17d0ea76674186c415867af39660e429e20e1a0?s=96&d=mm&r=g","contentUrl":"https:\/\/secure.gravatar.com\/avatar\/dd2486a811ecc34bf766b7d8b17d0ea76674186c415867af39660e429e20e1a0?s=96&d=mm&r=g","caption":"richard"},"url":"https:\/\/aehm.es\/en\/author\/richard\/"}]}},"_links":{"self":[{"href":"https:\/\/aehm.es\/en\/wp-json\/wp\/v2\/posts\/11511","targetHints":{"allow":["GET"]}}],"collection":[{"href":"https:\/\/aehm.es\/en\/wp-json\/wp\/v2\/posts"}],"about":[{"href":"https:\/\/aehm.es\/en\/wp-json\/wp\/v2\/types\/post"}],"author":[{"embeddable":true,"href":"https:\/\/aehm.es\/en\/wp-json\/wp\/v2\/users\/1"}],"replies":[{"embeddable":true,"href":"https:\/\/aehm.es\/en\/wp-json\/wp\/v2\/comments?post=11511"}],"version-history":[{"count":0,"href":"https:\/\/aehm.es\/en\/wp-json\/wp\/v2\/posts\/11511\/revisions"}],"wp:featuredmedia":[{"embeddable":true,"href":"https:\/\/aehm.es\/en\/wp-json\/wp\/v2\/media\/10154"}],"wp:attachment":[{"href":"https:\/\/aehm.es\/en\/wp-json\/wp\/v2\/media?parent=11511"}],"wp:term":[{"taxonomy":"category","embeddable":true,"href":"https:\/\/aehm.es\/en\/wp-json\/wp\/v2\/categories?post=11511"},{"taxonomy":"post_tag","embeddable":true,"href":"https:\/\/aehm.es\/en\/wp-json\/wp\/v2\/tags?post=11511"}],"curies":[{"name":"wp","href":"https:\/\/api.w.org\/{rel}","templated":true}]}}