{"id":11505,"date":"2019-04-30T14:17:59","date_gmt":"2019-04-30T14:17:59","guid":{"rendered":"https:\/\/aehm.es\/?p=5685"},"modified":"2019-04-30T14:17:59","modified_gmt":"2019-04-30T14:17:59","slug":"los-hoteleros-madrilenos-y-unicef-comite-madrid-juntos-en-la-proteccion-de-la-infancia","status":"publish","type":"post","link":"https:\/\/aehm.es\/en\/los-hoteleros-madrilenos-y-unicef-comite-madrid-juntos-en-la-proteccion-de-la-infancia\/","title":{"rendered":"Los hoteleros madrile\u00f1os y UNICEF Comit\u00e9 Madrid, juntos en la protecci\u00f3n de la infancia"},"content":{"rendered":"<ul>\n<li><strong>Un acuerdo entre ambas organizaciones permitir\u00e1 a los establecimientos miembros de la Asociaci\u00f3n Empresarial Hotelera de Madrid (AEHM) conocer el trabajo de UNICEF y participar en su programa Hoteles Amigos<\/strong><\/li>\n<\/ul>\n<ul>\n<li><strong>A trav\u00e9s de esta iniciativa, los clientes de los hoteles de Madrid podr\u00e1n a\u00f1adir de manera voluntaria 1 euro m\u00e1s en su factura, que se destinar\u00e1 \u00edntegramente a los programas de UNICEF en la lucha contra los impactos del cambio clim\u00e1tico en la infancia<\/strong><\/li>\n<\/ul>\n<ul>\n<li><strong>UNICEF proporcionar\u00e1 agua segura mediante la perforaci\u00f3n de pozos, <\/strong><strong>promover\u00e1 la construcci\u00f3n de instalaciones para garantizar un saneamiento adecuado y sensibilizar\u00e1 sobre la importancia de la higiene familiar<\/strong><\/li>\n<\/ul>\n<p><strong>Madrid, 30 de abril de 2019.-<\/strong> La <strong>Asociaci\u00f3n Empresarial Hotelera de Madrid<\/strong> (AEHM) y <strong>UNICEF Comit\u00e9 Madrid<\/strong> han firmado un acuerdo de colaboraci\u00f3n con el objetivo de animar a los hoteles miembros de la AEHM a conocer el trabajo que realiza la organizaci\u00f3n. Adem\u00e1s, en el marco de este convenio, la asociaci\u00f3n difundir\u00e1 el programa <strong>Hoteles Amigos<\/strong> de UNICEF Comit\u00e9 Espa\u00f1ol y tambi\u00e9n se crear\u00e1n espacios de participaci\u00f3n conjunta para estudiar la puesta en marcha de acciones a favor de los colectivos m\u00e1s vulnerables.<\/p>\n<p>Con este acuerdo, la AEHM pretende generar entre sus asociados un <strong>movimiento de turismo responsable<\/strong>, permitiendo a todo el entorno hotelero (clientes, proveedores y empleados) sumarse a este programa para la protecci\u00f3n de la infancia desde el sector tur\u00edstico, y en particular para luchar contra los efectos del cambio clim\u00e1tico en los ni\u00f1os. Gracias a este compromiso, se podr\u00e1 <strong>ampliar el acceso a servicios adecuados de agua, saneamiento e higiene para aquellas familias y comunidades que carecen de ellos.<\/strong>Mediante el programa Hoteles Amigos, que tiene como lema <em>\u2018Hoy puedes cambiar el mundo mientras duermes\u2019<\/em>, los clientes que se alojen en los hoteles de Madrid podr\u00e1n <strong>a\u00f1adir de manera voluntaria 1 euro a su factura<\/strong>, que se destinar\u00e1 \u00edntegramente a programas de agua y saneamiento de UNICEF para combatir el cambio clim\u00e1tico, con el objetivo de prevenir enfermedades entre la poblaci\u00f3n infantil.<\/p>\n<p>De este modo, los <strong>hoteles se convierten en plataformas de comunicaci\u00f3n y movilizaci\u00f3n<\/strong> de clientes para <strong>fomentar la promoci\u00f3n de los derechos de la infancia<\/strong>. Con la intensificaci\u00f3n de las olas de calor, las inundaciones o las sequ\u00edas, y los desastres naturales agravados por el cambio clim\u00e1tico, los sistemas de distribuci\u00f3n de agua (dep\u00f3sitos, tuber\u00edas, fuentes, etc.) quedan en muchas ocasiones destruidos.<\/p>\n<figure id=\"attachment_5686\" aria-describedby=\"caption-attachment-5686\" style=\"width: 636px\" class=\"wp-caption aligncenter\"><img fetchpriority=\"high\" decoding=\"async\" class=\"wp-image-5686 size-full\" src=\"https:\/\/aehm.es\/wp-content\/uploads\/2019\/04\/Firma-convenio-AEHM-y-UNICEF-Comit\u00e9-Madrid.jpg\" alt=\"\" width=\"636\" height=\"461\" \/><figcaption id=\"caption-attachment-5686\" class=\"wp-caption-text\">A la izquierda, el presidente de la AEHM, Gabriel Garc\u00eda. A su lado, el presidente de UNICEF Comit\u00e9 Madrid, Manuel L\u00f3pez de Miguel.<\/figcaption><\/figure>\n<p>Adem\u00e1s, estos fen\u00f3menos dejan a su paso aguas contaminadas que ponen en peligro las vidas de los ni\u00f1os debido a brotes de enfermedades como el c\u00f3lera o la diarrea. <strong>Cada d\u00eda, 4.000 menores de edad mueren debido a la falta de agua potable y sistemas de saneamiento adecuados.<\/strong> Una problem\u00e1tica que se ve agravada por el cambio clim\u00e1tico, cuyo impacto podr\u00eda afectar durante la pr\u00f3xima d\u00e9cada a 175 millones de ni\u00f1os.<\/p>\n<p>Con la recaudaci\u00f3n que se obtenga del programa Hoteles Amigos, UNICEF Comit\u00e9 Espa\u00f1ol <strong>proporcionar\u00e1 agua segura a trav\u00e9s de la perforaci\u00f3n de pozos, de la instalaci\u00f3n de bombas manuales o solares, y de la aplicaci\u00f3n de tecnolog\u00edas adaptadas al cambio clim\u00e1tico en los pa\u00edses en desarrollo<\/strong>. Asimismo, promover\u00e1 la <strong>construcci\u00f3n de instalaciones para garantizar el saneamiento adecuado<\/strong> y <strong>sensibilizar\u00e1 sobre la importancia de la higiene familiar, <\/strong>ya que es determinante a la hora de reducir el \u00edndice de mortalidad infantil.<\/p>\n<blockquote><p><em>Este acuerdo es una muestra m\u00e1s del compromiso que mantiene el sector hotelero con el turismo sostenible y con la infancia de las zonas m\u00e1s desfavorecidas del planeta.<\/em><\/p><\/blockquote>\n<p><em>\u201cEste acuerdo es una muestra m\u00e1s del compromiso que mantiene el sector hotelero con el turismo sostenible y con la infancia de las zonas m\u00e1s desfavorecidas del planeta. Tenemos la suerte de pertenecer a una industria referente a nivel mundial y que es capaz de transmitir un mensaje como este al gran n\u00famero de personas que se alojan en nuestros establecimientos cada d\u00eda. Queremos implicarnos en esta iniciativa porque, junto a UNICEF, podemos ayudar a que muchos ni\u00f1os y ni\u00f1as puedan estar protegidos\u201d,<\/em> ha se\u00f1alado el <strong>presidente<\/strong> <strong>de la AEHM<\/strong>, Gabriel Garc\u00eda.<\/p>\n<p>Seg\u00fan<strong> el presidente de UNICEF Comit\u00e9 Madrid<\/strong>, Manuel L\u00f3pez de Miguel<strong>,<\/strong><em> \u201cestamos muy satisfechos e ilusionados con esta alianza con la AEHM, que sin duda ayudar\u00e1 a impulsar este movimiento de turismo responsable en el que pueden participar todas las empresas del sector y, por supuesto, sus clientes y empleados. Juntos podemos hacer grandes cosas por los ni\u00f1os y ni\u00f1as m\u00e1s desfavorecidos\u201d.<\/em><\/p>\n","protected":false},"excerpt":{"rendered":"<p>Un acuerdo entre ambas organizaciones permitir\u00e1 a los establecimientos miembros de la Asociaci\u00f3n Empresarial Hotelera de Madrid (AEHM) conocer el trabajo de UNICEF y participar en su programa Hoteles Amigos A trav\u00e9s de esta iniciativa, los clientes de los hoteles de Madrid podr\u00e1n a\u00f1adir de manera voluntaria 1 euro m\u00e1s en su factura, que se [&hellip;]<\/p>\n","protected":false},"author":1,"featured_media":10931,"comment_status":"open","ping_status":"open","sticky":false,"template":"","format":"standard","meta":{"footnotes":""},"categories":[1],"tags":[],"class_list":["post-11505","post","type-post","status-publish","format-standard","has-post-thumbnail","hentry","category-actualidad-aehm"],"yoast_head":"<!-- This site is optimized with the Yoast SEO plugin v27.5 - https:\/\/yoast.com\/product\/yoast-seo-wordpress\/ -->\n<title>Los hoteleros madrile\u00f1os y UNICEF Comit\u00e9 Madrid, juntos en la protecci\u00f3n de la infancia - AEHM<\/title>\n<meta name=\"description\" content=\"La AEHM y UNICEF Comit\u00e9 Madrid han firmado un acuerdo de colaboraci\u00f3n con el objetivo de animar a los hoteles miembros de la AEHM a conocer el trabajo que realiza la organizaci\u00f3n.\" \/>\n<meta name=\"robots\" content=\"index, follow, max-snippet:-1, max-image-preview:large, max-video-preview:-1\" \/>\n<link rel=\"canonical\" href=\"https:\/\/aehm.es\/los-hoteleros-madrilenos-y-unicef-comite-madrid-juntos-en-la-proteccion-de-la-infancia\/\" \/>\n<meta property=\"og:locale\" content=\"en_US\" \/>\n<meta property=\"og:type\" content=\"article\" \/>\n<meta property=\"og:title\" content=\"Los hoteleros madrile\u00f1os y UNICEF Comit\u00e9 Madrid, juntos en la protecci\u00f3n de la infancia\" \/>\n<meta property=\"og:description\" content=\"La AEHM y UNICEF Comit\u00e9 Madrid han firmado un acuerdo de colaboraci\u00f3n con el objetivo de animar a los hoteles miembros de la AEHM a conocer el trabajo que realiza la organizaci\u00f3n.\" \/>\n<meta property=\"og:url\" content=\"https:\/\/aehm.es\/los-hoteleros-madrilenos-y-unicef-comite-madrid-juntos-en-la-proteccion-de-la-infancia\/\" \/>\n<meta property=\"og:site_name\" content=\"AEHM\" \/>\n<meta property=\"article:publisher\" content=\"https:\/\/www.instagram.com\/hotelesdemadrid\/\" \/>\n<meta property=\"article:published_time\" content=\"2019-04-30T14:17:59+00:00\" \/>\n<meta name=\"author\" content=\"richard\" \/>\n<meta name=\"twitter:card\" content=\"summary_large_image\" \/>\n<meta name=\"twitter:title\" content=\"Los hoteleros madrile\u00f1os y UNICEF Comit\u00e9 Madrid, juntos en la protecci\u00f3n de la infancia\" \/>\n<meta name=\"twitter:description\" content=\"La AEHM y UNICEF Comit\u00e9 Madrid han firmado un acuerdo de colaboraci\u00f3n con el objetivo de animar a los hoteles miembros de la AEHM a conocer el trabajo que realiza la organizaci\u00f3n.\" \/>\n<meta name=\"twitter:creator\" content=\"@HotelesAEHM\" \/>\n<meta name=\"twitter:site\" content=\"@HotelesAEHM\" \/>\n<meta name=\"twitter:label1\" content=\"Written by\" \/>\n\t<meta name=\"twitter:data1\" content=\"richard\" \/>\n\t<meta name=\"twitter:label2\" content=\"Est. reading time\" \/>\n\t<meta name=\"twitter:data2\" content=\"4 minutes\" \/>\n<script type=\"application\/ld+json\" class=\"yoast-schema-graph\">{\"@context\":\"https:\\\/\\\/schema.org\",\"@graph\":[{\"@type\":\"Article\",\"@id\":\"https:\\\/\\\/aehm.es\\\/los-hoteleros-madrilenos-y-unicef-comite-madrid-juntos-en-la-proteccion-de-la-infancia\\\/#article\",\"isPartOf\":{\"@id\":\"https:\\\/\\\/aehm.es\\\/los-hoteleros-madrilenos-y-unicef-comite-madrid-juntos-en-la-proteccion-de-la-infancia\\\/\"},\"author\":{\"name\":\"richard\",\"@id\":\"https:\\\/\\\/aehm.es\\\/#\\\/schema\\\/person\\\/ca1397f4b0bcee246b58a0278b67a95f\"},\"headline\":\"Los hoteleros madrile\u00f1os y UNICEF Comit\u00e9 Madrid, juntos en la protecci\u00f3n de la infancia\",\"datePublished\":\"2019-04-30T14:17:59+00:00\",\"mainEntityOfPage\":{\"@id\":\"https:\\\/\\\/aehm.es\\\/los-hoteleros-madrilenos-y-unicef-comite-madrid-juntos-en-la-proteccion-de-la-infancia\\\/\"},\"wordCount\":837,\"commentCount\":0,\"publisher\":{\"@id\":\"https:\\\/\\\/aehm.es\\\/#organization\"},\"image\":{\"@id\":\"https:\\\/\\\/aehm.es\\\/los-hoteleros-madrilenos-y-unicef-comite-madrid-juntos-en-la-proteccion-de-la-infancia\\\/#primaryimage\"},\"thumbnailUrl\":\"https:\\\/\\\/aehm.es\\\/wp-content\\\/uploads\\\/2019\\\/04\\\/Firma-convenio-AEHM-y-UNICEF-Comite-Madrid.jpg\",\"articleSection\":[\"Actualidad AEHM\"],\"inLanguage\":\"en-US\",\"potentialAction\":[{\"@type\":\"CommentAction\",\"name\":\"Comment\",\"target\":[\"https:\\\/\\\/aehm.es\\\/los-hoteleros-madrilenos-y-unicef-comite-madrid-juntos-en-la-proteccion-de-la-infancia\\\/#respond\"]}]},{\"@type\":\"WebPage\",\"@id\":\"https:\\\/\\\/aehm.es\\\/los-hoteleros-madrilenos-y-unicef-comite-madrid-juntos-en-la-proteccion-de-la-infancia\\\/\",\"url\":\"https:\\\/\\\/aehm.es\\\/los-hoteleros-madrilenos-y-unicef-comite-madrid-juntos-en-la-proteccion-de-la-infancia\\\/\",\"name\":\"Los hoteleros madrile\u00f1os y UNICEF Comit\u00e9 Madrid, juntos en la protecci\u00f3n de la infancia - AEHM\",\"isPartOf\":{\"@id\":\"https:\\\/\\\/aehm.es\\\/#website\"},\"primaryImageOfPage\":{\"@id\":\"https:\\\/\\\/aehm.es\\\/los-hoteleros-madrilenos-y-unicef-comite-madrid-juntos-en-la-proteccion-de-la-infancia\\\/#primaryimage\"},\"image\":{\"@id\":\"https:\\\/\\\/aehm.es\\\/los-hoteleros-madrilenos-y-unicef-comite-madrid-juntos-en-la-proteccion-de-la-infancia\\\/#primaryimage\"},\"thumbnailUrl\":\"https:\\\/\\\/aehm.es\\\/wp-content\\\/uploads\\\/2019\\\/04\\\/Firma-convenio-AEHM-y-UNICEF-Comite-Madrid.jpg\",\"datePublished\":\"2019-04-30T14:17:59+00:00\",\"description\":\"La AEHM y UNICEF Comit\u00e9 Madrid han firmado un acuerdo de colaboraci\u00f3n con el objetivo de animar a los hoteles miembros de la AEHM a conocer el trabajo que realiza la organizaci\u00f3n.\",\"breadcrumb\":{\"@id\":\"https:\\\/\\\/aehm.es\\\/los-hoteleros-madrilenos-y-unicef-comite-madrid-juntos-en-la-proteccion-de-la-infancia\\\/#breadcrumb\"},\"inLanguage\":\"en-US\",\"potentialAction\":[{\"@type\":\"ReadAction\",\"target\":[\"https:\\\/\\\/aehm.es\\\/los-hoteleros-madrilenos-y-unicef-comite-madrid-juntos-en-la-proteccion-de-la-infancia\\\/\"]}]},{\"@type\":\"ImageObject\",\"inLanguage\":\"en-US\",\"@id\":\"https:\\\/\\\/aehm.es\\\/los-hoteleros-madrilenos-y-unicef-comite-madrid-juntos-en-la-proteccion-de-la-infancia\\\/#primaryimage\",\"url\":\"https:\\\/\\\/aehm.es\\\/wp-content\\\/uploads\\\/2019\\\/04\\\/Firma-convenio-AEHM-y-UNICEF-Comite-Madrid.jpg\",\"contentUrl\":\"https:\\\/\\\/aehm.es\\\/wp-content\\\/uploads\\\/2019\\\/04\\\/Firma-convenio-AEHM-y-UNICEF-Comite-Madrid.jpg\",\"width\":636,\"height\":461},{\"@type\":\"BreadcrumbList\",\"@id\":\"https:\\\/\\\/aehm.es\\\/los-hoteleros-madrilenos-y-unicef-comite-madrid-juntos-en-la-proteccion-de-la-infancia\\\/#breadcrumb\",\"itemListElement\":[{\"@type\":\"ListItem\",\"position\":1,\"name\":\"Portada\",\"item\":\"https:\\\/\\\/aehm.es\\\/en\\\/\"},{\"@type\":\"ListItem\",\"position\":2,\"name\":\"Los hoteleros madrile\u00f1os y UNICEF Comit\u00e9 Madrid, juntos en la protecci\u00f3n de la infancia\"}]},{\"@type\":\"WebSite\",\"@id\":\"https:\\\/\\\/aehm.es\\\/#website\",\"url\":\"https:\\\/\\\/aehm.es\\\/\",\"name\":\"Asociaci\u00f3n Empresarial Hotelera de Madrid\",\"description\":\"La Asociaci\u00f3n Empresarial Hotelera Madrid est\u00e1 formada por m\u00e1s de 300 establecimientos de todas las categor\u00edas y tipolog\u00edas (hoteles, hostales, hostels, apartamentos\u2026) que suman m\u00e1s de 75.000 plazas de alojamiento.\",\"publisher\":{\"@id\":\"https:\\\/\\\/aehm.es\\\/#organization\"},\"alternateName\":\"AEHM\",\"potentialAction\":[{\"@type\":\"SearchAction\",\"target\":{\"@type\":\"EntryPoint\",\"urlTemplate\":\"https:\\\/\\\/aehm.es\\\/?s={search_term_string}\"},\"query-input\":{\"@type\":\"PropertyValueSpecification\",\"valueRequired\":true,\"valueName\":\"search_term_string\"}}],\"inLanguage\":\"en-US\"},{\"@type\":\"Organization\",\"@id\":\"https:\\\/\\\/aehm.es\\\/#organization\",\"name\":\"Asociaci\u00f3n Empresarial Hotelera de Madrid\",\"url\":\"https:\\\/\\\/aehm.es\\\/\",\"logo\":{\"@type\":\"ImageObject\",\"inLanguage\":\"en-US\",\"@id\":\"https:\\\/\\\/aehm.es\\\/#\\\/schema\\\/logo\\\/image\\\/\",\"url\":\"https:\\\/\\\/aehm.es\\\/wp-content\\\/uploads\\\/2021\\\/11\\\/Logo_AEHM_Horiz.png\",\"contentUrl\":\"https:\\\/\\\/aehm.es\\\/wp-content\\\/uploads\\\/2021\\\/11\\\/Logo_AEHM_Horiz.png\",\"width\":600,\"height\":182,\"caption\":\"Asociaci\u00f3n Empresarial Hotelera de Madrid\"},\"image\":{\"@id\":\"https:\\\/\\\/aehm.es\\\/#\\\/schema\\\/logo\\\/image\\\/\"},\"sameAs\":[\"https:\\\/\\\/www.instagram.com\\\/hotelesdemadrid\\\/\",\"https:\\\/\\\/x.com\\\/HotelesAEHM\",\"https:\\\/\\\/www.linkedin.com\\\/company\\\/11166072\\\/\"]},{\"@type\":\"Person\",\"@id\":\"https:\\\/\\\/aehm.es\\\/#\\\/schema\\\/person\\\/ca1397f4b0bcee246b58a0278b67a95f\",\"name\":\"richard\",\"image\":{\"@type\":\"ImageObject\",\"inLanguage\":\"en-US\",\"@id\":\"https:\\\/\\\/secure.gravatar.com\\\/avatar\\\/dd2486a811ecc34bf766b7d8b17d0ea76674186c415867af39660e429e20e1a0?s=96&d=mm&r=g\",\"url\":\"https:\\\/\\\/secure.gravatar.com\\\/avatar\\\/dd2486a811ecc34bf766b7d8b17d0ea76674186c415867af39660e429e20e1a0?s=96&d=mm&r=g\",\"contentUrl\":\"https:\\\/\\\/secure.gravatar.com\\\/avatar\\\/dd2486a811ecc34bf766b7d8b17d0ea76674186c415867af39660e429e20e1a0?s=96&d=mm&r=g\",\"caption\":\"richard\"},\"url\":\"https:\\\/\\\/aehm.es\\\/en\\\/author\\\/richard\\\/\"}]}<\/script>\n<!-- \/ Yoast SEO plugin. -->","yoast_head_json":{"title":"Los hoteleros madrile\u00f1os y UNICEF Comit\u00e9 Madrid, juntos en la protecci\u00f3n de la infancia - AEHM","description":"La AEHM y UNICEF Comit\u00e9 Madrid han firmado un acuerdo de colaboraci\u00f3n con el objetivo de animar a los hoteles miembros de la AEHM a conocer el trabajo que realiza la organizaci\u00f3n.","robots":{"index":"index","follow":"follow","max-snippet":"max-snippet:-1","max-image-preview":"max-image-preview:large","max-video-preview":"max-video-preview:-1"},"canonical":"https:\/\/aehm.es\/los-hoteleros-madrilenos-y-unicef-comite-madrid-juntos-en-la-proteccion-de-la-infancia\/","og_locale":"en_US","og_type":"article","og_title":"Los hoteleros madrile\u00f1os y UNICEF Comit\u00e9 Madrid, juntos en la protecci\u00f3n de la infancia","og_description":"La AEHM y UNICEF Comit\u00e9 Madrid han firmado un acuerdo de colaboraci\u00f3n con el objetivo de animar a los hoteles miembros de la AEHM a conocer el trabajo que realiza la organizaci\u00f3n.","og_url":"https:\/\/aehm.es\/los-hoteleros-madrilenos-y-unicef-comite-madrid-juntos-en-la-proteccion-de-la-infancia\/","og_site_name":"AEHM","article_publisher":"https:\/\/www.instagram.com\/hotelesdemadrid\/","article_published_time":"2019-04-30T14:17:59+00:00","author":"richard","twitter_card":"summary_large_image","twitter_title":"Los hoteleros madrile\u00f1os y UNICEF Comit\u00e9 Madrid, juntos en la protecci\u00f3n de la infancia","twitter_description":"La AEHM y UNICEF Comit\u00e9 Madrid han firmado un acuerdo de colaboraci\u00f3n con el objetivo de animar a los hoteles miembros de la AEHM a conocer el trabajo que realiza la organizaci\u00f3n.","twitter_creator":"@HotelesAEHM","twitter_site":"@HotelesAEHM","twitter_misc":{"Written by":"richard","Est. reading time":"4 minutes"},"schema":{"@context":"https:\/\/schema.org","@graph":[{"@type":"Article","@id":"https:\/\/aehm.es\/los-hoteleros-madrilenos-y-unicef-comite-madrid-juntos-en-la-proteccion-de-la-infancia\/#article","isPartOf":{"@id":"https:\/\/aehm.es\/los-hoteleros-madrilenos-y-unicef-comite-madrid-juntos-en-la-proteccion-de-la-infancia\/"},"author":{"name":"richard","@id":"https:\/\/aehm.es\/#\/schema\/person\/ca1397f4b0bcee246b58a0278b67a95f"},"headline":"Los hoteleros madrile\u00f1os y UNICEF Comit\u00e9 Madrid, juntos en la protecci\u00f3n de la infancia","datePublished":"2019-04-30T14:17:59+00:00","mainEntityOfPage":{"@id":"https:\/\/aehm.es\/los-hoteleros-madrilenos-y-unicef-comite-madrid-juntos-en-la-proteccion-de-la-infancia\/"},"wordCount":837,"commentCount":0,"publisher":{"@id":"https:\/\/aehm.es\/#organization"},"image":{"@id":"https:\/\/aehm.es\/los-hoteleros-madrilenos-y-unicef-comite-madrid-juntos-en-la-proteccion-de-la-infancia\/#primaryimage"},"thumbnailUrl":"https:\/\/aehm.es\/wp-content\/uploads\/2019\/04\/Firma-convenio-AEHM-y-UNICEF-Comite-Madrid.jpg","articleSection":["Actualidad AEHM"],"inLanguage":"en-US","potentialAction":[{"@type":"CommentAction","name":"Comment","target":["https:\/\/aehm.es\/los-hoteleros-madrilenos-y-unicef-comite-madrid-juntos-en-la-proteccion-de-la-infancia\/#respond"]}]},{"@type":"WebPage","@id":"https:\/\/aehm.es\/los-hoteleros-madrilenos-y-unicef-comite-madrid-juntos-en-la-proteccion-de-la-infancia\/","url":"https:\/\/aehm.es\/los-hoteleros-madrilenos-y-unicef-comite-madrid-juntos-en-la-proteccion-de-la-infancia\/","name":"Los hoteleros madrile\u00f1os y UNICEF Comit\u00e9 Madrid, juntos en la protecci\u00f3n de la infancia - AEHM","isPartOf":{"@id":"https:\/\/aehm.es\/#website"},"primaryImageOfPage":{"@id":"https:\/\/aehm.es\/los-hoteleros-madrilenos-y-unicef-comite-madrid-juntos-en-la-proteccion-de-la-infancia\/#primaryimage"},"image":{"@id":"https:\/\/aehm.es\/los-hoteleros-madrilenos-y-unicef-comite-madrid-juntos-en-la-proteccion-de-la-infancia\/#primaryimage"},"thumbnailUrl":"https:\/\/aehm.es\/wp-content\/uploads\/2019\/04\/Firma-convenio-AEHM-y-UNICEF-Comite-Madrid.jpg","datePublished":"2019-04-30T14:17:59+00:00","description":"La AEHM y UNICEF Comit\u00e9 Madrid han firmado un acuerdo de colaboraci\u00f3n con el objetivo de animar a los hoteles miembros de la AEHM a conocer el trabajo que realiza la organizaci\u00f3n.","breadcrumb":{"@id":"https:\/\/aehm.es\/los-hoteleros-madrilenos-y-unicef-comite-madrid-juntos-en-la-proteccion-de-la-infancia\/#breadcrumb"},"inLanguage":"en-US","potentialAction":[{"@type":"ReadAction","target":["https:\/\/aehm.es\/los-hoteleros-madrilenos-y-unicef-comite-madrid-juntos-en-la-proteccion-de-la-infancia\/"]}]},{"@type":"ImageObject","inLanguage":"en-US","@id":"https:\/\/aehm.es\/los-hoteleros-madrilenos-y-unicef-comite-madrid-juntos-en-la-proteccion-de-la-infancia\/#primaryimage","url":"https:\/\/aehm.es\/wp-content\/uploads\/2019\/04\/Firma-convenio-AEHM-y-UNICEF-Comite-Madrid.jpg","contentUrl":"https:\/\/aehm.es\/wp-content\/uploads\/2019\/04\/Firma-convenio-AEHM-y-UNICEF-Comite-Madrid.jpg","width":636,"height":461},{"@type":"BreadcrumbList","@id":"https:\/\/aehm.es\/los-hoteleros-madrilenos-y-unicef-comite-madrid-juntos-en-la-proteccion-de-la-infancia\/#breadcrumb","itemListElement":[{"@type":"ListItem","position":1,"name":"Portada","item":"https:\/\/aehm.es\/en\/"},{"@type":"ListItem","position":2,"name":"Los hoteleros madrile\u00f1os y UNICEF Comit\u00e9 Madrid, juntos en la protecci\u00f3n de la infancia"}]},{"@type":"WebSite","@id":"https:\/\/aehm.es\/#website","url":"https:\/\/aehm.es\/","name":"Asociaci\u00f3n Empresarial Hotelera de Madrid","description":"La Asociaci\u00f3n Empresarial Hotelera Madrid est\u00e1 formada por m\u00e1s de 300 establecimientos de todas las categor\u00edas y tipolog\u00edas (hoteles, hostales, hostels, apartamentos\u2026) que suman m\u00e1s de 75.000 plazas de alojamiento.","publisher":{"@id":"https:\/\/aehm.es\/#organization"},"alternateName":"AEHM","potentialAction":[{"@type":"SearchAction","target":{"@type":"EntryPoint","urlTemplate":"https:\/\/aehm.es\/?s={search_term_string}"},"query-input":{"@type":"PropertyValueSpecification","valueRequired":true,"valueName":"search_term_string"}}],"inLanguage":"en-US"},{"@type":"Organization","@id":"https:\/\/aehm.es\/#organization","name":"Asociaci\u00f3n Empresarial Hotelera de Madrid","url":"https:\/\/aehm.es\/","logo":{"@type":"ImageObject","inLanguage":"en-US","@id":"https:\/\/aehm.es\/#\/schema\/logo\/image\/","url":"https:\/\/aehm.es\/wp-content\/uploads\/2021\/11\/Logo_AEHM_Horiz.png","contentUrl":"https:\/\/aehm.es\/wp-content\/uploads\/2021\/11\/Logo_AEHM_Horiz.png","width":600,"height":182,"caption":"Asociaci\u00f3n Empresarial Hotelera de Madrid"},"image":{"@id":"https:\/\/aehm.es\/#\/schema\/logo\/image\/"},"sameAs":["https:\/\/www.instagram.com\/hotelesdemadrid\/","https:\/\/x.com\/HotelesAEHM","https:\/\/www.linkedin.com\/company\/11166072\/"]},{"@type":"Person","@id":"https:\/\/aehm.es\/#\/schema\/person\/ca1397f4b0bcee246b58a0278b67a95f","name":"richard","image":{"@type":"ImageObject","inLanguage":"en-US","@id":"https:\/\/secure.gravatar.com\/avatar\/dd2486a811ecc34bf766b7d8b17d0ea76674186c415867af39660e429e20e1a0?s=96&d=mm&r=g","url":"https:\/\/secure.gravatar.com\/avatar\/dd2486a811ecc34bf766b7d8b17d0ea76674186c415867af39660e429e20e1a0?s=96&d=mm&r=g","contentUrl":"https:\/\/secure.gravatar.com\/avatar\/dd2486a811ecc34bf766b7d8b17d0ea76674186c415867af39660e429e20e1a0?s=96&d=mm&r=g","caption":"richard"},"url":"https:\/\/aehm.es\/en\/author\/richard\/"}]}},"_links":{"self":[{"href":"https:\/\/aehm.es\/en\/wp-json\/wp\/v2\/posts\/11505","targetHints":{"allow":["GET"]}}],"collection":[{"href":"https:\/\/aehm.es\/en\/wp-json\/wp\/v2\/posts"}],"about":[{"href":"https:\/\/aehm.es\/en\/wp-json\/wp\/v2\/types\/post"}],"author":[{"embeddable":true,"href":"https:\/\/aehm.es\/en\/wp-json\/wp\/v2\/users\/1"}],"replies":[{"embeddable":true,"href":"https:\/\/aehm.es\/en\/wp-json\/wp\/v2\/comments?post=11505"}],"version-history":[{"count":0,"href":"https:\/\/aehm.es\/en\/wp-json\/wp\/v2\/posts\/11505\/revisions"}],"wp:featuredmedia":[{"embeddable":true,"href":"https:\/\/aehm.es\/en\/wp-json\/wp\/v2\/media\/10931"}],"wp:attachment":[{"href":"https:\/\/aehm.es\/en\/wp-json\/wp\/v2\/media?parent=11505"}],"wp:term":[{"taxonomy":"category","embeddable":true,"href":"https:\/\/aehm.es\/en\/wp-json\/wp\/v2\/categories?post=11505"},{"taxonomy":"post_tag","embeddable":true,"href":"https:\/\/aehm.es\/en\/wp-json\/wp\/v2\/tags?post=11505"}],"curies":[{"name":"wp","href":"https:\/\/api.w.org\/{rel}","templated":true}]}}