{"id":11504,"date":"2019-04-24T14:45:04","date_gmt":"2019-04-24T14:45:04","guid":{"rendered":"https:\/\/aehm.es\/?p=5668"},"modified":"2019-04-24T14:45:04","modified_gmt":"2019-04-24T14:45:04","slug":"los-hoteleros-madrilenos-alcanzan-sus-previsiones-de-ocupacion-durante-semana-santa","status":"publish","type":"post","link":"https:\/\/aehm.es\/en\/los-hoteleros-madrilenos-alcanzan-sus-previsiones-de-ocupacion-durante-semana-santa\/","title":{"rendered":"Los hoteleros madrile\u00f1os alcanzan sus previsiones de ocupaci\u00f3n durante Semana Santa"},"content":{"rendered":"<ul>\n<li><strong>Seg\u00fan la Asociaci\u00f3n Empresarial Hotelera de Madrid, los establecimientos han registrado una ocupaci\u00f3n media pr\u00f3xima al 84%, un +0,85% por encima de los datos alcanzados el pasado a\u00f1o<\/strong><\/li>\n<\/ul>\n<ul>\n<li><strong>La estancia media ha girado en torno a los tres o cuatro d\u00edas y la mayor\u00eda de turistas han sido nacionales, aunque cada vez son m\u00e1s los viajeros internacionales que deciden visitar tambi\u00e9n el destino en estas fechas festivas<\/strong><\/li>\n<\/ul>\n<p><strong>Madrid, 24 de abril de 2018.-<\/strong> Los hoteles de Madrid <strong>han alcanzado sus previsiones de ocupaci\u00f3n durante Semana Santa<\/strong>, dado que las reservas se han situado muy pr\u00f3ximas al 84% estimado por la <strong>Asociaci\u00f3n Empresarial Hotelera de Madrid<\/strong> (AEHM) a pocos d\u00edas de que diera comienzo esta festividad.<\/p>\n<p>Tras realizar una encuesta entre sus asociados, la AEHM ha informado de que la <strong>ocupaci\u00f3n media entre el jueves 18 y el domingo 21 de abril fue exactamente del 83,79%<\/strong>; un dato que est\u00e1 un <strong>+0,85%<\/strong> por encima de los resultados obtenidos el pasado a\u00f1o, cuando este porcentaje fue del 83,08%.<\/p>\n<p>En este sentido, cabe se\u00f1alar que el d\u00eda con mayor volumen de reservas fue el s\u00e1bado y que la estancia media gir\u00f3 en torno a los tres o cuatro d\u00edas. Respecto a la procedencia de los turistas, tal y como indic\u00f3 la Asociaci\u00f3n, el <strong>ranking de llegadas lo sigue encabezando el turista nacional<\/strong>, aunque cada vez son m\u00e1s los <strong>viajeros internacionales<\/strong> que deciden visitar el destino tambi\u00e9n en estas fechas.<\/p>\n<p><em>\u201cEstos resultados ponen de manifiesto que la Semana Santa se ha consolidado como uno de los momentos del a\u00f1o con mayor volumen de ocupaci\u00f3n hotelera, ya que a pesar de que las previsiones climatol\u00f3gicas para esos d\u00edas no fueron favorables, se mantuvieron las reservas realizas por los viajeros\u201d<\/em>, ha se\u00f1alado la <strong>secretaria general de la AEHM<\/strong>, Mar de Miguel.<\/p>\n<p>Escucha aqu\u00ed las declaraciones de la secretaria general de la AEHM, Mar de Miguel:<\/p>\n<audio class=\"wp-audio-shortcode\" id=\"audio-11504-1\" preload=\"none\" style=\"width: 100%;\" controls=\"controls\"><source type=\"audio\/mpeg\" src=\"https:\/\/aehm.es\/wp-content\/uploads\/2019\/04\/Balance-Semana-Santa.-Secretaria-general-AEHM-online-audio-converter.com_-1.mp3?_=1\" \/><a href=\"https:\/\/aehm.es\/wp-content\/uploads\/2019\/04\/Balance-Semana-Santa.-Secretaria-general-AEHM-online-audio-converter.com_-1.mp3\">https:\/\/aehm.es\/wp-content\/uploads\/2019\/04\/Balance-Semana-Santa.-Secretaria-general-AEHM-online-audio-converter.com_-1.mp3<\/a><\/audio>\n","protected":false},"excerpt":{"rendered":"<p>Seg\u00fan la Asociaci\u00f3n Empresarial Hotelera de Madrid, los establecimientos han registrado una ocupaci\u00f3n media pr\u00f3xima al 84%, un +0,85% por encima de los datos alcanzados el pasado a\u00f1o La estancia media ha girado en torno a los tres o cuatro d\u00edas y la mayor\u00eda de turistas han sido nacionales, aunque cada vez son m\u00e1s los [&hellip;]<\/p>\n","protected":false},"author":1,"featured_media":10162,"comment_status":"open","ping_status":"open","sticky":false,"template":"","format":"standard","meta":{"footnotes":""},"categories":[1],"tags":[],"class_list":["post-11504","post","type-post","status-publish","format-standard","has-post-thumbnail","hentry","category-actualidad-aehm"],"yoast_head":"<!-- This site is optimized with the Yoast SEO plugin v27.5 - https:\/\/yoast.com\/product\/yoast-seo-wordpress\/ -->\n<title>Los hoteleros madrile\u00f1os alcanzan sus previsiones de ocupaci\u00f3n durante Semana Santa - AEHM<\/title>\n<meta name=\"description\" content=\"Seg\u00fan la Asociaci\u00f3n Empresarial Hotelera de Madrid, los establecimientos han registrado una ocupaci\u00f3n media pr\u00f3xima al 84%, un +0,85% por encima de los datos alcanzados el pasado a\u00f1o\" \/>\n<meta name=\"robots\" content=\"index, follow, max-snippet:-1, max-image-preview:large, max-video-preview:-1\" \/>\n<link rel=\"canonical\" href=\"https:\/\/aehm.es\/los-hoteleros-madrilenos-alcanzan-sus-previsiones-de-ocupacion-durante-semana-santa\/\" \/>\n<meta property=\"og:locale\" content=\"en_US\" \/>\n<meta property=\"og:type\" content=\"article\" \/>\n<meta property=\"og:title\" content=\"Los hoteleros madrile\u00f1os alcanzan sus previsiones de ocupaci\u00f3n durante Semana Santa\" \/>\n<meta property=\"og:description\" content=\"Seg\u00fan la Asociaci\u00f3n Empresarial Hotelera de Madrid, los establecimientos han registrado una ocupaci\u00f3n media pr\u00f3xima al 84%, un +0,85% por encima de los datos alcanzados el pasado a\u00f1o\" \/>\n<meta property=\"og:url\" content=\"https:\/\/aehm.es\/los-hoteleros-madrilenos-alcanzan-sus-previsiones-de-ocupacion-durante-semana-santa\/\" \/>\n<meta property=\"og:site_name\" content=\"AEHM\" \/>\n<meta property=\"article:publisher\" content=\"https:\/\/www.instagram.com\/hotelesdemadrid\/\" \/>\n<meta property=\"article:published_time\" content=\"2019-04-24T14:45:04+00:00\" \/>\n<meta name=\"author\" content=\"richard\" \/>\n<meta name=\"twitter:card\" content=\"summary_large_image\" \/>\n<meta name=\"twitter:title\" content=\"Los hoteleros madrile\u00f1os alcanzan sus previsiones de ocupaci\u00f3n durante Semana Santa\" \/>\n<meta name=\"twitter:description\" content=\"Seg\u00fan la Asociaci\u00f3n Empresarial Hotelera de Madrid, los establecimientos han registrado una ocupaci\u00f3n media pr\u00f3xima al 84%, un +0,85% por encima de los datos alcanzados el pasado a\u00f1o\" \/>\n<meta name=\"twitter:creator\" content=\"@HotelesAEHM\" \/>\n<meta name=\"twitter:site\" content=\"@HotelesAEHM\" \/>\n<meta name=\"twitter:label1\" content=\"Written by\" \/>\n\t<meta name=\"twitter:data1\" content=\"richard\" \/>\n\t<meta name=\"twitter:label2\" content=\"Est. reading time\" \/>\n\t<meta name=\"twitter:data2\" content=\"2 minutes\" \/>\n<script type=\"application\/ld+json\" class=\"yoast-schema-graph\">{\"@context\":\"https:\\\/\\\/schema.org\",\"@graph\":[{\"@type\":\"Article\",\"@id\":\"https:\\\/\\\/aehm.es\\\/los-hoteleros-madrilenos-alcanzan-sus-previsiones-de-ocupacion-durante-semana-santa\\\/#article\",\"isPartOf\":{\"@id\":\"https:\\\/\\\/aehm.es\\\/los-hoteleros-madrilenos-alcanzan-sus-previsiones-de-ocupacion-durante-semana-santa\\\/\"},\"author\":{\"name\":\"richard\",\"@id\":\"https:\\\/\\\/aehm.es\\\/#\\\/schema\\\/person\\\/ca1397f4b0bcee246b58a0278b67a95f\"},\"headline\":\"Los hoteleros madrile\u00f1os alcanzan sus previsiones de ocupaci\u00f3n durante Semana Santa\",\"datePublished\":\"2019-04-24T14:45:04+00:00\",\"mainEntityOfPage\":{\"@id\":\"https:\\\/\\\/aehm.es\\\/los-hoteleros-madrilenos-alcanzan-sus-previsiones-de-ocupacion-durante-semana-santa\\\/\"},\"wordCount\":353,\"commentCount\":0,\"publisher\":{\"@id\":\"https:\\\/\\\/aehm.es\\\/#organization\"},\"image\":{\"@id\":\"https:\\\/\\\/aehm.es\\\/los-hoteleros-madrilenos-alcanzan-sus-previsiones-de-ocupacion-durante-semana-santa\\\/#primaryimage\"},\"thumbnailUrl\":\"https:\\\/\\\/aehm.es\\\/wp-content\\\/uploads\\\/2017\\\/06\\\/Plaza-Mayor-Madrid-1.jpg\",\"articleSection\":[\"Actualidad AEHM\"],\"inLanguage\":\"en-US\",\"potentialAction\":[{\"@type\":\"CommentAction\",\"name\":\"Comment\",\"target\":[\"https:\\\/\\\/aehm.es\\\/los-hoteleros-madrilenos-alcanzan-sus-previsiones-de-ocupacion-durante-semana-santa\\\/#respond\"]}]},{\"@type\":\"WebPage\",\"@id\":\"https:\\\/\\\/aehm.es\\\/los-hoteleros-madrilenos-alcanzan-sus-previsiones-de-ocupacion-durante-semana-santa\\\/\",\"url\":\"https:\\\/\\\/aehm.es\\\/los-hoteleros-madrilenos-alcanzan-sus-previsiones-de-ocupacion-durante-semana-santa\\\/\",\"name\":\"Los hoteleros madrile\u00f1os alcanzan sus previsiones de ocupaci\u00f3n durante Semana Santa - AEHM\",\"isPartOf\":{\"@id\":\"https:\\\/\\\/aehm.es\\\/#website\"},\"primaryImageOfPage\":{\"@id\":\"https:\\\/\\\/aehm.es\\\/los-hoteleros-madrilenos-alcanzan-sus-previsiones-de-ocupacion-durante-semana-santa\\\/#primaryimage\"},\"image\":{\"@id\":\"https:\\\/\\\/aehm.es\\\/los-hoteleros-madrilenos-alcanzan-sus-previsiones-de-ocupacion-durante-semana-santa\\\/#primaryimage\"},\"thumbnailUrl\":\"https:\\\/\\\/aehm.es\\\/wp-content\\\/uploads\\\/2017\\\/06\\\/Plaza-Mayor-Madrid-1.jpg\",\"datePublished\":\"2019-04-24T14:45:04+00:00\",\"description\":\"Seg\u00fan la Asociaci\u00f3n Empresarial Hotelera de Madrid, los establecimientos han registrado una ocupaci\u00f3n media pr\u00f3xima al 84%, un +0,85% por encima de los datos alcanzados el pasado a\u00f1o\",\"breadcrumb\":{\"@id\":\"https:\\\/\\\/aehm.es\\\/los-hoteleros-madrilenos-alcanzan-sus-previsiones-de-ocupacion-durante-semana-santa\\\/#breadcrumb\"},\"inLanguage\":\"en-US\",\"potentialAction\":[{\"@type\":\"ReadAction\",\"target\":[\"https:\\\/\\\/aehm.es\\\/los-hoteleros-madrilenos-alcanzan-sus-previsiones-de-ocupacion-durante-semana-santa\\\/\"]}]},{\"@type\":\"ImageObject\",\"inLanguage\":\"en-US\",\"@id\":\"https:\\\/\\\/aehm.es\\\/los-hoteleros-madrilenos-alcanzan-sus-previsiones-de-ocupacion-durante-semana-santa\\\/#primaryimage\",\"url\":\"https:\\\/\\\/aehm.es\\\/wp-content\\\/uploads\\\/2017\\\/06\\\/Plaza-Mayor-Madrid-1.jpg\",\"contentUrl\":\"https:\\\/\\\/aehm.es\\\/wp-content\\\/uploads\\\/2017\\\/06\\\/Plaza-Mayor-Madrid-1.jpg\",\"width\":1024,\"height\":562},{\"@type\":\"BreadcrumbList\",\"@id\":\"https:\\\/\\\/aehm.es\\\/los-hoteleros-madrilenos-alcanzan-sus-previsiones-de-ocupacion-durante-semana-santa\\\/#breadcrumb\",\"itemListElement\":[{\"@type\":\"ListItem\",\"position\":1,\"name\":\"Portada\",\"item\":\"https:\\\/\\\/aehm.es\\\/en\\\/\"},{\"@type\":\"ListItem\",\"position\":2,\"name\":\"Los hoteleros madrile\u00f1os alcanzan sus previsiones de ocupaci\u00f3n durante Semana Santa\"}]},{\"@type\":\"WebSite\",\"@id\":\"https:\\\/\\\/aehm.es\\\/#website\",\"url\":\"https:\\\/\\\/aehm.es\\\/\",\"name\":\"Asociaci\u00f3n Empresarial Hotelera de Madrid\",\"description\":\"La Asociaci\u00f3n Empresarial Hotelera Madrid est\u00e1 formada por m\u00e1s de 300 establecimientos de todas las categor\u00edas y tipolog\u00edas (hoteles, hostales, hostels, apartamentos\u2026) que suman m\u00e1s de 75.000 plazas de alojamiento.\",\"publisher\":{\"@id\":\"https:\\\/\\\/aehm.es\\\/#organization\"},\"alternateName\":\"AEHM\",\"potentialAction\":[{\"@type\":\"SearchAction\",\"target\":{\"@type\":\"EntryPoint\",\"urlTemplate\":\"https:\\\/\\\/aehm.es\\\/?s={search_term_string}\"},\"query-input\":{\"@type\":\"PropertyValueSpecification\",\"valueRequired\":true,\"valueName\":\"search_term_string\"}}],\"inLanguage\":\"en-US\"},{\"@type\":\"Organization\",\"@id\":\"https:\\\/\\\/aehm.es\\\/#organization\",\"name\":\"Asociaci\u00f3n Empresarial Hotelera de Madrid\",\"url\":\"https:\\\/\\\/aehm.es\\\/\",\"logo\":{\"@type\":\"ImageObject\",\"inLanguage\":\"en-US\",\"@id\":\"https:\\\/\\\/aehm.es\\\/#\\\/schema\\\/logo\\\/image\\\/\",\"url\":\"https:\\\/\\\/aehm.es\\\/wp-content\\\/uploads\\\/2021\\\/11\\\/Logo_AEHM_Horiz.png\",\"contentUrl\":\"https:\\\/\\\/aehm.es\\\/wp-content\\\/uploads\\\/2021\\\/11\\\/Logo_AEHM_Horiz.png\",\"width\":600,\"height\":182,\"caption\":\"Asociaci\u00f3n Empresarial Hotelera de Madrid\"},\"image\":{\"@id\":\"https:\\\/\\\/aehm.es\\\/#\\\/schema\\\/logo\\\/image\\\/\"},\"sameAs\":[\"https:\\\/\\\/www.instagram.com\\\/hotelesdemadrid\\\/\",\"https:\\\/\\\/x.com\\\/HotelesAEHM\",\"https:\\\/\\\/www.linkedin.com\\\/company\\\/11166072\\\/\"]},{\"@type\":\"Person\",\"@id\":\"https:\\\/\\\/aehm.es\\\/#\\\/schema\\\/person\\\/ca1397f4b0bcee246b58a0278b67a95f\",\"name\":\"richard\",\"image\":{\"@type\":\"ImageObject\",\"inLanguage\":\"en-US\",\"@id\":\"https:\\\/\\\/secure.gravatar.com\\\/avatar\\\/dd2486a811ecc34bf766b7d8b17d0ea76674186c415867af39660e429e20e1a0?s=96&d=mm&r=g\",\"url\":\"https:\\\/\\\/secure.gravatar.com\\\/avatar\\\/dd2486a811ecc34bf766b7d8b17d0ea76674186c415867af39660e429e20e1a0?s=96&d=mm&r=g\",\"contentUrl\":\"https:\\\/\\\/secure.gravatar.com\\\/avatar\\\/dd2486a811ecc34bf766b7d8b17d0ea76674186c415867af39660e429e20e1a0?s=96&d=mm&r=g\",\"caption\":\"richard\"},\"url\":\"https:\\\/\\\/aehm.es\\\/en\\\/author\\\/richard\\\/\"}]}<\/script>\n<!-- \/ Yoast SEO plugin. -->","yoast_head_json":{"title":"Los hoteleros madrile\u00f1os alcanzan sus previsiones de ocupaci\u00f3n durante Semana Santa - AEHM","description":"Seg\u00fan la Asociaci\u00f3n Empresarial Hotelera de Madrid, los establecimientos han registrado una ocupaci\u00f3n media pr\u00f3xima al 84%, un +0,85% por encima de los datos alcanzados el pasado a\u00f1o","robots":{"index":"index","follow":"follow","max-snippet":"max-snippet:-1","max-image-preview":"max-image-preview:large","max-video-preview":"max-video-preview:-1"},"canonical":"https:\/\/aehm.es\/los-hoteleros-madrilenos-alcanzan-sus-previsiones-de-ocupacion-durante-semana-santa\/","og_locale":"en_US","og_type":"article","og_title":"Los hoteleros madrile\u00f1os alcanzan sus previsiones de ocupaci\u00f3n durante Semana Santa","og_description":"Seg\u00fan la Asociaci\u00f3n Empresarial Hotelera de Madrid, los establecimientos han registrado una ocupaci\u00f3n media pr\u00f3xima al 84%, un +0,85% por encima de los datos alcanzados el pasado a\u00f1o","og_url":"https:\/\/aehm.es\/los-hoteleros-madrilenos-alcanzan-sus-previsiones-de-ocupacion-durante-semana-santa\/","og_site_name":"AEHM","article_publisher":"https:\/\/www.instagram.com\/hotelesdemadrid\/","article_published_time":"2019-04-24T14:45:04+00:00","author":"richard","twitter_card":"summary_large_image","twitter_title":"Los hoteleros madrile\u00f1os alcanzan sus previsiones de ocupaci\u00f3n durante Semana Santa","twitter_description":"Seg\u00fan la Asociaci\u00f3n Empresarial Hotelera de Madrid, los establecimientos han registrado una ocupaci\u00f3n media pr\u00f3xima al 84%, un +0,85% por encima de los datos alcanzados el pasado a\u00f1o","twitter_creator":"@HotelesAEHM","twitter_site":"@HotelesAEHM","twitter_misc":{"Written by":"richard","Est. reading time":"2 minutes"},"schema":{"@context":"https:\/\/schema.org","@graph":[{"@type":"Article","@id":"https:\/\/aehm.es\/los-hoteleros-madrilenos-alcanzan-sus-previsiones-de-ocupacion-durante-semana-santa\/#article","isPartOf":{"@id":"https:\/\/aehm.es\/los-hoteleros-madrilenos-alcanzan-sus-previsiones-de-ocupacion-durante-semana-santa\/"},"author":{"name":"richard","@id":"https:\/\/aehm.es\/#\/schema\/person\/ca1397f4b0bcee246b58a0278b67a95f"},"headline":"Los hoteleros madrile\u00f1os alcanzan sus previsiones de ocupaci\u00f3n durante Semana Santa","datePublished":"2019-04-24T14:45:04+00:00","mainEntityOfPage":{"@id":"https:\/\/aehm.es\/los-hoteleros-madrilenos-alcanzan-sus-previsiones-de-ocupacion-durante-semana-santa\/"},"wordCount":353,"commentCount":0,"publisher":{"@id":"https:\/\/aehm.es\/#organization"},"image":{"@id":"https:\/\/aehm.es\/los-hoteleros-madrilenos-alcanzan-sus-previsiones-de-ocupacion-durante-semana-santa\/#primaryimage"},"thumbnailUrl":"https:\/\/aehm.es\/wp-content\/uploads\/2017\/06\/Plaza-Mayor-Madrid-1.jpg","articleSection":["Actualidad AEHM"],"inLanguage":"en-US","potentialAction":[{"@type":"CommentAction","name":"Comment","target":["https:\/\/aehm.es\/los-hoteleros-madrilenos-alcanzan-sus-previsiones-de-ocupacion-durante-semana-santa\/#respond"]}]},{"@type":"WebPage","@id":"https:\/\/aehm.es\/los-hoteleros-madrilenos-alcanzan-sus-previsiones-de-ocupacion-durante-semana-santa\/","url":"https:\/\/aehm.es\/los-hoteleros-madrilenos-alcanzan-sus-previsiones-de-ocupacion-durante-semana-santa\/","name":"Los hoteleros madrile\u00f1os alcanzan sus previsiones de ocupaci\u00f3n durante Semana Santa - AEHM","isPartOf":{"@id":"https:\/\/aehm.es\/#website"},"primaryImageOfPage":{"@id":"https:\/\/aehm.es\/los-hoteleros-madrilenos-alcanzan-sus-previsiones-de-ocupacion-durante-semana-santa\/#primaryimage"},"image":{"@id":"https:\/\/aehm.es\/los-hoteleros-madrilenos-alcanzan-sus-previsiones-de-ocupacion-durante-semana-santa\/#primaryimage"},"thumbnailUrl":"https:\/\/aehm.es\/wp-content\/uploads\/2017\/06\/Plaza-Mayor-Madrid-1.jpg","datePublished":"2019-04-24T14:45:04+00:00","description":"Seg\u00fan la Asociaci\u00f3n Empresarial Hotelera de Madrid, los establecimientos han registrado una ocupaci\u00f3n media pr\u00f3xima al 84%, un +0,85% por encima de los datos alcanzados el pasado a\u00f1o","breadcrumb":{"@id":"https:\/\/aehm.es\/los-hoteleros-madrilenos-alcanzan-sus-previsiones-de-ocupacion-durante-semana-santa\/#breadcrumb"},"inLanguage":"en-US","potentialAction":[{"@type":"ReadAction","target":["https:\/\/aehm.es\/los-hoteleros-madrilenos-alcanzan-sus-previsiones-de-ocupacion-durante-semana-santa\/"]}]},{"@type":"ImageObject","inLanguage":"en-US","@id":"https:\/\/aehm.es\/los-hoteleros-madrilenos-alcanzan-sus-previsiones-de-ocupacion-durante-semana-santa\/#primaryimage","url":"https:\/\/aehm.es\/wp-content\/uploads\/2017\/06\/Plaza-Mayor-Madrid-1.jpg","contentUrl":"https:\/\/aehm.es\/wp-content\/uploads\/2017\/06\/Plaza-Mayor-Madrid-1.jpg","width":1024,"height":562},{"@type":"BreadcrumbList","@id":"https:\/\/aehm.es\/los-hoteleros-madrilenos-alcanzan-sus-previsiones-de-ocupacion-durante-semana-santa\/#breadcrumb","itemListElement":[{"@type":"ListItem","position":1,"name":"Portada","item":"https:\/\/aehm.es\/en\/"},{"@type":"ListItem","position":2,"name":"Los hoteleros madrile\u00f1os alcanzan sus previsiones de ocupaci\u00f3n durante Semana Santa"}]},{"@type":"WebSite","@id":"https:\/\/aehm.es\/#website","url":"https:\/\/aehm.es\/","name":"Asociaci\u00f3n Empresarial Hotelera de Madrid","description":"La Asociaci\u00f3n Empresarial Hotelera Madrid est\u00e1 formada por m\u00e1s de 300 establecimientos de todas las categor\u00edas y tipolog\u00edas (hoteles, hostales, hostels, apartamentos\u2026) que suman m\u00e1s de 75.000 plazas de alojamiento.","publisher":{"@id":"https:\/\/aehm.es\/#organization"},"alternateName":"AEHM","potentialAction":[{"@type":"SearchAction","target":{"@type":"EntryPoint","urlTemplate":"https:\/\/aehm.es\/?s={search_term_string}"},"query-input":{"@type":"PropertyValueSpecification","valueRequired":true,"valueName":"search_term_string"}}],"inLanguage":"en-US"},{"@type":"Organization","@id":"https:\/\/aehm.es\/#organization","name":"Asociaci\u00f3n Empresarial Hotelera de Madrid","url":"https:\/\/aehm.es\/","logo":{"@type":"ImageObject","inLanguage":"en-US","@id":"https:\/\/aehm.es\/#\/schema\/logo\/image\/","url":"https:\/\/aehm.es\/wp-content\/uploads\/2021\/11\/Logo_AEHM_Horiz.png","contentUrl":"https:\/\/aehm.es\/wp-content\/uploads\/2021\/11\/Logo_AEHM_Horiz.png","width":600,"height":182,"caption":"Asociaci\u00f3n Empresarial Hotelera de Madrid"},"image":{"@id":"https:\/\/aehm.es\/#\/schema\/logo\/image\/"},"sameAs":["https:\/\/www.instagram.com\/hotelesdemadrid\/","https:\/\/x.com\/HotelesAEHM","https:\/\/www.linkedin.com\/company\/11166072\/"]},{"@type":"Person","@id":"https:\/\/aehm.es\/#\/schema\/person\/ca1397f4b0bcee246b58a0278b67a95f","name":"richard","image":{"@type":"ImageObject","inLanguage":"en-US","@id":"https:\/\/secure.gravatar.com\/avatar\/dd2486a811ecc34bf766b7d8b17d0ea76674186c415867af39660e429e20e1a0?s=96&d=mm&r=g","url":"https:\/\/secure.gravatar.com\/avatar\/dd2486a811ecc34bf766b7d8b17d0ea76674186c415867af39660e429e20e1a0?s=96&d=mm&r=g","contentUrl":"https:\/\/secure.gravatar.com\/avatar\/dd2486a811ecc34bf766b7d8b17d0ea76674186c415867af39660e429e20e1a0?s=96&d=mm&r=g","caption":"richard"},"url":"https:\/\/aehm.es\/en\/author\/richard\/"}]}},"_links":{"self":[{"href":"https:\/\/aehm.es\/en\/wp-json\/wp\/v2\/posts\/11504","targetHints":{"allow":["GET"]}}],"collection":[{"href":"https:\/\/aehm.es\/en\/wp-json\/wp\/v2\/posts"}],"about":[{"href":"https:\/\/aehm.es\/en\/wp-json\/wp\/v2\/types\/post"}],"author":[{"embeddable":true,"href":"https:\/\/aehm.es\/en\/wp-json\/wp\/v2\/users\/1"}],"replies":[{"embeddable":true,"href":"https:\/\/aehm.es\/en\/wp-json\/wp\/v2\/comments?post=11504"}],"version-history":[{"count":0,"href":"https:\/\/aehm.es\/en\/wp-json\/wp\/v2\/posts\/11504\/revisions"}],"wp:featuredmedia":[{"embeddable":true,"href":"https:\/\/aehm.es\/en\/wp-json\/wp\/v2\/media\/10162"}],"wp:attachment":[{"href":"https:\/\/aehm.es\/en\/wp-json\/wp\/v2\/media?parent=11504"}],"wp:term":[{"taxonomy":"category","embeddable":true,"href":"https:\/\/aehm.es\/en\/wp-json\/wp\/v2\/categories?post=11504"},{"taxonomy":"post_tag","embeddable":true,"href":"https:\/\/aehm.es\/en\/wp-json\/wp\/v2\/tags?post=11504"}],"curies":[{"name":"wp","href":"https:\/\/api.w.org\/{rel}","templated":true}]}}