{"id":11502,"date":"2019-04-12T10:43:02","date_gmt":"2019-04-12T10:43:02","guid":{"rendered":"https:\/\/aehm.es\/?p=5624"},"modified":"2019-04-12T10:43:02","modified_gmt":"2019-04-12T10:43:02","slug":"los-hoteleros-madrilenos-preven-una-ocupacion-del-84-para-la-semana-santa","status":"publish","type":"post","link":"https:\/\/aehm.es\/en\/los-hoteleros-madrilenos-preven-una-ocupacion-del-84-para-la-semana-santa\/","title":{"rendered":"Los hoteleros madrile\u00f1os prev\u00e9n una ocupaci\u00f3n del 84% para la Semana Santa"},"content":{"rendered":"<ul>\n<li><strong>Seg\u00fan la encuesta realizada por la Asociaci\u00f3n Empresarial Hotelera de Madrid (AEHM), el d\u00eda con mayor volumen de reservas ser\u00e1 el s\u00e1bado<\/strong><\/li>\n<li><strong>A pocos d\u00edas del comienzo de esta festividad podr\u00eda producirse un ligero aumento en la ocupaci\u00f3n impulsado, entre otros, por la climatolog\u00eda y la tendencia a elegir destino a \u00faltima hora<\/strong><\/li>\n<li><strong>El ranking de llegadas lo sigue encabezando el turista nacional, aunque en los \u00faltimos tiempos se ha producido un cambio en la tendencia con un repunte en la llegada de viajeros internacionales<\/strong><\/li>\n<\/ul>\n<p><strong>Madrid, 11 de abril de 2019.-<\/strong> Los hoteleros madrile\u00f1os prev\u00e9n alcanzar una <strong>ocupaci\u00f3n media del 83,88% para la Semana Santa<\/strong>, lo que supone un incremento del +1,52% respecto a los datos registrados para esta misma festividad el pasado a\u00f1o, cuando el porcentaje fue del 82,63%, seg\u00fan la encuesta realizada por la <strong>Asociaci\u00f3n Empresarial Hotelera de Madrid <\/strong>(AEHM).<\/p>\n<p>En este sentido, la AEHM ha se\u00f1alado que el d\u00eda con <strong>mayor volumen de reservas ser\u00e1 el s\u00e1bado.<\/strong> No obstante, la Asociaci\u00f3n ha indicado que a pocos d\u00edas del comienzo de esta festividad podr\u00eda producirse un ligero aumento en la ocupaci\u00f3n impulsado, entre otros, por la climatolog\u00eda y la tendencia a elegir destino a \u00faltima hora.<\/p>\n<p>Considerada temporada alta por el sector hotelero, la Semana Santa impulsar\u00e1 la llegada de turistas a los establecimientos la Madrid con una <strong>estancia media de tres y cuatro d\u00edas<\/strong>. Respecto a la procedencia, y a pesar de que el <strong>ranking de llegadas lo sigue encabezando el turista nacional<\/strong>, en los \u00faltimos tiempos se ha producido un cambio de tendencia con un repunte en la llegada de <strong>viajeros internacionales<\/strong> que visitan Madrid tambi\u00e9n en estas fechas.<\/p>\n<p><em>\u201cEste nivel de reservas hoteleras pone de manifiesto que Madrid sigue siendo un destino atractivo y que tambi\u00e9n lo es su Semana Santa. En este sentido, hay que destacar que cada vez son m\u00e1s los viajeros internacionales que deciden visitar la capital en una fecha tan se\u00f1alada como esta\u201d<\/em>, ha remarcado la secretaria general de la AEHM, Mar de Miguel.<\/p>\n","protected":false},"excerpt":{"rendered":"<p>Seg\u00fan la encuesta realizada por la Asociaci\u00f3n Empresarial Hotelera de Madrid (AEHM), el d\u00eda con mayor volumen de reservas ser\u00e1 el s\u00e1bado A pocos d\u00edas del comienzo de esta festividad podr\u00eda producirse un ligero aumento en la ocupaci\u00f3n impulsado, entre otros, por la climatolog\u00eda y la tendencia a elegir destino a \u00faltima hora El ranking [&hellip;]<\/p>\n","protected":false},"author":1,"featured_media":10913,"comment_status":"open","ping_status":"open","sticky":false,"template":"","format":"standard","meta":{"footnotes":""},"categories":[1],"tags":[],"class_list":["post-11502","post","type-post","status-publish","format-standard","has-post-thumbnail","hentry","category-actualidad-aehm"],"yoast_head":"<!-- This site is optimized with the Yoast SEO plugin v27.5 - https:\/\/yoast.com\/product\/yoast-seo-wordpress\/ -->\n<title>Los hoteleros madrile\u00f1os prev\u00e9n una ocupaci\u00f3n del 84% para la Semana Santa - AEHM<\/title>\n<meta name=\"description\" content=\"Seg\u00fan la encuesta realizada por la AEHM, los hoteleros madrile\u00f1os prev\u00e9n alcanzar una ocupaci\u00f3n media del 83,88% para la Semana Santa.\" \/>\n<meta name=\"robots\" content=\"index, follow, max-snippet:-1, max-image-preview:large, max-video-preview:-1\" \/>\n<link rel=\"canonical\" href=\"https:\/\/aehm.es\/los-hoteleros-madrilenos-preven-una-ocupacion-del-84-para-la-semana-santa\/\" \/>\n<meta property=\"og:locale\" content=\"en_US\" \/>\n<meta property=\"og:type\" content=\"article\" \/>\n<meta property=\"og:title\" content=\"Los hoteleros madrile\u00f1os prev\u00e9n una ocupaci\u00f3n del 84% para la Semana Santa\" \/>\n<meta property=\"og:description\" content=\"Seg\u00fan la encuesta realizada por la AEHM, los hoteleros madrile\u00f1os prev\u00e9n alcanzar una ocupaci\u00f3n media del 83,88% para la Semana Santa.\" \/>\n<meta property=\"og:url\" content=\"https:\/\/aehm.es\/los-hoteleros-madrilenos-preven-una-ocupacion-del-84-para-la-semana-santa\/\" \/>\n<meta property=\"og:site_name\" content=\"AEHM\" \/>\n<meta property=\"article:publisher\" content=\"https:\/\/www.instagram.com\/hotelesdemadrid\/\" \/>\n<meta property=\"article:published_time\" content=\"2019-04-12T10:43:02+00:00\" \/>\n<meta name=\"author\" content=\"richard\" \/>\n<meta name=\"twitter:card\" content=\"summary_large_image\" \/>\n<meta name=\"twitter:title\" content=\"Los hoteleros madrile\u00f1os prev\u00e9n una ocupaci\u00f3n del 84% para la Semana Santa\" \/>\n<meta name=\"twitter:description\" content=\"Seg\u00fan la encuesta realizada por la AEHM, los hoteleros madrile\u00f1os prev\u00e9n alcanzar una ocupaci\u00f3n media del 83,88% para la Semana Santa.\" \/>\n<meta name=\"twitter:creator\" content=\"@HotelesAEHM\" \/>\n<meta name=\"twitter:site\" content=\"@HotelesAEHM\" \/>\n<meta name=\"twitter:label1\" content=\"Written by\" \/>\n\t<meta name=\"twitter:data1\" content=\"richard\" \/>\n\t<meta name=\"twitter:label2\" content=\"Est. reading time\" \/>\n\t<meta name=\"twitter:data2\" content=\"2 minutes\" \/>\n<script type=\"application\/ld+json\" class=\"yoast-schema-graph\">{\"@context\":\"https:\\\/\\\/schema.org\",\"@graph\":[{\"@type\":\"Article\",\"@id\":\"https:\\\/\\\/aehm.es\\\/los-hoteleros-madrilenos-preven-una-ocupacion-del-84-para-la-semana-santa\\\/#article\",\"isPartOf\":{\"@id\":\"https:\\\/\\\/aehm.es\\\/los-hoteleros-madrilenos-preven-una-ocupacion-del-84-para-la-semana-santa\\\/\"},\"author\":{\"name\":\"richard\",\"@id\":\"https:\\\/\\\/aehm.es\\\/#\\\/schema\\\/person\\\/ca1397f4b0bcee246b58a0278b67a95f\"},\"headline\":\"Los hoteleros madrile\u00f1os prev\u00e9n una ocupaci\u00f3n del 84% para la Semana Santa\",\"datePublished\":\"2019-04-12T10:43:02+00:00\",\"mainEntityOfPage\":{\"@id\":\"https:\\\/\\\/aehm.es\\\/los-hoteleros-madrilenos-preven-una-ocupacion-del-84-para-la-semana-santa\\\/\"},\"wordCount\":370,\"commentCount\":0,\"publisher\":{\"@id\":\"https:\\\/\\\/aehm.es\\\/#organization\"},\"image\":{\"@id\":\"https:\\\/\\\/aehm.es\\\/los-hoteleros-madrilenos-preven-una-ocupacion-del-84-para-la-semana-santa\\\/#primaryimage\"},\"thumbnailUrl\":\"https:\\\/\\\/aehm.es\\\/wp-content\\\/uploads\\\/2019\\\/04\\\/azotea_del_circulo_de_bellas_artes-2-e1555065739777-1.jpg\",\"articleSection\":[\"Actualidad AEHM\"],\"inLanguage\":\"en-US\",\"potentialAction\":[{\"@type\":\"CommentAction\",\"name\":\"Comment\",\"target\":[\"https:\\\/\\\/aehm.es\\\/los-hoteleros-madrilenos-preven-una-ocupacion-del-84-para-la-semana-santa\\\/#respond\"]}]},{\"@type\":\"WebPage\",\"@id\":\"https:\\\/\\\/aehm.es\\\/los-hoteleros-madrilenos-preven-una-ocupacion-del-84-para-la-semana-santa\\\/\",\"url\":\"https:\\\/\\\/aehm.es\\\/los-hoteleros-madrilenos-preven-una-ocupacion-del-84-para-la-semana-santa\\\/\",\"name\":\"Los hoteleros madrile\u00f1os prev\u00e9n una ocupaci\u00f3n del 84% para la Semana Santa - AEHM\",\"isPartOf\":{\"@id\":\"https:\\\/\\\/aehm.es\\\/#website\"},\"primaryImageOfPage\":{\"@id\":\"https:\\\/\\\/aehm.es\\\/los-hoteleros-madrilenos-preven-una-ocupacion-del-84-para-la-semana-santa\\\/#primaryimage\"},\"image\":{\"@id\":\"https:\\\/\\\/aehm.es\\\/los-hoteleros-madrilenos-preven-una-ocupacion-del-84-para-la-semana-santa\\\/#primaryimage\"},\"thumbnailUrl\":\"https:\\\/\\\/aehm.es\\\/wp-content\\\/uploads\\\/2019\\\/04\\\/azotea_del_circulo_de_bellas_artes-2-e1555065739777-1.jpg\",\"datePublished\":\"2019-04-12T10:43:02+00:00\",\"description\":\"Seg\u00fan la encuesta realizada por la AEHM, los hoteleros madrile\u00f1os prev\u00e9n alcanzar una ocupaci\u00f3n media del 83,88% para la Semana Santa.\",\"breadcrumb\":{\"@id\":\"https:\\\/\\\/aehm.es\\\/los-hoteleros-madrilenos-preven-una-ocupacion-del-84-para-la-semana-santa\\\/#breadcrumb\"},\"inLanguage\":\"en-US\",\"potentialAction\":[{\"@type\":\"ReadAction\",\"target\":[\"https:\\\/\\\/aehm.es\\\/los-hoteleros-madrilenos-preven-una-ocupacion-del-84-para-la-semana-santa\\\/\"]}]},{\"@type\":\"ImageObject\",\"inLanguage\":\"en-US\",\"@id\":\"https:\\\/\\\/aehm.es\\\/los-hoteleros-madrilenos-preven-una-ocupacion-del-84-para-la-semana-santa\\\/#primaryimage\",\"url\":\"https:\\\/\\\/aehm.es\\\/wp-content\\\/uploads\\\/2019\\\/04\\\/azotea_del_circulo_de_bellas_artes-2-e1555065739777-1.jpg\",\"contentUrl\":\"https:\\\/\\\/aehm.es\\\/wp-content\\\/uploads\\\/2019\\\/04\\\/azotea_del_circulo_de_bellas_artes-2-e1555065739777-1.jpg\",\"width\":1500,\"height\":1001,\"caption\":\"C\u0092rculo de Bellas Artes. Madrid.\"},{\"@type\":\"BreadcrumbList\",\"@id\":\"https:\\\/\\\/aehm.es\\\/los-hoteleros-madrilenos-preven-una-ocupacion-del-84-para-la-semana-santa\\\/#breadcrumb\",\"itemListElement\":[{\"@type\":\"ListItem\",\"position\":1,\"name\":\"Portada\",\"item\":\"https:\\\/\\\/aehm.es\\\/en\\\/\"},{\"@type\":\"ListItem\",\"position\":2,\"name\":\"Los hoteleros madrile\u00f1os prev\u00e9n una ocupaci\u00f3n del 84% para la Semana Santa\"}]},{\"@type\":\"WebSite\",\"@id\":\"https:\\\/\\\/aehm.es\\\/#website\",\"url\":\"https:\\\/\\\/aehm.es\\\/\",\"name\":\"Asociaci\u00f3n Empresarial Hotelera de Madrid\",\"description\":\"La Asociaci\u00f3n Empresarial Hotelera Madrid est\u00e1 formada por m\u00e1s de 300 establecimientos de todas las categor\u00edas y tipolog\u00edas (hoteles, hostales, hostels, apartamentos\u2026) que suman m\u00e1s de 75.000 plazas de alojamiento.\",\"publisher\":{\"@id\":\"https:\\\/\\\/aehm.es\\\/#organization\"},\"alternateName\":\"AEHM\",\"potentialAction\":[{\"@type\":\"SearchAction\",\"target\":{\"@type\":\"EntryPoint\",\"urlTemplate\":\"https:\\\/\\\/aehm.es\\\/?s={search_term_string}\"},\"query-input\":{\"@type\":\"PropertyValueSpecification\",\"valueRequired\":true,\"valueName\":\"search_term_string\"}}],\"inLanguage\":\"en-US\"},{\"@type\":\"Organization\",\"@id\":\"https:\\\/\\\/aehm.es\\\/#organization\",\"name\":\"Asociaci\u00f3n Empresarial Hotelera de Madrid\",\"url\":\"https:\\\/\\\/aehm.es\\\/\",\"logo\":{\"@type\":\"ImageObject\",\"inLanguage\":\"en-US\",\"@id\":\"https:\\\/\\\/aehm.es\\\/#\\\/schema\\\/logo\\\/image\\\/\",\"url\":\"https:\\\/\\\/aehm.es\\\/wp-content\\\/uploads\\\/2021\\\/11\\\/Logo_AEHM_Horiz.png\",\"contentUrl\":\"https:\\\/\\\/aehm.es\\\/wp-content\\\/uploads\\\/2021\\\/11\\\/Logo_AEHM_Horiz.png\",\"width\":600,\"height\":182,\"caption\":\"Asociaci\u00f3n Empresarial Hotelera de Madrid\"},\"image\":{\"@id\":\"https:\\\/\\\/aehm.es\\\/#\\\/schema\\\/logo\\\/image\\\/\"},\"sameAs\":[\"https:\\\/\\\/www.instagram.com\\\/hotelesdemadrid\\\/\",\"https:\\\/\\\/x.com\\\/HotelesAEHM\",\"https:\\\/\\\/www.linkedin.com\\\/company\\\/11166072\\\/\"]},{\"@type\":\"Person\",\"@id\":\"https:\\\/\\\/aehm.es\\\/#\\\/schema\\\/person\\\/ca1397f4b0bcee246b58a0278b67a95f\",\"name\":\"richard\",\"image\":{\"@type\":\"ImageObject\",\"inLanguage\":\"en-US\",\"@id\":\"https:\\\/\\\/secure.gravatar.com\\\/avatar\\\/dd2486a811ecc34bf766b7d8b17d0ea76674186c415867af39660e429e20e1a0?s=96&d=mm&r=g\",\"url\":\"https:\\\/\\\/secure.gravatar.com\\\/avatar\\\/dd2486a811ecc34bf766b7d8b17d0ea76674186c415867af39660e429e20e1a0?s=96&d=mm&r=g\",\"contentUrl\":\"https:\\\/\\\/secure.gravatar.com\\\/avatar\\\/dd2486a811ecc34bf766b7d8b17d0ea76674186c415867af39660e429e20e1a0?s=96&d=mm&r=g\",\"caption\":\"richard\"},\"url\":\"https:\\\/\\\/aehm.es\\\/en\\\/author\\\/richard\\\/\"}]}<\/script>\n<!-- \/ Yoast SEO plugin. -->","yoast_head_json":{"title":"Los hoteleros madrile\u00f1os prev\u00e9n una ocupaci\u00f3n del 84% para la Semana Santa - AEHM","description":"Seg\u00fan la encuesta realizada por la AEHM, los hoteleros madrile\u00f1os prev\u00e9n alcanzar una ocupaci\u00f3n media del 83,88% para la Semana Santa.","robots":{"index":"index","follow":"follow","max-snippet":"max-snippet:-1","max-image-preview":"max-image-preview:large","max-video-preview":"max-video-preview:-1"},"canonical":"https:\/\/aehm.es\/los-hoteleros-madrilenos-preven-una-ocupacion-del-84-para-la-semana-santa\/","og_locale":"en_US","og_type":"article","og_title":"Los hoteleros madrile\u00f1os prev\u00e9n una ocupaci\u00f3n del 84% para la Semana Santa","og_description":"Seg\u00fan la encuesta realizada por la AEHM, los hoteleros madrile\u00f1os prev\u00e9n alcanzar una ocupaci\u00f3n media del 83,88% para la Semana Santa.","og_url":"https:\/\/aehm.es\/los-hoteleros-madrilenos-preven-una-ocupacion-del-84-para-la-semana-santa\/","og_site_name":"AEHM","article_publisher":"https:\/\/www.instagram.com\/hotelesdemadrid\/","article_published_time":"2019-04-12T10:43:02+00:00","author":"richard","twitter_card":"summary_large_image","twitter_title":"Los hoteleros madrile\u00f1os prev\u00e9n una ocupaci\u00f3n del 84% para la Semana Santa","twitter_description":"Seg\u00fan la encuesta realizada por la AEHM, los hoteleros madrile\u00f1os prev\u00e9n alcanzar una ocupaci\u00f3n media del 83,88% para la Semana Santa.","twitter_creator":"@HotelesAEHM","twitter_site":"@HotelesAEHM","twitter_misc":{"Written by":"richard","Est. reading time":"2 minutes"},"schema":{"@context":"https:\/\/schema.org","@graph":[{"@type":"Article","@id":"https:\/\/aehm.es\/los-hoteleros-madrilenos-preven-una-ocupacion-del-84-para-la-semana-santa\/#article","isPartOf":{"@id":"https:\/\/aehm.es\/los-hoteleros-madrilenos-preven-una-ocupacion-del-84-para-la-semana-santa\/"},"author":{"name":"richard","@id":"https:\/\/aehm.es\/#\/schema\/person\/ca1397f4b0bcee246b58a0278b67a95f"},"headline":"Los hoteleros madrile\u00f1os prev\u00e9n una ocupaci\u00f3n del 84% para la Semana Santa","datePublished":"2019-04-12T10:43:02+00:00","mainEntityOfPage":{"@id":"https:\/\/aehm.es\/los-hoteleros-madrilenos-preven-una-ocupacion-del-84-para-la-semana-santa\/"},"wordCount":370,"commentCount":0,"publisher":{"@id":"https:\/\/aehm.es\/#organization"},"image":{"@id":"https:\/\/aehm.es\/los-hoteleros-madrilenos-preven-una-ocupacion-del-84-para-la-semana-santa\/#primaryimage"},"thumbnailUrl":"https:\/\/aehm.es\/wp-content\/uploads\/2019\/04\/azotea_del_circulo_de_bellas_artes-2-e1555065739777-1.jpg","articleSection":["Actualidad AEHM"],"inLanguage":"en-US","potentialAction":[{"@type":"CommentAction","name":"Comment","target":["https:\/\/aehm.es\/los-hoteleros-madrilenos-preven-una-ocupacion-del-84-para-la-semana-santa\/#respond"]}]},{"@type":"WebPage","@id":"https:\/\/aehm.es\/los-hoteleros-madrilenos-preven-una-ocupacion-del-84-para-la-semana-santa\/","url":"https:\/\/aehm.es\/los-hoteleros-madrilenos-preven-una-ocupacion-del-84-para-la-semana-santa\/","name":"Los hoteleros madrile\u00f1os prev\u00e9n una ocupaci\u00f3n del 84% para la Semana Santa - AEHM","isPartOf":{"@id":"https:\/\/aehm.es\/#website"},"primaryImageOfPage":{"@id":"https:\/\/aehm.es\/los-hoteleros-madrilenos-preven-una-ocupacion-del-84-para-la-semana-santa\/#primaryimage"},"image":{"@id":"https:\/\/aehm.es\/los-hoteleros-madrilenos-preven-una-ocupacion-del-84-para-la-semana-santa\/#primaryimage"},"thumbnailUrl":"https:\/\/aehm.es\/wp-content\/uploads\/2019\/04\/azotea_del_circulo_de_bellas_artes-2-e1555065739777-1.jpg","datePublished":"2019-04-12T10:43:02+00:00","description":"Seg\u00fan la encuesta realizada por la AEHM, los hoteleros madrile\u00f1os prev\u00e9n alcanzar una ocupaci\u00f3n media del 83,88% para la Semana Santa.","breadcrumb":{"@id":"https:\/\/aehm.es\/los-hoteleros-madrilenos-preven-una-ocupacion-del-84-para-la-semana-santa\/#breadcrumb"},"inLanguage":"en-US","potentialAction":[{"@type":"ReadAction","target":["https:\/\/aehm.es\/los-hoteleros-madrilenos-preven-una-ocupacion-del-84-para-la-semana-santa\/"]}]},{"@type":"ImageObject","inLanguage":"en-US","@id":"https:\/\/aehm.es\/los-hoteleros-madrilenos-preven-una-ocupacion-del-84-para-la-semana-santa\/#primaryimage","url":"https:\/\/aehm.es\/wp-content\/uploads\/2019\/04\/azotea_del_circulo_de_bellas_artes-2-e1555065739777-1.jpg","contentUrl":"https:\/\/aehm.es\/wp-content\/uploads\/2019\/04\/azotea_del_circulo_de_bellas_artes-2-e1555065739777-1.jpg","width":1500,"height":1001,"caption":"C\u0092rculo de Bellas Artes. Madrid."},{"@type":"BreadcrumbList","@id":"https:\/\/aehm.es\/los-hoteleros-madrilenos-preven-una-ocupacion-del-84-para-la-semana-santa\/#breadcrumb","itemListElement":[{"@type":"ListItem","position":1,"name":"Portada","item":"https:\/\/aehm.es\/en\/"},{"@type":"ListItem","position":2,"name":"Los hoteleros madrile\u00f1os prev\u00e9n una ocupaci\u00f3n del 84% para la Semana Santa"}]},{"@type":"WebSite","@id":"https:\/\/aehm.es\/#website","url":"https:\/\/aehm.es\/","name":"Asociaci\u00f3n Empresarial Hotelera de Madrid","description":"La Asociaci\u00f3n Empresarial Hotelera Madrid est\u00e1 formada por m\u00e1s de 300 establecimientos de todas las categor\u00edas y tipolog\u00edas (hoteles, hostales, hostels, apartamentos\u2026) que suman m\u00e1s de 75.000 plazas de alojamiento.","publisher":{"@id":"https:\/\/aehm.es\/#organization"},"alternateName":"AEHM","potentialAction":[{"@type":"SearchAction","target":{"@type":"EntryPoint","urlTemplate":"https:\/\/aehm.es\/?s={search_term_string}"},"query-input":{"@type":"PropertyValueSpecification","valueRequired":true,"valueName":"search_term_string"}}],"inLanguage":"en-US"},{"@type":"Organization","@id":"https:\/\/aehm.es\/#organization","name":"Asociaci\u00f3n Empresarial Hotelera de Madrid","url":"https:\/\/aehm.es\/","logo":{"@type":"ImageObject","inLanguage":"en-US","@id":"https:\/\/aehm.es\/#\/schema\/logo\/image\/","url":"https:\/\/aehm.es\/wp-content\/uploads\/2021\/11\/Logo_AEHM_Horiz.png","contentUrl":"https:\/\/aehm.es\/wp-content\/uploads\/2021\/11\/Logo_AEHM_Horiz.png","width":600,"height":182,"caption":"Asociaci\u00f3n Empresarial Hotelera de Madrid"},"image":{"@id":"https:\/\/aehm.es\/#\/schema\/logo\/image\/"},"sameAs":["https:\/\/www.instagram.com\/hotelesdemadrid\/","https:\/\/x.com\/HotelesAEHM","https:\/\/www.linkedin.com\/company\/11166072\/"]},{"@type":"Person","@id":"https:\/\/aehm.es\/#\/schema\/person\/ca1397f4b0bcee246b58a0278b67a95f","name":"richard","image":{"@type":"ImageObject","inLanguage":"en-US","@id":"https:\/\/secure.gravatar.com\/avatar\/dd2486a811ecc34bf766b7d8b17d0ea76674186c415867af39660e429e20e1a0?s=96&d=mm&r=g","url":"https:\/\/secure.gravatar.com\/avatar\/dd2486a811ecc34bf766b7d8b17d0ea76674186c415867af39660e429e20e1a0?s=96&d=mm&r=g","contentUrl":"https:\/\/secure.gravatar.com\/avatar\/dd2486a811ecc34bf766b7d8b17d0ea76674186c415867af39660e429e20e1a0?s=96&d=mm&r=g","caption":"richard"},"url":"https:\/\/aehm.es\/en\/author\/richard\/"}]}},"_links":{"self":[{"href":"https:\/\/aehm.es\/en\/wp-json\/wp\/v2\/posts\/11502","targetHints":{"allow":["GET"]}}],"collection":[{"href":"https:\/\/aehm.es\/en\/wp-json\/wp\/v2\/posts"}],"about":[{"href":"https:\/\/aehm.es\/en\/wp-json\/wp\/v2\/types\/post"}],"author":[{"embeddable":true,"href":"https:\/\/aehm.es\/en\/wp-json\/wp\/v2\/users\/1"}],"replies":[{"embeddable":true,"href":"https:\/\/aehm.es\/en\/wp-json\/wp\/v2\/comments?post=11502"}],"version-history":[{"count":0,"href":"https:\/\/aehm.es\/en\/wp-json\/wp\/v2\/posts\/11502\/revisions"}],"wp:featuredmedia":[{"embeddable":true,"href":"https:\/\/aehm.es\/en\/wp-json\/wp\/v2\/media\/10913"}],"wp:attachment":[{"href":"https:\/\/aehm.es\/en\/wp-json\/wp\/v2\/media?parent=11502"}],"wp:term":[{"taxonomy":"category","embeddable":true,"href":"https:\/\/aehm.es\/en\/wp-json\/wp\/v2\/categories?post=11502"},{"taxonomy":"post_tag","embeddable":true,"href":"https:\/\/aehm.es\/en\/wp-json\/wp\/v2\/tags?post=11502"}],"curies":[{"name":"wp","href":"https:\/\/api.w.org\/{rel}","templated":true}]}}