{"id":11495,"date":"2019-01-24T13:20:13","date_gmt":"2019-01-24T13:20:13","guid":{"rendered":"https:\/\/aehm.es\/?p=5194"},"modified":"2019-01-24T13:20:13","modified_gmt":"2019-01-24T13:20:13","slug":"los-hoteleros-madrilenos-firman-un-acuerdo-de-colaboracion-con-las-ventas-tour-para-poner-en-valor-la-historica-plaza-de-toros-de-las-ventas","status":"publish","type":"post","link":"https:\/\/aehm.es\/en\/los-hoteleros-madrilenos-firman-un-acuerdo-de-colaboracion-con-las-ventas-tour-para-poner-en-valor-la-historica-plaza-de-toros-de-las-ventas\/","title":{"rendered":"Los hoteleros madrile\u00f1os firman un acuerdo de colaboraci\u00f3n con Las Ventas Tour para poner en valor la hist\u00f3rica plaza de toros de Las Ventas"},"content":{"rendered":"<p>La <strong>Asociaci\u00f3n Empresarial Hotelera de Madrid<\/strong> (AEHM) y <strong>Las Ventas Tour<\/strong> han firmado, en el marco de la mayor Feria de Turismo de Madrid (FITUR), un convenio de colaboraci\u00f3n para promocionar el valor hist\u00f3rico de la madrile\u00f1a plaza de toros de Las Ventas y poner en valor la oferta cultural y de ocio de nuestro destino.<\/p>\n<p>Con la firma de este acuerdo, los hoteles asociados a la AEHM ofrecer\u00e1n a sus hu\u00e9spedes la posibilidad de visitar el mayor coso taurino de Espa\u00f1a, el tercero del mundo en aforo, \u00a0y recorrer todos los rincones de este monumento, conocer su historia, an\u00e9cdotas o visitar el Museo que se encuentra en su interior, entre otros.<\/p>\n<p><em>\u201cConsideramos que la plaza de toros de Las Ventas es uno de los recursos hist\u00f3ricos que tiene nuestra ciudad y un espacio fundamental de inter\u00e9s para todas las personas visiten la capital. Por este motivo, hemos querido contribuir en su difusi\u00f3n ofreciendo a los clientes de los hoteles asociados a la AEHM la posibilidad de hacerlo de manera sencilla\u201d,<\/em> ha se\u00f1alado el presidente de la AEHM, Gabriel Garc\u00eda.<\/p>\n<p><em>\u201cPara nosotros, poder estar en los hoteles de Madrid era un objetivo fundamental. Este acuerdo es muy importante para difundir y dar a conocer toda la historia de la tradicional plaza de toros de Las Ventas<\/em>\u201d, ha a\u00f1adido El gerente de las Ventas Tour, Pedro Gracia.<\/p>\n","protected":false},"excerpt":{"rendered":"<p>La Asociaci\u00f3n Empresarial Hotelera de Madrid (AEHM) y Las Ventas Tour han firmado, en el marco de la mayor Feria de Turismo de Madrid (FITUR), un convenio de colaboraci\u00f3n para promocionar el valor hist\u00f3rico de la madrile\u00f1a plaza de toros de Las Ventas y poner en valor la oferta cultural y de ocio de nuestro [&hellip;]<\/p>\n","protected":false},"author":1,"featured_media":10867,"comment_status":"open","ping_status":"open","sticky":false,"template":"","format":"standard","meta":{"footnotes":""},"categories":[1],"tags":[],"class_list":["post-11495","post","type-post","status-publish","format-standard","has-post-thumbnail","hentry","category-actualidad-aehm"],"yoast_head":"<!-- This site is optimized with the Yoast SEO plugin v27.5 - https:\/\/yoast.com\/product\/yoast-seo-wordpress\/ -->\n<title>Los hoteleros madrile\u00f1os firman un acuerdo de colaboraci\u00f3n con Las Ventas Tour para poner en valor la hist\u00f3rica plaza de toros de Las Ventas - AEHM<\/title>\n<meta name=\"robots\" content=\"index, follow, max-snippet:-1, max-image-preview:large, max-video-preview:-1\" \/>\n<link rel=\"canonical\" href=\"https:\/\/aehm.es\/los-hoteleros-madrilenos-firman-un-acuerdo-de-colaboracion-con-las-ventas-tour-para-poner-en-valor-la-historica-plaza-de-toros-de-las-ventas\/\" \/>\n<meta property=\"og:locale\" content=\"en_US\" \/>\n<meta property=\"og:type\" content=\"article\" \/>\n<meta property=\"og:title\" content=\"Los hoteleros madrile\u00f1os firman un acuerdo de colaboraci\u00f3n con Las Ventas Tour para poner en valor la hist\u00f3rica plaza de toros de Las Ventas\" \/>\n<meta property=\"og:description\" content=\"La Asociaci\u00f3n Empresarial Hotelera de Madrid y Las Ventas Tour han firmado, en el marco de la mayor Feria de Turismo de Madrid (FITUR), un convenio de colaboraci\u00f3n para promocionar el valor hist\u00f3rico de la madrile\u00f1a plaza de toros de Las Ventas.\" \/>\n<meta property=\"og:url\" content=\"https:\/\/aehm.es\/los-hoteleros-madrilenos-firman-un-acuerdo-de-colaboracion-con-las-ventas-tour-para-poner-en-valor-la-historica-plaza-de-toros-de-las-ventas\/\" \/>\n<meta property=\"og:site_name\" content=\"AEHM\" \/>\n<meta property=\"article:publisher\" content=\"https:\/\/www.instagram.com\/hotelesdemadrid\/\" \/>\n<meta property=\"article:published_time\" content=\"2019-01-24T13:20:13+00:00\" \/>\n<meta property=\"og:image\" content=\"https:\/\/aehm.es\/wp-content\/uploads\/2018\/07\/DJV_F_Incorporacion-07112018-1-1.jpg\" \/>\n\t<meta property=\"og:image:width\" content=\"600\" \/>\n\t<meta property=\"og:image:height\" content=\"750\" \/>\n\t<meta property=\"og:image:type\" content=\"image\/jpeg\" \/>\n<meta name=\"author\" content=\"richard\" \/>\n<meta name=\"twitter:card\" content=\"summary_large_image\" \/>\n<meta name=\"twitter:title\" content=\"Los hoteleros madrile\u00f1os firman un acuerdo de colaboraci\u00f3n con Las Ventas Tour para poner en valor la hist\u00f3rica plaza de toros de Las Ventas\" \/>\n<meta name=\"twitter:description\" content=\"La Asociaci\u00f3n Empresarial Hotelera de Madrid y Las Ventas Tour han firmado, en el marco de la mayor Feria de Turismo de Madrid (FITUR), un convenio de colaboraci\u00f3n para promocionar el valor hist\u00f3rico de la madrile\u00f1a plaza de toros de Las Ventas.\" \/>\n<meta name=\"twitter:image\" content=\"https:\/\/aehm.es\/wp-content\/uploads\/2018\/07\/DJV_F_Incorporacion-07112018-1-1.jpg\" \/>\n<meta name=\"twitter:creator\" content=\"@HotelesAEHM\" \/>\n<meta name=\"twitter:site\" content=\"@HotelesAEHM\" \/>\n<meta name=\"twitter:label1\" content=\"Written by\" \/>\n\t<meta name=\"twitter:data1\" content=\"richard\" \/>\n\t<meta name=\"twitter:label2\" content=\"Est. reading time\" \/>\n\t<meta name=\"twitter:data2\" content=\"1 minute\" \/>\n<script type=\"application\/ld+json\" class=\"yoast-schema-graph\">{\"@context\":\"https:\\\/\\\/schema.org\",\"@graph\":[{\"@type\":\"Article\",\"@id\":\"https:\\\/\\\/aehm.es\\\/los-hoteleros-madrilenos-firman-un-acuerdo-de-colaboracion-con-las-ventas-tour-para-poner-en-valor-la-historica-plaza-de-toros-de-las-ventas\\\/#article\",\"isPartOf\":{\"@id\":\"https:\\\/\\\/aehm.es\\\/los-hoteleros-madrilenos-firman-un-acuerdo-de-colaboracion-con-las-ventas-tour-para-poner-en-valor-la-historica-plaza-de-toros-de-las-ventas\\\/\"},\"author\":{\"name\":\"richard\",\"@id\":\"https:\\\/\\\/aehm.es\\\/#\\\/schema\\\/person\\\/ca1397f4b0bcee246b58a0278b67a95f\"},\"headline\":\"Los hoteleros madrile\u00f1os firman un acuerdo de colaboraci\u00f3n con Las Ventas Tour para poner en valor la hist\u00f3rica plaza de toros de Las Ventas\",\"datePublished\":\"2019-01-24T13:20:13+00:00\",\"mainEntityOfPage\":{\"@id\":\"https:\\\/\\\/aehm.es\\\/los-hoteleros-madrilenos-firman-un-acuerdo-de-colaboracion-con-las-ventas-tour-para-poner-en-valor-la-historica-plaza-de-toros-de-las-ventas\\\/\"},\"wordCount\":267,\"commentCount\":0,\"publisher\":{\"@id\":\"https:\\\/\\\/aehm.es\\\/#organization\"},\"image\":{\"@id\":\"https:\\\/\\\/aehm.es\\\/los-hoteleros-madrilenos-firman-un-acuerdo-de-colaboracion-con-las-ventas-tour-para-poner-en-valor-la-historica-plaza-de-toros-de-las-ventas\\\/#primaryimage\"},\"thumbnailUrl\":\"https:\\\/\\\/aehm.es\\\/wp-content\\\/uploads\\\/2019\\\/01\\\/Acuerdo-AEHM-y-Las-Ventas-Tour-1.jpg\",\"articleSection\":[\"Actualidad AEHM\"],\"inLanguage\":\"en-US\",\"potentialAction\":[{\"@type\":\"CommentAction\",\"name\":\"Comment\",\"target\":[\"https:\\\/\\\/aehm.es\\\/los-hoteleros-madrilenos-firman-un-acuerdo-de-colaboracion-con-las-ventas-tour-para-poner-en-valor-la-historica-plaza-de-toros-de-las-ventas\\\/#respond\"]}]},{\"@type\":\"WebPage\",\"@id\":\"https:\\\/\\\/aehm.es\\\/los-hoteleros-madrilenos-firman-un-acuerdo-de-colaboracion-con-las-ventas-tour-para-poner-en-valor-la-historica-plaza-de-toros-de-las-ventas\\\/\",\"url\":\"https:\\\/\\\/aehm.es\\\/los-hoteleros-madrilenos-firman-un-acuerdo-de-colaboracion-con-las-ventas-tour-para-poner-en-valor-la-historica-plaza-de-toros-de-las-ventas\\\/\",\"name\":\"Los hoteleros madrile\u00f1os firman un acuerdo de colaboraci\u00f3n con Las Ventas Tour para poner en valor la hist\u00f3rica plaza de toros de Las Ventas - AEHM\",\"isPartOf\":{\"@id\":\"https:\\\/\\\/aehm.es\\\/#website\"},\"primaryImageOfPage\":{\"@id\":\"https:\\\/\\\/aehm.es\\\/los-hoteleros-madrilenos-firman-un-acuerdo-de-colaboracion-con-las-ventas-tour-para-poner-en-valor-la-historica-plaza-de-toros-de-las-ventas\\\/#primaryimage\"},\"image\":{\"@id\":\"https:\\\/\\\/aehm.es\\\/los-hoteleros-madrilenos-firman-un-acuerdo-de-colaboracion-con-las-ventas-tour-para-poner-en-valor-la-historica-plaza-de-toros-de-las-ventas\\\/#primaryimage\"},\"thumbnailUrl\":\"https:\\\/\\\/aehm.es\\\/wp-content\\\/uploads\\\/2019\\\/01\\\/Acuerdo-AEHM-y-Las-Ventas-Tour-1.jpg\",\"datePublished\":\"2019-01-24T13:20:13+00:00\",\"breadcrumb\":{\"@id\":\"https:\\\/\\\/aehm.es\\\/los-hoteleros-madrilenos-firman-un-acuerdo-de-colaboracion-con-las-ventas-tour-para-poner-en-valor-la-historica-plaza-de-toros-de-las-ventas\\\/#breadcrumb\"},\"inLanguage\":\"en-US\",\"potentialAction\":[{\"@type\":\"ReadAction\",\"target\":[\"https:\\\/\\\/aehm.es\\\/los-hoteleros-madrilenos-firman-un-acuerdo-de-colaboracion-con-las-ventas-tour-para-poner-en-valor-la-historica-plaza-de-toros-de-las-ventas\\\/\"]}]},{\"@type\":\"ImageObject\",\"inLanguage\":\"en-US\",\"@id\":\"https:\\\/\\\/aehm.es\\\/los-hoteleros-madrilenos-firman-un-acuerdo-de-colaboracion-con-las-ventas-tour-para-poner-en-valor-la-historica-plaza-de-toros-de-las-ventas\\\/#primaryimage\",\"url\":\"https:\\\/\\\/aehm.es\\\/wp-content\\\/uploads\\\/2019\\\/01\\\/Acuerdo-AEHM-y-Las-Ventas-Tour-1.jpg\",\"contentUrl\":\"https:\\\/\\\/aehm.es\\\/wp-content\\\/uploads\\\/2019\\\/01\\\/Acuerdo-AEHM-y-Las-Ventas-Tour-1.jpg\",\"width\":1600,\"height\":1200},{\"@type\":\"BreadcrumbList\",\"@id\":\"https:\\\/\\\/aehm.es\\\/los-hoteleros-madrilenos-firman-un-acuerdo-de-colaboracion-con-las-ventas-tour-para-poner-en-valor-la-historica-plaza-de-toros-de-las-ventas\\\/#breadcrumb\",\"itemListElement\":[{\"@type\":\"ListItem\",\"position\":1,\"name\":\"Portada\",\"item\":\"https:\\\/\\\/aehm.es\\\/en\\\/\"},{\"@type\":\"ListItem\",\"position\":2,\"name\":\"Los hoteleros madrile\u00f1os firman un acuerdo de colaboraci\u00f3n con Las Ventas Tour para poner en valor la hist\u00f3rica plaza de toros de Las Ventas\"}]},{\"@type\":\"WebSite\",\"@id\":\"https:\\\/\\\/aehm.es\\\/#website\",\"url\":\"https:\\\/\\\/aehm.es\\\/\",\"name\":\"Asociaci\u00f3n Empresarial Hotelera de Madrid\",\"description\":\"La Asociaci\u00f3n Empresarial Hotelera Madrid est\u00e1 formada por m\u00e1s de 300 establecimientos de todas las categor\u00edas y tipolog\u00edas (hoteles, hostales, hostels, apartamentos\u2026) que suman m\u00e1s de 75.000 plazas de alojamiento.\",\"publisher\":{\"@id\":\"https:\\\/\\\/aehm.es\\\/#organization\"},\"alternateName\":\"AEHM\",\"potentialAction\":[{\"@type\":\"SearchAction\",\"target\":{\"@type\":\"EntryPoint\",\"urlTemplate\":\"https:\\\/\\\/aehm.es\\\/?s={search_term_string}\"},\"query-input\":{\"@type\":\"PropertyValueSpecification\",\"valueRequired\":true,\"valueName\":\"search_term_string\"}}],\"inLanguage\":\"en-US\"},{\"@type\":\"Organization\",\"@id\":\"https:\\\/\\\/aehm.es\\\/#organization\",\"name\":\"Asociaci\u00f3n Empresarial Hotelera de Madrid\",\"url\":\"https:\\\/\\\/aehm.es\\\/\",\"logo\":{\"@type\":\"ImageObject\",\"inLanguage\":\"en-US\",\"@id\":\"https:\\\/\\\/aehm.es\\\/#\\\/schema\\\/logo\\\/image\\\/\",\"url\":\"https:\\\/\\\/aehm.es\\\/wp-content\\\/uploads\\\/2021\\\/11\\\/Logo_AEHM_Horiz.png\",\"contentUrl\":\"https:\\\/\\\/aehm.es\\\/wp-content\\\/uploads\\\/2021\\\/11\\\/Logo_AEHM_Horiz.png\",\"width\":600,\"height\":182,\"caption\":\"Asociaci\u00f3n Empresarial Hotelera de Madrid\"},\"image\":{\"@id\":\"https:\\\/\\\/aehm.es\\\/#\\\/schema\\\/logo\\\/image\\\/\"},\"sameAs\":[\"https:\\\/\\\/www.instagram.com\\\/hotelesdemadrid\\\/\",\"https:\\\/\\\/x.com\\\/HotelesAEHM\",\"https:\\\/\\\/www.linkedin.com\\\/company\\\/11166072\\\/\"]},{\"@type\":\"Person\",\"@id\":\"https:\\\/\\\/aehm.es\\\/#\\\/schema\\\/person\\\/ca1397f4b0bcee246b58a0278b67a95f\",\"name\":\"richard\",\"image\":{\"@type\":\"ImageObject\",\"inLanguage\":\"en-US\",\"@id\":\"https:\\\/\\\/secure.gravatar.com\\\/avatar\\\/dd2486a811ecc34bf766b7d8b17d0ea76674186c415867af39660e429e20e1a0?s=96&d=mm&r=g\",\"url\":\"https:\\\/\\\/secure.gravatar.com\\\/avatar\\\/dd2486a811ecc34bf766b7d8b17d0ea76674186c415867af39660e429e20e1a0?s=96&d=mm&r=g\",\"contentUrl\":\"https:\\\/\\\/secure.gravatar.com\\\/avatar\\\/dd2486a811ecc34bf766b7d8b17d0ea76674186c415867af39660e429e20e1a0?s=96&d=mm&r=g\",\"caption\":\"richard\"},\"url\":\"https:\\\/\\\/aehm.es\\\/en\\\/author\\\/richard\\\/\"}]}<\/script>\n<!-- \/ Yoast SEO plugin. -->","yoast_head_json":{"title":"Los hoteleros madrile\u00f1os firman un acuerdo de colaboraci\u00f3n con Las Ventas Tour para poner en valor la hist\u00f3rica plaza de toros de Las Ventas - AEHM","robots":{"index":"index","follow":"follow","max-snippet":"max-snippet:-1","max-image-preview":"max-image-preview:large","max-video-preview":"max-video-preview:-1"},"canonical":"https:\/\/aehm.es\/los-hoteleros-madrilenos-firman-un-acuerdo-de-colaboracion-con-las-ventas-tour-para-poner-en-valor-la-historica-plaza-de-toros-de-las-ventas\/","og_locale":"en_US","og_type":"article","og_title":"Los hoteleros madrile\u00f1os firman un acuerdo de colaboraci\u00f3n con Las Ventas Tour para poner en valor la hist\u00f3rica plaza de toros de Las Ventas","og_description":"La Asociaci\u00f3n Empresarial Hotelera de Madrid y Las Ventas Tour han firmado, en el marco de la mayor Feria de Turismo de Madrid (FITUR), un convenio de colaboraci\u00f3n para promocionar el valor hist\u00f3rico de la madrile\u00f1a plaza de toros de Las Ventas.","og_url":"https:\/\/aehm.es\/los-hoteleros-madrilenos-firman-un-acuerdo-de-colaboracion-con-las-ventas-tour-para-poner-en-valor-la-historica-plaza-de-toros-de-las-ventas\/","og_site_name":"AEHM","article_publisher":"https:\/\/www.instagram.com\/hotelesdemadrid\/","article_published_time":"2019-01-24T13:20:13+00:00","og_image":[{"width":600,"height":750,"url":"https:\/\/aehm.es\/wp-content\/uploads\/2018\/07\/DJV_F_Incorporacion-07112018-1-1.jpg","type":"image\/jpeg"}],"author":"richard","twitter_card":"summary_large_image","twitter_title":"Los hoteleros madrile\u00f1os firman un acuerdo de colaboraci\u00f3n con Las Ventas Tour para poner en valor la hist\u00f3rica plaza de toros de Las Ventas","twitter_description":"La Asociaci\u00f3n Empresarial Hotelera de Madrid y Las Ventas Tour han firmado, en el marco de la mayor Feria de Turismo de Madrid (FITUR), un convenio de colaboraci\u00f3n para promocionar el valor hist\u00f3rico de la madrile\u00f1a plaza de toros de Las Ventas.","twitter_image":"https:\/\/aehm.es\/wp-content\/uploads\/2018\/07\/DJV_F_Incorporacion-07112018-1-1.jpg","twitter_creator":"@HotelesAEHM","twitter_site":"@HotelesAEHM","twitter_misc":{"Written by":"richard","Est. reading time":"1 minute"},"schema":{"@context":"https:\/\/schema.org","@graph":[{"@type":"Article","@id":"https:\/\/aehm.es\/los-hoteleros-madrilenos-firman-un-acuerdo-de-colaboracion-con-las-ventas-tour-para-poner-en-valor-la-historica-plaza-de-toros-de-las-ventas\/#article","isPartOf":{"@id":"https:\/\/aehm.es\/los-hoteleros-madrilenos-firman-un-acuerdo-de-colaboracion-con-las-ventas-tour-para-poner-en-valor-la-historica-plaza-de-toros-de-las-ventas\/"},"author":{"name":"richard","@id":"https:\/\/aehm.es\/#\/schema\/person\/ca1397f4b0bcee246b58a0278b67a95f"},"headline":"Los hoteleros madrile\u00f1os firman un acuerdo de colaboraci\u00f3n con Las Ventas Tour para poner en valor la hist\u00f3rica plaza de toros de Las Ventas","datePublished":"2019-01-24T13:20:13+00:00","mainEntityOfPage":{"@id":"https:\/\/aehm.es\/los-hoteleros-madrilenos-firman-un-acuerdo-de-colaboracion-con-las-ventas-tour-para-poner-en-valor-la-historica-plaza-de-toros-de-las-ventas\/"},"wordCount":267,"commentCount":0,"publisher":{"@id":"https:\/\/aehm.es\/#organization"},"image":{"@id":"https:\/\/aehm.es\/los-hoteleros-madrilenos-firman-un-acuerdo-de-colaboracion-con-las-ventas-tour-para-poner-en-valor-la-historica-plaza-de-toros-de-las-ventas\/#primaryimage"},"thumbnailUrl":"https:\/\/aehm.es\/wp-content\/uploads\/2019\/01\/Acuerdo-AEHM-y-Las-Ventas-Tour-1.jpg","articleSection":["Actualidad AEHM"],"inLanguage":"en-US","potentialAction":[{"@type":"CommentAction","name":"Comment","target":["https:\/\/aehm.es\/los-hoteleros-madrilenos-firman-un-acuerdo-de-colaboracion-con-las-ventas-tour-para-poner-en-valor-la-historica-plaza-de-toros-de-las-ventas\/#respond"]}]},{"@type":"WebPage","@id":"https:\/\/aehm.es\/los-hoteleros-madrilenos-firman-un-acuerdo-de-colaboracion-con-las-ventas-tour-para-poner-en-valor-la-historica-plaza-de-toros-de-las-ventas\/","url":"https:\/\/aehm.es\/los-hoteleros-madrilenos-firman-un-acuerdo-de-colaboracion-con-las-ventas-tour-para-poner-en-valor-la-historica-plaza-de-toros-de-las-ventas\/","name":"Los hoteleros madrile\u00f1os firman un acuerdo de colaboraci\u00f3n con Las Ventas Tour para poner en valor la hist\u00f3rica plaza de toros de Las Ventas - AEHM","isPartOf":{"@id":"https:\/\/aehm.es\/#website"},"primaryImageOfPage":{"@id":"https:\/\/aehm.es\/los-hoteleros-madrilenos-firman-un-acuerdo-de-colaboracion-con-las-ventas-tour-para-poner-en-valor-la-historica-plaza-de-toros-de-las-ventas\/#primaryimage"},"image":{"@id":"https:\/\/aehm.es\/los-hoteleros-madrilenos-firman-un-acuerdo-de-colaboracion-con-las-ventas-tour-para-poner-en-valor-la-historica-plaza-de-toros-de-las-ventas\/#primaryimage"},"thumbnailUrl":"https:\/\/aehm.es\/wp-content\/uploads\/2019\/01\/Acuerdo-AEHM-y-Las-Ventas-Tour-1.jpg","datePublished":"2019-01-24T13:20:13+00:00","breadcrumb":{"@id":"https:\/\/aehm.es\/los-hoteleros-madrilenos-firman-un-acuerdo-de-colaboracion-con-las-ventas-tour-para-poner-en-valor-la-historica-plaza-de-toros-de-las-ventas\/#breadcrumb"},"inLanguage":"en-US","potentialAction":[{"@type":"ReadAction","target":["https:\/\/aehm.es\/los-hoteleros-madrilenos-firman-un-acuerdo-de-colaboracion-con-las-ventas-tour-para-poner-en-valor-la-historica-plaza-de-toros-de-las-ventas\/"]}]},{"@type":"ImageObject","inLanguage":"en-US","@id":"https:\/\/aehm.es\/los-hoteleros-madrilenos-firman-un-acuerdo-de-colaboracion-con-las-ventas-tour-para-poner-en-valor-la-historica-plaza-de-toros-de-las-ventas\/#primaryimage","url":"https:\/\/aehm.es\/wp-content\/uploads\/2019\/01\/Acuerdo-AEHM-y-Las-Ventas-Tour-1.jpg","contentUrl":"https:\/\/aehm.es\/wp-content\/uploads\/2019\/01\/Acuerdo-AEHM-y-Las-Ventas-Tour-1.jpg","width":1600,"height":1200},{"@type":"BreadcrumbList","@id":"https:\/\/aehm.es\/los-hoteleros-madrilenos-firman-un-acuerdo-de-colaboracion-con-las-ventas-tour-para-poner-en-valor-la-historica-plaza-de-toros-de-las-ventas\/#breadcrumb","itemListElement":[{"@type":"ListItem","position":1,"name":"Portada","item":"https:\/\/aehm.es\/en\/"},{"@type":"ListItem","position":2,"name":"Los hoteleros madrile\u00f1os firman un acuerdo de colaboraci\u00f3n con Las Ventas Tour para poner en valor la hist\u00f3rica plaza de toros de Las Ventas"}]},{"@type":"WebSite","@id":"https:\/\/aehm.es\/#website","url":"https:\/\/aehm.es\/","name":"Asociaci\u00f3n Empresarial Hotelera de Madrid","description":"La Asociaci\u00f3n Empresarial Hotelera Madrid est\u00e1 formada por m\u00e1s de 300 establecimientos de todas las categor\u00edas y tipolog\u00edas (hoteles, hostales, hostels, apartamentos\u2026) que suman m\u00e1s de 75.000 plazas de alojamiento.","publisher":{"@id":"https:\/\/aehm.es\/#organization"},"alternateName":"AEHM","potentialAction":[{"@type":"SearchAction","target":{"@type":"EntryPoint","urlTemplate":"https:\/\/aehm.es\/?s={search_term_string}"},"query-input":{"@type":"PropertyValueSpecification","valueRequired":true,"valueName":"search_term_string"}}],"inLanguage":"en-US"},{"@type":"Organization","@id":"https:\/\/aehm.es\/#organization","name":"Asociaci\u00f3n Empresarial Hotelera de Madrid","url":"https:\/\/aehm.es\/","logo":{"@type":"ImageObject","inLanguage":"en-US","@id":"https:\/\/aehm.es\/#\/schema\/logo\/image\/","url":"https:\/\/aehm.es\/wp-content\/uploads\/2021\/11\/Logo_AEHM_Horiz.png","contentUrl":"https:\/\/aehm.es\/wp-content\/uploads\/2021\/11\/Logo_AEHM_Horiz.png","width":600,"height":182,"caption":"Asociaci\u00f3n Empresarial Hotelera de Madrid"},"image":{"@id":"https:\/\/aehm.es\/#\/schema\/logo\/image\/"},"sameAs":["https:\/\/www.instagram.com\/hotelesdemadrid\/","https:\/\/x.com\/HotelesAEHM","https:\/\/www.linkedin.com\/company\/11166072\/"]},{"@type":"Person","@id":"https:\/\/aehm.es\/#\/schema\/person\/ca1397f4b0bcee246b58a0278b67a95f","name":"richard","image":{"@type":"ImageObject","inLanguage":"en-US","@id":"https:\/\/secure.gravatar.com\/avatar\/dd2486a811ecc34bf766b7d8b17d0ea76674186c415867af39660e429e20e1a0?s=96&d=mm&r=g","url":"https:\/\/secure.gravatar.com\/avatar\/dd2486a811ecc34bf766b7d8b17d0ea76674186c415867af39660e429e20e1a0?s=96&d=mm&r=g","contentUrl":"https:\/\/secure.gravatar.com\/avatar\/dd2486a811ecc34bf766b7d8b17d0ea76674186c415867af39660e429e20e1a0?s=96&d=mm&r=g","caption":"richard"},"url":"https:\/\/aehm.es\/en\/author\/richard\/"}]}},"_links":{"self":[{"href":"https:\/\/aehm.es\/en\/wp-json\/wp\/v2\/posts\/11495","targetHints":{"allow":["GET"]}}],"collection":[{"href":"https:\/\/aehm.es\/en\/wp-json\/wp\/v2\/posts"}],"about":[{"href":"https:\/\/aehm.es\/en\/wp-json\/wp\/v2\/types\/post"}],"author":[{"embeddable":true,"href":"https:\/\/aehm.es\/en\/wp-json\/wp\/v2\/users\/1"}],"replies":[{"embeddable":true,"href":"https:\/\/aehm.es\/en\/wp-json\/wp\/v2\/comments?post=11495"}],"version-history":[{"count":0,"href":"https:\/\/aehm.es\/en\/wp-json\/wp\/v2\/posts\/11495\/revisions"}],"wp:featuredmedia":[{"embeddable":true,"href":"https:\/\/aehm.es\/en\/wp-json\/wp\/v2\/media\/10867"}],"wp:attachment":[{"href":"https:\/\/aehm.es\/en\/wp-json\/wp\/v2\/media?parent=11495"}],"wp:term":[{"taxonomy":"category","embeddable":true,"href":"https:\/\/aehm.es\/en\/wp-json\/wp\/v2\/categories?post=11495"},{"taxonomy":"post_tag","embeddable":true,"href":"https:\/\/aehm.es\/en\/wp-json\/wp\/v2\/tags?post=11495"}],"curies":[{"name":"wp","href":"https:\/\/api.w.org\/{rel}","templated":true}]}}