{"id":11492,"date":"2019-01-18T14:49:17","date_gmt":"2019-01-18T14:49:17","guid":{"rendered":"https:\/\/aehm.es\/?p=5164"},"modified":"2019-01-18T14:49:17","modified_gmt":"2019-01-18T14:49:17","slug":"la-asociacion-empresarial-hotelera-de-madrid-llegara-a-fitur-con-un-stand-decorado-con-las-ultimas-tendencias-de-interiorismo-natural","status":"publish","type":"post","link":"https:\/\/aehm.es\/en\/la-asociacion-empresarial-hotelera-de-madrid-llegara-a-fitur-con-un-stand-decorado-con-las-ultimas-tendencias-de-interiorismo-natural\/","title":{"rendered":"La Asociaci\u00f3n Empresarial Hotelera de Madrid llegar\u00e1 a Fitur con un stand decorado con las \u00faltimas tendencias de interiorismo natural"},"content":{"rendered":"<ul>\n<li><strong>El stand 10D24, de 276 m\u00b2 de superficie, ofrecer\u00e1 al p\u00fablico profesional y a los ciudadanos un gran espacio con las \u00faltimas propuestas de dise\u00f1o, donde cobran especial protagonismo materiales y elementos como la madera y la vegetaci\u00f3n <\/strong><\/li>\n<li><strong>La AEHM ha organizado para esta edici\u00f3n de Fitur numerosos encuentros profesionales y diversas experiencias gastron\u00f3micas, entre otras actividades<\/strong><\/li>\n<\/ul>\n<p><strong>Madrid, 18 de enero de 2019.-<\/strong> La <strong>Asociaci\u00f3n Empresarial Hotelera de Madrid<\/strong> (AEHM) participar\u00e1 en <strong>Fitur 2019 <\/strong>con un stand de 276 m\u00b2 (10D24), una superficie 100 m\u00b2 superior al del 2018. El espacio, dise\u00f1ado por <strong>El Corte Ingl\u00e9s Empresas,<\/strong> recrear\u00e1 el lobby de un hotel decorado con las \u00faltimas tendencias de interiorismo natural donde cobran especial protagonismo materiales y elementos como la madera y la vegetaci\u00f3n.<\/p>\n<p>Para la AEHM, formar parte de este evento internacional es fundamental para <strong>poner en valor el modelo de turismo sostenible por el que aboga el sector, consolidar la imagen de excelencia de los establecimientos de la regi\u00f3n e impulsar la visibilidad del destino tanto dentro como fuera de Espa\u00f1a<\/strong>.<\/p>\n<p>En esta edici\u00f3n de Fitur, el stand de la AEHM cuenta con un espacio abierto de 200 \u00b2 de superficie en cuyo centro hay un gran cerezo rodeado por una barra en forma de elipse. Adem\u00e1s, contar\u00e1 con m\u00faltiples zonas dise\u00f1adas para la celebraci\u00f3n sesiones de <em>networking<\/em> y para la realizaci\u00f3n de diferentes experiencias gastron\u00f3micas que ser\u00e1n posibles gracias a la colaboraci\u00f3n de la AEHM con <strong>El Corte Ingl\u00e9s Empresas, Grupo Norte\u00f1os, Mahou, Celeste y Las Rozas Village<\/strong>, entre otros.<\/p>\n<p><em>\u201cParticipar en esta cita anual es imprescindible para dar a conocer la calidad de nuestros establecimientos y, a su vez, es una plataforma clave para impulsar la visibilidad de nuestro destino con el objetivo de posicionarnos en el \u2018top of mind\u2019 de los viajeros nacionales e internacionales\u201d, <\/em>ha se\u00f1alado la secretaria general de la AEHM, Mar de Miguel.<\/p>\n<p><strong>Programa de actividades y experiencias en el stand de la AEHM (<\/strong><strong>10D24)<\/strong><\/p>\n<p>El mi\u00e9rcoles 23 de enero a las 16.00 horas <strong>STR<\/strong> presentar\u00e1 el informe<strong> \u2018Rendimiento en Madrid. Un mercado en alza\u2019<\/strong> en el que se analizar\u00e1 la situaci\u00f3n del sector en la capital.<\/p>\n<p>El jueves 24 de enero a las 11.00 horas la AEHM, en colaboraci\u00f3n con <strong>Christie &amp; Co<\/strong>., organizar\u00e1 un <strong>foro sobre inversi\u00f3n hotelera<\/strong>. Posteriormente, a las 12.30 horas, tendr\u00e1 lugar un <strong>encuentro con TripAdvisor<\/strong> en el que se presentar\u00e1 el \u00faltimo estudio sobre tendencias hoteleras en la capital y se anunciar\u00e1n los ganadores de los Premios Travellers&#8217; Choice de Madrid. <em>\u201cEstamos seguros de que algunos de los establecimientos asociados ser\u00e1n premiados por su alta calidad y servicio de excelencia\u201d<\/em>, han se\u00f1alado desde la AEHM.<\/p>\n<p>Ese mismo d\u00eda por la tarde, a las 16.00 horas, la <strong>Asociaci\u00f3n presentar\u00e1 el desarrollo de su App<\/strong> que tiene como objetivo ofrecer a las personas que visiten la ciudad informaci\u00f3n actualizada y detallada sobre los hoteles de la AEHM.<\/p>\n<p>Adem\u00e1s, en el marco de Fitur 2019 la AEHM firmar\u00e1 diversos acuerdos como el que tendr\u00e1 lugar con <strong>SOM Produce<\/strong> con el objetivo de promocionar los musicales en la capital y tambi\u00e9n ofrecer\u00e1 diversas experiencias, entre las que destacan una <strong>degustaci\u00f3n de la amplia variedad de caf\u00e9s<\/strong> <strong>de Caf\u00e9s Baqu\u00e9<\/strong>, una cata <strong>de cervezas<\/strong> <strong>Mahou, <\/strong>una<strong> degustaci\u00f3n de cocteler\u00eda <\/strong>de la mano de <strong>Destiler\u00edas J. Borrajo<\/strong> y otra de <strong>productos de alta calidad del Grupo Norte\u00f1os<\/strong>.<\/p>\n","protected":false},"excerpt":{"rendered":"<p>El stand 10D24, de 276 m\u00b2 de superficie, ofrecer\u00e1 al p\u00fablico profesional y a los ciudadanos un gran espacio con las \u00faltimas propuestas de dise\u00f1o, donde cobran especial protagonismo materiales y elementos como la madera y la vegetaci\u00f3n La AEHM ha organizado para esta edici\u00f3n de Fitur numerosos encuentros profesionales y diversas experiencias gastron\u00f3micas, entre [&hellip;]<\/p>\n","protected":false},"author":1,"featured_media":10862,"comment_status":"open","ping_status":"open","sticky":false,"template":"","format":"standard","meta":{"footnotes":""},"categories":[1],"tags":[],"class_list":["post-11492","post","type-post","status-publish","format-standard","has-post-thumbnail","hentry","category-actualidad-aehm"],"yoast_head":"<!-- This site is optimized with the Yoast SEO plugin v27.5 - https:\/\/yoast.com\/product\/yoast-seo-wordpress\/ -->\n<title>La Asociaci\u00f3n Empresarial Hotelera de Madrid llegar\u00e1 a Fitur con un stand decorado con las \u00faltimas tendencias de interiorismo natural - AEHM<\/title>\n<meta name=\"robots\" content=\"index, follow, max-snippet:-1, max-image-preview:large, max-video-preview:-1\" \/>\n<link rel=\"canonical\" href=\"https:\/\/aehm.es\/la-asociacion-empresarial-hotelera-de-madrid-llegara-a-fitur-con-un-stand-decorado-con-las-ultimas-tendencias-de-interiorismo-natural\/\" \/>\n<meta property=\"og:locale\" content=\"en_US\" \/>\n<meta property=\"og:type\" content=\"article\" \/>\n<meta property=\"og:title\" content=\"La Asociaci\u00f3n Empresarial Hotelera de Madrid llegar\u00e1 a Fitur con un stand decorado con las \u00faltimas tendencias de interiorismo natural - AEHM\" \/>\n<meta property=\"og:description\" content=\"La AEHM ha organizado para esta edici\u00f3n de Fitur numerosos encuentros profesionales y diversas experiencias gastron\u00f3micas, entre otras actividades\" \/>\n<meta property=\"og:url\" content=\"https:\/\/aehm.es\/la-asociacion-empresarial-hotelera-de-madrid-llegara-a-fitur-con-un-stand-decorado-con-las-ultimas-tendencias-de-interiorismo-natural\/\" \/>\n<meta property=\"og:site_name\" content=\"AEHM\" \/>\n<meta property=\"article:publisher\" content=\"https:\/\/www.instagram.com\/hotelesdemadrid\/\" \/>\n<meta property=\"article:published_time\" content=\"2019-01-18T14:49:17+00:00\" \/>\n<meta property=\"og:image\" content=\"https:\/\/aehm.es\/wp-content\/uploads\/2019\/01\/AEHM-llegara-a-Fitur-con-un-stand-decorado-con-las-ultimas-tendencias-de-interiorismo-natural-e1547822822315-1.jpg\" \/>\n\t<meta property=\"og:image:width\" content=\"1800\" \/>\n\t<meta property=\"og:image:height\" content=\"1129\" \/>\n\t<meta property=\"og:image:type\" content=\"image\/jpeg\" \/>\n<meta name=\"author\" content=\"richard\" \/>\n<meta name=\"twitter:card\" content=\"summary_large_image\" \/>\n<meta name=\"twitter:creator\" content=\"@HotelesAEHM\" \/>\n<meta name=\"twitter:site\" content=\"@HotelesAEHM\" \/>\n<meta name=\"twitter:label1\" content=\"Written by\" \/>\n\t<meta name=\"twitter:data1\" content=\"richard\" \/>\n\t<meta name=\"twitter:label2\" content=\"Est. reading time\" \/>\n\t<meta name=\"twitter:data2\" content=\"3 minutes\" \/>\n<script type=\"application\/ld+json\" class=\"yoast-schema-graph\">{\"@context\":\"https:\\\/\\\/schema.org\",\"@graph\":[{\"@type\":\"Article\",\"@id\":\"https:\\\/\\\/aehm.es\\\/la-asociacion-empresarial-hotelera-de-madrid-llegara-a-fitur-con-un-stand-decorado-con-las-ultimas-tendencias-de-interiorismo-natural\\\/#article\",\"isPartOf\":{\"@id\":\"https:\\\/\\\/aehm.es\\\/la-asociacion-empresarial-hotelera-de-madrid-llegara-a-fitur-con-un-stand-decorado-con-las-ultimas-tendencias-de-interiorismo-natural\\\/\"},\"author\":{\"name\":\"richard\",\"@id\":\"https:\\\/\\\/aehm.es\\\/#\\\/schema\\\/person\\\/ca1397f4b0bcee246b58a0278b67a95f\"},\"headline\":\"La Asociaci\u00f3n Empresarial Hotelera de Madrid llegar\u00e1 a Fitur con un stand decorado con las \u00faltimas tendencias de interiorismo natural\",\"datePublished\":\"2019-01-18T14:49:17+00:00\",\"mainEntityOfPage\":{\"@id\":\"https:\\\/\\\/aehm.es\\\/la-asociacion-empresarial-hotelera-de-madrid-llegara-a-fitur-con-un-stand-decorado-con-las-ultimas-tendencias-de-interiorismo-natural\\\/\"},\"wordCount\":603,\"commentCount\":0,\"publisher\":{\"@id\":\"https:\\\/\\\/aehm.es\\\/#organization\"},\"image\":{\"@id\":\"https:\\\/\\\/aehm.es\\\/la-asociacion-empresarial-hotelera-de-madrid-llegara-a-fitur-con-un-stand-decorado-con-las-ultimas-tendencias-de-interiorismo-natural\\\/#primaryimage\"},\"thumbnailUrl\":\"https:\\\/\\\/aehm.es\\\/wp-content\\\/uploads\\\/2019\\\/01\\\/AEHM-llegara-a-Fitur-con-un-stand-decorado-con-las-ultimas-tendencias-de-interiorismo-natural-e1547822822315-1.jpg\",\"articleSection\":[\"Actualidad AEHM\"],\"inLanguage\":\"en-US\",\"potentialAction\":[{\"@type\":\"CommentAction\",\"name\":\"Comment\",\"target\":[\"https:\\\/\\\/aehm.es\\\/la-asociacion-empresarial-hotelera-de-madrid-llegara-a-fitur-con-un-stand-decorado-con-las-ultimas-tendencias-de-interiorismo-natural\\\/#respond\"]}]},{\"@type\":\"WebPage\",\"@id\":\"https:\\\/\\\/aehm.es\\\/la-asociacion-empresarial-hotelera-de-madrid-llegara-a-fitur-con-un-stand-decorado-con-las-ultimas-tendencias-de-interiorismo-natural\\\/\",\"url\":\"https:\\\/\\\/aehm.es\\\/la-asociacion-empresarial-hotelera-de-madrid-llegara-a-fitur-con-un-stand-decorado-con-las-ultimas-tendencias-de-interiorismo-natural\\\/\",\"name\":\"La Asociaci\u00f3n Empresarial Hotelera de Madrid llegar\u00e1 a Fitur con un stand decorado con las \u00faltimas tendencias de interiorismo natural - AEHM\",\"isPartOf\":{\"@id\":\"https:\\\/\\\/aehm.es\\\/#website\"},\"primaryImageOfPage\":{\"@id\":\"https:\\\/\\\/aehm.es\\\/la-asociacion-empresarial-hotelera-de-madrid-llegara-a-fitur-con-un-stand-decorado-con-las-ultimas-tendencias-de-interiorismo-natural\\\/#primaryimage\"},\"image\":{\"@id\":\"https:\\\/\\\/aehm.es\\\/la-asociacion-empresarial-hotelera-de-madrid-llegara-a-fitur-con-un-stand-decorado-con-las-ultimas-tendencias-de-interiorismo-natural\\\/#primaryimage\"},\"thumbnailUrl\":\"https:\\\/\\\/aehm.es\\\/wp-content\\\/uploads\\\/2019\\\/01\\\/AEHM-llegara-a-Fitur-con-un-stand-decorado-con-las-ultimas-tendencias-de-interiorismo-natural-e1547822822315-1.jpg\",\"datePublished\":\"2019-01-18T14:49:17+00:00\",\"breadcrumb\":{\"@id\":\"https:\\\/\\\/aehm.es\\\/la-asociacion-empresarial-hotelera-de-madrid-llegara-a-fitur-con-un-stand-decorado-con-las-ultimas-tendencias-de-interiorismo-natural\\\/#breadcrumb\"},\"inLanguage\":\"en-US\",\"potentialAction\":[{\"@type\":\"ReadAction\",\"target\":[\"https:\\\/\\\/aehm.es\\\/la-asociacion-empresarial-hotelera-de-madrid-llegara-a-fitur-con-un-stand-decorado-con-las-ultimas-tendencias-de-interiorismo-natural\\\/\"]}]},{\"@type\":\"ImageObject\",\"inLanguage\":\"en-US\",\"@id\":\"https:\\\/\\\/aehm.es\\\/la-asociacion-empresarial-hotelera-de-madrid-llegara-a-fitur-con-un-stand-decorado-con-las-ultimas-tendencias-de-interiorismo-natural\\\/#primaryimage\",\"url\":\"https:\\\/\\\/aehm.es\\\/wp-content\\\/uploads\\\/2019\\\/01\\\/AEHM-llegara-a-Fitur-con-un-stand-decorado-con-las-ultimas-tendencias-de-interiorismo-natural-e1547822822315-1.jpg\",\"contentUrl\":\"https:\\\/\\\/aehm.es\\\/wp-content\\\/uploads\\\/2019\\\/01\\\/AEHM-llegara-a-Fitur-con-un-stand-decorado-con-las-ultimas-tendencias-de-interiorismo-natural-e1547822822315-1.jpg\",\"width\":1800,\"height\":1129},{\"@type\":\"BreadcrumbList\",\"@id\":\"https:\\\/\\\/aehm.es\\\/la-asociacion-empresarial-hotelera-de-madrid-llegara-a-fitur-con-un-stand-decorado-con-las-ultimas-tendencias-de-interiorismo-natural\\\/#breadcrumb\",\"itemListElement\":[{\"@type\":\"ListItem\",\"position\":1,\"name\":\"Portada\",\"item\":\"https:\\\/\\\/aehm.es\\\/en\\\/\"},{\"@type\":\"ListItem\",\"position\":2,\"name\":\"La Asociaci\u00f3n Empresarial Hotelera de Madrid llegar\u00e1 a Fitur con un stand decorado con las \u00faltimas tendencias de interiorismo natural\"}]},{\"@type\":\"WebSite\",\"@id\":\"https:\\\/\\\/aehm.es\\\/#website\",\"url\":\"https:\\\/\\\/aehm.es\\\/\",\"name\":\"Asociaci\u00f3n Empresarial Hotelera de Madrid\",\"description\":\"La Asociaci\u00f3n Empresarial Hotelera Madrid est\u00e1 formada por m\u00e1s de 300 establecimientos de todas las categor\u00edas y tipolog\u00edas (hoteles, hostales, hostels, apartamentos\u2026) que suman m\u00e1s de 75.000 plazas de alojamiento.\",\"publisher\":{\"@id\":\"https:\\\/\\\/aehm.es\\\/#organization\"},\"alternateName\":\"AEHM\",\"potentialAction\":[{\"@type\":\"SearchAction\",\"target\":{\"@type\":\"EntryPoint\",\"urlTemplate\":\"https:\\\/\\\/aehm.es\\\/?s={search_term_string}\"},\"query-input\":{\"@type\":\"PropertyValueSpecification\",\"valueRequired\":true,\"valueName\":\"search_term_string\"}}],\"inLanguage\":\"en-US\"},{\"@type\":\"Organization\",\"@id\":\"https:\\\/\\\/aehm.es\\\/#organization\",\"name\":\"Asociaci\u00f3n Empresarial Hotelera de Madrid\",\"url\":\"https:\\\/\\\/aehm.es\\\/\",\"logo\":{\"@type\":\"ImageObject\",\"inLanguage\":\"en-US\",\"@id\":\"https:\\\/\\\/aehm.es\\\/#\\\/schema\\\/logo\\\/image\\\/\",\"url\":\"https:\\\/\\\/aehm.es\\\/wp-content\\\/uploads\\\/2021\\\/11\\\/Logo_AEHM_Horiz.png\",\"contentUrl\":\"https:\\\/\\\/aehm.es\\\/wp-content\\\/uploads\\\/2021\\\/11\\\/Logo_AEHM_Horiz.png\",\"width\":600,\"height\":182,\"caption\":\"Asociaci\u00f3n Empresarial Hotelera de Madrid\"},\"image\":{\"@id\":\"https:\\\/\\\/aehm.es\\\/#\\\/schema\\\/logo\\\/image\\\/\"},\"sameAs\":[\"https:\\\/\\\/www.instagram.com\\\/hotelesdemadrid\\\/\",\"https:\\\/\\\/x.com\\\/HotelesAEHM\",\"https:\\\/\\\/www.linkedin.com\\\/company\\\/11166072\\\/\"]},{\"@type\":\"Person\",\"@id\":\"https:\\\/\\\/aehm.es\\\/#\\\/schema\\\/person\\\/ca1397f4b0bcee246b58a0278b67a95f\",\"name\":\"richard\",\"image\":{\"@type\":\"ImageObject\",\"inLanguage\":\"en-US\",\"@id\":\"https:\\\/\\\/secure.gravatar.com\\\/avatar\\\/dd2486a811ecc34bf766b7d8b17d0ea76674186c415867af39660e429e20e1a0?s=96&d=mm&r=g\",\"url\":\"https:\\\/\\\/secure.gravatar.com\\\/avatar\\\/dd2486a811ecc34bf766b7d8b17d0ea76674186c415867af39660e429e20e1a0?s=96&d=mm&r=g\",\"contentUrl\":\"https:\\\/\\\/secure.gravatar.com\\\/avatar\\\/dd2486a811ecc34bf766b7d8b17d0ea76674186c415867af39660e429e20e1a0?s=96&d=mm&r=g\",\"caption\":\"richard\"},\"url\":\"https:\\\/\\\/aehm.es\\\/en\\\/author\\\/richard\\\/\"}]}<\/script>\n<!-- \/ Yoast SEO plugin. -->","yoast_head_json":{"title":"La Asociaci\u00f3n Empresarial Hotelera de Madrid llegar\u00e1 a Fitur con un stand decorado con las \u00faltimas tendencias de interiorismo natural - AEHM","robots":{"index":"index","follow":"follow","max-snippet":"max-snippet:-1","max-image-preview":"max-image-preview:large","max-video-preview":"max-video-preview:-1"},"canonical":"https:\/\/aehm.es\/la-asociacion-empresarial-hotelera-de-madrid-llegara-a-fitur-con-un-stand-decorado-con-las-ultimas-tendencias-de-interiorismo-natural\/","og_locale":"en_US","og_type":"article","og_title":"La Asociaci\u00f3n Empresarial Hotelera de Madrid llegar\u00e1 a Fitur con un stand decorado con las \u00faltimas tendencias de interiorismo natural - AEHM","og_description":"La AEHM ha organizado para esta edici\u00f3n de Fitur numerosos encuentros profesionales y diversas experiencias gastron\u00f3micas, entre otras actividades","og_url":"https:\/\/aehm.es\/la-asociacion-empresarial-hotelera-de-madrid-llegara-a-fitur-con-un-stand-decorado-con-las-ultimas-tendencias-de-interiorismo-natural\/","og_site_name":"AEHM","article_publisher":"https:\/\/www.instagram.com\/hotelesdemadrid\/","article_published_time":"2019-01-18T14:49:17+00:00","og_image":[{"width":1800,"height":1129,"url":"https:\/\/aehm.es\/wp-content\/uploads\/2019\/01\/AEHM-llegara-a-Fitur-con-un-stand-decorado-con-las-ultimas-tendencias-de-interiorismo-natural-e1547822822315-1.jpg","type":"image\/jpeg"}],"author":"richard","twitter_card":"summary_large_image","twitter_creator":"@HotelesAEHM","twitter_site":"@HotelesAEHM","twitter_misc":{"Written by":"richard","Est. reading time":"3 minutes"},"schema":{"@context":"https:\/\/schema.org","@graph":[{"@type":"Article","@id":"https:\/\/aehm.es\/la-asociacion-empresarial-hotelera-de-madrid-llegara-a-fitur-con-un-stand-decorado-con-las-ultimas-tendencias-de-interiorismo-natural\/#article","isPartOf":{"@id":"https:\/\/aehm.es\/la-asociacion-empresarial-hotelera-de-madrid-llegara-a-fitur-con-un-stand-decorado-con-las-ultimas-tendencias-de-interiorismo-natural\/"},"author":{"name":"richard","@id":"https:\/\/aehm.es\/#\/schema\/person\/ca1397f4b0bcee246b58a0278b67a95f"},"headline":"La Asociaci\u00f3n Empresarial Hotelera de Madrid llegar\u00e1 a Fitur con un stand decorado con las \u00faltimas tendencias de interiorismo natural","datePublished":"2019-01-18T14:49:17+00:00","mainEntityOfPage":{"@id":"https:\/\/aehm.es\/la-asociacion-empresarial-hotelera-de-madrid-llegara-a-fitur-con-un-stand-decorado-con-las-ultimas-tendencias-de-interiorismo-natural\/"},"wordCount":603,"commentCount":0,"publisher":{"@id":"https:\/\/aehm.es\/#organization"},"image":{"@id":"https:\/\/aehm.es\/la-asociacion-empresarial-hotelera-de-madrid-llegara-a-fitur-con-un-stand-decorado-con-las-ultimas-tendencias-de-interiorismo-natural\/#primaryimage"},"thumbnailUrl":"https:\/\/aehm.es\/wp-content\/uploads\/2019\/01\/AEHM-llegara-a-Fitur-con-un-stand-decorado-con-las-ultimas-tendencias-de-interiorismo-natural-e1547822822315-1.jpg","articleSection":["Actualidad AEHM"],"inLanguage":"en-US","potentialAction":[{"@type":"CommentAction","name":"Comment","target":["https:\/\/aehm.es\/la-asociacion-empresarial-hotelera-de-madrid-llegara-a-fitur-con-un-stand-decorado-con-las-ultimas-tendencias-de-interiorismo-natural\/#respond"]}]},{"@type":"WebPage","@id":"https:\/\/aehm.es\/la-asociacion-empresarial-hotelera-de-madrid-llegara-a-fitur-con-un-stand-decorado-con-las-ultimas-tendencias-de-interiorismo-natural\/","url":"https:\/\/aehm.es\/la-asociacion-empresarial-hotelera-de-madrid-llegara-a-fitur-con-un-stand-decorado-con-las-ultimas-tendencias-de-interiorismo-natural\/","name":"La Asociaci\u00f3n Empresarial Hotelera de Madrid llegar\u00e1 a Fitur con un stand decorado con las \u00faltimas tendencias de interiorismo natural - AEHM","isPartOf":{"@id":"https:\/\/aehm.es\/#website"},"primaryImageOfPage":{"@id":"https:\/\/aehm.es\/la-asociacion-empresarial-hotelera-de-madrid-llegara-a-fitur-con-un-stand-decorado-con-las-ultimas-tendencias-de-interiorismo-natural\/#primaryimage"},"image":{"@id":"https:\/\/aehm.es\/la-asociacion-empresarial-hotelera-de-madrid-llegara-a-fitur-con-un-stand-decorado-con-las-ultimas-tendencias-de-interiorismo-natural\/#primaryimage"},"thumbnailUrl":"https:\/\/aehm.es\/wp-content\/uploads\/2019\/01\/AEHM-llegara-a-Fitur-con-un-stand-decorado-con-las-ultimas-tendencias-de-interiorismo-natural-e1547822822315-1.jpg","datePublished":"2019-01-18T14:49:17+00:00","breadcrumb":{"@id":"https:\/\/aehm.es\/la-asociacion-empresarial-hotelera-de-madrid-llegara-a-fitur-con-un-stand-decorado-con-las-ultimas-tendencias-de-interiorismo-natural\/#breadcrumb"},"inLanguage":"en-US","potentialAction":[{"@type":"ReadAction","target":["https:\/\/aehm.es\/la-asociacion-empresarial-hotelera-de-madrid-llegara-a-fitur-con-un-stand-decorado-con-las-ultimas-tendencias-de-interiorismo-natural\/"]}]},{"@type":"ImageObject","inLanguage":"en-US","@id":"https:\/\/aehm.es\/la-asociacion-empresarial-hotelera-de-madrid-llegara-a-fitur-con-un-stand-decorado-con-las-ultimas-tendencias-de-interiorismo-natural\/#primaryimage","url":"https:\/\/aehm.es\/wp-content\/uploads\/2019\/01\/AEHM-llegara-a-Fitur-con-un-stand-decorado-con-las-ultimas-tendencias-de-interiorismo-natural-e1547822822315-1.jpg","contentUrl":"https:\/\/aehm.es\/wp-content\/uploads\/2019\/01\/AEHM-llegara-a-Fitur-con-un-stand-decorado-con-las-ultimas-tendencias-de-interiorismo-natural-e1547822822315-1.jpg","width":1800,"height":1129},{"@type":"BreadcrumbList","@id":"https:\/\/aehm.es\/la-asociacion-empresarial-hotelera-de-madrid-llegara-a-fitur-con-un-stand-decorado-con-las-ultimas-tendencias-de-interiorismo-natural\/#breadcrumb","itemListElement":[{"@type":"ListItem","position":1,"name":"Portada","item":"https:\/\/aehm.es\/en\/"},{"@type":"ListItem","position":2,"name":"La Asociaci\u00f3n Empresarial Hotelera de Madrid llegar\u00e1 a Fitur con un stand decorado con las \u00faltimas tendencias de interiorismo natural"}]},{"@type":"WebSite","@id":"https:\/\/aehm.es\/#website","url":"https:\/\/aehm.es\/","name":"Asociaci\u00f3n Empresarial Hotelera de Madrid","description":"La Asociaci\u00f3n Empresarial Hotelera Madrid est\u00e1 formada por m\u00e1s de 300 establecimientos de todas las categor\u00edas y tipolog\u00edas (hoteles, hostales, hostels, apartamentos\u2026) que suman m\u00e1s de 75.000 plazas de alojamiento.","publisher":{"@id":"https:\/\/aehm.es\/#organization"},"alternateName":"AEHM","potentialAction":[{"@type":"SearchAction","target":{"@type":"EntryPoint","urlTemplate":"https:\/\/aehm.es\/?s={search_term_string}"},"query-input":{"@type":"PropertyValueSpecification","valueRequired":true,"valueName":"search_term_string"}}],"inLanguage":"en-US"},{"@type":"Organization","@id":"https:\/\/aehm.es\/#organization","name":"Asociaci\u00f3n Empresarial Hotelera de Madrid","url":"https:\/\/aehm.es\/","logo":{"@type":"ImageObject","inLanguage":"en-US","@id":"https:\/\/aehm.es\/#\/schema\/logo\/image\/","url":"https:\/\/aehm.es\/wp-content\/uploads\/2021\/11\/Logo_AEHM_Horiz.png","contentUrl":"https:\/\/aehm.es\/wp-content\/uploads\/2021\/11\/Logo_AEHM_Horiz.png","width":600,"height":182,"caption":"Asociaci\u00f3n Empresarial Hotelera de Madrid"},"image":{"@id":"https:\/\/aehm.es\/#\/schema\/logo\/image\/"},"sameAs":["https:\/\/www.instagram.com\/hotelesdemadrid\/","https:\/\/x.com\/HotelesAEHM","https:\/\/www.linkedin.com\/company\/11166072\/"]},{"@type":"Person","@id":"https:\/\/aehm.es\/#\/schema\/person\/ca1397f4b0bcee246b58a0278b67a95f","name":"richard","image":{"@type":"ImageObject","inLanguage":"en-US","@id":"https:\/\/secure.gravatar.com\/avatar\/dd2486a811ecc34bf766b7d8b17d0ea76674186c415867af39660e429e20e1a0?s=96&d=mm&r=g","url":"https:\/\/secure.gravatar.com\/avatar\/dd2486a811ecc34bf766b7d8b17d0ea76674186c415867af39660e429e20e1a0?s=96&d=mm&r=g","contentUrl":"https:\/\/secure.gravatar.com\/avatar\/dd2486a811ecc34bf766b7d8b17d0ea76674186c415867af39660e429e20e1a0?s=96&d=mm&r=g","caption":"richard"},"url":"https:\/\/aehm.es\/en\/author\/richard\/"}]}},"_links":{"self":[{"href":"https:\/\/aehm.es\/en\/wp-json\/wp\/v2\/posts\/11492","targetHints":{"allow":["GET"]}}],"collection":[{"href":"https:\/\/aehm.es\/en\/wp-json\/wp\/v2\/posts"}],"about":[{"href":"https:\/\/aehm.es\/en\/wp-json\/wp\/v2\/types\/post"}],"author":[{"embeddable":true,"href":"https:\/\/aehm.es\/en\/wp-json\/wp\/v2\/users\/1"}],"replies":[{"embeddable":true,"href":"https:\/\/aehm.es\/en\/wp-json\/wp\/v2\/comments?post=11492"}],"version-history":[{"count":0,"href":"https:\/\/aehm.es\/en\/wp-json\/wp\/v2\/posts\/11492\/revisions"}],"wp:featuredmedia":[{"embeddable":true,"href":"https:\/\/aehm.es\/en\/wp-json\/wp\/v2\/media\/10862"}],"wp:attachment":[{"href":"https:\/\/aehm.es\/en\/wp-json\/wp\/v2\/media?parent=11492"}],"wp:term":[{"taxonomy":"category","embeddable":true,"href":"https:\/\/aehm.es\/en\/wp-json\/wp\/v2\/categories?post=11492"},{"taxonomy":"post_tag","embeddable":true,"href":"https:\/\/aehm.es\/en\/wp-json\/wp\/v2\/tags?post=11492"}],"curies":[{"name":"wp","href":"https:\/\/api.w.org\/{rel}","templated":true}]}}