{"id":10055,"date":"2021-09-02T12:08:06","date_gmt":"2021-09-02T12:08:06","guid":{"rendered":"https:\/\/aehm.es\/?p=10055"},"modified":"2021-09-02T12:08:06","modified_gmt":"2021-09-02T12:08:06","slug":"la-ocupacion-media-de-los-hoteles-madrilenos-durante-este-verano-ha-sido-del-46-porciento","status":"publish","type":"post","link":"https:\/\/aehm.es\/en\/la-ocupacion-media-de-los-hoteles-madrilenos-durante-este-verano-ha-sido-del-46-porciento\/","title":{"rendered":"La ocupaci\u00f3n media de los hoteles madrile\u00f1os durante este verano ha sido del 46,17%"},"content":{"rendered":"<h3 style=\"line-height: 1.6;\">El porcentaje alcanzado durante el mes de julio ha sido del 47,55% y en agosto del 44,80%, al tiempo que la previsi\u00f3n para la primera quincena de septiembre se estima en un 44%, seg\u00fan una encuesta realizada por la Asociaci\u00f3n Empresarial Hotelera de Madrid.<\/h3>\n<h3 style=\"line-height: 1.6;\">A pesar de los avances en cuanto a la recuperaci\u00f3n del sector tur\u00edstico en la regi\u00f3n gracias a los visitantes nacionales, para AEHM, est\u00e1 pendiente reactivar el turismo internacional y el MICE, para lo que espera que se flexibilicen las condiciones para viajar.<\/h3>\n<p>Madrid, 2 de septiembre de 2021.<\/p>\n<p>La <strong>ocupaci\u00f3n hotelera de la Comunidad de Madrid<\/strong> durante este verano <strong>ha sido del 46,17% frente al 72,81% de 2019<\/strong>. Concretamente, seg\u00fan una encuesta realizada por la Asociaci\u00f3n Empresarial Hotelera de Madrid (AEHM)<strong>, el porcentaje alcanzado durante el mes de julio ha sido del 47,55% y en agosto del 44,80%, al tiempo que la previsi\u00f3n para la primera quincena de septiembre se estima en un 44%.<\/strong><\/p>\n<p><strong>Adem\u00e1s, cabe destacar que, a principios de julio, el porcentaje de hoteles abiertos de la Asociaci\u00f3n en la regi\u00f3n solo era del 69%, mientras que, a fecha de hoy, se sit\u00faa en el 89%, y para finales de octubre se prev\u00e9 que pueda llegar al 100%, seg\u00fan asegura AEHM. <\/strong><\/p>\n<p>En este sentido, la Asociaci\u00f3n considera que la aceleraci\u00f3n en el proceso de vacunaci\u00f3n de la sociedad, el ahorro acumulado y las ganas de salir y disfrutar por parte de los ciudadanos espa\u00f1oles con motivo de la pandemia han sido <strong>elementos clave para el comienzo de la recuperaci\u00f3n del sector a nivel nacional.<\/strong> Asimismo, en su opini\u00f3n, <strong>Madrid cuenta con una amplia y atractiva oferta cultural, gastron\u00f3mica y de ocio, <\/strong>que atrae el inter\u00e9s de los visitantes, a lo que se suma, adem\u00e1s, el hecho de que <strong>haya entrado en la lista de Patrimonio Mundial de la UNESCO, con su candidatura del Paisaje de la Luz (Paseo del Prado y Parque del Retiro).<\/strong><\/p>\n<p>No obstante, a pesar de los avances que se est\u00e1n produciendo en cuanto a la recuperaci\u00f3n del sector tur\u00edstico en la regi\u00f3n gracias a los visitantes nacionales y aunque haya habido visitas de turistas extranjeros (principalmente, franceses, italianos e ingleses y del continente americano)<strong>, para AEHM est\u00e1 pendiente reactivar el turismo internacional y el turismo MICE,<\/strong> para lo que espera que se flexibilicen las condiciones para viajar entre pa\u00edses y contin\u00fae evolucionando el proceso de vacunaci\u00f3n, a fin de que en el pr\u00f3ximo cuatrimestre se vayan consolidando, ya que son \u201cestrat\u00e9gicos\u201d para el sector.<\/p>\n<p><strong>Declaraciones de la vicepresidenta ejecutiva de AEHM, Mar de Miguel<\/strong><\/p>\n<audio class=\"wp-audio-shortcode\" id=\"audio-10055-1\" preload=\"none\" style=\"width: 100%;\" controls=\"controls\"><source type=\"audio\/ogg\" src=\"https:\/\/aehm.es\/wp-content\/uploads\/2021\/09\/Declaraciones-Mar-de-Miguel_-Ocupacio\u0301n-verano2021_AEHM.ogg?_=1\" \/><a href=\"https:\/\/aehm.es\/wp-content\/uploads\/2021\/09\/Declaraciones-Mar-de-Miguel_-Ocupacio\u0301n-verano2021_AEHM.ogg\">https:\/\/aehm.es\/wp-content\/uploads\/2021\/09\/Declaraciones-Mar-de-Miguel_-Ocupacio\u0301n-verano2021_AEHM.ogg<\/a><\/audio>\n<p>&nbsp;<\/p>\n<p>&nbsp;<\/p>\n","protected":false},"excerpt":{"rendered":"<p>El porcentaje alcanzado durante el mes de julio ha sido del 47,55% y en agosto del 44,80%, al tiempo que la previsi\u00f3n para la primera quincena de septiembre se estima en un 44%, seg\u00fan una encuesta realizada por la Asociaci\u00f3n Empresarial Hotelera de Madrid. A pesar de los avances en cuanto a la recuperaci\u00f3n del [&hellip;]<\/p>\n","protected":false},"author":6,"featured_media":2466,"comment_status":"closed","ping_status":"open","sticky":false,"template":"","format":"standard","meta":{"footnotes":""},"categories":[1],"tags":[],"class_list":["post-10055","post","type-post","status-publish","format-standard","has-post-thumbnail","hentry","category-actualidad-aehm"],"yoast_head":"<!-- This site is optimized with the Yoast SEO plugin v27.5 - https:\/\/yoast.com\/product\/yoast-seo-wordpress\/ -->\n<title>La ocupaci\u00f3n media de los hoteles madrile\u00f1os durante este verano ha sido del 46,17% - AEHM<\/title>\n<meta name=\"description\" content=\"El porcentaje alcanzado durante el mes de julio ha sido del 47,55% y en agosto del 44,80%, al tiempo que la previsi\u00f3n para la primera quincena de septiembre se estima en un 44%\" \/>\n<meta name=\"robots\" content=\"index, follow, max-snippet:-1, max-image-preview:large, max-video-preview:-1\" \/>\n<link rel=\"canonical\" href=\"https:\/\/aehm.es\/la-ocupacion-media-de-los-hoteles-madrilenos-durante-este-verano-ha-sido-del-46-porciento\/\" \/>\n<meta property=\"og:locale\" content=\"en_US\" \/>\n<meta property=\"og:type\" content=\"article\" \/>\n<meta property=\"og:title\" content=\"La ocupaci\u00f3n media de los hoteles madrile\u00f1os durante este verano ha sido del 46,17%\" \/>\n<meta property=\"og:description\" content=\"El porcentaje alcanzado durante el mes de julio ha sido del 47,55% y en agosto del 44,80%, al tiempo que la previsi\u00f3n para la primera quincena de septiembre se estima en un 44%\" \/>\n<meta property=\"og:url\" content=\"https:\/\/aehm.es\/la-ocupacion-media-de-los-hoteles-madrilenos-durante-este-verano-ha-sido-del-46-porciento\/\" \/>\n<meta property=\"og:site_name\" content=\"AEHM\" \/>\n<meta property=\"article:publisher\" content=\"https:\/\/www.instagram.com\/hotelesdemadrid\/\" \/>\n<meta property=\"article:published_time\" content=\"2021-09-02T12:08:06+00:00\" \/>\n<meta property=\"og:image\" content=\"https:\/\/aehm.es\/wp-content\/uploads\/2021\/09\/La-ocupacion-media-de-los-hoteles-madrilenos-durante-este-verano-ha-sido-del-46-por-ciento_RRSS-1.jpg\" \/>\n\t<meta property=\"og:image:width\" content=\"1200\" \/>\n\t<meta property=\"og:image:height\" content=\"624\" \/>\n\t<meta property=\"og:image:type\" content=\"image\/jpeg\" \/>\n<meta name=\"author\" content=\"AEHM\" \/>\n<meta name=\"twitter:card\" content=\"summary_large_image\" \/>\n<meta name=\"twitter:title\" content=\"La ocupaci\u00f3n media de los hoteles madrile\u00f1os durante este verano ha sido del 46,17%\" \/>\n<meta name=\"twitter:image\" content=\"https:\/\/aehm.es\/wp-content\/uploads\/2021\/09\/La-ocupacion-media-de-los-hoteles-madrilenos-durante-este-verano-ha-sido-del-46-por-ciento_RRSS-1.jpg\" \/>\n<meta name=\"twitter:creator\" content=\"@HotelesAEHM\" \/>\n<meta name=\"twitter:site\" content=\"@HotelesAEHM\" \/>\n<meta name=\"twitter:label1\" content=\"Written by\" \/>\n\t<meta name=\"twitter:data1\" content=\"AEHM\" \/>\n\t<meta name=\"twitter:label2\" content=\"Est. reading time\" \/>\n\t<meta name=\"twitter:data2\" content=\"2 minutes\" \/>\n<script type=\"application\/ld+json\" class=\"yoast-schema-graph\">{\"@context\":\"https:\\\/\\\/schema.org\",\"@graph\":[{\"@type\":\"Article\",\"@id\":\"https:\\\/\\\/aehm.es\\\/la-ocupacion-media-de-los-hoteles-madrilenos-durante-este-verano-ha-sido-del-46-porciento\\\/#article\",\"isPartOf\":{\"@id\":\"https:\\\/\\\/aehm.es\\\/la-ocupacion-media-de-los-hoteles-madrilenos-durante-este-verano-ha-sido-del-46-porciento\\\/\"},\"author\":{\"name\":\"AEHM\",\"@id\":\"https:\\\/\\\/aehm.es\\\/#\\\/schema\\\/person\\\/58cdfbe53350e8a71ac8d148eda300cf\"},\"headline\":\"La ocupaci\u00f3n media de los hoteles madrile\u00f1os durante este verano ha sido del 46,17%\",\"datePublished\":\"2021-09-02T12:08:06+00:00\",\"mainEntityOfPage\":{\"@id\":\"https:\\\/\\\/aehm.es\\\/la-ocupacion-media-de-los-hoteles-madrilenos-durante-este-verano-ha-sido-del-46-porciento\\\/\"},\"wordCount\":474,\"publisher\":{\"@id\":\"https:\\\/\\\/aehm.es\\\/#organization\"},\"image\":{\"@id\":\"https:\\\/\\\/aehm.es\\\/la-ocupacion-media-de-los-hoteles-madrilenos-durante-este-verano-ha-sido-del-46-porciento\\\/#primaryimage\"},\"thumbnailUrl\":\"https:\\\/\\\/aehm.es\\\/wp-content\\\/uploads\\\/2017\\\/06\\\/Palacio-Real-y-Catedral-Almudena-AEHM-1.jpg\",\"articleSection\":[\"Actualidad AEHM\"],\"inLanguage\":\"en-US\"},{\"@type\":\"WebPage\",\"@id\":\"https:\\\/\\\/aehm.es\\\/la-ocupacion-media-de-los-hoteles-madrilenos-durante-este-verano-ha-sido-del-46-porciento\\\/\",\"url\":\"https:\\\/\\\/aehm.es\\\/la-ocupacion-media-de-los-hoteles-madrilenos-durante-este-verano-ha-sido-del-46-porciento\\\/\",\"name\":\"La ocupaci\u00f3n media de los hoteles madrile\u00f1os durante este verano ha sido del 46,17% - AEHM\",\"isPartOf\":{\"@id\":\"https:\\\/\\\/aehm.es\\\/#website\"},\"primaryImageOfPage\":{\"@id\":\"https:\\\/\\\/aehm.es\\\/la-ocupacion-media-de-los-hoteles-madrilenos-durante-este-verano-ha-sido-del-46-porciento\\\/#primaryimage\"},\"image\":{\"@id\":\"https:\\\/\\\/aehm.es\\\/la-ocupacion-media-de-los-hoteles-madrilenos-durante-este-verano-ha-sido-del-46-porciento\\\/#primaryimage\"},\"thumbnailUrl\":\"https:\\\/\\\/aehm.es\\\/wp-content\\\/uploads\\\/2017\\\/06\\\/Palacio-Real-y-Catedral-Almudena-AEHM-1.jpg\",\"datePublished\":\"2021-09-02T12:08:06+00:00\",\"description\":\"El porcentaje alcanzado durante el mes de julio ha sido del 47,55% y en agosto del 44,80%, al tiempo que la previsi\u00f3n para la primera quincena de septiembre se estima en un 44%\",\"breadcrumb\":{\"@id\":\"https:\\\/\\\/aehm.es\\\/la-ocupacion-media-de-los-hoteles-madrilenos-durante-este-verano-ha-sido-del-46-porciento\\\/#breadcrumb\"},\"inLanguage\":\"en-US\",\"potentialAction\":[{\"@type\":\"ReadAction\",\"target\":[\"https:\\\/\\\/aehm.es\\\/la-ocupacion-media-de-los-hoteles-madrilenos-durante-este-verano-ha-sido-del-46-porciento\\\/\"]}]},{\"@type\":\"ImageObject\",\"inLanguage\":\"en-US\",\"@id\":\"https:\\\/\\\/aehm.es\\\/la-ocupacion-media-de-los-hoteles-madrilenos-durante-este-verano-ha-sido-del-46-porciento\\\/#primaryimage\",\"url\":\"https:\\\/\\\/aehm.es\\\/wp-content\\\/uploads\\\/2017\\\/06\\\/Palacio-Real-y-Catedral-Almudena-AEHM-1.jpg\",\"contentUrl\":\"https:\\\/\\\/aehm.es\\\/wp-content\\\/uploads\\\/2017\\\/06\\\/Palacio-Real-y-Catedral-Almudena-AEHM-1.jpg\",\"width\":1858,\"height\":700},{\"@type\":\"BreadcrumbList\",\"@id\":\"https:\\\/\\\/aehm.es\\\/la-ocupacion-media-de-los-hoteles-madrilenos-durante-este-verano-ha-sido-del-46-porciento\\\/#breadcrumb\",\"itemListElement\":[{\"@type\":\"ListItem\",\"position\":1,\"name\":\"Portada\",\"item\":\"https:\\\/\\\/aehm.es\\\/en\\\/\"},{\"@type\":\"ListItem\",\"position\":2,\"name\":\"La ocupaci\u00f3n media de los hoteles madrile\u00f1os durante este verano ha sido del 46,17%\"}]},{\"@type\":\"WebSite\",\"@id\":\"https:\\\/\\\/aehm.es\\\/#website\",\"url\":\"https:\\\/\\\/aehm.es\\\/\",\"name\":\"Asociaci\u00f3n Empresarial Hotelera de Madrid\",\"description\":\"La Asociaci\u00f3n Empresarial Hotelera Madrid est\u00e1 formada por m\u00e1s de 300 establecimientos de todas las categor\u00edas y tipolog\u00edas (hoteles, hostales, hostels, apartamentos\u2026) que suman m\u00e1s de 75.000 plazas de alojamiento.\",\"publisher\":{\"@id\":\"https:\\\/\\\/aehm.es\\\/#organization\"},\"alternateName\":\"AEHM\",\"potentialAction\":[{\"@type\":\"SearchAction\",\"target\":{\"@type\":\"EntryPoint\",\"urlTemplate\":\"https:\\\/\\\/aehm.es\\\/?s={search_term_string}\"},\"query-input\":{\"@type\":\"PropertyValueSpecification\",\"valueRequired\":true,\"valueName\":\"search_term_string\"}}],\"inLanguage\":\"en-US\"},{\"@type\":\"Organization\",\"@id\":\"https:\\\/\\\/aehm.es\\\/#organization\",\"name\":\"Asociaci\u00f3n Empresarial Hotelera de Madrid\",\"url\":\"https:\\\/\\\/aehm.es\\\/\",\"logo\":{\"@type\":\"ImageObject\",\"inLanguage\":\"en-US\",\"@id\":\"https:\\\/\\\/aehm.es\\\/#\\\/schema\\\/logo\\\/image\\\/\",\"url\":\"https:\\\/\\\/aehm.es\\\/wp-content\\\/uploads\\\/2021\\\/11\\\/Logo_AEHM_Horiz.png\",\"contentUrl\":\"https:\\\/\\\/aehm.es\\\/wp-content\\\/uploads\\\/2021\\\/11\\\/Logo_AEHM_Horiz.png\",\"width\":600,\"height\":182,\"caption\":\"Asociaci\u00f3n Empresarial Hotelera de Madrid\"},\"image\":{\"@id\":\"https:\\\/\\\/aehm.es\\\/#\\\/schema\\\/logo\\\/image\\\/\"},\"sameAs\":[\"https:\\\/\\\/www.instagram.com\\\/hotelesdemadrid\\\/\",\"https:\\\/\\\/x.com\\\/HotelesAEHM\",\"https:\\\/\\\/www.linkedin.com\\\/company\\\/11166072\\\/\"]},{\"@type\":\"Person\",\"@id\":\"https:\\\/\\\/aehm.es\\\/#\\\/schema\\\/person\\\/58cdfbe53350e8a71ac8d148eda300cf\",\"name\":\"AEHM\",\"image\":{\"@type\":\"ImageObject\",\"inLanguage\":\"en-US\",\"@id\":\"https:\\\/\\\/secure.gravatar.com\\\/avatar\\\/2099e69605fbf94dd3c7c94e50210cd6a0ec00b330b72006bac5376652d3ca22?s=96&d=mm&r=g\",\"url\":\"https:\\\/\\\/secure.gravatar.com\\\/avatar\\\/2099e69605fbf94dd3c7c94e50210cd6a0ec00b330b72006bac5376652d3ca22?s=96&d=mm&r=g\",\"contentUrl\":\"https:\\\/\\\/secure.gravatar.com\\\/avatar\\\/2099e69605fbf94dd3c7c94e50210cd6a0ec00b330b72006bac5376652d3ca22?s=96&d=mm&r=g\",\"caption\":\"AEHM\"},\"url\":\"https:\\\/\\\/aehm.es\\\/en\\\/author\\\/maricarmen\\\/\"}]}<\/script>\n<!-- \/ Yoast SEO plugin. -->","yoast_head_json":{"title":"La ocupaci\u00f3n media de los hoteles madrile\u00f1os durante este verano ha sido del 46,17% - AEHM","description":"El porcentaje alcanzado durante el mes de julio ha sido del 47,55% y en agosto del 44,80%, al tiempo que la previsi\u00f3n para la primera quincena de septiembre se estima en un 44%","robots":{"index":"index","follow":"follow","max-snippet":"max-snippet:-1","max-image-preview":"max-image-preview:large","max-video-preview":"max-video-preview:-1"},"canonical":"https:\/\/aehm.es\/la-ocupacion-media-de-los-hoteles-madrilenos-durante-este-verano-ha-sido-del-46-porciento\/","og_locale":"en_US","og_type":"article","og_title":"La ocupaci\u00f3n media de los hoteles madrile\u00f1os durante este verano ha sido del 46,17%","og_description":"El porcentaje alcanzado durante el mes de julio ha sido del 47,55% y en agosto del 44,80%, al tiempo que la previsi\u00f3n para la primera quincena de septiembre se estima en un 44%","og_url":"https:\/\/aehm.es\/la-ocupacion-media-de-los-hoteles-madrilenos-durante-este-verano-ha-sido-del-46-porciento\/","og_site_name":"AEHM","article_publisher":"https:\/\/www.instagram.com\/hotelesdemadrid\/","article_published_time":"2021-09-02T12:08:06+00:00","og_image":[{"width":1200,"height":624,"url":"https:\/\/aehm.es\/wp-content\/uploads\/2021\/09\/La-ocupacion-media-de-los-hoteles-madrilenos-durante-este-verano-ha-sido-del-46-por-ciento_RRSS-1.jpg","type":"image\/jpeg"}],"author":"AEHM","twitter_card":"summary_large_image","twitter_title":"La ocupaci\u00f3n media de los hoteles madrile\u00f1os durante este verano ha sido del 46,17%","twitter_image":"https:\/\/aehm.es\/wp-content\/uploads\/2021\/09\/La-ocupacion-media-de-los-hoteles-madrilenos-durante-este-verano-ha-sido-del-46-por-ciento_RRSS-1.jpg","twitter_creator":"@HotelesAEHM","twitter_site":"@HotelesAEHM","twitter_misc":{"Written by":"AEHM","Est. reading time":"2 minutes"},"schema":{"@context":"https:\/\/schema.org","@graph":[{"@type":"Article","@id":"https:\/\/aehm.es\/la-ocupacion-media-de-los-hoteles-madrilenos-durante-este-verano-ha-sido-del-46-porciento\/#article","isPartOf":{"@id":"https:\/\/aehm.es\/la-ocupacion-media-de-los-hoteles-madrilenos-durante-este-verano-ha-sido-del-46-porciento\/"},"author":{"name":"AEHM","@id":"https:\/\/aehm.es\/#\/schema\/person\/58cdfbe53350e8a71ac8d148eda300cf"},"headline":"La ocupaci\u00f3n media de los hoteles madrile\u00f1os durante este verano ha sido del 46,17%","datePublished":"2021-09-02T12:08:06+00:00","mainEntityOfPage":{"@id":"https:\/\/aehm.es\/la-ocupacion-media-de-los-hoteles-madrilenos-durante-este-verano-ha-sido-del-46-porciento\/"},"wordCount":474,"publisher":{"@id":"https:\/\/aehm.es\/#organization"},"image":{"@id":"https:\/\/aehm.es\/la-ocupacion-media-de-los-hoteles-madrilenos-durante-este-verano-ha-sido-del-46-porciento\/#primaryimage"},"thumbnailUrl":"https:\/\/aehm.es\/wp-content\/uploads\/2017\/06\/Palacio-Real-y-Catedral-Almudena-AEHM-1.jpg","articleSection":["Actualidad AEHM"],"inLanguage":"en-US"},{"@type":"WebPage","@id":"https:\/\/aehm.es\/la-ocupacion-media-de-los-hoteles-madrilenos-durante-este-verano-ha-sido-del-46-porciento\/","url":"https:\/\/aehm.es\/la-ocupacion-media-de-los-hoteles-madrilenos-durante-este-verano-ha-sido-del-46-porciento\/","name":"La ocupaci\u00f3n media de los hoteles madrile\u00f1os durante este verano ha sido del 46,17% - AEHM","isPartOf":{"@id":"https:\/\/aehm.es\/#website"},"primaryImageOfPage":{"@id":"https:\/\/aehm.es\/la-ocupacion-media-de-los-hoteles-madrilenos-durante-este-verano-ha-sido-del-46-porciento\/#primaryimage"},"image":{"@id":"https:\/\/aehm.es\/la-ocupacion-media-de-los-hoteles-madrilenos-durante-este-verano-ha-sido-del-46-porciento\/#primaryimage"},"thumbnailUrl":"https:\/\/aehm.es\/wp-content\/uploads\/2017\/06\/Palacio-Real-y-Catedral-Almudena-AEHM-1.jpg","datePublished":"2021-09-02T12:08:06+00:00","description":"El porcentaje alcanzado durante el mes de julio ha sido del 47,55% y en agosto del 44,80%, al tiempo que la previsi\u00f3n para la primera quincena de septiembre se estima en un 44%","breadcrumb":{"@id":"https:\/\/aehm.es\/la-ocupacion-media-de-los-hoteles-madrilenos-durante-este-verano-ha-sido-del-46-porciento\/#breadcrumb"},"inLanguage":"en-US","potentialAction":[{"@type":"ReadAction","target":["https:\/\/aehm.es\/la-ocupacion-media-de-los-hoteles-madrilenos-durante-este-verano-ha-sido-del-46-porciento\/"]}]},{"@type":"ImageObject","inLanguage":"en-US","@id":"https:\/\/aehm.es\/la-ocupacion-media-de-los-hoteles-madrilenos-durante-este-verano-ha-sido-del-46-porciento\/#primaryimage","url":"https:\/\/aehm.es\/wp-content\/uploads\/2017\/06\/Palacio-Real-y-Catedral-Almudena-AEHM-1.jpg","contentUrl":"https:\/\/aehm.es\/wp-content\/uploads\/2017\/06\/Palacio-Real-y-Catedral-Almudena-AEHM-1.jpg","width":1858,"height":700},{"@type":"BreadcrumbList","@id":"https:\/\/aehm.es\/la-ocupacion-media-de-los-hoteles-madrilenos-durante-este-verano-ha-sido-del-46-porciento\/#breadcrumb","itemListElement":[{"@type":"ListItem","position":1,"name":"Portada","item":"https:\/\/aehm.es\/en\/"},{"@type":"ListItem","position":2,"name":"La ocupaci\u00f3n media de los hoteles madrile\u00f1os durante este verano ha sido del 46,17%"}]},{"@type":"WebSite","@id":"https:\/\/aehm.es\/#website","url":"https:\/\/aehm.es\/","name":"Asociaci\u00f3n Empresarial Hotelera de Madrid","description":"La Asociaci\u00f3n Empresarial Hotelera Madrid est\u00e1 formada por m\u00e1s de 300 establecimientos de todas las categor\u00edas y tipolog\u00edas (hoteles, hostales, hostels, apartamentos\u2026) que suman m\u00e1s de 75.000 plazas de alojamiento.","publisher":{"@id":"https:\/\/aehm.es\/#organization"},"alternateName":"AEHM","potentialAction":[{"@type":"SearchAction","target":{"@type":"EntryPoint","urlTemplate":"https:\/\/aehm.es\/?s={search_term_string}"},"query-input":{"@type":"PropertyValueSpecification","valueRequired":true,"valueName":"search_term_string"}}],"inLanguage":"en-US"},{"@type":"Organization","@id":"https:\/\/aehm.es\/#organization","name":"Asociaci\u00f3n Empresarial Hotelera de Madrid","url":"https:\/\/aehm.es\/","logo":{"@type":"ImageObject","inLanguage":"en-US","@id":"https:\/\/aehm.es\/#\/schema\/logo\/image\/","url":"https:\/\/aehm.es\/wp-content\/uploads\/2021\/11\/Logo_AEHM_Horiz.png","contentUrl":"https:\/\/aehm.es\/wp-content\/uploads\/2021\/11\/Logo_AEHM_Horiz.png","width":600,"height":182,"caption":"Asociaci\u00f3n Empresarial Hotelera de Madrid"},"image":{"@id":"https:\/\/aehm.es\/#\/schema\/logo\/image\/"},"sameAs":["https:\/\/www.instagram.com\/hotelesdemadrid\/","https:\/\/x.com\/HotelesAEHM","https:\/\/www.linkedin.com\/company\/11166072\/"]},{"@type":"Person","@id":"https:\/\/aehm.es\/#\/schema\/person\/58cdfbe53350e8a71ac8d148eda300cf","name":"AEHM","image":{"@type":"ImageObject","inLanguage":"en-US","@id":"https:\/\/secure.gravatar.com\/avatar\/2099e69605fbf94dd3c7c94e50210cd6a0ec00b330b72006bac5376652d3ca22?s=96&d=mm&r=g","url":"https:\/\/secure.gravatar.com\/avatar\/2099e69605fbf94dd3c7c94e50210cd6a0ec00b330b72006bac5376652d3ca22?s=96&d=mm&r=g","contentUrl":"https:\/\/secure.gravatar.com\/avatar\/2099e69605fbf94dd3c7c94e50210cd6a0ec00b330b72006bac5376652d3ca22?s=96&d=mm&r=g","caption":"AEHM"},"url":"https:\/\/aehm.es\/en\/author\/maricarmen\/"}]}},"_links":{"self":[{"href":"https:\/\/aehm.es\/en\/wp-json\/wp\/v2\/posts\/10055","targetHints":{"allow":["GET"]}}],"collection":[{"href":"https:\/\/aehm.es\/en\/wp-json\/wp\/v2\/posts"}],"about":[{"href":"https:\/\/aehm.es\/en\/wp-json\/wp\/v2\/types\/post"}],"author":[{"embeddable":true,"href":"https:\/\/aehm.es\/en\/wp-json\/wp\/v2\/users\/6"}],"replies":[{"embeddable":true,"href":"https:\/\/aehm.es\/en\/wp-json\/wp\/v2\/comments?post=10055"}],"version-history":[{"count":0,"href":"https:\/\/aehm.es\/en\/wp-json\/wp\/v2\/posts\/10055\/revisions"}],"wp:featuredmedia":[{"embeddable":true,"href":"https:\/\/aehm.es\/en\/wp-json\/wp\/v2\/media\/2466"}],"wp:attachment":[{"href":"https:\/\/aehm.es\/en\/wp-json\/wp\/v2\/media?parent=10055"}],"wp:term":[{"taxonomy":"category","embeddable":true,"href":"https:\/\/aehm.es\/en\/wp-json\/wp\/v2\/categories?post=10055"},{"taxonomy":"post_tag","embeddable":true,"href":"https:\/\/aehm.es\/en\/wp-json\/wp\/v2\/tags?post=10055"}],"curies":[{"name":"wp","href":"https:\/\/api.w.org\/{rel}","templated":true}]}}